{"id":24004,"date":"2023-08-02T13:22:56","date_gmt":"2023-08-02T16:22:56","guid":{"rendered":"https:\/\/www.ejercito.mil.uy\/?p=24004"},"modified":"2023-08-03T13:08:11","modified_gmt":"2023-08-03T16:08:11","slug":"competencias-de-equitacion-en-el-regimiento-de-caballeria-blindado-n-5","status":"publish","type":"post","link":"https:\/\/www.ejercito.mil.uy\/index.php\/2023\/08\/02\/competencias-de-equitacion-en-el-regimiento-de-caballeria-blindado-n-5\/","title":{"rendered":"Competencias de Equitaci\u00f3n en el Regimiento de Caballer\u00eda Blindado N\u00b0 5"},"content":{"rendered":"\n<p class=\"has-small-font-size\">02.08.2023 &#8211; Tacuaremb\u00f3 <\/p>\n\n\n\n<div style=\"height:33px\" aria-hidden=\"true\" class=\"wp-block-spacer\"><\/div>\n\n\n\n<p class=\"has-white-color has-text-color has-background has-medium-font-size\" style=\"background-color:#5f021f\">Se realiz\u00f3 la <strong>2da Prueba de Equitaci\u00f3n Reducida Zona Norte<\/strong> en el Regimiento \u00abMisiones\u00bb de Caballer\u00eda Blindado N\u00b0 5 (Reg.C.Bldo.N\u00b0 5).<\/p>\n\n\n\n<div style=\"height:33px\" aria-hidden=\"true\" class=\"wp-block-spacer\"><\/div>\n\n\n\n<p class=\"has-medium-font-size\">Participaron 46 binomios del Ej\u00e9rcito, en la disciplina de adiestramiento y salto.<\/p>\n\n\n\n<div style=\"height:33px\" aria-hidden=\"true\" class=\"wp-block-spacer\"><\/div>\n\n\n\n<p class=\"has-medium-font-size\">A trav\u00e9s de esta Prueba los efectivos adquieren puntos para clasificar a la <strong>Semana H\u00edpica Militar<\/strong>. <\/p>\n\n\n\n<div style=\"height:33px\" aria-hidden=\"true\" class=\"wp-block-spacer\"><\/div>\n\n\n\n<div aria-label=\"Carousel Gallery\" class=\"wp-block-coblocks-gallery-carousel\"><div class=\"coblocks-gallery-carousel-swiper-container is-cropped coblocks-gallery has-no-alignment has-caption-style-dark has-no-thumbnails\"><div class=\"has-carousel has-carousel-xlrg swiper-container\" data-swiper=\"{&quot;alignCells&quot;:false,&quot;autoPlay&quot;:false,&quot;autoPlaySpeed&quot;:3000,&quot;draggable&quot;:true,&quot;freeMode&quot;:false,&quot;loop&quot;:true,&quot;navigation&quot;:true,&quot;pageDots&quot;:false,&quot;pauseHover&quot;:false,&quot;responsiveHeight&quot;:false,&quot;slidesPerView&quot;:1,&quot;thumbnails&quot;:false,&quot;uuid&quot;:&quot;12345&quot;}\" style=\"height:550px\"><div class=\"swiper-wrapper\"><div class=\"swiper-slide\"><div class=\"coblocks-gallery--item\" role=\"button\"><figure class=\"coblocks-gallery--figure\"><img fetchpriority=\"high\" decoding=\"async\" width=\"1024\" height=\"683\" alt=\"\" class=\"wp-image-24020\" data-id=\"24020\" data-link=\"https:\/\/www.ejercito.mil.uy\/?attachment_id=24020\" src=\"https:\/\/www.ejercito.mil.uy\/wp-content\/uploads\/2023\/08\/2da-Pureba-de-Equitacion-Reducida-Zona-Norte-3-1024x683.jpg\" srcset=\"https:\/\/www.ejercito.mil.uy\/wp-content\/uploads\/2023\/08\/2da-Pureba-de-Equitacion-Reducida-Zona-Norte-3-1024x683.jpg 1024w, https:\/\/www.ejercito.mil.uy\/wp-content\/uploads\/2023\/08\/2da-Pureba-de-Equitacion-Reducida-Zona-Norte-3-300x200.jpg 300w, https:\/\/www.ejercito.mil.uy\/wp-content\/uploads\/2023\/08\/2da-Pureba-de-Equitacion-Reducida-Zona-Norte-3.jpg 1200w\" sizes=\"(max-width: 1024px) 100vw, 1024px\" \/><\/figure><figcaption class=\"coblocks-gallery--caption coblocks-gallery--primary-caption\"><\/figcaption><\/div><\/div><div class=\"swiper-slide\"><div class=\"coblocks-gallery--item\" role=\"button\"><figure class=\"coblocks-gallery--figure\"><img decoding=\"async\" width=\"1024\" height=\"683\" alt=\"\" class=\"wp-image-24017\" data-id=\"24017\" data-link=\"https:\/\/www.ejercito.mil.uy\/?attachment_id=24017\" src=\"https:\/\/www.ejercito.mil.uy\/wp-content\/uploads\/2023\/08\/2da-Pureba-de-Equitacion-Reducida-Zona-Norte-4-1024x683.jpg\" srcset=\"https:\/\/www.ejercito.mil.uy\/wp-content\/uploads\/2023\/08\/2da-Pureba-de-Equitacion-Reducida-Zona-Norte-4-1024x683.jpg 1024w, https:\/\/www.ejercito.mil.uy\/wp-content\/uploads\/2023\/08\/2da-Pureba-de-Equitacion-Reducida-Zona-Norte-4-300x200.jpg 300w, https:\/\/www.ejercito.mil.uy\/wp-content\/uploads\/2023\/08\/2da-Pureba-de-Equitacion-Reducida-Zona-Norte-4.jpg 1200w\" sizes=\"(max-width: 1024px) 100vw, 1024px\" \/><\/figure><figcaption class=\"coblocks-gallery--caption coblocks-gallery--primary-caption\"><\/figcaption><\/div><\/div><div class=\"swiper-slide\"><div class=\"coblocks-gallery--item\" role=\"button\"><figure class=\"coblocks-gallery--figure\"><img decoding=\"async\" width=\"1024\" height=\"683\" alt=\"\" class=\"wp-image-24019\" data-id=\"24019\" data-link=\"https:\/\/www.ejercito.mil.uy\/?attachment_id=24019\" src=\"https:\/\/www.ejercito.mil.uy\/wp-content\/uploads\/2023\/08\/2da-Pureba-de-Equitacion-Reducida-Zona-Norte-2-1024x683.jpg\" srcset=\"https:\/\/www.ejercito.mil.uy\/wp-content\/uploads\/2023\/08\/2da-Pureba-de-Equitacion-Reducida-Zona-Norte-2-1024x683.jpg 1024w, https:\/\/www.ejercito.mil.uy\/wp-content\/uploads\/2023\/08\/2da-Pureba-de-Equitacion-Reducida-Zona-Norte-2-300x200.jpg 300w, https:\/\/www.ejercito.mil.uy\/wp-content\/uploads\/2023\/08\/2da-Pureba-de-Equitacion-Reducida-Zona-Norte-2.jpg 1200w\" sizes=\"(max-width: 1024px) 100vw, 1024px\" \/><\/figure><figcaption class=\"coblocks-gallery--caption coblocks-gallery--primary-caption\"><\/figcaption><\/div><\/div><div class=\"swiper-slide\"><div class=\"coblocks-gallery--item\" role=\"button\"><figure class=\"coblocks-gallery--figure\"><img loading=\"lazy\" decoding=\"async\" width=\"1024\" height=\"683\" alt=\"\" class=\"wp-image-24018\" data-id=\"24018\" data-link=\"https:\/\/www.ejercito.mil.uy\/?attachment_id=24018\" src=\"https:\/\/www.ejercito.mil.uy\/wp-content\/uploads\/2023\/08\/2da-Pureba-de-Equitacion-Reducida-Zona-Norte-1-1024x683.jpg\" srcset=\"https:\/\/www.ejercito.mil.uy\/wp-content\/uploads\/2023\/08\/2da-Pureba-de-Equitacion-Reducida-Zona-Norte-1-1024x683.jpg 1024w, https:\/\/www.ejercito.mil.uy\/wp-content\/uploads\/2023\/08\/2da-Pureba-de-Equitacion-Reducida-Zona-Norte-1-300x200.jpg 300w, https:\/\/www.ejercito.mil.uy\/wp-content\/uploads\/2023\/08\/2da-Pureba-de-Equitacion-Reducida-Zona-Norte-1.jpg 1200w\" sizes=\"(max-width: 1024px) 100vw, 1024px\" \/><\/figure><figcaption class=\"coblocks-gallery--caption coblocks-gallery--primary-caption\"><\/figcaption><\/div><\/div><\/div><button class=\"nav-button__prev\" id=\"12345-prev\"><\/button><button class=\"nav-button__next\" id=\"12345-next\"><\/button><\/div><\/div><\/div>\n\n\n\n<div style=\"height:33px\" aria-hidden=\"true\" class=\"wp-block-spacer\"><\/div>\n\n\n\n<hr class=\"wp-block-separator has-alpha-channel-opacity\" \/>\n\n\n\n<div style=\"height:33px\" aria-hidden=\"true\" class=\"wp-block-spacer\"><\/div>\n\n\n\n<p class=\"has-medium-font-size\">Adem\u00e1s, se disput\u00f3 el <strong>19\u00b0 Concurso Completo Internacional <\/strong>con un total de 39 jinetes, civiles y militares. <\/p>\n\n\n\n<div style=\"height:33px\" aria-hidden=\"true\" class=\"wp-block-spacer\"><\/div>\n\n\n\n<p class=\"has-medium-font-size\">Desarrollaron pruebas de adiestramiento, salto y cross country. <\/p>\n\n\n\n<div style=\"height:33px\" aria-hidden=\"true\" class=\"wp-block-spacer\"><\/div>\n\n\n\n<div aria-label=\"Carousel Gallery\" class=\"wp-block-coblocks-gallery-carousel\"><div class=\"coblocks-gallery-carousel-swiper-container is-cropped coblocks-gallery has-no-alignment has-caption-style-dark has-no-thumbnails\"><div class=\"has-carousel has-carousel-xlrg swiper-container\" data-swiper=\"{&quot;alignCells&quot;:false,&quot;autoPlay&quot;:false,&quot;autoPlaySpeed&quot;:3000,&quot;draggable&quot;:true,&quot;freeMode&quot;:false,&quot;loop&quot;:true,&quot;navigation&quot;:true,&quot;pageDots&quot;:false,&quot;pauseHover&quot;:false,&quot;responsiveHeight&quot;:false,&quot;slidesPerView&quot;:1,&quot;thumbnails&quot;:false,&quot;uuid&quot;:&quot;12345&quot;}\" style=\"height:550px\"><div class=\"swiper-wrapper\"><div class=\"swiper-slide\"><div class=\"coblocks-gallery--item\" role=\"button\"><figure class=\"coblocks-gallery--figure\"><img loading=\"lazy\" decoding=\"async\" width=\"1024\" height=\"683\" alt=\"\" class=\"wp-image-24006\" data-id=\"24006\" data-link=\"https:\/\/www.ejercito.mil.uy\/?attachment_id=24006\" src=\"https:\/\/www.ejercito.mil.uy\/wp-content\/uploads\/2023\/08\/19\u00b0-Concurso-Completo-Internacional-1-1024x683.jpg\" srcset=\"https:\/\/www.ejercito.mil.uy\/wp-content\/uploads\/2023\/08\/19\u00b0-Concurso-Completo-Internacional-1-1024x683.jpg 1024w, https:\/\/www.ejercito.mil.uy\/wp-content\/uploads\/2023\/08\/19\u00b0-Concurso-Completo-Internacional-1-300x200.jpg 300w, https:\/\/www.ejercito.mil.uy\/wp-content\/uploads\/2023\/08\/19\u00b0-Concurso-Completo-Internacional-1.jpg 1200w\" sizes=\"(max-width: 1024px) 100vw, 1024px\" \/><\/figure><figcaption class=\"coblocks-gallery--caption coblocks-gallery--primary-caption\"><\/figcaption><\/div><\/div><div class=\"swiper-slide\"><div class=\"coblocks-gallery--item\" role=\"button\"><figure class=\"coblocks-gallery--figure\"><img loading=\"lazy\" decoding=\"async\" width=\"1024\" height=\"683\" alt=\"\" class=\"wp-image-24008\" data-id=\"24008\" data-link=\"https:\/\/www.ejercito.mil.uy\/?attachment_id=24008\" src=\"https:\/\/www.ejercito.mil.uy\/wp-content\/uploads\/2023\/08\/19\u00b0-Concurso-Completo-Internacional-4-1024x683.jpg\" srcset=\"https:\/\/www.ejercito.mil.uy\/wp-content\/uploads\/2023\/08\/19\u00b0-Concurso-Completo-Internacional-4-1024x683.jpg 1024w, https:\/\/www.ejercito.mil.uy\/wp-content\/uploads\/2023\/08\/19\u00b0-Concurso-Completo-Internacional-4-300x200.jpg 300w, https:\/\/www.ejercito.mil.uy\/wp-content\/uploads\/2023\/08\/19\u00b0-Concurso-Completo-Internacional-4.jpg 1200w\" sizes=\"(max-width: 1024px) 100vw, 1024px\" \/><\/figure><figcaption class=\"coblocks-gallery--caption coblocks-gallery--primary-caption\"><\/figcaption><\/div><\/div><div class=\"swiper-slide\"><div class=\"coblocks-gallery--item\" role=\"button\"><figure class=\"coblocks-gallery--figure\"><img loading=\"lazy\" decoding=\"async\" width=\"1024\" height=\"683\" alt=\"\" class=\"wp-image-24005\" data-id=\"24005\" data-link=\"https:\/\/www.ejercito.mil.uy\/?attachment_id=24005\" src=\"https:\/\/www.ejercito.mil.uy\/wp-content\/uploads\/2023\/08\/19\u00b0-Concurso-Completo-Internacional-7-1024x683.jpg\" srcset=\"https:\/\/www.ejercito.mil.uy\/wp-content\/uploads\/2023\/08\/19\u00b0-Concurso-Completo-Internacional-7-1024x683.jpg 1024w, https:\/\/www.ejercito.mil.uy\/wp-content\/uploads\/2023\/08\/19\u00b0-Concurso-Completo-Internacional-7-300x200.jpg 300w, https:\/\/www.ejercito.mil.uy\/wp-content\/uploads\/2023\/08\/19\u00b0-Concurso-Completo-Internacional-7.jpg 1200w\" sizes=\"(max-width: 1024px) 100vw, 1024px\" \/><\/figure><figcaption class=\"coblocks-gallery--caption coblocks-gallery--primary-caption\"><\/figcaption><\/div><\/div><div class=\"swiper-slide\"><div class=\"coblocks-gallery--item\" role=\"button\"><figure class=\"coblocks-gallery--figure\"><img loading=\"lazy\" decoding=\"async\" width=\"1024\" height=\"683\" alt=\"\" class=\"wp-image-24014\" data-id=\"24014\" data-link=\"https:\/\/www.ejercito.mil.uy\/?attachment_id=24014\" src=\"https:\/\/www.ejercito.mil.uy\/wp-content\/uploads\/2023\/08\/19\u00b0-Concurso-Completo-Internacional-8-1-1024x683.jpg\" srcset=\"https:\/\/www.ejercito.mil.uy\/wp-content\/uploads\/2023\/08\/19\u00b0-Concurso-Completo-Internacional-8-1-1024x683.jpg 1024w, https:\/\/www.ejercito.mil.uy\/wp-content\/uploads\/2023\/08\/19\u00b0-Concurso-Completo-Internacional-8-1-300x200.jpg 300w, https:\/\/www.ejercito.mil.uy\/wp-content\/uploads\/2023\/08\/19\u00b0-Concurso-Completo-Internacional-8-1.jpg 1200w\" sizes=\"(max-width: 1024px) 100vw, 1024px\" \/><\/figure><figcaption class=\"coblocks-gallery--caption coblocks-gallery--primary-caption\"><\/figcaption><\/div><\/div><div class=\"swiper-slide\"><div class=\"coblocks-gallery--item\" role=\"button\"><figure class=\"coblocks-gallery--figure\"><img loading=\"lazy\" decoding=\"async\" width=\"1024\" height=\"683\" alt=\"\" class=\"wp-image-24007\" data-id=\"24007\" data-link=\"https:\/\/www.ejercito.mil.uy\/?attachment_id=24007\" src=\"https:\/\/www.ejercito.mil.uy\/wp-content\/uploads\/2023\/08\/19\u00b0-Concurso-Completo-Internacional-3-1024x683.jpg\" srcset=\"https:\/\/www.ejercito.mil.uy\/wp-content\/uploads\/2023\/08\/19\u00b0-Concurso-Completo-Internacional-3-1024x683.jpg 1024w, https:\/\/www.ejercito.mil.uy\/wp-content\/uploads\/2023\/08\/19\u00b0-Concurso-Completo-Internacional-3-300x200.jpg 300w, https:\/\/www.ejercito.mil.uy\/wp-content\/uploads\/2023\/08\/19\u00b0-Concurso-Completo-Internacional-3.jpg 1200w\" sizes=\"(max-width: 1024px) 100vw, 1024px\" \/><\/figure><figcaption class=\"coblocks-gallery--caption coblocks-gallery--primary-caption\"><\/figcaption><\/div><\/div><div class=\"swiper-slide\"><div class=\"coblocks-gallery--item\" role=\"button\"><figure class=\"coblocks-gallery--figure\"><img loading=\"lazy\" decoding=\"async\" width=\"1024\" height=\"683\" alt=\"\" class=\"wp-image-24010\" data-id=\"24010\" data-link=\"https:\/\/www.ejercito.mil.uy\/?attachment_id=24010\" src=\"https:\/\/www.ejercito.mil.uy\/wp-content\/uploads\/2023\/08\/19\u00b0-Concurso-Completo-Internacional-6-1024x683.jpg\" srcset=\"https:\/\/www.ejercito.mil.uy\/wp-content\/uploads\/2023\/08\/19\u00b0-Concurso-Completo-Internacional-6-1024x683.jpg 1024w, https:\/\/www.ejercito.mil.uy\/wp-content\/uploads\/2023\/08\/19\u00b0-Concurso-Completo-Internacional-6-300x200.jpg 300w, https:\/\/www.ejercito.mil.uy\/wp-content\/uploads\/2023\/08\/19\u00b0-Concurso-Completo-Internacional-6.jpg 1200w\" sizes=\"(max-width: 1024px) 100vw, 1024px\" \/><\/figure><figcaption class=\"coblocks-gallery--caption coblocks-gallery--primary-caption\"><\/figcaption><\/div><\/div><div class=\"swiper-slide\"><div class=\"coblocks-gallery--item\" role=\"button\"><figure class=\"coblocks-gallery--figure\"><img loading=\"lazy\" decoding=\"async\" width=\"1024\" height=\"683\" alt=\"\" class=\"wp-image-24012\" data-id=\"24012\" data-link=\"https:\/\/www.ejercito.mil.uy\/?attachment_id=24012\" src=\"https:\/\/www.ejercito.mil.uy\/wp-content\/uploads\/2023\/08\/19\u00b0-Concurso-Completo-Internacional-2-1024x683.jpg\" srcset=\"https:\/\/www.ejercito.mil.uy\/wp-content\/uploads\/2023\/08\/19\u00b0-Concurso-Completo-Internacional-2-1024x683.jpg 1024w, https:\/\/www.ejercito.mil.uy\/wp-content\/uploads\/2023\/08\/19\u00b0-Concurso-Completo-Internacional-2-300x200.jpg 300w, https:\/\/www.ejercito.mil.uy\/wp-content\/uploads\/2023\/08\/19\u00b0-Concurso-Completo-Internacional-2.jpg 1200w\" sizes=\"(max-width: 1024px) 100vw, 1024px\" \/><\/figure><figcaption class=\"coblocks-gallery--caption coblocks-gallery--primary-caption\"><\/figcaption><\/div><\/div><\/div><button class=\"nav-button__prev\" id=\"12345-prev\"><\/button><button class=\"nav-button__next\" id=\"12345-next\"><\/button><\/div><\/div><\/div>\n\n\n\n<div style=\"height:33px\" aria-hidden=\"true\" class=\"wp-block-spacer\"><\/div>\n\n\n\n<hr class=\"wp-block-separator has-alpha-channel-opacity\" \/>\n\n\n\n<div style=\"height:33px\" aria-hidden=\"true\" class=\"wp-block-spacer\"><\/div>\n\n\n\n<p class=\"has-medium-font-size\">Compitieron efectivos de la Divisi\u00f3n de Ej\u00e9rcito III, Brigada de Caballer\u00eda N\u00b0 2, Regimiento \u00abTte. Gral. Pablo Galarza\u201d de Caballer\u00eda Blindado N\u00b0 2, <a rel=\"noreferrer noopener\" href=\"https:\/\/www.facebook.com\/RegBrigGralFRiveradeCaballeria\" target=\"_blank\">Regimiento \u00abBrig. Gral. Fructuoso Rivera\u00bb de Caballer\u00eda Mecanizado N\u00b0 3<\/a>, Reg.C.Bldo.N\u00b0 5, Regimiento \u00abGral. Aparicio Saravia\u201d de Caballer\u00eda Mecanizado N\u00b0 7, Regimiento \u00abPatria\u00bb de Caballer\u00eda Blindado N\u00b0 8, <a rel=\"noreferrer noopener\" href=\"https:\/\/www.facebook.com\/profile.php?id=100064689475339\" target=\"_blank\">Regimiento \u00abDragones Libertadores\u00bb de Caballer\u00eda Mecanizado N\u00b0 9<\/a>, <a rel=\"noreferrer noopener\" href=\"https:\/\/www.facebook.com\/Reg.Guayabos.C.Mec.10\" target=\"_blank\">Regimiento \u00abGuayabos\u00bb de Caballer\u00eda Mecanizado N\u00b0 10<\/a>, <a rel=\"noreferrer noopener\" href=\"https:\/\/www.facebook.com\/GrupoArtilleria2\" target=\"_blank\">Grupo \u00ab\u00c9xodo del Pueblo Oriental\u00bb de Artiller\u00eda (AP) 122 mm N\u00b0 2<\/a>, <a rel=\"noreferrer noopener\" href=\"https:\/\/www.facebook.com\/profile.php?id=100064805856044\" target=\"_blank\">Grupo \u00abLas Piedras\u00bb de Artiller\u00eda 105 mm N\u00b0 3<\/a>, <a href=\"https:\/\/www.facebook.com\/EscuelaMilitarUruguay\" target=\"_blank\" rel=\"noreferrer noopener\">Escuela Militar del Uruguay<\/a> y Escuela de Equitaci\u00f3n del Ej\u00e9rcito.<\/p>\n\n\n\n<div style=\"height:33px\" aria-hidden=\"true\" class=\"wp-block-spacer\"><\/div>\n\n\n\n<p class=\"has-medium-font-size\"><strong>\u00a1Felicitaciones a todos los competidores! <\/strong><\/p>\n","protected":false},"excerpt":{"rendered":"<p>02.08.2023 &#8211; Se realiz\u00f3 la 2\u00aa Prueba de Equitaci\u00f3n Reducida Zona Norte y el 19\u00b0 Concurso Completo Internacional. <\/p>\n","protected":false},"author":14,"featured_media":24054,"comment_status":"open","ping_status":"open","sticky":false,"template":"","format":"standard","meta":{"_coblocks_attr":"","_coblocks_dimensions":"","_coblocks_responsive_height":"","_coblocks_accordion_ie_support":"","_monsterinsights_skip_tracking":false,"_monsterinsights_sitenote_active":false,"_monsterinsights_sitenote_note":"","_monsterinsights_sitenote_category":0,"_uf_show_specific_survey":0,"_uf_disable_surveys":false,"footnotes":""},"categories":[2,10,14,1],"tags":[1105,778,376,1103,522,240,1104,571,22,256],"class_list":["post-24004","post","type-post","status-publish","format-standard","has-post-thumbnail","hentry","category-blog","category-destacados","category-noticias","category-sin-categoria","tag-adistramiento","tag-binomio","tag-caballos","tag-competencias","tag-concurso","tag-equitacion","tag-internacional","tag-jinetes","tag-prueba","tag-salto"],"aioseo_notices":[],"_links":{"self":[{"href":"https:\/\/www.ejercito.mil.uy\/index.php\/wp-json\/wp\/v2\/posts\/24004","targetHints":{"allow":["GET"]}}],"collection":[{"href":"https:\/\/www.ejercito.mil.uy\/index.php\/wp-json\/wp\/v2\/posts"}],"about":[{"href":"https:\/\/www.ejercito.mil.uy\/index.php\/wp-json\/wp\/v2\/types\/post"}],"author":[{"embeddable":true,"href":"https:\/\/www.ejercito.mil.uy\/index.php\/wp-json\/wp\/v2\/users\/14"}],"replies":[{"embeddable":true,"href":"https:\/\/www.ejercito.mil.uy\/index.php\/wp-json\/wp\/v2\/comments?post=24004"}],"version-history":[{"count":11,"href":"https:\/\/www.ejercito.mil.uy\/index.php\/wp-json\/wp\/v2\/posts\/24004\/revisions"}],"predecessor-version":[{"id":24055,"href":"https:\/\/www.ejercito.mil.uy\/index.php\/wp-json\/wp\/v2\/posts\/24004\/revisions\/24055"}],"wp:featuredmedia":[{"embeddable":true,"href":"https:\/\/www.ejercito.mil.uy\/index.php\/wp-json\/wp\/v2\/media\/24054"}],"wp:attachment":[{"href":"https:\/\/www.ejercito.mil.uy\/index.php\/wp-json\/wp\/v2\/media?parent=24004"}],"wp:term":[{"taxonomy":"category","embeddable":true,"href":"https:\/\/www.ejercito.mil.uy\/index.php\/wp-json\/wp\/v2\/categories?post=24004"},{"taxonomy":"post_tag","embeddable":true,"href":"https:\/\/www.ejercito.mil.uy\/index.php\/wp-json\/wp\/v2\/tags?post=24004"}],"curies":[{"name":"wp","href":"https:\/\/api.w.org\/{rel}","templated":true}]}}