{"id":24040,"date":"2023-08-03T12:21:27","date_gmt":"2023-08-03T15:21:27","guid":{"rendered":"https:\/\/www.ejercito.mil.uy\/?p=24040"},"modified":"2023-08-03T12:21:38","modified_gmt":"2023-08-03T15:21:38","slug":"curso-de-banda-lisa","status":"publish","type":"post","link":"https:\/\/www.ejercito.mil.uy\/index.php\/2023\/08\/03\/curso-de-banda-lisa\/","title":{"rendered":"Curso de Banda Lisa"},"content":{"rendered":"\n<p class=\"has-small-font-size\">03.08.2023 &#8211; Montevideo <\/p>\n\n\n\n<div style=\"height:33px\" aria-hidden=\"true\" class=\"wp-block-spacer\"><\/div>\n\n\n\n<p class=\"has-white-color has-text-color has-background has-medium-font-size\" style=\"background-color:#ff0000\">Finaliz\u00f3 el <strong>Curso de Banda Lisa<\/strong> en el Comando de Artiller\u00eda de Ej\u00e9rcito (Montevideo), con la participaci\u00f3n de 20 alumnos pertenecientes a las Unidades del \u00e1mbito de la Reserva General del Ej\u00e9rcito y Divisi\u00f3n de Ej\u00e9rcito I.<\/p>\n\n\n\n<div style=\"height:33px\" aria-hidden=\"true\" class=\"wp-block-spacer\"><\/div>\n\n\n\n<p class=\"has-medium-font-size\">Desde el 12 de junio al 28 de julio, los efectivos a trav\u00e9s de clases te\u00f3ricas y pr\u00e1cticas aprobaron el Curso en las especialidades de tambor y clar\u00edn.<\/p>\n\n\n\n<div style=\"height:33px\" aria-hidden=\"true\" class=\"wp-block-spacer\"><\/div>\n\n\n\n<div class=\"wp-block-columns is-layout-flex wp-container-core-columns-is-layout-28f84493 wp-block-columns-is-layout-flex\">\n<div class=\"wp-block-column is-layout-flow wp-block-column-is-layout-flow\">\n<div class=\"wp-block-coblocks-gallery-stacked\"><ul class=\"coblocks-gallery has-no-alignment has-fullwidth-images has-custom-gutter\" style=\"--coblocks-custom-gutter:0em\"><li class=\"coblocks-gallery--item\"><figure class=\"coblocks-gallery--figure\"><img fetchpriority=\"high\" decoding=\"async\" width=\"1024\" height=\"683\" alt=\"\" class=\"wp-image-24042 has-shadow-none\" data-id=\"24042\" data-imglink=\"\" data-link=\"https:\/\/www.ejercito.mil.uy\/?attachment_id=24042\" src=\"https:\/\/www.ejercito.mil.uy\/wp-content\/uploads\/2023\/08\/Curso-de-Banda-Lisa-6-1024x683.jpg\" srcset=\"https:\/\/www.ejercito.mil.uy\/wp-content\/uploads\/2023\/08\/Curso-de-Banda-Lisa-6-1024x683.jpg 1024w, https:\/\/www.ejercito.mil.uy\/wp-content\/uploads\/2023\/08\/Curso-de-Banda-Lisa-6-300x200.jpg 300w, https:\/\/www.ejercito.mil.uy\/wp-content\/uploads\/2023\/08\/Curso-de-Banda-Lisa-6.jpg 1200w\" sizes=\"(max-width: 1024px) 100vw, 1024px\" \/><\/figure><\/li><\/ul><\/div>\n<\/div>\n\n\n\n<div class=\"wp-block-column is-layout-flow wp-block-column-is-layout-flow\">\n<div class=\"wp-block-coblocks-gallery-stacked\"><ul class=\"coblocks-gallery has-no-alignment has-fullwidth-images has-custom-gutter\" style=\"--coblocks-custom-gutter:0em\"><li class=\"coblocks-gallery--item\"><figure class=\"coblocks-gallery--figure\"><img decoding=\"async\" width=\"1024\" height=\"683\" alt=\"\" class=\"wp-image-24043 has-shadow-none\" data-id=\"24043\" data-imglink=\"\" data-link=\"https:\/\/www.ejercito.mil.uy\/?attachment_id=24043\" src=\"https:\/\/www.ejercito.mil.uy\/wp-content\/uploads\/2023\/08\/Curso-de-Banda-Lisa-11-1024x683.jpg\" srcset=\"https:\/\/www.ejercito.mil.uy\/wp-content\/uploads\/2023\/08\/Curso-de-Banda-Lisa-11-1024x683.jpg 1024w, https:\/\/www.ejercito.mil.uy\/wp-content\/uploads\/2023\/08\/Curso-de-Banda-Lisa-11-300x200.jpg 300w, https:\/\/www.ejercito.mil.uy\/wp-content\/uploads\/2023\/08\/Curso-de-Banda-Lisa-11.jpg 1200w\" sizes=\"(max-width: 1024px) 100vw, 1024px\" \/><\/figure><\/li><\/ul><\/div>\n<\/div>\n<\/div>\n\n\n\n<div style=\"height:33px\" aria-hidden=\"true\" class=\"wp-block-spacer\"><\/div>\n\n\n\n<p class=\"has-medium-font-size\">El prop\u00f3sito es que cada Unidad dependiente tenga personal capacitado para ejecutar el toque de tambor y as\u00ed ayudar en la instrucci\u00f3n, y clar\u00edn, para aquellos casos que se deba rendir honores a las autoridades.<\/p>\n\n\n\n<div style=\"height:33px\" aria-hidden=\"true\" class=\"wp-block-spacer\"><\/div>\n\n\n\n<div class=\"wp-block-columns is-layout-flex wp-container-core-columns-is-layout-28f84493 wp-block-columns-is-layout-flex\">\n<div class=\"wp-block-column is-layout-flow wp-block-column-is-layout-flow\">\n<div class=\"wp-block-coblocks-gallery-stacked\"><ul class=\"coblocks-gallery has-no-alignment has-fullwidth-images has-custom-gutter\" style=\"--coblocks-custom-gutter:0em\"><li class=\"coblocks-gallery--item\"><figure class=\"coblocks-gallery--figure\"><img decoding=\"async\" width=\"1024\" height=\"683\" alt=\"\" class=\"wp-image-24044 has-shadow-none\" data-id=\"24044\" data-imglink=\"\" data-link=\"https:\/\/www.ejercito.mil.uy\/?attachment_id=24044\" src=\"https:\/\/www.ejercito.mil.uy\/wp-content\/uploads\/2023\/08\/Curso-de-Banda-Lisa-5-1024x683.jpg\" srcset=\"https:\/\/www.ejercito.mil.uy\/wp-content\/uploads\/2023\/08\/Curso-de-Banda-Lisa-5-1024x683.jpg 1024w, https:\/\/www.ejercito.mil.uy\/wp-content\/uploads\/2023\/08\/Curso-de-Banda-Lisa-5-300x200.jpg 300w, https:\/\/www.ejercito.mil.uy\/wp-content\/uploads\/2023\/08\/Curso-de-Banda-Lisa-5.jpg 1200w\" sizes=\"(max-width: 1024px) 100vw, 1024px\" \/><\/figure><\/li><\/ul><\/div>\n<\/div>\n\n\n\n<div class=\"wp-block-column is-layout-flow wp-block-column-is-layout-flow\">\n<div class=\"wp-block-coblocks-gallery-stacked\"><ul class=\"coblocks-gallery has-no-alignment has-fullwidth-images has-custom-gutter\" style=\"--coblocks-custom-gutter:0em\"><li class=\"coblocks-gallery--item\"><figure class=\"coblocks-gallery--figure\"><img loading=\"lazy\" decoding=\"async\" width=\"1024\" height=\"683\" alt=\"\" class=\"wp-image-24045 has-shadow-none\" data-id=\"24045\" data-imglink=\"\" data-link=\"https:\/\/www.ejercito.mil.uy\/?attachment_id=24045\" src=\"https:\/\/www.ejercito.mil.uy\/wp-content\/uploads\/2023\/08\/Curso-de-Banda-Lisa-10-1024x683.jpg\" srcset=\"https:\/\/www.ejercito.mil.uy\/wp-content\/uploads\/2023\/08\/Curso-de-Banda-Lisa-10-1024x683.jpg 1024w, https:\/\/www.ejercito.mil.uy\/wp-content\/uploads\/2023\/08\/Curso-de-Banda-Lisa-10-300x200.jpg 300w, https:\/\/www.ejercito.mil.uy\/wp-content\/uploads\/2023\/08\/Curso-de-Banda-Lisa-10.jpg 1200w\" sizes=\"(max-width: 1024px) 100vw, 1024px\" \/><\/figure><\/li><\/ul><\/div>\n<\/div>\n<\/div>\n\n\n\n<div style=\"height:33px\" aria-hidden=\"true\" class=\"wp-block-spacer\"><\/div>\n\n\n\n<p class=\"has-medium-font-size\">Los participantes premiados fueron:<\/p>\n\n\n\n<div style=\"height:33px\" aria-hidden=\"true\" class=\"wp-block-spacer\"><\/div>\n\n\n\n<p class=\"is-style-info has-white-color has-black-background-color has-text-color has-background has-medium-font-size\">1- <strong>Sdo. 1\u00aa Federico Rodr\u00edguez<\/strong> del Batall\u00f3n \u00abGral. de Div. Roberto P. River\u00f3s\u00bb de Ingenieros de Combate N\u00b0 1, destacado en tambor y 1er puesto en el promedio general<\/p>\n\n\n\n<div style=\"height:33px\" aria-hidden=\"true\" class=\"wp-block-spacer\"><\/div>\n\n\n\n<p class=\"is-style-info has-white-color has-text-color has-background has-medium-font-size\" style=\"background-color:#ff0000\">2- <strong>Sdo. 1\u00aa Edison Cejas<\/strong> del Grupo de Artiller\u00eda de Defensa Antia\u00e9rea N\u00b0 1, destacado en clar\u00edn<\/p>\n\n\n\n<div style=\"height:33px\" aria-hidden=\"true\" class=\"wp-block-spacer\"><\/div>\n\n\n\n<p class=\"is-style-info has-white-color has-text-color has-background has-medium-font-size\" style=\"background-color:#ff0000\">3- <strong>Sdo. 1\u00aa Adri\u00e1n Gonz\u00e1lez<\/strong> del Grupo \u00abBrig. Gral. Manuel Oribe\u00bb de Artiller\u00eda 105 mm N\u00b0 1 recibi\u00f3 las felicitaciones por evidenciar un alto esp\u00edritu militar y compromiso en el desempe\u00f1o de sus funciones, al comprar con recursos propios una trompeta<\/p>\n\n\n\n<div style=\"height:33px\" aria-hidden=\"true\" class=\"wp-block-spacer\"><\/div>\n\n\n\n<div aria-label=\"Carousel Gallery\" class=\"wp-block-coblocks-gallery-carousel\"><div class=\"coblocks-gallery-carousel-swiper-container is-cropped coblocks-gallery has-no-alignment has-caption-style-dark has-no-thumbnails\"><div class=\"has-carousel has-carousel-xlrg swiper-container\" data-swiper=\"{&quot;alignCells&quot;:false,&quot;autoPlay&quot;:false,&quot;autoPlaySpeed&quot;:3000,&quot;draggable&quot;:true,&quot;freeMode&quot;:false,&quot;loop&quot;:true,&quot;navigation&quot;:true,&quot;pageDots&quot;:false,&quot;pauseHover&quot;:false,&quot;responsiveHeight&quot;:false,&quot;slidesPerView&quot;:1,&quot;thumbnails&quot;:false,&quot;uuid&quot;:&quot;12345&quot;}\" style=\"height:550px\"><div class=\"swiper-wrapper\"><div class=\"swiper-slide\"><div class=\"coblocks-gallery--item\" role=\"button\"><figure class=\"coblocks-gallery--figure\"><img loading=\"lazy\" decoding=\"async\" width=\"1024\" height=\"683\" alt=\"\" class=\"wp-image-24049\" data-id=\"24049\" data-link=\"https:\/\/www.ejercito.mil.uy\/?attachment_id=24049\" src=\"https:\/\/www.ejercito.mil.uy\/wp-content\/uploads\/2023\/08\/Curso-de-Banda-Lisa-4-1024x683.jpg\" srcset=\"https:\/\/www.ejercito.mil.uy\/wp-content\/uploads\/2023\/08\/Curso-de-Banda-Lisa-4-1024x683.jpg 1024w, https:\/\/www.ejercito.mil.uy\/wp-content\/uploads\/2023\/08\/Curso-de-Banda-Lisa-4-300x200.jpg 300w, https:\/\/www.ejercito.mil.uy\/wp-content\/uploads\/2023\/08\/Curso-de-Banda-Lisa-4.jpg 1200w\" sizes=\"(max-width: 1024px) 100vw, 1024px\" \/><\/figure><figcaption class=\"coblocks-gallery--caption coblocks-gallery--primary-caption\"><\/figcaption><\/div><\/div><div class=\"swiper-slide\"><div class=\"coblocks-gallery--item\" role=\"button\"><figure class=\"coblocks-gallery--figure\"><img loading=\"lazy\" decoding=\"async\" width=\"1024\" height=\"683\" alt=\"\" class=\"wp-image-24048\" data-id=\"24048\" data-link=\"https:\/\/www.ejercito.mil.uy\/?attachment_id=24048\" src=\"https:\/\/www.ejercito.mil.uy\/wp-content\/uploads\/2023\/08\/Curso-de-Banda-Lisa-3-1024x683.jpg\" srcset=\"https:\/\/www.ejercito.mil.uy\/wp-content\/uploads\/2023\/08\/Curso-de-Banda-Lisa-3-1024x683.jpg 1024w, https:\/\/www.ejercito.mil.uy\/wp-content\/uploads\/2023\/08\/Curso-de-Banda-Lisa-3-300x200.jpg 300w, https:\/\/www.ejercito.mil.uy\/wp-content\/uploads\/2023\/08\/Curso-de-Banda-Lisa-3.jpg 1200w\" sizes=\"(max-width: 1024px) 100vw, 1024px\" \/><\/figure><figcaption class=\"coblocks-gallery--caption coblocks-gallery--primary-caption\"><\/figcaption><\/div><\/div><div class=\"swiper-slide\"><div class=\"coblocks-gallery--item\" role=\"button\"><figure class=\"coblocks-gallery--figure\"><img loading=\"lazy\" decoding=\"async\" width=\"1024\" height=\"683\" alt=\"\" class=\"wp-image-24051\" data-id=\"24051\" data-link=\"https:\/\/www.ejercito.mil.uy\/?attachment_id=24051\" src=\"https:\/\/www.ejercito.mil.uy\/wp-content\/uploads\/2023\/08\/Curso-de-Banda-Lisa-8-1024x683.jpg\" srcset=\"https:\/\/www.ejercito.mil.uy\/wp-content\/uploads\/2023\/08\/Curso-de-Banda-Lisa-8-1024x683.jpg 1024w, https:\/\/www.ejercito.mil.uy\/wp-content\/uploads\/2023\/08\/Curso-de-Banda-Lisa-8-300x200.jpg 300w, https:\/\/www.ejercito.mil.uy\/wp-content\/uploads\/2023\/08\/Curso-de-Banda-Lisa-8.jpg 1200w\" sizes=\"(max-width: 1024px) 100vw, 1024px\" \/><\/figure><figcaption class=\"coblocks-gallery--caption coblocks-gallery--primary-caption\"><\/figcaption><\/div><\/div><div class=\"swiper-slide\"><div class=\"coblocks-gallery--item\" role=\"button\"><figure class=\"coblocks-gallery--figure\"><img loading=\"lazy\" decoding=\"async\" width=\"1024\" height=\"683\" alt=\"\" class=\"wp-image-24050\" data-id=\"24050\" data-link=\"https:\/\/www.ejercito.mil.uy\/?attachment_id=24050\" src=\"https:\/\/www.ejercito.mil.uy\/wp-content\/uploads\/2023\/08\/Curso-de-Banda-Lisa-7-1024x683.jpg\" srcset=\"https:\/\/www.ejercito.mil.uy\/wp-content\/uploads\/2023\/08\/Curso-de-Banda-Lisa-7-1024x683.jpg 1024w, https:\/\/www.ejercito.mil.uy\/wp-content\/uploads\/2023\/08\/Curso-de-Banda-Lisa-7-300x200.jpg 300w, https:\/\/www.ejercito.mil.uy\/wp-content\/uploads\/2023\/08\/Curso-de-Banda-Lisa-7.jpg 1200w\" sizes=\"(max-width: 1024px) 100vw, 1024px\" \/><\/figure><figcaption class=\"coblocks-gallery--caption coblocks-gallery--primary-caption\"><\/figcaption><\/div><\/div><div class=\"swiper-slide\"><div class=\"coblocks-gallery--item\" role=\"button\"><figure class=\"coblocks-gallery--figure\"><img loading=\"lazy\" decoding=\"async\" width=\"1024\" height=\"683\" alt=\"\" class=\"wp-image-24047\" data-id=\"24047\" data-link=\"https:\/\/www.ejercito.mil.uy\/?attachment_id=24047\" src=\"https:\/\/www.ejercito.mil.uy\/wp-content\/uploads\/2023\/08\/Curso-de-Banda-Lisa-2-1024x683.jpg\" srcset=\"https:\/\/www.ejercito.mil.uy\/wp-content\/uploads\/2023\/08\/Curso-de-Banda-Lisa-2-1024x683.jpg 1024w, https:\/\/www.ejercito.mil.uy\/wp-content\/uploads\/2023\/08\/Curso-de-Banda-Lisa-2-300x200.jpg 300w, https:\/\/www.ejercito.mil.uy\/wp-content\/uploads\/2023\/08\/Curso-de-Banda-Lisa-2.jpg 1200w\" sizes=\"(max-width: 1024px) 100vw, 1024px\" \/><\/figure><figcaption class=\"coblocks-gallery--caption coblocks-gallery--primary-caption\"><\/figcaption><\/div><\/div><div class=\"swiper-slide\"><div class=\"coblocks-gallery--item\" role=\"button\"><figure class=\"coblocks-gallery--figure\"><img loading=\"lazy\" decoding=\"async\" width=\"1024\" height=\"683\" alt=\"\" class=\"wp-image-24046\" data-id=\"24046\" data-link=\"https:\/\/www.ejercito.mil.uy\/?attachment_id=24046\" src=\"https:\/\/www.ejercito.mil.uy\/wp-content\/uploads\/2023\/08\/Curso-de-Banda-Lisa-1-1024x683.jpg\" srcset=\"https:\/\/www.ejercito.mil.uy\/wp-content\/uploads\/2023\/08\/Curso-de-Banda-Lisa-1-1024x683.jpg 1024w, https:\/\/www.ejercito.mil.uy\/wp-content\/uploads\/2023\/08\/Curso-de-Banda-Lisa-1-300x200.jpg 300w, https:\/\/www.ejercito.mil.uy\/wp-content\/uploads\/2023\/08\/Curso-de-Banda-Lisa-1.jpg 1200w\" sizes=\"(max-width: 1024px) 100vw, 1024px\" \/><\/figure><figcaption class=\"coblocks-gallery--caption coblocks-gallery--primary-caption\"><\/figcaption><\/div><\/div><\/div><button class=\"nav-button__prev\" id=\"12345-prev\"><\/button><button class=\"nav-button__next\" id=\"12345-next\"><\/button><\/div><\/div><\/div>\n\n\n\n<div style=\"height:33px\" aria-hidden=\"true\" class=\"wp-block-spacer\"><\/div>\n\n\n\n<p class=\"is-style-default has-medium-font-size\"><strong><em>\u00a1Felicitaciones a todos los camaradas! <\/em><\/strong><\/p>\n","protected":false},"excerpt":{"rendered":"<p>03.08.2023 &#8211; Desde el 12 de junio al 28 de julio, los alumnos a trav\u00e9s de clases te\u00f3ricas y pr\u00e1cticas aprobaron el Curso en las especialidades de tambor y clar\u00edn.<\/p>\n","protected":false},"author":14,"featured_media":24041,"comment_status":"open","ping_status":"open","sticky":false,"template":"","format":"standard","meta":{"_coblocks_attr":"","_coblocks_dimensions":"","_coblocks_responsive_height":"","_coblocks_accordion_ie_support":"","_monsterinsights_skip_tracking":false,"_monsterinsights_sitenote_active":false,"_monsterinsights_sitenote_note":"","_monsterinsights_sitenote_category":0,"_uf_show_specific_survey":0,"_uf_disable_surveys":false,"footnotes":""},"categories":[2,14,1],"tags":[1106,711,1107,70,544,455,1108,1109,1110],"class_list":["post-24040","post","type-post","status-publish","format-standard","has-post-thumbnail","hentry","category-blog","category-noticias","category-sin-categoria","tag-banda-lisa","tag-bandas","tag-clarin","tag-curso","tag-musica","tag-premios","tag-tambor","tag-toque","tag-trompeta"],"aioseo_notices":[],"_links":{"self":[{"href":"https:\/\/www.ejercito.mil.uy\/index.php\/wp-json\/wp\/v2\/posts\/24040","targetHints":{"allow":["GET"]}}],"collection":[{"href":"https:\/\/www.ejercito.mil.uy\/index.php\/wp-json\/wp\/v2\/posts"}],"about":[{"href":"https:\/\/www.ejercito.mil.uy\/index.php\/wp-json\/wp\/v2\/types\/post"}],"author":[{"embeddable":true,"href":"https:\/\/www.ejercito.mil.uy\/index.php\/wp-json\/wp\/v2\/users\/14"}],"replies":[{"embeddable":true,"href":"https:\/\/www.ejercito.mil.uy\/index.php\/wp-json\/wp\/v2\/comments?post=24040"}],"version-history":[{"count":2,"href":"https:\/\/www.ejercito.mil.uy\/index.php\/wp-json\/wp\/v2\/posts\/24040\/revisions"}],"predecessor-version":[{"id":24053,"href":"https:\/\/www.ejercito.mil.uy\/index.php\/wp-json\/wp\/v2\/posts\/24040\/revisions\/24053"}],"wp:featuredmedia":[{"embeddable":true,"href":"https:\/\/www.ejercito.mil.uy\/index.php\/wp-json\/wp\/v2\/media\/24041"}],"wp:attachment":[{"href":"https:\/\/www.ejercito.mil.uy\/index.php\/wp-json\/wp\/v2\/media?parent=24040"}],"wp:term":[{"taxonomy":"category","embeddable":true,"href":"https:\/\/www.ejercito.mil.uy\/index.php\/wp-json\/wp\/v2\/categories?post=24040"},{"taxonomy":"post_tag","embeddable":true,"href":"https:\/\/www.ejercito.mil.uy\/index.php\/wp-json\/wp\/v2\/tags?post=24040"}],"curies":[{"name":"wp","href":"https:\/\/api.w.org\/{rel}","templated":true}]}}