{"id":24071,"date":"2023-08-04T11:30:56","date_gmt":"2023-08-04T14:30:56","guid":{"rendered":"https:\/\/www.ejercito.mil.uy\/?p=24071"},"modified":"2023-08-04T11:47:15","modified_gmt":"2023-08-04T14:47:15","slug":"entrega-de-medalla-18-de-mayo-de-1811-de-segundo-grado","status":"publish","type":"post","link":"https:\/\/www.ejercito.mil.uy\/index.php\/2023\/08\/04\/entrega-de-medalla-18-de-mayo-de-1811-de-segundo-grado\/","title":{"rendered":"Entrega de Medalla \u00ab18 de Mayo de 1811\u00bb al Agregado Militar Ruso"},"content":{"rendered":"\n<p class=\"has-small-font-size\">04.08.2023 &#8211; Montevideo <\/p>\n\n\n\n<div style=\"height:33px\" aria-hidden=\"true\" class=\"wp-block-spacer\"><\/div>\n\n\n\n<p class=\"has-text-align-center is-style-default has-black-color has-text-color has-background has-medium-font-size\" style=\"background-color:#cdac28\">En la ma\u00f1ana del 4 de agosto, el Sr. Jefe del Estado Mayor del Ej\u00e9rcito, Gral. Omar Carabajal en representaci\u00f3n del Sr. Comandante en Jefe del Ej\u00e9rcito, Gral. de Ej\u00e9rcito Mario Stevenazzi, entreg\u00f3 la <strong>Medalla \u00ab18 de Mayo de 1811\u00bb de Segundo Grado<\/strong>, al Sr. Agregado Militar, A\u00e9reo y Naval a la Embajada de la Federaci\u00f3n de Rusia en la Rep\u00fablica Oriental del Uruguay, Cnel. Sergey V. Tyulenev.<\/p>\n\n\n\n<div style=\"height:33px\" aria-hidden=\"true\" class=\"wp-block-spacer\"><\/div>\n\n\n\n<div class=\"wp-block-coblocks-gallery-stacked\"><ul class=\"coblocks-gallery has-no-alignment has-fullwidth-images has-custom-gutter\" style=\"--coblocks-custom-gutter:0em\"><li class=\"coblocks-gallery--item\"><figure class=\"coblocks-gallery--figure\"><img fetchpriority=\"high\" decoding=\"async\" width=\"1024\" height=\"683\" alt=\"\" class=\"wp-image-24077 has-shadow-none\" data-id=\"24077\" data-imglink=\"\" data-link=\"https:\/\/www.ejercito.mil.uy\/?attachment_id=24077\" src=\"https:\/\/www.ejercito.mil.uy\/wp-content\/uploads\/2023\/08\/2023-08-04-Condecoracion-AgreMil-RUSIA-28-1024x683.jpg\" srcset=\"https:\/\/www.ejercito.mil.uy\/wp-content\/uploads\/2023\/08\/2023-08-04-Condecoracion-AgreMil-RUSIA-28-1024x683.jpg 1024w, https:\/\/www.ejercito.mil.uy\/wp-content\/uploads\/2023\/08\/2023-08-04-Condecoracion-AgreMil-RUSIA-28-300x200.jpg 300w, https:\/\/www.ejercito.mil.uy\/wp-content\/uploads\/2023\/08\/2023-08-04-Condecoracion-AgreMil-RUSIA-28.jpg 1200w\" sizes=\"(max-width: 1024px) 100vw, 1024px\" \/><\/figure><\/li><\/ul><\/div>\n\n\n\n<div style=\"height:33px\" aria-hidden=\"true\" class=\"wp-block-spacer\"><\/div>\n\n\n\n<div class=\"wp-block-columns is-layout-flex wp-container-core-columns-is-layout-28f84493 wp-block-columns-is-layout-flex\">\n<div class=\"wp-block-column is-layout-flow wp-block-column-is-layout-flow\">\n<div class=\"wp-block-coblocks-gallery-stacked\"><ul class=\"coblocks-gallery has-no-alignment has-fullwidth-images has-custom-gutter\" style=\"--coblocks-custom-gutter:0em\"><li class=\"coblocks-gallery--item\"><figure class=\"coblocks-gallery--figure\"><img decoding=\"async\" width=\"1024\" height=\"683\" alt=\"\" class=\"wp-image-24075 has-shadow-none\" data-id=\"24075\" data-imglink=\"\" data-link=\"https:\/\/www.ejercito.mil.uy\/?attachment_id=24075\" src=\"https:\/\/www.ejercito.mil.uy\/wp-content\/uploads\/2023\/08\/2023-08-04-Condecoracion-AgreMil-RUSIA-42-1024x683.jpg\" srcset=\"https:\/\/www.ejercito.mil.uy\/wp-content\/uploads\/2023\/08\/2023-08-04-Condecoracion-AgreMil-RUSIA-42-1024x683.jpg 1024w, https:\/\/www.ejercito.mil.uy\/wp-content\/uploads\/2023\/08\/2023-08-04-Condecoracion-AgreMil-RUSIA-42-300x200.jpg 300w, https:\/\/www.ejercito.mil.uy\/wp-content\/uploads\/2023\/08\/2023-08-04-Condecoracion-AgreMil-RUSIA-42.jpg 1200w\" sizes=\"(max-width: 1024px) 100vw, 1024px\" \/><\/figure><\/li><\/ul><\/div>\n<\/div>\n\n\n\n<div class=\"wp-block-column is-layout-flow wp-block-column-is-layout-flow\">\n<div class=\"wp-block-coblocks-gallery-stacked\"><ul class=\"coblocks-gallery has-no-alignment has-fullwidth-images has-custom-gutter\" style=\"--coblocks-custom-gutter:0em\"><li class=\"coblocks-gallery--item\"><figure class=\"coblocks-gallery--figure\"><img decoding=\"async\" width=\"1024\" height=\"683\" alt=\"\" class=\"wp-image-24076 has-shadow-none\" data-id=\"24076\" data-imglink=\"\" data-link=\"https:\/\/www.ejercito.mil.uy\/?attachment_id=24076\" src=\"https:\/\/www.ejercito.mil.uy\/wp-content\/uploads\/2023\/08\/2023-08-04-Condecoracion-AgreMil-RUSIA-52-1024x683.jpg\" srcset=\"https:\/\/www.ejercito.mil.uy\/wp-content\/uploads\/2023\/08\/2023-08-04-Condecoracion-AgreMil-RUSIA-52-1024x683.jpg 1024w, https:\/\/www.ejercito.mil.uy\/wp-content\/uploads\/2023\/08\/2023-08-04-Condecoracion-AgreMil-RUSIA-52-300x200.jpg 300w, https:\/\/www.ejercito.mil.uy\/wp-content\/uploads\/2023\/08\/2023-08-04-Condecoracion-AgreMil-RUSIA-52.jpg 1200w\" sizes=\"(max-width: 1024px) 100vw, 1024px\" \/><\/figure><\/li><\/ul><\/div>\n<\/div>\n<\/div>\n\n\n\n<div style=\"height:33px\" aria-hidden=\"true\" class=\"wp-block-spacer\"><\/div>\n\n\n\n<p class=\"has-medium-font-size\"><strong>Esta distinci\u00f3n es cedida por sus valiosos y significativos aportes al Ej\u00e9rcito Nacional.<\/strong><\/p>\n\n\n\n<div style=\"height:33px\" aria-hidden=\"true\" class=\"wp-block-spacer\"><\/div>\n\n\n\n<div class=\"wp-block-coblocks-gallery-stacked\"><ul class=\"coblocks-gallery has-no-alignment has-fullwidth-images has-custom-gutter\" style=\"--coblocks-custom-gutter:0em\"><li class=\"coblocks-gallery--item\"><figure class=\"coblocks-gallery--figure\"><img loading=\"lazy\" decoding=\"async\" width=\"1024\" height=\"683\" alt=\"\" class=\"wp-image-24074 has-shadow-none\" data-id=\"24074\" data-imglink=\"\" data-link=\"https:\/\/www.ejercito.mil.uy\/?attachment_id=24074\" src=\"https:\/\/www.ejercito.mil.uy\/wp-content\/uploads\/2023\/08\/2023-08-04-Condecoracion-AgreMil-RUSIA-1-1024x683.jpg\" srcset=\"https:\/\/www.ejercito.mil.uy\/wp-content\/uploads\/2023\/08\/2023-08-04-Condecoracion-AgreMil-RUSIA-1-1024x683.jpg 1024w, https:\/\/www.ejercito.mil.uy\/wp-content\/uploads\/2023\/08\/2023-08-04-Condecoracion-AgreMil-RUSIA-1-300x200.jpg 300w, https:\/\/www.ejercito.mil.uy\/wp-content\/uploads\/2023\/08\/2023-08-04-Condecoracion-AgreMil-RUSIA-1.jpg 1200w\" sizes=\"(max-width: 1024px) 100vw, 1024px\" \/><\/figure><\/li><\/ul><\/div>\n\n\n\n<div style=\"height:33px\" aria-hidden=\"true\" class=\"wp-block-spacer\"><\/div>\n\n\n\n<p class=\"has-medium-font-size\">Concurrieron a la ceremonia los Inspectores del Arma de Infanter\u00eda, Caballer\u00eda, Artiller\u00eda, Ingenieros y Comunicaciones, entre otras autoridades.<\/p>\n\n\n\n<div style=\"height:33px\" aria-hidden=\"true\" class=\"wp-block-spacer\"><\/div>\n\n\n\n<div class=\"wp-block-coblocks-gallery-stacked\"><ul class=\"coblocks-gallery has-no-alignment has-fullwidth-images has-custom-gutter\" style=\"--coblocks-custom-gutter:0em\"><li class=\"coblocks-gallery--item\"><figure class=\"coblocks-gallery--figure\"><img loading=\"lazy\" decoding=\"async\" width=\"1024\" height=\"683\" alt=\"\" class=\"wp-image-24073 has-shadow-none\" data-id=\"24073\" data-imglink=\"\" data-link=\"https:\/\/www.ejercito.mil.uy\/?attachment_id=24073\" src=\"https:\/\/www.ejercito.mil.uy\/wp-content\/uploads\/2023\/08\/2023-08-04-Condecoracion-AgreMil-RUSIA-32-1024x683.jpg\" srcset=\"https:\/\/www.ejercito.mil.uy\/wp-content\/uploads\/2023\/08\/2023-08-04-Condecoracion-AgreMil-RUSIA-32-1024x683.jpg 1024w, https:\/\/www.ejercito.mil.uy\/wp-content\/uploads\/2023\/08\/2023-08-04-Condecoracion-AgreMil-RUSIA-32-300x200.jpg 300w, https:\/\/www.ejercito.mil.uy\/wp-content\/uploads\/2023\/08\/2023-08-04-Condecoracion-AgreMil-RUSIA-32.jpg 1200w\" sizes=\"(max-width: 1024px) 100vw, 1024px\" \/><\/figure><\/li><\/ul><\/div>\n\n\n\n<div style=\"height:33px\" aria-hidden=\"true\" class=\"wp-block-spacer\"><\/div>\n\n\n\n<p class=\"has-medium-font-size\"><a href=\"https:\/\/www.facebook.com\/EmbRusiaUruguay\" target=\"_blank\" rel=\"noreferrer noopener\">Embajada de Rusia en Uruguay<\/a><\/p>\n","protected":false},"excerpt":{"rendered":"<p>04.08.2023 &#8211; El 4 de agosto, se realiz\u00f3 la entrega de la Medalla al Agregado Militar, A\u00e9reo y Naval de la Federaci\u00f3n de Rusia, Cnel. Sergey Tyulenev.<\/p>\n","protected":false},"author":14,"featured_media":24072,"comment_status":"open","ping_status":"open","sticky":false,"template":"","format":"standard","meta":{"_coblocks_attr":"","_coblocks_dimensions":"","_coblocks_responsive_height":"","_coblocks_accordion_ie_support":"","_monsterinsights_skip_tracking":false,"_monsterinsights_sitenote_active":false,"_monsterinsights_sitenote_note":"","_monsterinsights_sitenote_category":0,"_uf_show_specific_survey":0,"_uf_disable_surveys":false,"footnotes":""},"categories":[2,10,14,1],"tags":[1111,1113,837,911,157,649,1112,1009],"class_list":["post-24071","post","type-post","status-publish","format-standard","has-post-thumbnail","hentry","category-blog","category-destacados","category-noticias","category-sin-categoria","tag-18-de-mayo-de-1811","tag-aportes","tag-distincion","tag-entrega","tag-medalla","tag-reconocimientos","tag-rusia","tag-segundo-grado"],"aioseo_notices":[],"_links":{"self":[{"href":"https:\/\/www.ejercito.mil.uy\/index.php\/wp-json\/wp\/v2\/posts\/24071","targetHints":{"allow":["GET"]}}],"collection":[{"href":"https:\/\/www.ejercito.mil.uy\/index.php\/wp-json\/wp\/v2\/posts"}],"about":[{"href":"https:\/\/www.ejercito.mil.uy\/index.php\/wp-json\/wp\/v2\/types\/post"}],"author":[{"embeddable":true,"href":"https:\/\/www.ejercito.mil.uy\/index.php\/wp-json\/wp\/v2\/users\/14"}],"replies":[{"embeddable":true,"href":"https:\/\/www.ejercito.mil.uy\/index.php\/wp-json\/wp\/v2\/comments?post=24071"}],"version-history":[{"count":3,"href":"https:\/\/www.ejercito.mil.uy\/index.php\/wp-json\/wp\/v2\/posts\/24071\/revisions"}],"predecessor-version":[{"id":24081,"href":"https:\/\/www.ejercito.mil.uy\/index.php\/wp-json\/wp\/v2\/posts\/24071\/revisions\/24081"}],"wp:featuredmedia":[{"embeddable":true,"href":"https:\/\/www.ejercito.mil.uy\/index.php\/wp-json\/wp\/v2\/media\/24072"}],"wp:attachment":[{"href":"https:\/\/www.ejercito.mil.uy\/index.php\/wp-json\/wp\/v2\/media?parent=24071"}],"wp:term":[{"taxonomy":"category","embeddable":true,"href":"https:\/\/www.ejercito.mil.uy\/index.php\/wp-json\/wp\/v2\/categories?post=24071"},{"taxonomy":"post_tag","embeddable":true,"href":"https:\/\/www.ejercito.mil.uy\/index.php\/wp-json\/wp\/v2\/tags?post=24071"}],"curies":[{"name":"wp","href":"https:\/\/api.w.org\/{rel}","templated":true}]}}