{"id":24139,"date":"2023-08-07T12:42:57","date_gmt":"2023-08-07T15:42:57","guid":{"rendered":"https:\/\/www.ejercito.mil.uy\/?p=24139"},"modified":"2023-08-10T12:57:44","modified_gmt":"2023-08-10T15:57:44","slug":"plan-o-accidentes","status":"publish","type":"post","link":"https:\/\/www.ejercito.mil.uy\/index.php\/2023\/08\/07\/plan-o-accidentes\/","title":{"rendered":"Plan \u00abO accidentes\u00bb"},"content":{"rendered":"\n<p class=\"has-small-font-size\">07.08.2023 <\/p>\n\n\n\n<div style=\"height:33px\" aria-hidden=\"true\" class=\"wp-block-spacer\"><\/div>\n\n\n\n<p class=\"has-white-color has-text-color has-background has-medium-font-size\" style=\"background-color:#1f6728\">Finaliz\u00f3 el plan denominado <strong>\u00ab0 accidentes\u00bb<\/strong> desarrollado en el Batall\u00f3n de Infanter\u00eda Blindado N\u00ba 13, con el fin de reducir los siniestros de tr\u00e1nsito.<\/p>\n\n\n\n<div style=\"height:33px\" aria-hidden=\"true\" class=\"wp-block-spacer\"><\/div>\n\n\n\n<p class=\"has-medium-font-size\">La semana pasada se realizaron las dos \u00faltimas etapas, la 3era etapa denominada \u00abSeguridad Vial y Manejo Defensivo\u00bb estuvo a cargo de la Polic\u00eda Caminera, y la 4ta etapa \u00abSe\u00f1ales de tr\u00e1nsito\u00bb, la imparti\u00f3 el Oficial de Motores de la Unidad.<\/p>\n\n\n\n<div style=\"height:33px\" aria-hidden=\"true\" class=\"wp-block-spacer\"><\/div>\n\n\n\n<div class=\"wp-block-columns is-layout-flex wp-container-core-columns-is-layout-28f84493 wp-block-columns-is-layout-flex\">\n<div class=\"wp-block-column is-layout-flow wp-block-column-is-layout-flow\">\n<div class=\"wp-block-coblocks-gallery-stacked\"><ul class=\"coblocks-gallery has-no-alignment has-fullwidth-images has-custom-gutter\" style=\"--coblocks-custom-gutter:0em\"><li class=\"coblocks-gallery--item\"><figure class=\"coblocks-gallery--figure\"><img fetchpriority=\"high\" decoding=\"async\" width=\"1024\" height=\"683\" alt=\"\" class=\"wp-image-24141 has-shadow-none\" data-id=\"24141\" data-imglink=\"\" data-link=\"https:\/\/www.ejercito.mil.uy\/?attachment_id=24141\" src=\"https:\/\/www.ejercito.mil.uy\/wp-content\/uploads\/2023\/08\/Plan-0-accidentes-4-1024x683.jpg\" srcset=\"https:\/\/www.ejercito.mil.uy\/wp-content\/uploads\/2023\/08\/Plan-0-accidentes-4-1024x683.jpg 1024w, https:\/\/www.ejercito.mil.uy\/wp-content\/uploads\/2023\/08\/Plan-0-accidentes-4-300x200.jpg 300w, https:\/\/www.ejercito.mil.uy\/wp-content\/uploads\/2023\/08\/Plan-0-accidentes-4.jpg 1200w\" sizes=\"(max-width: 1024px) 100vw, 1024px\" \/><\/figure><\/li><\/ul><\/div>\n<\/div>\n\n\n\n<div class=\"wp-block-column is-layout-flow wp-block-column-is-layout-flow\">\n<div class=\"wp-block-coblocks-gallery-stacked\"><ul class=\"coblocks-gallery has-no-alignment has-fullwidth-images has-custom-gutter\" style=\"--coblocks-custom-gutter:0em\"><li class=\"coblocks-gallery--item\"><figure class=\"coblocks-gallery--figure\"><img decoding=\"async\" width=\"1024\" height=\"683\" alt=\"\" class=\"wp-image-24142 has-shadow-none\" data-id=\"24142\" data-imglink=\"\" data-link=\"https:\/\/www.ejercito.mil.uy\/?attachment_id=24142\" src=\"https:\/\/www.ejercito.mil.uy\/wp-content\/uploads\/2023\/08\/Plan-0-accidentes-5-1024x683.jpg\" srcset=\"https:\/\/www.ejercito.mil.uy\/wp-content\/uploads\/2023\/08\/Plan-0-accidentes-5-1024x683.jpg 1024w, https:\/\/www.ejercito.mil.uy\/wp-content\/uploads\/2023\/08\/Plan-0-accidentes-5-300x200.jpg 300w, https:\/\/www.ejercito.mil.uy\/wp-content\/uploads\/2023\/08\/Plan-0-accidentes-5.jpg 1200w\" sizes=\"(max-width: 1024px) 100vw, 1024px\" \/><\/figure><\/li><\/ul><\/div>\n<\/div>\n<\/div>\n\n\n\n<div style=\"height:33px\" aria-hidden=\"true\" class=\"wp-block-spacer\"><\/div>\n\n\n\n<p class=\"has-medium-font-size\">En estas instancias se brind\u00f3 una conferencia sobre la seguridad y leyes de tr\u00e1nsito en <a><\/a>la v\u00eda p\u00fablica a los efectivos del Batall\u00f3n y de la Brigada de Infanter\u00eda N\u00ba 5, para luego realizar ejercicios pr\u00e1cticos, de como desplazarse en la v\u00eda p\u00fablica, donde el personal puso en pr\u00e1ctica las reglas de tr\u00e1nsito.<\/p>\n\n\n\n<div style=\"height:33px\" aria-hidden=\"true\" class=\"wp-block-spacer\"><\/div>\n\n\n\n<p class=\"has-medium-font-size\">Cabe destacar, que la instrucci\u00f3n tiene como finalidad mejorar las medidas de seguridad y brindar los conocimientos necesarios a todos los conductores de los diferentes veh\u00edculos con los que cuenta la Unidad, as\u00ed como aquellos integrantes que poseen libreta de conducir y manejan diariamente.<\/p>\n\n\n\n<div style=\"height:33px\" aria-hidden=\"true\" class=\"wp-block-spacer\"><\/div>\n\n\n\n<div class=\"wp-block-columns is-layout-flex wp-container-core-columns-is-layout-28f84493 wp-block-columns-is-layout-flex\">\n<div class=\"wp-block-column is-layout-flow wp-block-column-is-layout-flow\">\n<div class=\"wp-block-coblocks-gallery-stacked\"><ul class=\"coblocks-gallery has-no-alignment has-fullwidth-images has-custom-gutter\" style=\"--coblocks-custom-gutter:0em\"><li class=\"coblocks-gallery--item\"><figure class=\"coblocks-gallery--figure\"><img decoding=\"async\" width=\"1024\" height=\"683\" alt=\"\" class=\"wp-image-24143 has-shadow-none\" data-id=\"24143\" data-imglink=\"\" data-link=\"https:\/\/www.ejercito.mil.uy\/?attachment_id=24143\" src=\"https:\/\/www.ejercito.mil.uy\/wp-content\/uploads\/2023\/08\/Plan-0-accidentes-2-1024x683.jpg\" srcset=\"https:\/\/www.ejercito.mil.uy\/wp-content\/uploads\/2023\/08\/Plan-0-accidentes-2-1024x683.jpg 1024w, https:\/\/www.ejercito.mil.uy\/wp-content\/uploads\/2023\/08\/Plan-0-accidentes-2-300x200.jpg 300w, https:\/\/www.ejercito.mil.uy\/wp-content\/uploads\/2023\/08\/Plan-0-accidentes-2.jpg 1200w\" sizes=\"(max-width: 1024px) 100vw, 1024px\" \/><\/figure><\/li><\/ul><\/div>\n<\/div>\n\n\n\n<div class=\"wp-block-column is-layout-flow wp-block-column-is-layout-flow\">\n<div class=\"wp-block-coblocks-gallery-stacked\"><ul class=\"coblocks-gallery has-no-alignment has-fullwidth-images has-custom-gutter\" style=\"--coblocks-custom-gutter:0em\"><li class=\"coblocks-gallery--item\"><figure class=\"coblocks-gallery--figure\"><img loading=\"lazy\" decoding=\"async\" width=\"1024\" height=\"683\" alt=\"\" class=\"wp-image-24144 has-shadow-none\" data-id=\"24144\" data-imglink=\"\" data-link=\"https:\/\/www.ejercito.mil.uy\/?attachment_id=24144\" src=\"https:\/\/www.ejercito.mil.uy\/wp-content\/uploads\/2023\/08\/Plan-0-accidentes-3-1024x683.jpg\" srcset=\"https:\/\/www.ejercito.mil.uy\/wp-content\/uploads\/2023\/08\/Plan-0-accidentes-3-1024x683.jpg 1024w, https:\/\/www.ejercito.mil.uy\/wp-content\/uploads\/2023\/08\/Plan-0-accidentes-3-300x200.jpg 300w, https:\/\/www.ejercito.mil.uy\/wp-content\/uploads\/2023\/08\/Plan-0-accidentes-3.jpg 1200w\" sizes=\"(max-width: 1024px) 100vw, 1024px\" \/><\/figure><\/li><\/ul><\/div>\n<\/div>\n<\/div>\n\n\n\n<div style=\"height:33px\" aria-hidden=\"true\" class=\"wp-block-spacer\"><\/div>\n\n\n\n<p class=\"has-medium-font-size\">Se busca concientizar sobre la gravedad de los siniestros de tr\u00e1nsito, buscando de esta manera prevenirlos.<\/p>\n","protected":false},"excerpt":{"rendered":"<p>07.08.2023 &#8211; Finaliz\u00f3 el plan denominado \u201c0 accidentes\u201d desarrollado en el Batall\u00f3n de Infanter\u00eda Blindado N\u00ba 13, con el fin de reducir los siniestros de tr\u00e1nsito.<\/p>\n","protected":false},"author":14,"featured_media":24140,"comment_status":"open","ping_status":"open","sticky":false,"template":"","format":"standard","meta":{"_coblocks_attr":"","_coblocks_dimensions":"","_coblocks_responsive_height":"","_coblocks_accordion_ie_support":"","_monsterinsights_skip_tracking":false,"_monsterinsights_sitenote_active":false,"_monsterinsights_sitenote_note":"","_monsterinsights_sitenote_category":0,"_uf_show_specific_survey":0,"_uf_disable_surveys":false,"footnotes":""},"categories":[2,14,1],"tags":[1117,547,719,1119,1116,300,1118,1026,1120],"class_list":["post-24139","post","type-post","status-publish","format-standard","has-post-thumbnail","hentry","category-blog","category-noticias","category-sin-categoria","tag-0-accidentes","tag-conocimientos","tag-manejo","tag-manejo-defensivo","tag-plan","tag-prevencion","tag-seguridad-vial","tag-transito-2","tag-via-publica"],"aioseo_notices":[],"_links":{"self":[{"href":"https:\/\/www.ejercito.mil.uy\/index.php\/wp-json\/wp\/v2\/posts\/24139","targetHints":{"allow":["GET"]}}],"collection":[{"href":"https:\/\/www.ejercito.mil.uy\/index.php\/wp-json\/wp\/v2\/posts"}],"about":[{"href":"https:\/\/www.ejercito.mil.uy\/index.php\/wp-json\/wp\/v2\/types\/post"}],"author":[{"embeddable":true,"href":"https:\/\/www.ejercito.mil.uy\/index.php\/wp-json\/wp\/v2\/users\/14"}],"replies":[{"embeddable":true,"href":"https:\/\/www.ejercito.mil.uy\/index.php\/wp-json\/wp\/v2\/comments?post=24139"}],"version-history":[{"count":3,"href":"https:\/\/www.ejercito.mil.uy\/index.php\/wp-json\/wp\/v2\/posts\/24139\/revisions"}],"predecessor-version":[{"id":24159,"href":"https:\/\/www.ejercito.mil.uy\/index.php\/wp-json\/wp\/v2\/posts\/24139\/revisions\/24159"}],"wp:featuredmedia":[{"embeddable":true,"href":"https:\/\/www.ejercito.mil.uy\/index.php\/wp-json\/wp\/v2\/media\/24140"}],"wp:attachment":[{"href":"https:\/\/www.ejercito.mil.uy\/index.php\/wp-json\/wp\/v2\/media?parent=24139"}],"wp:term":[{"taxonomy":"category","embeddable":true,"href":"https:\/\/www.ejercito.mil.uy\/index.php\/wp-json\/wp\/v2\/categories?post=24139"},{"taxonomy":"post_tag","embeddable":true,"href":"https:\/\/www.ejercito.mil.uy\/index.php\/wp-json\/wp\/v2\/tags?post=24139"}],"curies":[{"name":"wp","href":"https:\/\/api.w.org\/{rel}","templated":true}]}}