{"id":24469,"date":"2023-08-25T07:00:00","date_gmt":"2023-08-25T10:00:00","guid":{"rendered":"https:\/\/www.ejercito.mil.uy\/?p=24469"},"modified":"2023-08-30T11:35:22","modified_gmt":"2023-08-30T14:35:22","slug":"declaratoria-de-la-independencia-2","status":"publish","type":"post","link":"https:\/\/www.ejercito.mil.uy\/index.php\/2023\/08\/25\/declaratoria-de-la-independencia-2\/","title":{"rendered":"Declaratoria de la Independencia"},"content":{"rendered":"\n<p style=\"font-size:14px\">25.08.2023<\/p>\n\n\n\n<div style=\"height:24px\" aria-hidden=\"true\" class=\"wp-block-spacer\"><\/div>\n\n\n\n<p class=\"has-white-color has-text-color has-background\" style=\"background-color:#9d7300\"><strong>\u00a1Conmemoramos el 198\u00b0 aniversario de la Declaratoria de la Independencia de nuestro pa\u00eds!<\/strong><\/p>\n\n\n\n<div style=\"height:24px\" aria-hidden=\"true\" class=\"wp-block-spacer\"><\/div>\n\n\n\n<p>La primera revoluci\u00f3n Oriental liderada por el General Jos\u00e9 Gervasio Artigas comenz\u00f3 en 1811, buscando la independencia y federalismo de las Provincias Unidas del R\u00edo de la Plata, hasta su derrota y exilio al Paraguay en 1820. No fue sino hasta 1825 que en un segundo levantamiento de armas, bajo el liderazgo del Brig. Gral. Juan Antonio Lavalleja y con el medio rural a su favor, presionando al Imperio Brasile\u00f1o, determina que el 25 de Agosto de 1825, en un acto realizado en Piedra Alta en el dpto. de #Florida, un Congreso conformado por representantes de los Cabildos de los Pueblos de la Provincia Oriental proclamaran tres leyes fundamentales:<\/p>\n\n\n\n<div style=\"height:24px\" aria-hidden=\"true\" class=\"wp-block-spacer\"><\/div>\n\n\n\n<p>\u2796 la de Independencia absoluta del Imperio de Brasil<br>\u2796 la de Uni\u00f3n de la Provincia Oriental a las dem\u00e1s Provincias Unidas del R\u00edo de la Plata<br>\u2796 la de Pabell\u00f3n que estableci\u00f3 que se contara con un Pabell\u00f3n que ser\u00eda tricolor, celeste, blanco y punz\u00f3, hasta que las dem\u00e1s Provincias aceptaran a la nuestra y se usara la bandera que las identificara.<\/p>\n\n\n\n<div style=\"height:56px\" aria-hidden=\"true\" class=\"wp-block-spacer\"><\/div>\n\n\n\n<p class=\"has-text-align-center has-medium-font-size\"><strong>El Ej\u00e9rcito Nacional rinde homenaje a quienes tuvieron valor, abnegaci\u00f3n y determinaci\u00f3n para luchar por la libertad de la patria.<\/strong><\/p>\n","protected":false},"excerpt":{"rendered":"<p>25.08.2023 &#8211; \u00a1Conmemoramos el 198\u00b0 aniversario de la Declaratoria de la Independencia de nuestro pa\u00eds!<\/p>\n","protected":false},"author":4,"featured_media":24470,"comment_status":"closed","ping_status":"open","sticky":false,"template":"","format":"standard","meta":{"_coblocks_attr":"","_coblocks_dimensions":"","_coblocks_responsive_height":"","_coblocks_accordion_ie_support":"","_monsterinsights_skip_tracking":false,"_monsterinsights_sitenote_active":false,"_monsterinsights_sitenote_note":"","_monsterinsights_sitenote_category":0,"_uf_show_specific_survey":0,"_uf_disable_surveys":false,"footnotes":""},"categories":[2,14],"tags":[1164,831,41,567,607],"class_list":["post-24469","post","type-post","status-publish","format-standard","has-post-thumbnail","hentry","category-blog","category-noticias","tag-declaratoria","tag-fecha","tag-historia","tag-independencia","tag-patria-2"],"aioseo_notices":[],"_links":{"self":[{"href":"https:\/\/www.ejercito.mil.uy\/index.php\/wp-json\/wp\/v2\/posts\/24469","targetHints":{"allow":["GET"]}}],"collection":[{"href":"https:\/\/www.ejercito.mil.uy\/index.php\/wp-json\/wp\/v2\/posts"}],"about":[{"href":"https:\/\/www.ejercito.mil.uy\/index.php\/wp-json\/wp\/v2\/types\/post"}],"author":[{"embeddable":true,"href":"https:\/\/www.ejercito.mil.uy\/index.php\/wp-json\/wp\/v2\/users\/4"}],"replies":[{"embeddable":true,"href":"https:\/\/www.ejercito.mil.uy\/index.php\/wp-json\/wp\/v2\/comments?post=24469"}],"version-history":[{"count":3,"href":"https:\/\/www.ejercito.mil.uy\/index.php\/wp-json\/wp\/v2\/posts\/24469\/revisions"}],"predecessor-version":[{"id":24480,"href":"https:\/\/www.ejercito.mil.uy\/index.php\/wp-json\/wp\/v2\/posts\/24469\/revisions\/24480"}],"wp:featuredmedia":[{"embeddable":true,"href":"https:\/\/www.ejercito.mil.uy\/index.php\/wp-json\/wp\/v2\/media\/24470"}],"wp:attachment":[{"href":"https:\/\/www.ejercito.mil.uy\/index.php\/wp-json\/wp\/v2\/media?parent=24469"}],"wp:term":[{"taxonomy":"category","embeddable":true,"href":"https:\/\/www.ejercito.mil.uy\/index.php\/wp-json\/wp\/v2\/categories?post=24469"},{"taxonomy":"post_tag","embeddable":true,"href":"https:\/\/www.ejercito.mil.uy\/index.php\/wp-json\/wp\/v2\/tags?post=24469"}],"curies":[{"name":"wp","href":"https:\/\/api.w.org\/{rel}","templated":true}]}}