{"id":24625,"date":"2026-04-13T13:38:03","date_gmt":"2026-04-13T16:38:03","guid":{"rendered":"https:\/\/www.ejercito.mil.uy\/?p=24625"},"modified":"2026-04-14T16:14:10","modified_gmt":"2026-04-14T19:14:10","slug":"indice-revista-la-fuerza-de-todos","status":"publish","type":"post","link":"https:\/\/www.ejercito.mil.uy\/index.php\/2026\/04\/13\/indice-revista-la-fuerza-de-todos\/","title":{"rendered":"\u00cdNDICE: Revista La Fuerza de todos"},"content":{"rendered":"\n<div style=\"height:55px\" aria-hidden=\"true\" class=\"wp-block-spacer\"><\/div>\n\n\n\n<figure class=\"wp-block-embed is-type-wp-embed is-provider-ej-rcito-nacional wp-block-embed-ej-rcito-nacional\"><div class=\"wp-block-embed__wrapper\">\n<blockquote class=\"wp-embedded-content\" data-secret=\"ZeINw8ZMzi\"><a href=\"https:\/\/www.ejercito.mil.uy\/index.php\/2025\/12\/31\/revista-la-fuerza-de-todos-no-49\/\">Revista La Fuerza de todos N\u00ba 49<\/a><\/blockquote><iframe class=\"wp-embedded-content\" sandbox=\"allow-scripts\" security=\"restricted\" style=\"position: absolute; visibility: hidden;\" title=\"\u00abRevista La Fuerza de todos N\u00ba 49\u00bb \u2014 Ej\u00e9rcito Nacional\" src=\"https:\/\/www.ejercito.mil.uy\/index.php\/2025\/12\/31\/revista-la-fuerza-de-todos-no-49\/embed\/#?secret=llJHaaB2mZ#?secret=ZeINw8ZMzi\" data-secret=\"ZeINw8ZMzi\" width=\"600\" height=\"338\" frameborder=\"0\" marginwidth=\"0\" marginheight=\"0\" scrolling=\"no\"><\/iframe>\n<\/div><\/figure>\n\n\n\n<div style=\"height:22px\" aria-hidden=\"true\" class=\"wp-block-spacer\"><\/div>\n\n\n\n<ul class=\"wp-block-list\">\n<li class=\"has-black-color has-text-color has-link-color wp-elements-566171f12e7826b205791af3c0d50ab3\"><strong>3. La defensa digital como prioridad Nacional<\/strong>\n<ul class=\"wp-block-list\">\n<li>El ciberespacio se ha convertido en un escenario estrat\u00e9gico clave desde hace un par de a\u00f1os. Nuevas formas de conflicto y defensa emergen en este entorno, cada vez m\u00e1s interconectado y desafiante.<\/li>\n<\/ul>\n<\/li>\n\n\n\n<li class=\"has-black-color has-text-color has-link-color wp-elements-16889d6345551bc85dc91d22b84402a9\"><strong>4. Ficha t\u00e9cnica de nuevos vehiculos<\/strong>\n<ul class=\"wp-block-list\">\n<li>En 2025, el Ej\u00e9rcito Nacional avanz\u00f3 en la modernizaci\u00f3n de sus capacidades, con la incorporaci\u00f3n de cuatro nuevos veh\u00edculos: Veh\u00edculo Blindado de Combate M-ATV y Cami\u00f3n MTV \u2013 R MK 23 y 25, ambos de la f\u00e1brica estadounidense Oshkosh, de los cuales se adquirieron 36 y 60 unidades respectivamente (arribaron 10 y 13 unidades a DIC2025). Y veh\u00edculo t\u00e1ctico liviano multiprop\u00f3sito AM 11 G2 y ambulancia t\u00e1ctica AM &#8211; 23 4 x 4, MARRUA, de la f\u00e1brica brasile\u00f1a Agrale.<\/li>\n<\/ul>\n<\/li>\n\n\n\n<li class=\"has-black-color has-text-color has-link-color wp-elements-bb9e8897fb90523329fe087ece0002fe\"><strong>8. Desarrollo profesional del Suboficial del Ej\u00e9rcito<\/strong>\n<ul class=\"wp-block-list\">\n<li>El desarrollo profesional del Personal Subalterno del Ej\u00e9rcito Nacional se estructura mediante Planes de Carrera que ordenan la trayectoria del Soldado, Clase y Suboficial desde su ingreso a la Fuerza hasta su retiro.<\/li>\n<\/ul>\n<\/li>\n\n\n\n<li class=\"has-black-color has-text-color has-link-color wp-elements-22696bcff010a54665a56a3595a88a4c\"><strong>10. El a\u00f1o en n\u00fameros &#8211; Infograf\u00eda del Ej\u00e9rcito<\/strong><\/li>\n\n\n\n<li class=\"has-black-color has-text-color has-link-color wp-elements-96932b74422fb0495c93ac241c67bc27\"><strong>12. C\u00f3nclave de Jefes de Contingentes en Naciones Unidas<\/strong>\n<ul class=\"wp-block-list\">\n<li>Los m\u00e1ximos representantes de los Ej\u00e9rcitos que aportan tropas a ONU, realizaron conferencias y reuniones bilaterales. Asimismo, encabez\u00f3 la actividad el Sr. Jean-Pierre Lacroix, Secretario General Adjunto del Departamento de Operaciones de Paz de ONU.<\/li>\n<\/ul>\n<\/li>\n\n\n\n<li class=\"has-black-color has-text-color has-link-color wp-elements-baa019458836108479f315a1e2e44b85\"><strong>13. Compa\u00f1\u00eda de R\u00e1pido Despliegue del Ej\u00e9rcito Nacional<\/strong>\n<ul class=\"wp-block-list\">\n<li>Uruguay ha construido, a lo largo de m\u00e1s de tres d\u00e9cadas, una s\u00f3lida reputaci\u00f3n en el \u00e1mbito de las Operaciones de Mantenimiento de la Paz de las Naciones Unidas en lo que respecta a despliegues de Contingentes.<\/li>\n<\/ul>\n<\/li>\n\n\n\n<li class=\"has-black-color has-text-color has-link-color wp-elements-bf7b92c9a37b127bfd2bd99e028b3331\"><strong>14 . Bajo el pabell\u00f3n que nunca se arri\u00f3 &#8211; Relatos de los hechos ocurridos en RDC<\/strong>\n<ul class=\"wp-block-list\">\n<li>Hay experiencias que no pretenden ser \u00e9picas, pero permanecen para siempre. No porque quienes las vivieron sean mejores que otros, sino porque fueron testigos de realidades distintas: marcadas por el ruido del combate, el peso del deber y la responsabilidad de actuar cuando las circunstancias lo exigieron.<\/li>\n<\/ul>\n<\/li>\n\n\n\n<li class=\"has-black-color has-text-color has-link-color wp-elements-1756a78fd1430fc7ed38a800882caf41\"><strong>18. El dominio del idioma Ingl\u00e9s como competencia estrat\u00e9gica<\/strong>\n<ul class=\"wp-block-list\">\n<li>En un contexto de creciente cooperaci\u00f3n internacional, participaci\u00f3n en Operaciones de Paz y ejercicios multinacionales, el dominio del idioma ingl\u00e9s (lengua franca de la comunidad militar internacional) ha dejado de ser una habilidad complementaria para convertirse en una competencia estrat\u00e9gica para el Oficial del Ej\u00e9rcito Nacional.<\/li>\n<\/ul>\n<\/li>\n\n\n\n<li class=\"has-black-color has-text-color has-link-color wp-elements-6b049e3feee0808847f7ae345b4370fc\"><strong>20. Grupo de Operaciones K9 en el mundial IRO<\/strong>\n<ul class=\"wp-block-list\">\n<li>La labor que se desarrolla en el Centro de Instrucci\u00f3n de Perros de Trabajo Militar (CIPTME) Grupo de Operaciones K9 &#8211; representa una de las capacidades m\u00e1s especializadas y<br>sensibles dentro del \u00e1mbito operacional.<\/li>\n<\/ul>\n<\/li>\n<\/ul>\n\n\n\n<div style=\"height:55px\" aria-hidden=\"true\" class=\"wp-block-spacer\"><\/div>\n\n\n\n<hr class=\"wp-block-separator has-alpha-channel-opacity\"\/>\n\n\n\n<div style=\"height:55px\" aria-hidden=\"true\" class=\"wp-block-spacer\"><\/div>\n\n\n\n<figure class=\"wp-block-embed is-type-wp-embed is-provider-ej-rcito-nacional wp-block-embed-ej-rcito-nacional\"><div class=\"wp-block-embed__wrapper\">\n<blockquote class=\"wp-embedded-content\" data-secret=\"Wg2ueJXxG3\"><a href=\"https:\/\/www.ejercito.mil.uy\/index.php\/2024\/12\/31\/revista-la-fuerza-de-todos-no-48\/\">Revista La Fuerza de todos N\u00ba 48<\/a><\/blockquote><iframe class=\"wp-embedded-content\" sandbox=\"allow-scripts\" security=\"restricted\" style=\"position: absolute; visibility: hidden;\" title=\"\u00abRevista La Fuerza de todos N\u00ba 48\u00bb \u2014 Ej\u00e9rcito Nacional\" src=\"https:\/\/www.ejercito.mil.uy\/index.php\/2024\/12\/31\/revista-la-fuerza-de-todos-no-48\/embed\/#?secret=ftRtI4iwLq#?secret=Wg2ueJXxG3\" data-secret=\"Wg2ueJXxG3\" width=\"600\" height=\"338\" frameborder=\"0\" marginwidth=\"0\" marginheight=\"0\" scrolling=\"no\"><\/iframe>\n<\/div><\/figure>\n\n\n\n<div style=\"height:13px\" aria-hidden=\"true\" class=\"wp-block-spacer\"><\/div>\n\n\n\n<ul class=\"wp-block-list\">\n<li class=\"has-black-color has-text-color has-link-color wp-elements-4e4c03a4cdf83d3c47cae0cfb0165468\"><strong>3. Manejo seguro de las armas de fuego. <\/strong><\/li>\n\n\n\n<li class=\"has-black-color has-text-color has-link-color wp-elements-b8b8c5bd1bd4344dee6e1c6672d00607\">&#8211; Es un compromiso y obligaci\u00f3n de la Fuerza y de cada efectivo que manipula armamento, conocer cabalmente los efectos y su potencial capacidad de da\u00f1o.<\/li>\n\n\n\n<li class=\"has-black-color has-text-color has-link-color wp-elements-2394dbd960882bffa83589989f5470fb\"><strong>4. Curso internacional de Guerra en Selva.<\/strong><\/li>\n\n\n\n<li class=\"has-black-color has-text-color has-link-color wp-elements-7b5dbe32aca2adca523b8a16d50f7a6a\">&#8211; Experiencia de la Alf. Britney Serena en el Curso Internacional de Guerra en Selva dictado en la Rep\u00fablica Federativa del Brasil.<\/li>\n\n\n\n<li class=\"has-black-color has-text-color has-link-color wp-elements-8c3179b8f2496d242088795d4ea89d58\"><strong>6.<\/strong> <strong>Centros de Instrucci\u00f3n &#8211; Avances tecnol\u00f3gicos y proyecci\u00f3n<\/strong>.<\/li>\n\n\n\n<li class=\"has-black-color has-text-color has-link-color wp-elements-20fe22ce5274522c5aa2decdd021be9d\">&#8211; Se destaca el Plan de carrera del Personal Subalterno del Arma de Infanter\u00eda, los cursos para el a\u00f1o 2025 del Centro de Instrucci\u00f3n de Blindados y Mecanizados para el Arma de Caballer\u00eda, el Simulador de Artiller\u00eda de Campa\u00f1a SAM3, el Simulador de maquinar\u00eda pesada de la Escuela de Ingenieros del Ej\u00e9rcito, el Simulador de Tiro de la Escuela de Comunicaciones del Ej\u00e9rcito, el Centro de Instrucci\u00f3n de Paracaidistas y Operaciones Especiales del Ej\u00e9rcito y el Centro de Instrucci\u00f3n Log\u00edstica del Ej\u00e9rcito.<\/li>\n\n\n\n<li class=\"has-black-color has-text-color has-link-color wp-elements-d8a0bc15e550e89acdf1700d593bc3ff\"><strong>15. Entrega de viviendas. <\/strong><\/li>\n\n\n\n<li class=\"has-black-color has-text-color has-link-color wp-elements-5b4fb47553aab05b87ba8673ad459cfc\">&#8211; En el mes de agosto de 2024, se dio inicio al \u00abPlan Nacional de Relocalizaciones\u00bb destinado a la compra de viviendas usadas para los integrantes de las Fuerzas Armadas. <\/li>\n\n\n\n<li class=\"has-black-color has-text-color has-link-color wp-elements-60a177637cc9cb4656d05d8c64ce79b7\"><strong>15. Visita comisiones de Defensa a RDCongo.<\/strong><\/li>\n\n\n\n<li class=\"has-black-color has-text-color has-link-color wp-elements-ba4c56f9306ecdec70c9ebc7ffde2b77\">&#8211; Visita del Comandante en Jefe del Ej\u00e9rcito y la delegaci\u00f3n de parlamentarios de las Comisiones de Defensa del Senado y C\u00e1mara de Diputados, a los efectivos uruguayos desplegados en la misi\u00f3n de MONUSCO.<\/li>\n\n\n\n<li class=\"has-black-color has-text-color has-link-color wp-elements-0c65904a540e05001266bae7ee6ecf16\"><strong>16. Metaliderazgo y su impacto.<\/strong><\/li>\n\n\n\n<li class=\"has-black-color has-text-color has-link-color wp-elements-53b2452c7ff118a49af929161661a2e9\">&#8211; La Tte. 1\u00b0 Mar\u00eda Eugenia Garc\u00eda, realiz\u00f3 el Curso Interamericano para Oficiales, en la Academia Interamericana de las Fuerzas A\u00e9reas, en Estados Unidos de Am\u00e9rica. Profundiza en tres dimensiones fundamentales: la persona, situaci\u00f3n y conectividad.  <\/li>\n\n\n\n<li class=\"has-black-color has-text-color has-link-color wp-elements-2137a44d5f559503722fb93afa0ad59e\"><strong>18. Condecoraciones por acciones destacadas.<\/strong><\/li>\n\n\n\n<li class=\"has-black-color has-text-color has-link-color wp-elements-aec6e25cfbca18b1325610a8b77d4b27\">&#8211; Durante los actos centrales por el d\u00eda del Ej\u00e9rcito Nacional, integrantes de la Fuerza recibieron condecoraciones por su destacado accionar, demostrando valor, abnegaci\u00f3n, sentimiento profundo del deber, profesionalismo, esp\u00edritu militar, y por sobre todo, enaltecer el prestigio de la Fuerza y de nuestro pa\u00eds.<\/li>\n\n\n\n<li class=\"has-black-color has-text-color has-link-color wp-elements-0afcc430d840299ef5392b7abe47f404\"><strong>20. Curso en Suiza organizado por la Organizaci\u00f3n para la Prohibici\u00f3n de las Armas Qu\u00edmicas.<\/strong><\/li>\n\n\n\n<li class=\"has-black-color has-text-color has-link-color wp-elements-e82e3403b480168e86d510695f50fdb9\">&#8211; La Organizaci\u00f3n (O.P.A.Q) busca prevenir el resurgimiento y dar continuidad a la eliminaci\u00f3n de este tipo de armamento a nivel mundial. Est\u00e1 compuesta por 193 pa\u00edses, siendo Uruguay miembro desde sus inicios. Es por tal motivo que como parte de la multitud de cursos que brinda la O.P.A.Q., se encuentra el ciclo de formaci\u00f3n brindado por el Ej\u00e9rcito de la Confederaci\u00f3n Suiza. <\/li>\n\n\n\n<li class=\"has-black-color has-text-color has-link-color wp-elements-74753ae5754715cf2924ed75286ba7b3\"><strong>22. Convocatoria uruguaya en entornos extranjeros.<\/strong><\/li>\n\n\n\n<li class=\"has-black-color has-text-color has-link-color wp-elements-8a3a8b23effa37c13c3508b0c896e104\">&#8211; El Ej\u00e9rcito Nacional particip\u00f3 de dos grandes instancias de formaci\u00f3n internacional, organizadas y financiadas a trav\u00e9s de GPOI y el Comando Indo Pac\u00edfico de los Estados Unidos de Am\u00e9rica. Estas fueron los Ejercicios Multinacionales de Operaciones de Paz realizados en Malasia y en Nepal. <\/li>\n\n\n\n<li class=\"has-black-color has-text-color has-link-color wp-elements-6f3a3d48dbc29e9e3266d8715cc62f18\"><strong>24. Primera cohorte de mag\u00edsteres en Estrategia Militar Terrestre.<\/strong><\/li>\n\n\n\n<li class=\"has-black-color has-text-color has-link-color wp-elements-01b80b7676d0929f9062b0100abbe1dd\">&#8211; Este t\u00edtulo es entregado por la Escuela de Estrategia y acredita los conocimientos y competencias adquiridas en el pasaje y aprobaci\u00f3n de los cursos de Capacitaci\u00f3n y Perfeccionamiento de Jefes y Curso de Estado Mayor, dictados por la Escuela de Comando y Estado Mayor del Ej\u00e9rcito.<\/li>\n\n\n\n<li class=\"has-black-color has-text-color has-link-color wp-elements-d5e13e00aa01dda6781d449a2435c423\"><strong>26. Percepci\u00f3n de confianza hacia el Ej\u00e9rcito Nacional.<\/strong><\/li>\n\n\n\n<li class=\"has-black-color has-text-color has-link-color wp-elements-c3c36cd399b13e0cc73cdd0485c91429\">&#8211; Seg\u00fan los resultados de la encuesta del Proyecto \u201cElsie\u201d presentados en febrero de 2024, el Ej\u00e9rcito Nacional es la rama de la Defensa Nacional m\u00e1s conocida por los ciudadanos del pa\u00eds y comparte con el resto de las Fuerzas Armadas una valoraci\u00f3n de actuaci\u00f3n positiva del 63%. Lo cual indica una percepci\u00f3n positiva (confianza) de 6 entre cada 10 personas.<\/li>\n\n\n\n<li class=\"has-black-color has-text-color has-link-color wp-elements-62c69a293ef135d0f1427c6763edf728\"><strong>30. Resumen de apoyos en todo el territorio nacional.<\/strong><\/li>\n\n\n\n<li class=\"has-black-color has-text-color has-link-color wp-elements-1c7a1d1933d58bf9c2225655482eee3c\">&#8211; La Fuerza ha desarrollado innumerables apoyos para asistir a los compatriotas m\u00e1s vulnerables, en coordinaci\u00f3n con el SINAE, tras condiciones meteorol\u00f3gicas adversas que provocaron grandes da\u00f1os en distintos puntos del territorio nacional. <\/li>\n\n\n\n<li class=\"has-black-color has-text-color has-link-color wp-elements-af25929b696c33f71ec7c35fb78e7032\"><strong>32. Relatos del \u00c9xodo del Pueblo Oriental (La Redota)<\/strong>.<\/li>\n\n\n\n<li class=\"has-black-color has-text-color has-link-color wp-elements-f70233192f87aca165004904e349ca6b\">&#8211; Entre octubre de 1811 y enero de 1812 se produce uno de los hechos m\u00e1s importantes de nuestra historia. El General Artigas parte con sus tropas y una gran cantidad de familias orientales desde el R\u00edo San Jos\u00e9 hasta el Salto Chico del R\u00edo Uruguay, en lo que se denomin\u00f3 \u201cEl \u00c9xodo del Pueblo Oriental\u201d o \u201cLa Redota\u201d.<\/li>\n<\/ul>\n\n\n\n<div style=\"height:55px\" aria-hidden=\"true\" class=\"wp-block-spacer\"><\/div>\n\n\n\n<hr class=\"wp-block-separator has-text-color has-black-color has-alpha-channel-opacity has-black-background-color has-background\"\/>\n\n\n\n<figure class=\"wp-block-embed is-type-wp-embed is-provider-ej-rcito-nacional wp-block-embed-ej-rcito-nacional\"><div class=\"wp-block-embed__wrapper\">\n<blockquote class=\"wp-embedded-content\" data-secret=\"OZ9Btg6Ftw\"><a href=\"https:\/\/www.ejercito.mil.uy\/index.php\/2023\/12\/27\/revista-la-fuerza-de-todos-no-47\/\">Revista La Fuerza de todos N\u00ba 47<\/a><\/blockquote><iframe class=\"wp-embedded-content\" sandbox=\"allow-scripts\" security=\"restricted\" style=\"position: absolute; visibility: hidden;\" title=\"\u00abRevista La Fuerza de todos N\u00ba 47\u00bb \u2014 Ej\u00e9rcito Nacional\" src=\"https:\/\/www.ejercito.mil.uy\/index.php\/2023\/12\/27\/revista-la-fuerza-de-todos-no-47\/embed\/#?secret=ucxzCbcTb7#?secret=OZ9Btg6Ftw\" data-secret=\"OZ9Btg6Ftw\" width=\"600\" height=\"338\" frameborder=\"0\" marginwidth=\"0\" marginheight=\"0\" scrolling=\"no\"><\/iframe>\n<\/div><\/figure>\n\n\n\n<div style=\"height:33px\" aria-hidden=\"true\" class=\"wp-block-spacer\"><\/div>\n\n\n\n<ul class=\"wp-block-list\">\n<li><strong>3. Podemos crear nuestra realidad.<\/strong><br>&#8211; \u00ab(..) la realidad, la identidad, la comunicaci\u00f3n y la imagen\u00bb. Analizaremos brevemente cada t\u00e9rmino, adaptado a nuestro Ej\u00e9rcito Nacional.<\/li>\n\n\n\n<li><strong>4. Curso B\u00e1sico de Formaci\u00f3n de Comandos 2023 en Argentina.<\/strong><br>&#8211; El curso se divide en 5 etapas: Nivelaci\u00f3n, Selecci\u00f3n, B\u00e1sica, Paracaidismo y Formaci\u00f3n\/Avanzada.<\/li>\n\n\n\n<li><strong>6. La Artiller\u00eda mirando al futuro. CIACA. <\/strong><br>&#8211; El Centro tiene como misi\u00f3n principal la capacitaci\u00f3n y perfeccionamiento del personal del Arma de Artiller\u00eda en actividades especializadas del Arma, as\u00ed como impartir instrucci\u00f3n a personal militar de otras Armas, de otras fuerzas y de pa\u00edses extranjeros.<\/li>\n\n\n\n<li><strong>8. Especificaciones del EE-11 URUTU.<\/strong><br>&#8211; Transporte Blindado de Personal 6&#215;6, desarrollado en los a\u00f1os setenta por la compa\u00f1\u00eda Engesa de Brasil. El nombre Urutu es con el que se conoce en portugu\u00e9s a una de las variedades de la serpiente Cascabel. <\/li>\n\n\n\n<li><strong>10. Infograf\u00eda 2023.&nbsp;&nbsp;&nbsp;&nbsp;&nbsp;&nbsp;&nbsp;&nbsp;&nbsp;&nbsp;&nbsp;&nbsp;&nbsp;&nbsp;<\/strong><br>&#8211; Un resumen de los principales indicadores de desempe\u00f1o en diferentes \u00e1reas de nuestra Fuerza.<\/li>\n\n\n\n<li><strong>12. Batall\u00f3n \u00abUruguay IV\u00bb &#8211; Despliegue NOV22\/ENE24.<\/strong><br>&#8211; Nuestros efectivos han debido enfrentarse a los desaf\u00edos geogr\u00e1ficos y clim\u00e1ticos que significa el \u00e1rea de misi\u00f3n. <\/li>\n\n\n\n<li><strong>16. Seguridad del Espacio A\u00e9reo &#8211; Sistemas de aeronaves no tripuladas.<\/strong><br>&#8211; En los \u00faltimos a\u00f1os y como consecuencia del r\u00e1pido progreso tecnol\u00f3gico, el espacio a\u00e9reo incorpor\u00f3 nuevos usuarios a su din\u00e1mica, los cuales com\u00fanmente son conocidos por todos como \u00abdrones\u00bb. La utilizaci\u00f3n de aeronaves no tripuladas en los conflictos es una realidad desde hace algunas d\u00e9cadas, al menos en el plano estrat\u00e9gico con dispositivos de gran porte.<\/li>\n\n\n\n<li><strong>18. Manejo seguro y reducci\u00f3n del riesgo en la v\u00eda p\u00fablica y las rutas nacionales.<\/strong><br>&#8211; La Divisi\u00f3n de Tr\u00e1nsito y el Departamento de Cursos del Servicio de Transporte del Ej\u00e9rcito, capacitan constantemente a los conductores que movilizan la flota del Ej\u00e9rcito. Este a\u00f1o se realizaron reinstrucciones para conductores de las Fuerzas Armadas y se form\u00f3 a la Primera generaci\u00f3n de Instructores de Choferes de flotas del Estado.<\/li>\n\n\n\n<li><strong>20. Coronel Alberto Schweizer.<\/strong><br>&#8211; Cadete fundador del Colegio Militar y primer Director egresado del Instituto.<\/li>\n\n\n\n<li><strong>22. La Defensa Nacional y el Cnel. Roberto Armenio &#8211; Una deuda pendiente.<\/strong><br>&#8211; En 1882, realiz\u00f3 un importante estudio para organizar la defensa del pa\u00eds, publicando un interesante trabajo sobre defensa mar\u00edtima y un proyecto de torre blindada para el armamento a usar en la defensa de Montevideo. .<\/li>\n<\/ul>\n\n\n\n<div style=\"height:33px\" aria-hidden=\"true\" class=\"wp-block-spacer\"><\/div>\n\n\n\n<hr class=\"wp-block-separator has-alpha-channel-opacity\"\/>\n\n\n\n<figure class=\"wp-block-embed is-type-wp-embed is-provider-ej-rcito-nacional wp-block-embed-ej-rcito-nacional\"><div class=\"wp-block-embed__wrapper\">\n<blockquote class=\"wp-embedded-content\" data-secret=\"j7CO9liDRl\"><a href=\"https:\/\/www.ejercito.mil.uy\/index.php\/2023\/09\/01\/revista-la-fuerza-de-todos-no-46\/\">Revista La Fuerza de todos N\u00ba 46<\/a><\/blockquote><iframe class=\"wp-embedded-content\" sandbox=\"allow-scripts\" security=\"restricted\" style=\"position: absolute; visibility: hidden;\" title=\"\u00abRevista La Fuerza de todos N\u00ba 46\u00bb \u2014 Ej\u00e9rcito Nacional\" src=\"https:\/\/www.ejercito.mil.uy\/index.php\/2023\/09\/01\/revista-la-fuerza-de-todos-no-46\/embed\/#?secret=NZti7nuCjP#?secret=j7CO9liDRl\" data-secret=\"j7CO9liDRl\" width=\"600\" height=\"338\" frameborder=\"0\" marginwidth=\"0\" marginheight=\"0\" scrolling=\"no\"><\/iframe>\n<\/div><\/figure>\n\n\n\n<div style=\"height:33px\" aria-hidden=\"true\" class=\"wp-block-spacer\"><\/div>\n\n\n\n<ul class=\"wp-block-list\">\n<li><strong>2. Uruguay contin\u00faa su capacitaci\u00f3n en Ciberdefensa.<\/strong><br>&#8211; En el mes de mayo se realiz\u00f3 la Pasant\u00eda Internacional de Defensa Cibern\u00e9tica para Oficiales de Naciones Amigas, por parte del Ej\u00e9rcito de Brasil.<\/li>\n\n\n\n<li><strong>3. \u00c9xito total o fracaso absoluto &#8211; Brigada de Explosivos del Ej\u00e9rcito.<\/strong><br>&#8211; Para conocer m\u00e1s sobre su trabajo diario, acompa\u00f1amos un operativo de desactivaci\u00f3n de explosivos y posteriormente entrevistamos a su Jefe, el Mayor Gast\u00f3n Techera.<\/li>\n\n\n\n<li><strong>6. Curso de Ob\u00fas Autopropulsado en Brasil<\/strong>.<br>&#8211; En abril comenz\u00f3 la etapa de formaci\u00f3n de efectivos del Ej\u00e9rcito para que puedan operar profesionalmente los obuses, donados por el Ej\u00e9rcito de Brasil, destinados al empleo de la Artiller\u00eda.<\/li>\n\n\n\n<li><strong>7. Especificaciones del Ob\u00fas 105\/30 Autopropulsado.<\/strong><br>&#8211; En diciembre de 2022 el Ej\u00e9rcito de Brasil don\u00f3 al Ej\u00e9rcito del Uruguay diez obuses autopropulsados M108 y once veh\u00edculos blindados de transporte de personal VBTP 6 x 6 EE -11 Urut\u00fa.<\/li>\n\n\n\n<li><strong>9. Acreditaci\u00f3n de saberes en oficios del Servicio de Intendencia del Ej\u00e9rcito.&nbsp;&nbsp;&nbsp;&nbsp;&nbsp;&nbsp;&nbsp;&nbsp;&nbsp;&nbsp;&nbsp;&nbsp;&nbsp;&nbsp;<\/strong><br>&#8211; A trav\u00e9s de un convenio firmado entre el Ministerio de Defensa Nacional y la Direcci\u00f3n General de Educaci\u00f3n T\u00e9cnico Profesional de la Administraci\u00f3n Nacional de Educaci\u00f3n P\u00fablica (DGETP-UTU), se est\u00e1 desarrollando la acreditaci\u00f3n de saberes al personal del Servicio de Intendencia del Ej\u00e9rcito, en diferentes oficios.<\/li>\n\n\n\n<li><strong>11. Curso: manejo de combustibles.<\/strong><br>&#8211; En el marco de los cambios introducidos en las medidas de seguridad e instalaciones de expendio de combustible, la Fuerza ha implementado una sucesi\u00f3n de tareas para minimizar los riesgos en lo concerniente a personal, infraestructura, operativa y medio ambiente.-<\/li>\n\n\n\n<li><strong>13. Cierre de la Dotaci\u00f3n UPA en R.D. Congo.<\/strong><br>&#8211; Tras 20 a\u00f1os de trabajo, culmina la misi\u00f3n de la \u00abDotaci\u00f3n Unidad Potabilizadora de Agua\u00bb (UPA), desplegada en la Rep\u00fablica Democr\u00e1tica del Congo, que durante dos d\u00e9cadas brind\u00f3 el vital recurso del agua potable a los integrantes de la Fuerza y a la poblaci\u00f3n local m\u00e1s vulnerable.<\/li>\n\n\n\n<li><strong>15. Competencia Iron Man \u00abCharr\u00faa 2023\u00bb en R.D. Congo.<\/strong><br>&#8211; La competencia surge por la idea de integrar a los distintos contingentes, Oficiales de Estado Mayor (STAFF) y Observadores Militares (MILOB) que conforman la MONUSCO y de esa forma estrechar v\u00ednculos. Es una buena herramienta para fomentar los espacios de sana competencia, deporte y recreaci\u00f3n.<\/li>\n\n\n\n<li><strong>16. Curso de Planificaci\u00f3n Conjunta en WHINSEC.<\/strong><br>&#8211; El Instituto del Hemisferio Occidental para la Cooperaci\u00f3n en Seguridad (WHINSEC), depende del Departamento de Defensa de Estados Unidos, y es un centro de educaci\u00f3n y capacitaci\u00f3n para personal civil y militar. Este Instituto es el sucesor de la Escuela de las Am\u00e9ricas (SOA), que se origin\u00f3 en 1946.<\/li>\n\n\n\n<li><strong>17. Centenario Batall\u00f3n de Comunicaciones N\u00ba 1.<\/strong><br>&#8211; En el glorioso legado militar de Uruguay, el Batall\u00f3n \u00abLibertad o Muerte\u00bb de Comunicaciones N\u00b01 ha sido una pieza fundamental durante los \u00faltimos 100 a\u00f1os.<\/li>\n\n\n\n<li><strong>19. Fundaci\u00f3n \u00abGeneral de Divisi\u00f3n Pedro Sicco\u00bb.<\/strong><br>&#8211; La Fundaci\u00f3n se encuentra cumpliendo con sus objetivos y metas trazadas, habiendo realizado hasta la fecha, un total de 188 sesiones presenciales y en modalidad virtual, resultado estas \u00faltimas, de la emergencia sanitaria declarada el 13 de marzo de 2020.<\/li>\n<\/ul>\n\n\n\n<div style=\"height:33px\" aria-hidden=\"true\" class=\"wp-block-spacer\"><\/div>\n\n\n\n<hr class=\"wp-block-separator has-alpha-channel-opacity\"\/>\n\n\n\n<figure class=\"wp-block-embed is-type-wp-embed is-provider-ej-rcito-nacional wp-block-embed-ej-rcito-nacional\"><div class=\"wp-block-embed__wrapper\">\n<blockquote class=\"wp-embedded-content\" data-secret=\"sQQ365Sict\"><a href=\"https:\/\/www.ejercito.mil.uy\/index.php\/2023\/01\/01\/revista-la-fuerza-de-todos-no-45\/\">Revista La Fuerza de todos N\u00ba 45<\/a><\/blockquote><iframe class=\"wp-embedded-content\" sandbox=\"allow-scripts\" security=\"restricted\" style=\"position: absolute; visibility: hidden;\" title=\"\u00abRevista La Fuerza de todos N\u00ba 45\u00bb \u2014 Ej\u00e9rcito Nacional\" src=\"https:\/\/www.ejercito.mil.uy\/index.php\/2023\/01\/01\/revista-la-fuerza-de-todos-no-45\/embed\/#?secret=MNIGsDsdnc#?secret=sQQ365Sict\" data-secret=\"sQQ365Sict\" width=\"600\" height=\"338\" frameborder=\"0\" marginwidth=\"0\" marginheight=\"0\" scrolling=\"no\"><\/iframe>\n<\/div><\/figure>\n\n\n\n<div style=\"height:33px\" aria-hidden=\"true\" class=\"wp-block-spacer\"><\/div>\n\n\n\n<ul class=\"wp-block-list\">\n<li><strong>3. \u00bfQu\u00e9 son las Fake News?<\/strong><br>&#8211; Las fake news son noticias falsas hechas para perjudicar a otras personas o Instituciones . Provocan da\u00f1os en la imagen, credibilidad y fiabilidad de las personas.<\/li>\n\n\n\n<li><strong>4. El Liderazgo<\/strong>.<br>&#8211; Como elemento esencial en la conducci\u00f3n operacional, en el marco del patrullaje en la regi\u00f3n fronteriza.<\/li>\n\n\n\n<li><strong>6. Ilustrados y valientes.<\/strong><br>&#8211;<strong> <\/strong>Desde la primera edici\u00f3n de la revista La Fuerza de todos, la ense\u00f1anza ha tenido un lugar destacado entre sus p\u00e1ginas, plasmando el proceso contin\u00fao de actualizaci\u00f3n del Ej\u00e9rcito Nacional, a trav\u00e9s del Sistema de Ense\u00f1anza del Ej\u00e9rcito.<\/li>\n\n\n\n<li><strong>7. Proyecto \u201cAldebar\u00e1n\u201d.<\/strong><br>&#8211; En el marco de un convenio del Instituto Militar de Estudios Superiores (IMES) y el Centro de Estudios Jur\u00eddicos y Estrat\u00e9gicos (CEJE), en lo referente a la C\u00e1tedra de Investigaci\u00f3n, se dispuso al Curso de Estado Mayor 2022 realizar un estudio basado en un proyecto de estrategia prospectiva a nivel nacional llamado \u201cAldebar\u00e1n\u201d, mediante un software inform\u00e1tico, en donde a cada alumno participante se le asign\u00f3 un tema de relevancia para nuestro pa\u00eds y en particular para el Ej\u00e9rcito Nacional. &nbsp;&nbsp;&nbsp;&nbsp;&nbsp;<\/li>\n\n\n\n<li><strong>8. Los BTG en el Ej\u00e9rcito Ruso.<\/strong><br>&#8211; Uno de los principales cambios de la guerra en Ucrania es la introducci\u00f3n del concepto de BTG \u201cGrupo T\u00e1ctico de Batall\u00f3n\u201d.<\/li>\n\n\n\n<li><strong>10. Historias de vida.<\/strong><br><strong>&#8211; <\/strong>En el mes de mayo, se entregaron diferentes reconocimientos y distinciones a los efectivos que se destacaron por su accionar ante situaciones de riesgo y por distintos m\u00e9ritos.<\/li>\n\n\n\n<li><strong>12. El esp\u00edritu del tanquista.<\/strong><br>&#8211; El pasado 16 de noviembre, se realiz\u00f3 la ceremonia de aniversario del Regimiento \u201cMisiones\u201d de Caballer\u00eda Blindado N\u00ba 5, utilizando para el desfile el Tanque M3A1 \u201cStuart\u201d, el primer blindado del Ej\u00e9rcito Nacional.<\/li>\n\n\n\n<li><strong>14. El Ej\u00e9rcito 2022 en cifras.<\/strong><\/li>\n\n\n\n<li><strong>16. Uruguay campe\u00f3n en Orientaci\u00f3n.<\/strong><br>&#8211; Uruguay gan\u00f3 la Copa de los Pa\u00edses Latinos de Orientaci\u00f3n y la trajo a sus vitrinas en custodia por un a\u00f1o.<\/li>\n\n\n\n<li><strong>17. Prevenci\u00f3n del suicidio.<\/strong><\/li>\n\n\n\n<li><strong>20. Al servicio de nuestra gente.<\/strong><br>&#8211; Las misiones subsidiarias del Ej\u00e9rcito se extienden durante todo el a\u00f1o y se realizan en los 19 departamentos del pa\u00eds, acorde a las necesidades de cada zona.-<\/li>\n\n\n\n<li><strong>22. Siempre aspirando a m\u00e1s.<\/strong><br>&#8211; Durante el a\u00f1o 2022, el Departamento de Comunicaci\u00f3n Institucional del Ej\u00e9rcito abord\u00f3 el proyecto de documentar la vida de los alumnos de la Escuela Militar durante su primer a\u00f1o educativo.<\/li>\n\n\n\n<li><strong>24. D\u00eda del M\u00fasico Militar.<\/strong><\/li>\n\n\n\n<li><strong>26. Campa\u00f1as digitales del 2022.<\/strong><\/li>\n<\/ul>\n\n\n\n<div style=\"height:33px\" aria-hidden=\"true\" class=\"wp-block-spacer\"><\/div>\n\n\n\n<hr class=\"wp-block-separator has-alpha-channel-opacity\"\/>\n\n\n\n<figure class=\"wp-block-embed is-type-wp-embed is-provider-ej-rcito-nacional wp-block-embed-ej-rcito-nacional\"><div class=\"wp-block-embed__wrapper\">\n<blockquote class=\"wp-embedded-content\" data-secret=\"CaBMPvLoqx\"><a href=\"https:\/\/www.ejercito.mil.uy\/index.php\/2022\/06\/20\/revista-uruguayos-en-el-medio-oriente\/\">Revista Uruguayos en el Medio Oriente<\/a><\/blockquote><iframe class=\"wp-embedded-content\" sandbox=\"allow-scripts\" security=\"restricted\" style=\"position: absolute; visibility: hidden;\" title=\"\u00abRevista Uruguayos en el Medio Oriente\u00bb \u2014 Ej\u00e9rcito Nacional\" src=\"https:\/\/www.ejercito.mil.uy\/index.php\/2022\/06\/20\/revista-uruguayos-en-el-medio-oriente\/embed\/#?secret=KUIqTCUcFx#?secret=CaBMPvLoqx\" data-secret=\"CaBMPvLoqx\" width=\"600\" height=\"338\" frameborder=\"0\" marginwidth=\"0\" marginheight=\"0\" scrolling=\"no\"><\/iframe>\n<\/div><\/figure>\n\n\n\n<div style=\"height:33px\" aria-hidden=\"true\" class=\"wp-block-spacer\"><\/div>\n\n\n\n<ul style=\"color:#ff6900\" class=\"wp-block-list\">\n<li><strong>4. Sina\u00ed: tierra sagrada<\/strong><\/li>\n\n\n\n<li><strong>7. Uruguayos en el Medio Oriente<\/strong><\/li>\n\n\n\n<li><strong>10. Hacia una zona des\u00e9rtica: despliegue y log\u00edstica<\/strong><\/li>\n\n\n\n<li><strong>16. Tierra inh\u00f3spita: adaptaci\u00f3n, comunicaci\u00f3n y medicina<\/strong><br>&#8211; Conexi\u00f3n de extremo a extremo<br>&#8211; Medicina en el desierto<\/li>\n\n\n\n<li><strong>20. Hitos en la l\u00ednea de fuego<\/strong><\/li>\n\n\n\n<li><strong>24. Cuatro d\u00e9cadas por la Paz<\/strong><\/li>\n\n\n\n<li><strong>33. La MFO: \u00bfuna misi\u00f3n con fecha de cierre o un futuro incierto?<\/strong><\/li>\n<\/ul>\n\n\n\n<div style=\"height:33px\" aria-hidden=\"true\" class=\"wp-block-spacer\"><\/div>\n\n\n\n<hr class=\"wp-block-separator has-alpha-channel-opacity\"\/>\n\n\n\n<figure class=\"wp-block-embed is-type-wp-embed is-provider-ej-rcito-nacional wp-block-embed-ej-rcito-nacional\"><div class=\"wp-block-embed__wrapper\">\n<blockquote class=\"wp-embedded-content\" data-secret=\"zgm17WJpCE\"><a href=\"https:\/\/www.ejercito.mil.uy\/index.php\/2022\/04\/05\/revista-la-fuerza-de-todos-44\/\">Revista La Fuerza de todos N\u00ba 44<\/a><\/blockquote><iframe class=\"wp-embedded-content\" sandbox=\"allow-scripts\" security=\"restricted\" style=\"position: absolute; visibility: hidden;\" title=\"\u00abRevista La Fuerza de todos N\u00ba 44\u00bb \u2014 Ej\u00e9rcito Nacional\" src=\"https:\/\/www.ejercito.mil.uy\/index.php\/2022\/04\/05\/revista-la-fuerza-de-todos-44\/embed\/#?secret=skPdv8rFXh#?secret=zgm17WJpCE\" data-secret=\"zgm17WJpCE\" width=\"600\" height=\"338\" frameborder=\"0\" marginwidth=\"0\" marginheight=\"0\" scrolling=\"no\"><\/iframe>\n<\/div><\/figure>\n\n\n\n<div style=\"height:33px\" aria-hidden=\"true\" class=\"wp-block-spacer\"><\/div>\n\n\n\n<ul class=\"wp-block-list\">\n<li><strong>3. Un a\u00f1o custodiando el Ciberespacio.<\/strong><br>&#8211; En marzo de 2021 se dispuso la creaci\u00f3n de la Unidad de Ciberdefensa del Ej\u00e9rcito con la misi\u00f3n de \u201casegurar el acceso libre, seguro y permanente a las redes t\u00e1cticas y administrativas del Ej\u00e9rcito Nacional y llevar adelante las operaciones de Defensa Militar en el Ciberespacio\u201d.<\/li>\n\n\n\n<li><strong>4. Seguridad Humana: desaf\u00edos, amenazas y respuestas para el Ej\u00e9rcito Nacional.<\/strong><br>&#8211; El Ej\u00e9rcito y su apoyo a la pandemia<strong>, <\/strong>de ese modo el Ej\u00e9rcito Nacional prepara sus l\u00edderes, los que comandar\u00e1n las unidades desplegadas en todo el territorio nacional y en el exterior del pa\u00eds para hacer frente a los desaf\u00edos, amenazas y brindar respuestas adecuadas protegiendo, por sobre todo, la vida humana.<\/li>\n\n\n\n<li><strong>6. Plan de Carrera del Batall\u00f3n de Infanter\u00eda N\u00b0 5.<\/strong><br>&#8211;<strong> <\/strong>El plan de carrera de una Unidad B\u00e1sica es una herramienta que fomenta la organizaci\u00f3n, administraci\u00f3n de la misma y m\u00e9todo de impartir la instrucci\u00f3n, entre otras ventajas.<\/li>\n\n\n\n<li><strong>8. \u00bfQu\u00e9 son y qu\u00e9 hacen los Buzos T\u00e1cticos?<\/strong><br>&#8211; Los Buzos T\u00e1cticos son tropas capacitadas dentro de nuestra Fuerza para operar en cursos de agua, zonas lacustres y eventualmente en el litoral mar\u00edtimo.<\/li>\n\n\n\n<li><strong>10. 75 a\u00f1os del Liceo Militar.&nbsp;&nbsp;&nbsp;&nbsp;<\/strong><\/li>\n\n\n\n<li><strong>12.&nbsp; Ant\u00e1rtida: remota, hostil y pura.<\/strong><br>&#8211; Desde 1984, el Ej\u00e9rcito Nacional ha colaborado con la Base Cient\u00edfica Ant\u00e1rtica Artigas, misi\u00f3n que coloca a nuestro pa\u00eds en un grupo selecto de pa\u00edses con actividad en ese continente.-<\/li>\n\n\n\n<li><strong>14. Mujeres en el proceso revolucionario.&nbsp;&nbsp;&nbsp;&nbsp;&nbsp;&nbsp;&nbsp;&nbsp;<\/strong><br>&#8211; En estos procesos revolucionarios estuvieron presentes todos los sectores sociales que inclu\u00edan a mujeres ind\u00edgenas, afro descendientes y criollas sin embargo existen pocos registros de su participaci\u00f3n y roles.<\/li>\n\n\n\n<li><strong>16. Preparaci\u00f3n f\u00edsica en el \u00e1mbito militar.&nbsp;&nbsp;&nbsp;&nbsp;&nbsp;&nbsp;&nbsp;<\/strong><br>&#8211; La existencia de los Test de Aptitud F\u00edsica (TAF) y las pruebas de las Armas, que se realizan en el Ej\u00e9rcito en forma anual, tienen sus pro y sus contras seg\u00fan como se preparen.<\/li>\n\n\n\n<li><strong>18. Nuestra fuerza log\u00edstica<\/strong>.<br>&#8211; El pasado 12 de febrero el COMANDO DE APOYO LOG\u00cdSTICO DEL EJ\u00c9RCITO (CALE) celebr\u00f3 su 38\u00b0 Aniversario. Este Comando fue creado con la misi\u00f3n de coordinar, planificar y supervisar las actividades de los Servicios del Ej\u00e9rcito, asegurando el apoyo log\u00edstico y administrativo de la Fuerza.<\/li>\n<\/ul>\n\n\n\n<div style=\"height:33px\" aria-hidden=\"true\" class=\"wp-block-spacer\"><\/div>\n\n\n\n<hr class=\"wp-block-separator has-alpha-channel-opacity\"\/>\n\n\n\n<figure class=\"wp-block-embed is-type-wp-embed is-provider-ej-rcito-nacional wp-block-embed-ej-rcito-nacional\"><div class=\"wp-block-embed__wrapper\">\n<blockquote class=\"wp-embedded-content\" data-secret=\"0PVbL8wRTh\"><a href=\"https:\/\/www.ejercito.mil.uy\/index.php\/2022\/01\/01\/revista-la-fuerza-de-todos-43\/\">Revista La Fuerza de todos N\u00ba 43<\/a><\/blockquote><iframe class=\"wp-embedded-content\" sandbox=\"allow-scripts\" security=\"restricted\" style=\"position: absolute; visibility: hidden;\" title=\"\u00abRevista La Fuerza de todos N\u00ba 43\u00bb \u2014 Ej\u00e9rcito Nacional\" src=\"https:\/\/www.ejercito.mil.uy\/index.php\/2022\/01\/01\/revista-la-fuerza-de-todos-43\/embed\/#?secret=Gz3AwBsVM4#?secret=0PVbL8wRTh\" data-secret=\"0PVbL8wRTh\" width=\"600\" height=\"338\" frameborder=\"0\" marginwidth=\"0\" marginheight=\"0\" scrolling=\"no\"><\/iframe>\n<\/div><\/figure>\n\n\n\n<div style=\"height:33px\" aria-hidden=\"true\" class=\"wp-block-spacer\"><\/div>\n\n\n\n<ul class=\"wp-block-list\">\n<li><strong>3. La importancia de regularizar el armamento.<\/strong><br>&#8211; La Ley 19.247 del 15 de agosto del 2014 proh\u00edbe la tenencia y porte de armas de fuego, municiones, explosivos y otros materiales relacionados que no hayan sido debidamente autorizados por el Ministerio del Interior o por el Ministerio de Defensa Nacional o por ambos, seg\u00fan corresponda.<\/li>\n\n\n\n<li><strong>4. Artiller\u00eda.<\/strong><br>&#8211; A inicios del 2021, los efectos de la pandemia del Covid-19 continuaban limitando en forma notoria el funcionamiento de las Unidades del Ej\u00e9rcito Nacional. En virtud de esto, durante el mes de mayo, el comando del Grupo \u201cLas Piedras\u201d de Artiller\u00eda 105 mm No. 3 se aboc\u00f3 a innovar de forma creativa la instrucci\u00f3n de la Unidad.<\/li>\n\n\n\n<li><strong>6. Pirot\u00e9cnia.<\/strong><br>&#8211; Durante el 2021 se presentaron propuestas en distintas intendencias y un proyecto de ley en el Parlamento uruguayo que busca limitar la pirotecnia sonora (fuegos artificiales de estruendo), en atenci\u00f3n al reclamo de asociaciones de ni\u00f1os con trastorno del espectro autista (TEA) y sociedades protectoras de animales. &nbsp;&nbsp;&nbsp;&nbsp;<\/li>\n\n\n\n<li><strong>8. La fuerza de la Paz.<\/strong><br>&#8211; Despliegue de observadores militares en la rep\u00fablica del Sud\u00e1n.<\/li>\n\n\n\n<li><strong>10. Infograf\u00eda 2021.<\/strong><\/li>\n\n\n\n<li><strong>12. Prevenci\u00f3n de ahogamientos.<\/strong><br>&#8211; El verano nos llama a pasar tiempo en los distintos paisajes de nuestro pa\u00eds: playas, r\u00edos y arroyos son los puntos m\u00e1s visitados por personas de todas las edades. En este sentido, La Fuerza de todos entrevist\u00f3 al Cabo de 1a Mart\u00edn Jaime, Profesor de nataci\u00f3n y Guarda vidas que presta servicios en el Campo Deportivo del Ej\u00e9rcito, para tratar el tema prevenci\u00f3n de ahogamientos.<\/li>\n\n\n\n<li><strong>14. Curso: Artefactos explosivos.<\/strong><br>&#8211; El Teniente 2 \u00b0 Fagi\u00e1n finaliz\u00f3 el curso con la calificaci\u00f3n m\u00e1s alta, siendo merecedor de el primer puesto entre todos los participantes.<\/li>\n\n\n\n<li><strong>16. Curso: Cap. de Maniobra.<\/strong><br>&#8211; El Curso de Capit\u00e1n de Maniobra (M-CCC) es dictado en la Casa de la Infanter\u00eda, Fort Benning, Georgia, Estados Unidos. Pero no es solo dirigido a infantes, sino tambi\u00e9n a capitanes de Caballer\u00eda, de blindados y de las Armas de Apoyo al Combate que quieran ampliar sus horizontes.<\/li>\n\n\n\n<li><strong>18. Prevenci\u00f3n de incendios.<\/strong><\/li>\n\n\n\n<li><strong>19. Banca electr\u00f3nica segura.<\/strong><\/li>\n<\/ul>\n\n\n\n<div style=\"height:33px\" aria-hidden=\"true\" class=\"wp-block-spacer\"><\/div>\n\n\n\n<hr class=\"wp-block-separator has-alpha-channel-opacity\"\/>\n\n\n\n<figure class=\"wp-block-embed is-type-wp-embed is-provider-ej-rcito-nacional wp-block-embed-ej-rcito-nacional\"><div class=\"wp-block-embed__wrapper\">\n<blockquote class=\"wp-embedded-content\" data-secret=\"bGKOy8L233\"><a href=\"https:\/\/www.ejercito.mil.uy\/index.php\/2021\/10\/19\/revista-la-fuerza-de-todos-42\/\">Revista La Fuerza de todos N\u00ba 42<\/a><\/blockquote><iframe class=\"wp-embedded-content\" sandbox=\"allow-scripts\" security=\"restricted\" style=\"position: absolute; visibility: hidden;\" title=\"\u00abRevista La Fuerza de todos N\u00ba 42\u00bb \u2014 Ej\u00e9rcito Nacional\" src=\"https:\/\/www.ejercito.mil.uy\/index.php\/2021\/10\/19\/revista-la-fuerza-de-todos-42\/embed\/#?secret=X6ha5qeKq1#?secret=bGKOy8L233\" data-secret=\"bGKOy8L233\" width=\"600\" height=\"338\" frameborder=\"0\" marginwidth=\"0\" marginheight=\"0\" scrolling=\"no\"><\/iframe>\n<\/div><\/figure>\n\n\n\n<div style=\"height:33px\" aria-hidden=\"true\" class=\"wp-block-spacer\"><\/div>\n\n\n\n<ul class=\"wp-block-list\">\n<li><strong>3. Vos pod\u00e9s elegir tu carrera.<\/strong><br>&#8211; Vos pod\u00e9s ser Oficial del Ej\u00e9rcito Nacional. La Escuela Militar prepara a sus futuros oficiales a trav\u00e9s de una carrera terciaria de 4 a\u00f1os (cuerpo Comando) o 3 a\u00f1os (Escalaf\u00f3n de Apoyo \u2013 Log\u00edstica).<\/li>\n\n\n\n<li><strong>4. Salud mental, leer las se\u00f1ales.<\/strong><br>&#8211; El estilo de vida que llevamos hoy d\u00eda, puede hacernos propensos a padecer situaciones de alto estr\u00e9s, crisis de ansiedad y\/o depresi\u00f3n. Para conocer un poco m\u00e1s sobre la depresi\u00f3n y saber c\u00f3mo proceder en caso de enfrentarla, La Fuerza de todos se entrevist\u00f3 con las Licenciadas en Psicolog\u00eda Bel\u00e9n Tellechea e Isabella Canclini, integrantes de la Divisi\u00f3n Bienestar Social (Departamento V) del Estado Mayor del Ej\u00e9rcito.<\/li>\n\n\n\n<li><strong>6. Comandos de distintas Armas en el Batall\u00f3n de Infanter\u00eda N\u00b0 14.<\/strong><br>&#8211; El manual de Operaciones del Ej\u00e9rcito, que es el destinado a establecer la doctrina de Operaciones T\u00e1cticas para las Fuerzas Terrestres, establece que las Fuerzas Especiales son aquellas con adiestramiento especial; organizadas, equipadas e instruidas para satisfacer los requerimientos que demanden los niveles estrat\u00e9gico y t\u00e1ctico, incluyendo la proyecci\u00f3n del Poder Militar, antes y durante las operaciones militares, o cuando el empleo de fuerzas convencionales de consideraci\u00f3n, sea prematuro, inapropiado y\/o poco factible.<\/li>\n\n\n\n<li><strong>8. Las mujeres del Ej\u00e9rcito Oriental.<\/strong><br>&#8211; Es necesario reconocer el papel que ellas han jugado a lo largo de la historia y poder contextualizar su rol en la sociedad en la que viv\u00edan y c\u00f3mo lograron a pesar de ello, destacarse en la vida militar.-<\/li>\n\n\n\n<li><strong>10. Oportunidades en el exterior para Suboficiales<\/strong>.<br>&#8211; Lorena Menyou es Sargento 1\u00b0 del Arma de Infanter\u00eda, tiene 24 a\u00f1os de servicio y durante su carrera se ha desplegado en varias ocasiones en misiones operativas de paz.-<\/li>\n\n\n\n<li><strong>12.&nbsp; \u00bfQu\u00e9 tan bien cuidamos nuestra imagen institucional en las redes sociales?<\/strong><\/li>\n\n\n\n<li><strong>15. Operaciones conjuntas en Georgia \u2013 EE.UU.<\/strong><br>&#8211; El Ej\u00e9rcito Nacional recibi\u00f3 la invitaci\u00f3n a trav\u00e9s del programa IMET (Educaci\u00f3n y Formaci\u00f3n Militar Internacional, por sus siglas en ingl\u00e9s) de la Embajada de los Estados Unidos en el Uruguay, para que un Oficial participara en el Curso de Operaciones Conjuntas (JOC) a desarrollarse entre los meses de marzo y mayo de 2021 en el Instituto de Cooperaci\u00f3n para la Seguridad del Hemisferio Occidental (WHINSEC), Fort Benning, Georgia, Estados Unidos.<\/li>\n\n\n\n<li><strong>16. Prodigios del Liceo Militar \u00abGral. Artigas\u00bb.<\/strong><br>&#8211; Los j\u00f3venes Alan Mari\u00f1o y Ornella Barbitta son alumnos que egresaron en 2020 del Liceo Militar \u201cGral. Artigas\u201d con una destacada actuaci\u00f3n. Ambos obtuvieron becas en prestigiosas universidades estadounidenses para realizar sus carreras.<\/li>\n\n\n\n<li><strong>18. Centenario del Batall\u00f3n de Ingenieros N\u00b0 4.<\/strong><\/li>\n<\/ul>\n\n\n\n<div style=\"height:33px\" aria-hidden=\"true\" class=\"wp-block-spacer\"><\/div>\n\n\n\n<hr class=\"wp-block-separator has-alpha-channel-opacity\"\/>\n\n\n\n<figure class=\"wp-block-embed is-type-wp-embed is-provider-ej-rcito-nacional wp-block-embed-ej-rcito-nacional\"><div class=\"wp-block-embed__wrapper\">\n<blockquote class=\"wp-embedded-content\" data-secret=\"NIgA35t4rM\"><a href=\"https:\/\/www.ejercito.mil.uy\/index.php\/2021\/07\/01\/revista-la-fuerza-de-todos-no-41\/\">Revista La Fuerza de todos N\u00ba 41<\/a><\/blockquote><iframe class=\"wp-embedded-content\" sandbox=\"allow-scripts\" security=\"restricted\" style=\"position: absolute; visibility: hidden;\" title=\"\u00abRevista La Fuerza de todos N\u00ba 41\u00bb \u2014 Ej\u00e9rcito Nacional\" src=\"https:\/\/www.ejercito.mil.uy\/index.php\/2021\/07\/01\/revista-la-fuerza-de-todos-no-41\/embed\/#?secret=L8kKoluIsq#?secret=NIgA35t4rM\" data-secret=\"NIgA35t4rM\" width=\"600\" height=\"338\" frameborder=\"0\" marginwidth=\"0\" marginheight=\"0\" scrolling=\"no\"><\/iframe>\n<\/div><\/figure>\n\n\n\n<div style=\"height:33px\" aria-hidden=\"true\" class=\"wp-block-spacer\"><\/div>\n\n\n\n<ul class=\"wp-block-list\">\n<li><strong>3. Salud mental &#8211; estr\u00e9s en Misiones de Paz.<\/strong><br>&#8211; Compartimos extractos del trabajo realizado por el Lic. en Psicolog\u00eda y M\u00e1ster en Gerontolog\u00eda Social, Dr. David M. Karp (Hospital Central de las Fuerzas Armadas), quien relata las causas y efectos del estr\u00e9s en el \u00e1mbito de Misiones Operativas de Paz.<\/li>\n\n\n\n<li><strong>4. Incrementando nuestra capacidad en el ciberespacio.<\/strong><br>&#8211; El vertiginoso y extendido avance de las Tecnolog\u00edas de la informaci\u00f3n y la comunicaci\u00f3n ha determinado un nuevo \u00e1mbito virtual de interacci\u00f3n humana, en el cual comenzaron a desarrollarse actividades que previamente ocurr\u00edan solamente en la tradicional modalidad f\u00edsica. El Ciberespacio lleg\u00f3 para quedarse, y d\u00eda a d\u00eda crece la cantidad y variedad de servicios que se brindan a trav\u00e9s de \u00e9l.<\/li>\n\n\n\n<li><strong>6. Orgullosamente en primera l\u00ednea.<\/strong><br>&#8211; Las Unidades que integran la Brigada de Caballer\u00eda N\u00ba2: los Regimientos \u201cGral. Aparicio Saravia\u201d de Caballer\u00eda Mec. N\u00ba 7, \u201cPatria\u201d de Caballer\u00eda Bldo. N\u00ba 8 y \u00abDragones Libertadores\u00bb de Caballer\u00eda Mec. N\u00ba 9, comparten su experiencia en la Operaci\u00f3n \u201cFrontera Segura\u201d. La Fuerza de todos presenta extractos de los trabajos realizados por sus integrantes.-<\/li>\n\n\n\n<li><strong>9. Cifras de operaciones y apoyos.<\/strong><\/li>\n\n\n\n<li><strong>10. La furia del volc\u00e1n.<\/strong><br>&#8211; El pasado 22 de mayo, el volc\u00e1n Nyiragongo, ubicado en las Monta\u00f1as Virunga, en la Rep\u00fablica Democr\u00e1tica del Congo, despert\u00f3 para erupcionar luego de 19 a\u00f1os de inactividad. La Fuerza de todos repasa los hechos sucedidos con nuestros efectivos, durante este episodio.-<\/li>\n\n\n\n<li><strong>12. Entrevista a la Tte. 1\u00ba Mar\u00eda Paz en UNDOF<\/strong>.<br>&#8211; Esta misi\u00f3n custodia el cumplimiento del acuerdo para mantener el alto al fuego entre Israel y Siria y supervisar las \u00e1reas de separaci\u00f3n y limitaci\u00f3n, seg\u00fan lo dispuesto en el Acuerdo de Separaci\u00f3n de mayo de 1974.<\/li>\n\n\n\n<li><strong>14. La experiencia de un Oficial uruguayo en Brasil.<\/strong><br>&#8211; El Alf\u00e9rez Gonzalo Chiappa, egresado de la Escuela Militar en diciembre de 2019 como el Alf. de la derecha dentro del Arma de Ingenieros y 2\u00b0 de su promoci\u00f3n, fue acreedor de una beca para acompa\u00f1ar la formaci\u00f3n militar en la Academia Militar das Agulhas Negras (AMAN), en la que desde hace 210 a\u00f1os, se forja el Oficial del Ej\u00e9rcito Brasile\u00f1o.<\/li>\n\n\n\n<li><strong>16. Mag\u00edsteres en Ciencias en Defensa y Seguridad Interamericana.<\/strong><br>&#8211; El pasado jueves 24 de junio, el Coronel Pedro G\u00f3mez y el Teniente Coronel Gustavo Spinelli se graduaron con \u00abDistinci\u00f3n\u00bb como Mag\u00edsteres en Ciencias en Defensa y Seguridad Interamericana1 por el Colegio Interamericano de Defensa (IADC, por sus siglas en ingl\u00e9s)2, entidad integrada a la Junta Interamericana de Defensa (JID) y a la Organizaci\u00f3n de Estados Americanos (OEA), ubicada en Washington DC, Estados Unidos de Am\u00e9rica.<\/li>\n\n\n\n<li><strong>18. Historia de vida &#8211; Personal m\u00e9dico voluntario.<\/strong><br>&#8211; En el mes de abril la Direcci\u00f3n Nacional de Sanidad de las Fuerzas Armadas (DNSFFAA) realiz\u00f3 una convocatoria a m\u00e9dicos, licenciados en enfermer\u00eda y vacunadores pertenecientes a las Fuerzas Armadas (FFAA), que estando en situaci\u00f3n de retiro estuviesen interesados en colaborar en forma honoraria con la instituci\u00f3n en su lucha contra la pandemia Covid-19.<\/li>\n<\/ul>\n\n\n\n<div style=\"height:33px\" aria-hidden=\"true\" class=\"wp-block-spacer\"><\/div>\n\n\n\n<hr class=\"wp-block-separator has-alpha-channel-opacity\"\/>\n\n\n\n<figure class=\"wp-block-embed is-type-wp-embed is-provider-ej-rcito-nacional wp-block-embed-ej-rcito-nacional\"><div class=\"wp-block-embed__wrapper\">\n<blockquote class=\"wp-embedded-content\" data-secret=\"ymjYmoiDyX\"><a href=\"https:\/\/www.ejercito.mil.uy\/index.php\/2021\/04\/01\/revista-la-fuerza-de-todos-no-40\/\">Revista La Fuerza de todos N\u00ba 40<\/a><\/blockquote><iframe class=\"wp-embedded-content\" sandbox=\"allow-scripts\" security=\"restricted\" style=\"position: absolute; visibility: hidden;\" title=\"\u00abRevista La Fuerza de todos N\u00ba 40\u00bb \u2014 Ej\u00e9rcito Nacional\" src=\"https:\/\/www.ejercito.mil.uy\/index.php\/2021\/04\/01\/revista-la-fuerza-de-todos-no-40\/embed\/#?secret=6ECYPozWeg#?secret=ymjYmoiDyX\" data-secret=\"ymjYmoiDyX\" width=\"600\" height=\"338\" frameborder=\"0\" marginwidth=\"0\" marginheight=\"0\" scrolling=\"no\"><\/iframe>\n<\/div><\/figure>\n\n\n\n<div style=\"height:33px\" aria-hidden=\"true\" class=\"wp-block-spacer\"><\/div>\n\n\n\n<ul class=\"wp-block-list\">\n<li><strong>3. Ascensos al Grado de Oficiales Generales.<\/strong><\/li>\n\n\n\n<li><strong>4. Prevenci\u00f3n del consumo de drogas.<\/strong><br>&#8211; Ingresar al Ej\u00e9rcito es una gran responsabilidad. Requiere que hombres y mujeres se comprometan a servir al pa\u00eds con seriedad y el compromiso que el estado militar implica. Por esta raz\u00f3n, existen h\u00e1bitos que son incompatibles con la vida militar; uno de ellos es el consumo de estupefacientes.-<\/li>\n\n\n\n<li><strong>6. Un a\u00f1o de fronteras seguras.<\/strong><\/li>\n\n\n\n<li><strong>8. Pioneros en el coraz\u00f3n del \u00c1frica.<\/strong><br>&#8211; La Fuerza de todos entrevist\u00f3 al Coronel (R) C\u00e9sar Talagorr\u00eda, el primer jefe de la Compa\u00f1\u00eda de Fusileros Reforzada \u201cUruguay I\u201d. Este fue el primer contingente armado uruguayo, en la Rep\u00fablica Democr\u00e1tica del Congo (RDC).<\/li>\n\n\n\n<li><strong>12. Valientes y decididas.<\/strong><br>&#8211; La Fuerza de todos comparte la experiencia de mujeres que se abren camino por su capacidad militar y esp\u00edritu de sacrificio. Repasamos la historia de la Teniente Coronel Ana Lucas, la Sargento Karina Perdomo y la Cabo 2\u00aa Carla Da Costa.<\/li>\n\n\n\n<li><strong>14. Taller de reparaci\u00f3n de instrumentos musicales.<\/strong><\/li>\n\n\n\n<li><strong>16. Curso inicial para oficiales en Reino Unido.<\/strong><\/li>\n<\/ul>\n\n\n\n<div style=\"height:33px\" aria-hidden=\"true\" class=\"wp-block-spacer\"><\/div>\n\n\n\n<hr class=\"wp-block-separator has-alpha-channel-opacity\"\/>\n\n\n\n<figure class=\"wp-block-embed is-type-wp-embed is-provider-ej-rcito-nacional wp-block-embed-ej-rcito-nacional\"><div class=\"wp-block-embed__wrapper\">\n<blockquote class=\"wp-embedded-content\" data-secret=\"Imlsgjz2L9\"><a href=\"https:\/\/www.ejercito.mil.uy\/index.php\/2020\/12\/01\/revista-la-fuerza-de-todos-no-39\/\">Revista La Fuerza de todos N\u00ba 39<\/a><\/blockquote><iframe class=\"wp-embedded-content\" sandbox=\"allow-scripts\" security=\"restricted\" style=\"position: absolute; visibility: hidden;\" title=\"\u00abRevista La Fuerza de todos N\u00ba 39\u00bb \u2014 Ej\u00e9rcito Nacional\" src=\"https:\/\/www.ejercito.mil.uy\/index.php\/2020\/12\/01\/revista-la-fuerza-de-todos-no-39\/embed\/#?secret=fP26RWpg5r#?secret=Imlsgjz2L9\" data-secret=\"Imlsgjz2L9\" width=\"600\" height=\"338\" frameborder=\"0\" marginwidth=\"0\" marginheight=\"0\" scrolling=\"no\"><\/iframe>\n<\/div><\/figure>\n\n\n\n<div style=\"height:33px\" aria-hidden=\"true\" class=\"wp-block-spacer\"><\/div>\n\n\n\n<ul class=\"wp-block-list\">\n<li><strong>3. Presupuesto del Ej\u00e9rcito Nacional.<\/strong><br>&#8211; El presupuesto del Ministerio de Defensa Nacional corresponde al 1.01% del Producto Bruto Interno (PBI). De ese presupuesto, al Ej\u00e9rcito Nacional le es asignado el 43% del Presupuesto Ministerial, lo que corresponde al 0.43% del PBI.<\/li>\n\n\n\n<li><strong>4. Comunicado del Ej\u00e9rcito Nacional.<\/strong><br>&#8211; El pasado 5 de noviembre se realiz\u00f3 en el Auditorio \u00abGral. Artigas\u00bb del Instituto Militar de Estudios Superiores, una actividad acad\u00e9mica referente al estudio de la realidad hist\u00f3rica de los a\u00f1os 1958 en adelante.<\/li>\n\n\n\n<li><strong>5. El Servicio Sanitario del E. y el COVID-19.<\/strong><br>&#8211; La emergencia sanitaria iniciada en marzo gener\u00f3 un sinn\u00famero de esfuerzos en todos los niveles de la Fuerza. Para conocer m\u00e1s del camino transitado hasta el momento, la Fuerza de todos se entrevist\u00f3 con los responsables del cumplimiento de las Operaciones de Sanidad que impone la Defensa Nacional.<\/li>\n\n\n\n<li><strong>8. Ojos atentos, o\u00eddos alerta.<\/strong><br>&#8211; El Ej\u00e9rcito Nacional tiene entre sus varias misiones asignadas, realizar servicios externos de custodia y seguridad en diferentes instalaciones civiles y militares. A continuaci\u00f3n, se presentan los recintos que son protegidos diariamente por La Fuerza de todos.<\/li>\n\n\n\n<li><strong>10. Infograf\u00eda &#8211; el Ej\u00e9rcito 2020 en cifras.<\/strong><\/li>\n\n\n\n<li><strong>12. Formaci\u00f3n para despliegue en fronteras.<\/strong><br>&#8211; Se presenta un breve resumen de la formaci\u00f3n en aptitudes y procedimientos que adquirieron los efectivos de la Fuerza para desempa\u00f1arse en patrulla de fronteras.<\/li>\n\n\n\n<li><strong>13. Restauraci\u00f3n de hogares tras turbonada.<\/strong><br>&#8211; El pasado 18 de junio, una violenta turbonada golpe\u00f3 a la ciudad de Paso de los Toros dejando a su paso varias viviendas afectadas. Inmediatamente, la Fuerza de todos se hizo cargo de las primeras ayudas a la poblaci\u00f3n y posteriormente trabaj\u00f3 en la recuperaci\u00f3n de viviendas.<\/li>\n\n\n\n<li><strong>14. Pautas para un manejo seguro.<\/strong><br>&#8211; El Servicio de Transporte del Ej\u00e9rcito (S.Tp.E.) tiene variadas misiones relacionadas a la movilidad y el transporte de toda la Fuerza; una de las \u00e1reas en las que realiza mayor \u00e9nfasis es en desarrollar la instrucci\u00f3n de conductores del Ej\u00e9rcito, tanto de veh\u00edculos livianos, como pesados. A continuaci\u00f3n se presentan aspectos relevantes de la seguridad en el manejo.<\/li>\n\n\n\n<li><strong>16. Biograf\u00eda &#8211; Gral. Alfredo Campos.<\/strong><br>&#8211; El General Arquitecto Don Alfredo R. Campos fue uno de los militares m\u00e1s destacados de nuestra historia. Adem\u00e1s de su intachable trayectoria militar fue un brillante escritor y uno de los arquitectos m\u00e1s importantes de nuestro pa\u00eds.<\/li>\n\n\n\n<li><strong>18. Biograf\u00eda &#8211; Gral. Roberto River\u00f3s.<\/strong><br>&#8211; El General de Divisi\u00f3n Don Roberto P. River\u00f3s naci\u00f3 en Colonia el 27 de julio de 1874. Ingres\u00f3 al Colegio Militar el 21 de abril de 1890, egresando del mismo como Subteniente el 22 de febrero de 1894 y como Teniente 2\u00ba de Artiller\u00eda el 26 de abril de 1895.<\/li>\n<\/ul>\n\n\n\n<div style=\"height:33px\" aria-hidden=\"true\" class=\"wp-block-spacer\"><\/div>\n\n\n\n<hr class=\"wp-block-separator has-alpha-channel-opacity\"\/>\n\n\n\n<figure class=\"wp-block-embed is-type-wp-embed is-provider-ej-rcito-nacional wp-block-embed-ej-rcito-nacional\"><div class=\"wp-block-embed__wrapper\">\n<blockquote class=\"wp-embedded-content\" data-secret=\"kinUgMjN5w\"><a href=\"https:\/\/www.ejercito.mil.uy\/index.php\/2020\/09\/01\/revista-la-fuerza-de-todos-no-38\/\">Revista La Fuerza de todos N\u00ba 38<\/a><\/blockquote><iframe class=\"wp-embedded-content\" sandbox=\"allow-scripts\" security=\"restricted\" style=\"position: absolute; visibility: hidden;\" title=\"\u00abRevista La Fuerza de todos N\u00ba 38\u00bb \u2014 Ej\u00e9rcito Nacional\" src=\"https:\/\/www.ejercito.mil.uy\/index.php\/2020\/09\/01\/revista-la-fuerza-de-todos-no-38\/embed\/#?secret=FJ3FOPlUPK#?secret=kinUgMjN5w\" data-secret=\"kinUgMjN5w\" width=\"600\" height=\"338\" frameborder=\"0\" marginwidth=\"0\" marginheight=\"0\" scrolling=\"no\"><\/iframe>\n<\/div><\/figure>\n\n\n\n<div style=\"height:33px\" aria-hidden=\"true\" class=\"wp-block-spacer\"><\/div>\n\n\n\n<ul class=\"wp-block-list\">\n<li><strong>3. Frontera segura.<\/strong><br>&#8211; El pasado 16 de marzo, el Ej\u00e9rcito Nacional inici\u00f3 la operaci\u00f3n de patrullaje denominada \u201cFRONTERA SEGURA\u201d, dando cumplimento a la Ley N\u00ba 19.677. Compartimos cifras de lo realizado hasta el momento.<\/li>\n\n\n\n<li><strong>4. El Ej\u00e9rcito Nacional ampl\u00eda sus especialidades en defensa.<\/strong><br>&#8211; Dentro de las tareas asignadas al patrullaje de fronteras, el art\u00edculo 3\u00ba de la Ley N\u00ba 19.677 establece la detenci\u00f3n de personas ante flagrante delito. En este sentido, el Ej\u00e9rcito Nacional recibi\u00f3 la misi\u00f3n de prepararse para la detecci\u00f3n ilegal de narc\u00f3ticos.<\/li>\n\n\n\n<li><strong>6. Por tierra y aire.<\/strong><br>&#8211; Con motivo de ampliar las capacidades defensivas de nuestro Ej\u00e9rcito, el Arma de Artiller\u00eda recibi\u00f3 la misi\u00f3n de desplegar su Secci\u00f3n Radar en la frontera de nuestro pa\u00eds, para establecer control a\u00e9reo.<\/li>\n\n\n\n<li><strong>7. Prestigio uruguayo en Medio Oriente.<\/strong><br>&#8211; En enero del a\u00f1o 2019 el Ej\u00e9rcito Nacional despleg\u00f3 por primera vez en su historia a efectivos militares en las alturas de El Gol\u00e1n, integrando el Componente Militar de una de las Misiones Operativas de Paz de las Naciones Unidas que all\u00ed operan. A continuaci\u00f3n La Fuerza de todos presenta la g\u00e9nesis del conflicto que deriv\u00f3 en la creaci\u00f3n de esta Misi\u00f3n y el trabajo que las tropas uruguayas realizan en la zona.<\/li>\n\n\n\n<li><strong>10. Pistola GLOCK 17 Gen 3.<\/strong><br>&#8211; La Armada Nacional, la Fuerza A\u00e9rea Uruguaya y el Ministerio del Interior, tambi\u00e9n han adoptado a&nbsp; Glock, como su arma de reglamento, pero su empu\u00f1adura es negra.<\/li>\n\n\n\n<li><strong>12. Uruguay contribuye a consolidar la paz colombiana.<\/strong><br>&#8211; Observadores uruguayos est\u00e1n presentes en la etapa de la Misi\u00f3n de Verificaci\u00f3n de Naciones Unidas con el prop\u00f3sito de supervisar el \u201cAcuerdo Final para la Terminaci\u00f3n del Conflicto y Construcci\u00f3n de una Paz Estable y Duradera\u201d con los exintegrantes de las Fuerzas Armadas Revolucionarias de Colombia &#8211; Ej\u00e9rcito del Pueblo (FARC \u2013 EP).<\/li>\n\n\n\n<li><strong>14. Educaci\u00f3n 2020: oportunidades, desaf\u00edos y resiliencia.<\/strong><br>&#8211; La llegada del COVID-19 enfrent\u00f3 a todos los pa\u00edses a interrupciones sin precedentes. Adem\u00e1s de la econom\u00eda, se vio fuertemente afectada la educaci\u00f3n; adaptar los planes de estudio al soporte online y hacerlos llegar a los estudiantes, se convirti\u00f3 en prioridad.<\/li>\n\n\n\n<li><strong>17. Formaci\u00f3n con nivel internacional.<\/strong><br>&#8211; En numerosos puntos del planeta, las minas antipersonales contin\u00faan siendo remanentes de viejos conflictos, vigentes a\u00fan en su peligrosidad y causando muerte y mutilaci\u00f3n a cientos de personas por a\u00f1o. Constituye adem\u00e1s una amenaza al desarrollo econ\u00f3mico y social en varios pa\u00edses, siendo necesario el apoyo de organismos internacionales para neutralizar o mitigar los efectos de este flagelo. En tal sentido, el Ej\u00e9rcito Nacional, se instruye y capacita desde el a\u00f1o 2001 en desminado humanitario y destrucci\u00f3n especializada de munici\u00f3n.<\/li>\n\n\n\n<li><strong>18. Un legado siempre presente Coronel Luciano Dubra.-<\/strong>Luciano A. Dubra naci\u00f3 el 12 de octubre de 1901, hijo del General Don Manuel Dubra y de Do\u00f1a Sara Berruti. Su padre fue uno de los oficiales m\u00e1s influyentes en la primera mitad del siglo XX; Cadete fundador del Colegio Militar en 1885, director de la Escuela Militar en dos oportunidades, ocupando al final de su vida militar, el elevado cargo de Ministro de Guerra y Marina.<\/li>\n<\/ul>\n\n\n\n<div style=\"height:33px\" aria-hidden=\"true\" class=\"wp-block-spacer\"><\/div>\n\n\n\n<hr class=\"wp-block-separator has-alpha-channel-opacity\"\/>\n\n\n\n<figure class=\"wp-block-embed is-type-wp-embed is-provider-ej-rcito-nacional wp-block-embed-ej-rcito-nacional\"><div class=\"wp-block-embed__wrapper\">\n<blockquote class=\"wp-embedded-content\" data-secret=\"iZ4Hnneu8x\"><a href=\"https:\/\/www.ejercito.mil.uy\/index.php\/2020\/05\/01\/revista-la-fuerza-de-todos-no-37\/\">Revista La Fuerza de todos N\u00ba 37<\/a><\/blockquote><iframe class=\"wp-embedded-content\" sandbox=\"allow-scripts\" security=\"restricted\" style=\"position: absolute; visibility: hidden;\" title=\"\u00abRevista La Fuerza de todos N\u00ba 37\u00bb \u2014 Ej\u00e9rcito Nacional\" src=\"https:\/\/www.ejercito.mil.uy\/index.php\/2020\/05\/01\/revista-la-fuerza-de-todos-no-37\/embed\/#?secret=3Oy1gd1K5J#?secret=iZ4Hnneu8x\" data-secret=\"iZ4Hnneu8x\" width=\"600\" height=\"338\" frameborder=\"0\" marginwidth=\"0\" marginheight=\"0\" scrolling=\"no\"><\/iframe>\n<\/div><\/figure>\n\n\n\n<div style=\"height:33px\" aria-hidden=\"true\" class=\"wp-block-spacer\"><\/div>\n\n\n\n<ul class=\"wp-block-list\">\n<li><strong>3. Estamos conectados.<\/strong><br>&#8211; Actualmente, las redes sociales son una fuente de informaci\u00f3n y desinformaci\u00f3n a la misma vez, por esta raz\u00f3n, es importante que nuestro p\u00fablico tenga como referencia las cuentas oficiales que posee la Fuerza, para informarse de primera mano y con datos precisos.<\/li>\n\n\n\n<li><strong>4. Nuevas autoridades del Ej\u00e9rcito Nacional.<\/strong><br>&#8211; El Ej\u00e9rcito Nacional tiene una nueva voz de mando desde el pasado 3 de marzo, al realizarse la puesta en posesi\u00f3n del cargo del se\u00f1or Comandante en Jefe del Ej\u00e9rcito, General de Ej\u00e9rcito, don Gerardo D. Fregossi.<\/li>\n\n\n\n<li><strong>5. Ascenso al grado de Oficiales Generales.<\/strong><\/li>\n\n\n\n<li><strong>6. Angola.<\/strong><br>&#8211; Las relaciones internacionales son un objetivo primordial establecido en la seguridad colectiva y bajo esta premisa, Uruguay estuvo presente en tierra angolana, hace ya un cuarto de siglo, en procura de mantener bandera blanca en esa tierra.<\/li>\n\n\n\n<li><strong>8.&nbsp; Frontera Segura.<\/strong><br>-El Ej\u00e9rcito del Uruguay se encuentra realizando patrullas con casi 1.000 efectivos y m\u00e1s de 100 veh\u00edculos t\u00e1cticos y administrativos desplegados a lo largo de toda la frontera. Si bien el patrullaje fronterizo se ha realizado en varias ocasiones puntuales, esta vez se encomienda su realizaci\u00f3n en forma permanente.-<\/li>\n\n\n\n<li><strong>9. Las comunicaciones aseguran la misi\u00f3n.<\/strong><br>&#8211; Las patrullas son operaciones habituales para las Armas de Combate del Ej\u00e9rcito (Infanter\u00eda y Caballer\u00eda). Si bien para el \u00e9xito de la misi\u00f3n convergen varios factores, esta vez nos vamos a enfocar en c\u00f3mo operan las comunicaciones en el marco actual de patrullaje de frontera.<\/li>\n\n\n\n<li><strong>10. Plan Nacional Coronavirus.<\/strong><\/li>\n\n\n\n<li><strong>12. La guerra invisible.<\/strong><br>&#8211; El 13 de marzo se declar\u00f3 la emergencia sanitaria en nuestro pa\u00eds, debido a la constataci\u00f3n de la presencia en Uruguay del virus COVID\u201319 \u201cCoronavirus\u201d, causante de enfermedades respiratorias. Inmediatamente el Ej\u00e9rcito Nacional tom\u00f3 medidas de prevenci\u00f3n y apoyo a la ciudadan\u00eda.<strong>&#8211;<\/strong><\/li>\n\n\n\n<li><strong>13. Educaci\u00f3n que se renueva<\/strong>.<br>&#8211; A pesar de las adversidades sanitarias ante el COVID-19, el Liceo Militar \u00abGeneral Artigas\u00bb se actualiza y realiza los esfuerzos necesarios para seguir fomentando la educaci\u00f3n de sus j\u00f3venes alumnos.<\/li>\n\n\n\n<li><strong>14. Perspectiva operacional.<\/strong><br>&#8211; El Tte. Cnel. Roberto G. Fern\u00e1ndez, Director de la Escuela de Capacitaci\u00f3n y Perfeccionamiento para Oficiales tuvo el honor de ser designado para el realizar el curso Joint and Combined Warfighting School (Escuela de combate conjunta y combinada) en el Joint Forces Staff College (Facultad de Estado Mayor de Fuerzas Conjuntas, perteneciente a la Universidad de Defensa Nacional de Estados Unidos de Norteam\u00e9rica) en Norfolk, Virginia.<\/li>\n\n\n\n<li><strong>16. Una escuela uruguaya en el coraz\u00f3n de Am\u00e9rica.<\/strong><br>&#8211; Est\u00e1 situado en el barrio Trinidad de Asunci\u00f3n, Paraguay y actualmente es Patrimonio Cultural Natural de Uruguay.-<strong>18. Doscientos a\u00f1os de la Resistencia Artiguista a la invasi\u00f3n extranjera (1816-1820).<\/strong><\/li>\n<\/ul>\n\n\n\n<div style=\"height:33px\" aria-hidden=\"true\" class=\"wp-block-spacer\"><\/div>\n\n\n\n<hr class=\"wp-block-separator has-alpha-channel-opacity\"\/>\n\n\n\n<figure class=\"wp-block-embed is-type-wp-embed is-provider-ej-rcito-nacional wp-block-embed-ej-rcito-nacional\"><div class=\"wp-block-embed__wrapper\">\n<blockquote class=\"wp-embedded-content\" data-secret=\"R3IjTqpdpl\"><a href=\"https:\/\/www.ejercito.mil.uy\/index.php\/2019\/12\/01\/revista-la-fuerza-de-todos-no-36\/\">Revista La Fuerza de todos N\u00ba 36<\/a><\/blockquote><iframe class=\"wp-embedded-content\" sandbox=\"allow-scripts\" security=\"restricted\" style=\"position: absolute; visibility: hidden;\" title=\"\u00abRevista La Fuerza de todos N\u00ba 36\u00bb \u2014 Ej\u00e9rcito Nacional\" src=\"https:\/\/www.ejercito.mil.uy\/index.php\/2019\/12\/01\/revista-la-fuerza-de-todos-no-36\/embed\/#?secret=Z4RzOQmbqg#?secret=R3IjTqpdpl\" data-secret=\"R3IjTqpdpl\" width=\"600\" height=\"338\" frameborder=\"0\" marginwidth=\"0\" marginheight=\"0\" scrolling=\"no\"><\/iframe>\n<\/div><\/figure>\n\n\n\n<div style=\"height:33px\" aria-hidden=\"true\" class=\"wp-block-spacer\"><\/div>\n\n\n\n<ul class=\"wp-block-list\">\n<li><strong>3. Un camarada, cuatro vidas.<\/strong><br>&#8211; Cada 12 de noviembre, desde 1992, conmemoramos el D\u00eda Nacional del donante voluntario de sangre. Una vez m\u00e1s, el Ej\u00e9rcito Nacional se sum\u00f3 a la causa.<\/li>\n\n\n\n<li><strong>4. Monitoreo, alerta temprana y Defensa.<\/strong><br>&#8211; Se desarrollaron ejercicios en conjunto por parte de las Armas de Artiller\u00eda y Comunicaciones en el Grupo de Artiller\u00eda de Defensa Antia\u00e9rea N\u00b01. La instrucci\u00f3n consisti\u00f3 en brindar defensa e informaci\u00f3n a la Brigada Blindada de Caballer\u00eda N\u00b0 2.<\/li>\n\n\n\n<li><strong>6. Profesionales y eficientes.<\/strong><br>&#8211; El Ej\u00e9rcito Nacional a trav\u00e9s del Servicio de Material y Armamento (SMA) obtuvo dos grandes adquisiciones de armamento: la primera fue posible gracias al conocimiento y pericia de sus integrantes, consiste en la adaptaci\u00f3n de ametralladoras Browning calibre 50; la segunda es la compra del lanzagranadas antitanque liviano.<\/li>\n\n\n\n<li><strong>8. Una carrera con nivel.<\/strong><br>&#8211; Con seguridad y precisi\u00f3n, bajo la atenta mirada de su instructor, sube y baja las palancas y realiza todas las maniobras con gran naturalidad. La Cabo 2\u00aa Manuela Cardozo es la primera mujer en operar una moto niveladora en el Ej\u00e9rcito Nacional.<\/li>\n\n\n\n<li><strong>10. Infograf\u00eda 2019.<\/strong><\/li>\n\n\n\n<li><strong>12. Escuela Militar: 50 a\u00f1os en la ciudad de Toledo.<\/strong><\/li>\n\n\n\n<li><strong>13. \u201cLo que aprend\u00ed aqu\u00ed, nunca lo olvid\u00e9\u201d.<\/strong><br>&#8211; Si bien todos los pa\u00edses del mundo tienen su propia cultura, costumbres e idiosincrasia, los militares tienen similitudes y un v\u00ednculo en com\u00fan que trasciende fronteras. Las experiencias de intercambio con otros pa\u00edses son la prueba viviente de ello, donde la adaptabilidad se manifiesta y el compa\u00f1erismo queda para siempre.<\/li>\n\n\n\n<li><strong>14. M\u00e9rito dentro y fuera de casa.<\/strong><br>&#8211; En las siguientes p\u00e1ginas conoceremos las experiencias vividas por algunos de nuestros militares form\u00e1ndose en el exterior. Todos ellos realizaron capacitaciones distintas en pa\u00edses diferentes, pero tienen un elemento en com\u00fan: finalizaron con calificaciones destacadas y dejaron en alto el prestigio de nuestro pa\u00eds.<\/li>\n\n\n\n<li><strong>18. Una oportunidad de desarrollo profesional.<\/strong><br>&#8211; Desde setiembre de 2018 a julio de 2019, el Cnel. Pablo A. Panizza realiz\u00f3 el m\u00e1ster en Log\u00edstica y Gesti\u00f3n Econ\u00f3mica de la Defensa, coorganizado por la Universidad Complutense de Madrid (UCM) y el Centro de Estudios Superiores de Intendencia de la Armada espa\u00f1ola (CESIA). Dicha formaci\u00f3n sirve para atender adecuadamente las necesidades log\u00edsticas de la instituci\u00f3n, comprendiendo los factores internos y externos.<\/li>\n<\/ul>\n\n\n\n<div style=\"height:33px\" aria-hidden=\"true\" class=\"wp-block-spacer\"><\/div>\n\n\n\n<hr class=\"wp-block-separator has-alpha-channel-opacity\"\/>\n\n\n\n<figure class=\"wp-block-embed is-type-wp-embed is-provider-ej-rcito-nacional wp-block-embed-ej-rcito-nacional\"><div class=\"wp-block-embed__wrapper\">\n<blockquote class=\"wp-embedded-content\" data-secret=\"3Eq6DgfrRC\"><a href=\"https:\/\/www.ejercito.mil.uy\/index.php\/2019\/09\/01\/revista-la-fuerza-de-todos-no-35\/\">Revista La Fuerza de todos N\u00ba 35<\/a><\/blockquote><iframe class=\"wp-embedded-content\" sandbox=\"allow-scripts\" security=\"restricted\" style=\"position: absolute; visibility: hidden;\" title=\"\u00abRevista La Fuerza de todos N\u00ba 35\u00bb \u2014 Ej\u00e9rcito Nacional\" src=\"https:\/\/www.ejercito.mil.uy\/index.php\/2019\/09\/01\/revista-la-fuerza-de-todos-no-35\/embed\/#?secret=beLU4AIBIX#?secret=3Eq6DgfrRC\" data-secret=\"3Eq6DgfrRC\" width=\"600\" height=\"338\" frameborder=\"0\" marginwidth=\"0\" marginheight=\"0\" scrolling=\"no\"><\/iframe>\n<\/div><\/figure>\n\n\n\n<div style=\"height:33px\" aria-hidden=\"true\" class=\"wp-block-spacer\"><\/div>\n\n\n\n<ul class=\"wp-block-list\">\n<li><strong>3. Ascensos al grado de Oficiales Generales<\/strong>.<\/li>\n\n\n\n<li><strong>4. Blindado, fuerte y valiente<\/strong>.<br>El pasado 18 de julio, los infantes de todos los tiempos conmemoraron un nuevo d\u00eda del Arma de Infanter\u00eda y rindieron homenaje al Tanque Liviano M-24 \u201cChaffee\u201d (T.L. M-24), quedando desactivado a partir de ese momento.<\/li>\n\n\n\n<li><strong>6. Preciso y letal como Cascabel<\/strong>.<br>&#8211; El Ej\u00e9rcito Nacional posee quince Veh\u00edculos Medianos de Reconocimiento EE-9 \u201cCascabel\u201d, asignados al Regimiento de Caballer\u00eda Mecanizado N\u00ba4. Para asegurar la correcta operatividad de estos veh\u00edculos (los de mayor potencia de fuego dentro de las secciones mecanizadas de reconocimiento), la Unidad realiz\u00f3 su mantenimiento general.<\/li>\n\n\n\n<li><strong>8. Desde lo alto.<\/strong><br>&#8211; El Sargento Williams Magallanes parti\u00f3 el 29 de julio hacia el Centro de Instrucci\u00f3n Paracaidistas \u00abGeneral Penha Brasil\u00bb en la Rep\u00fablica Federativa del Brasil, para realizar el curso de paracaidismo militar en su modalidad de ca\u00edda libre, un m\u00e9todo empleado b\u00e1sicamente en la ejecuci\u00f3n de infiltraciones a\u00e9reas.<\/li>\n\n\n\n<li><strong>9. Uruguay amigo<\/strong>.<br>&#8211; En diciembre de 2019 se cumplen 20 a\u00f1os de presencia uruguaya en la Rep\u00fablica Democr\u00e1tica del Congo (RDC). Este despliegue es el mayor de la historia de nuestro Ej\u00e9rcito, tanto en duraci\u00f3n como en cantidad de efectivos desplegados. Repasamos brevemente la g\u00e9nesis, el comienzo de la misi\u00f3n y el impacto en nuestros compatriotas y pa\u00eds anfitri\u00f3n.<\/li>\n\n\n\n<li><strong>12. Mirando con fe, siempre al futuro.<\/strong><br>&#8211; La Fuerza de todos entrevist\u00f3 a exalumnos del Liceo Militar \u201cGeneral Artigas\u201d (LMGA) para conocer sus vidas, sus trayectorias y qu\u00e9 les dej\u00f3 su pasaje por el liceo. Si bien todos han tenido un desarrollo personal muy diferente, tienen algo en com\u00fan: comparten una base distintiva de superaci\u00f3n, educaci\u00f3n y valores.<\/li>\n\n\n\n<li><strong>16. El uso de Drones en la cartograf\u00eda.<\/strong><br>&#8211; Actualmente, el trabajo con aeronaves no tripuladas (drones), para realizar levantamientos fotogram\u00e9tricos a escalas grandes es cada vez m\u00e1s frecuente. Si bien existen par\u00e1metros como la baja altura de vuelo a la que se puede operar, la dependencia a determinadas condiciones meteorol\u00f3gicas para su correcto funcionamiento y la autonom\u00eda de vuelo, hacen desafiante el desarrollo de esta tecnolog\u00eda.<\/li>\n\n\n\n<li><strong>17. Capacitaci\u00f3n segura<\/strong>.<br>&#8211; El Centro de Respuesta a Incidentes de Seguridad Cibern\u00e9ticos de Defensa (DCSIRT), al igual que a\u00f1os anteriores, organiz\u00f3 la 4\u00aa edici\u00f3n del ejercicio ESCUDO CIBER. Tiene dos grandes objetivos, por un lado incrementar la capacidad t\u00e9cnica de quienes cumplen funciones de seguridad inform\u00e1tica en redes o centros de datos, y por otro, concientizar y dar lineamientos al personal de perteneciente al Ministerio de Defensa sobre la gesti\u00f3n de la seguridad de la informaci\u00f3n.<\/li>\n\n\n\n<li><strong>18. Galarza, un hombre de coraje<\/strong>.<br>&#8211; Pablo Galarza fue un militar que ocup\u00f3 las m\u00e1s altas jerarqu\u00edas en el Ej\u00e9rcito Nacional y un caudillo pol\u00edtico de relevancia en nuestra historia. Fundador y primer jefe del Regimiento de Caballer\u00eda N\u00ba2, que desde 1935 lleva su nombre. En el mes de la Caballer\u00eda, recordamos su historia.<\/li>\n<\/ul>\n\n\n\n<div style=\"height:33px\" aria-hidden=\"true\" class=\"wp-block-spacer\"><\/div>\n\n\n\n<hr class=\"wp-block-separator has-alpha-channel-opacity\"\/>\n\n\n\n<figure class=\"wp-block-embed is-type-wp-embed is-provider-ej-rcito-nacional wp-block-embed-ej-rcito-nacional\"><div class=\"wp-block-embed__wrapper\">\n<blockquote class=\"wp-embedded-content\" data-secret=\"meW93Xk201\"><a href=\"https:\/\/www.ejercito.mil.uy\/index.php\/2019\/06\/01\/revista-la-fuerza-de-todos-no-34\/\">Revista La Fuerza de todos N\u00ba 34<\/a><\/blockquote><iframe class=\"wp-embedded-content\" sandbox=\"allow-scripts\" security=\"restricted\" style=\"position: absolute; visibility: hidden;\" title=\"\u00abRevista La Fuerza de todos N\u00ba 34\u00bb \u2014 Ej\u00e9rcito Nacional\" src=\"https:\/\/www.ejercito.mil.uy\/index.php\/2019\/06\/01\/revista-la-fuerza-de-todos-no-34\/embed\/#?secret=ttUHvZhy3s#?secret=meW93Xk201\" data-secret=\"meW93Xk201\" width=\"600\" height=\"338\" frameborder=\"0\" marginwidth=\"0\" marginheight=\"0\" scrolling=\"no\"><\/iframe>\n<\/div><\/figure>\n\n\n\n<div style=\"height:33px\" aria-hidden=\"true\" class=\"wp-block-spacer\"><\/div>\n\n\n\n<ul class=\"wp-block-list\">\n<li><strong>3. Puesta en posesi\u00f3n del cargo del Sr. Comandante en Jefe del Ej\u00e9rcito.&nbsp;&nbsp;&nbsp;&nbsp;&nbsp;&nbsp;&nbsp;&nbsp;&nbsp;<\/strong><\/li>\n\n\n\n<li><strong>4. Una pareja letal.<\/strong><br>&#8211; El curso de Tiradores Especializados \u201cCazador\u201d (TT.EE.), prepara al personal en las Ocupaciones Militares Especializadas (O.M.E.*). Forma integrantes de todas las Armas del Ej\u00e9rcito. Su primera edici\u00f3n se realiz\u00f3 en el a\u00f1o 2006, egresando 16 alumnos.<\/li>\n\n\n\n<li><strong>6. Un sentimiento que aflora en la m\u00edstica ant\u00e1rtica.<\/strong><br>&#8211; Muchos han llegado m\u00e1s all\u00e1 del paralelo 60, han tocado nieve ant\u00e1rtica y cuando relatan su experiencia por ese continente, encienden su mirada de a\u00f1oranza. La Fuerza de todos dialog\u00f3 con el Coronel Waldemar Fontes, actualmente en situaci\u00f3n de retiro.<\/li>\n\n\n\n<li><strong>8. Los uruguayos llegan alto.<\/strong><br>&#8211; El Ej\u00e9rcito del Uruguay fue seleccionado por ONU para integrar las tropas que componen la Fuerza de las Naciones Unidas de Observaci\u00f3n de la Separaci\u00f3n (UNDOF) por sus siglas en ingl\u00e9s) de la zona llamada Altos de Gol\u00e1n. Para conocer detalles, La Fuerza de todos entrevist\u00f3 al Jefe del Contingente pr\u00f3ximo a desplegarse, Tte. Cnel. Ram\u00f3n Ram\u00edrez.<\/li>\n\n\n\n<li><strong>10. Un a\u00f1o en el coraz\u00f3n de \u00c1frica.<\/strong><br>&#8211; Habiendo retornado a Uruguay un nuevo Contingente desplegado en la Rep\u00fablica Democr\u00e1tica del Congo, conocemos un resumen de las actividades realizadas en el Batall\u00f3n de Infanter\u00eda \u201cUruguay IV\u201d durante el per\u00edodo junio 2018 &#8211; junio 2019.<\/li>\n\n\n\n<li><strong>12. Uno sabe lo que tiene.<\/strong><br>&#8211; Las tropas que integran el Ej\u00e9rcito conforman un amplio mosaico de especialidades, tanto es as\u00ed que no todos sus guerreros son humanos. Hoy conoceremos la historia de UNO, un Perro de Trabajo Militar (PTM) que vive su situaci\u00f3n de retirado militar con la dedicaci\u00f3n y protecci\u00f3n de sus camaradas.<\/li>\n\n\n\n<li><strong>15. Instrucci\u00f3n verde amarela.<\/strong><br>&#8211; La Academia Militar das Agulhas Negras (A.M.A.N.) recibi\u00f3 en un intercambio de instrucci\u00f3n anual al novel Alf\u00e9rez Pablo Pi\u00f1eiro.<\/li>\n\n\n\n<li><strong>16. Un Servicio que deja huellas.<\/strong><br>&#8211; El Servicio de Veterinaria y Remonta (S.V.R.) desde hace m\u00e1s de 76 a\u00f1os brinda cursos de gran prestigio.<\/li>\n\n\n\n<li><strong>18. Medio siglo al servicio de la patria.<\/strong><br>&#8211; Entre actos y celebraciones, se conmemoraron los 50 a\u00f1os de creaci\u00f3n del Regimiento \u201cGuayabos\u201d de Caballer\u00eda Mecanizado N\u00b0 10, ubicado en el Departamento de Artigas.<\/li>\n\n\n\n<li><strong>19. D\u00eda del Arma de Infanter\u00eda.<\/strong><\/li>\n<\/ul>\n\n\n\n<div style=\"height:33px\" aria-hidden=\"true\" class=\"wp-block-spacer\"><\/div>\n\n\n\n<hr class=\"wp-block-separator has-alpha-channel-opacity\"\/>\n\n\n\n<figure class=\"wp-block-embed is-type-wp-embed is-provider-ej-rcito-nacional wp-block-embed-ej-rcito-nacional\"><div class=\"wp-block-embed__wrapper\">\n<blockquote class=\"wp-embedded-content\" data-secret=\"HjYSjV43CJ\"><a href=\"https:\/\/www.ejercito.mil.uy\/index.php\/2019\/03\/01\/revista-la-fuerza-de-todos-no-33\/\">Revista La Fuerza de todos N\u00ba 33<\/a><\/blockquote><iframe class=\"wp-embedded-content\" sandbox=\"allow-scripts\" security=\"restricted\" style=\"position: absolute; visibility: hidden;\" title=\"\u00abRevista La Fuerza de todos N\u00ba 33\u00bb \u2014 Ej\u00e9rcito Nacional\" src=\"https:\/\/www.ejercito.mil.uy\/index.php\/2019\/03\/01\/revista-la-fuerza-de-todos-no-33\/embed\/#?secret=LMtXt4uerN#?secret=HjYSjV43CJ\" data-secret=\"HjYSjV43CJ\" width=\"600\" height=\"338\" frameborder=\"0\" marginwidth=\"0\" marginheight=\"0\" scrolling=\"no\"><\/iframe>\n<\/div><\/figure>\n\n\n\n<div style=\"height:33px\" aria-hidden=\"true\" class=\"wp-block-spacer\"><\/div>\n\n\n\n<ul class=\"wp-block-list\">\n<li><strong>3. Puesta en posesi\u00f3n del cargo del Sr. Comandante en Jefe del Ej\u00e9rcito.<\/strong><\/li>\n\n\n\n<li><strong>4. Fuertes como el acero.<\/strong><br>&#8211; Debido a la ruptura del puente sobre la ruta nacional N\u00ba 6 \u201cJoaqu\u00edn Su\u00e1rez\u201d en la ciudad de Sarand\u00ed del Y\u00ed, el Batall\u00f3n \u201cAnsina\u201d de Ingenieros de Combate N\u00ba 6 realiz\u00f3 la instalaci\u00f3n de un puente de paneles ACROW.<\/li>\n\n\n\n<li><strong>6. Listos para la selva.<\/strong><br>&#8211; El Ej\u00e9rcito Nacional ampl\u00eda la preparaci\u00f3n de sus efectivos en terrenos con caracter\u00edsticas diversas. De esta manera se mejora la capacidad operativa de la Fuerza.<\/li>\n\n\n\n<li><strong>8. Sargento: eslab\u00f3n fundamental entre el comando y la tropa.<\/strong><br>&#8211; Eslab\u00f3n fundamental entre el comando y la tropa.<\/li>\n\n\n\n<li><strong>10. Ojos desde el cielo.<\/strong><br>&#8211; Nuestros efectivos emplean herramientas de observaci\u00f3n y vigilancia remota. Dentro de nuestro pa\u00eds se viene desarrollando el Avi\u00f3n No Tripulado, por parte del Centro de Instrucci\u00f3n de Artiller\u00eda de Campa\u00f1a y Antia\u00e9rea (ver Revista La Fuerza de Todos N\u00ba 31). Simult\u00e1neamente, en la Rep\u00fablica Democr\u00e1tica del Congo, efectivos uruguayos se forman en el empleo del \u201cSistema de observaci\u00f3n y vigilancia remota\u201d por medio de aeronaves no tripuladas (UAV) de la MONUSCO.<\/li>\n\n\n\n<li><strong>12. Un pincel para la paz.<\/strong><br>&#8211; Participar en una Misi\u00f3n de Paz y formar parte de un contingente desplegado en tierras lejanas es motivo de orgullo y responsabilidad para cualquier militar uruguayo, pero hacerlo rodeado de arte y color es lo que hace que el largo a\u00f1o de trabajo y dedicaci\u00f3n se haga m\u00e1s llevadero. Esa tarea la realiza el Sargento Pablo Quevedo en sus horas libres, dibujando y pintando los murales que se reflejan en las paredes exteriores de los alojamientos, enfermer\u00eda, despachos y zonas de esparcimiento de la base del Batall\u00f3n de Infanter\u00eda \u201cUruguay IV\u201d (URUBATT) instalado en la ciudad de Goma.<\/li>\n\n\n\n<li><strong>13. 14 en el 14.<\/strong><br>&#8211; El 14 de febrero se realiz\u00f3 una jornada en el Batall\u00f3n de Infanter\u00eda \u201cParacaidista\u201d N\u00ba 14, en la que diez participantes pudieron sentir la esencia de la preparaci\u00f3n de un Paracaidista y la adrenalina de saltar de la torre de 14 pies de altura.<\/li>\n\n\n\n<li><strong>14. Guerra contra los t\u00f3xicos<\/strong>.<br>&#8211; El Parque Nacional de Santa Teresa, administrado y protegido por el Servicio de Parques del Ej\u00e9rcito (Se.Pa.E.), cuenta con nueve bater\u00edas de ba\u00f1os para atender a los acampantes y visitas que en temporada estival llegan a ser unas 15.000 personas. Esto exige un mantenimiento constante y un amplio empleo de productos qu\u00edmicos para su limpieza.<\/li>\n\n\n\n<li><strong>16. Capit\u00e1n Manuel Antonio Artigas.<\/strong><br>&#8211; H\u00e9roe de Nuestra Independencia, breve biograf\u00eda.<\/li>\n\n\n\n<li><strong>18. Siempre conectados.<\/strong><strong>19. D\u00eda del Arma de Comunicaciones.<\/strong><\/li>\n<\/ul>\n\n\n\n<div style=\"height:33px\" aria-hidden=\"true\" class=\"wp-block-spacer\"><\/div>\n\n\n\n<hr class=\"wp-block-separator has-alpha-channel-opacity\"\/>\n\n\n\n<figure class=\"wp-block-embed is-type-wp-embed is-provider-ej-rcito-nacional wp-block-embed-ej-rcito-nacional\"><div class=\"wp-block-embed__wrapper\">\n<blockquote class=\"wp-embedded-content\" data-secret=\"6j2WCCH2e0\"><a href=\"https:\/\/www.ejercito.mil.uy\/index.php\/2018\/12\/01\/revista-la-fuerza-de-todos-no-32\/\">Revista La Fuerza de todos N\u00ba 32<\/a><\/blockquote><iframe class=\"wp-embedded-content\" sandbox=\"allow-scripts\" security=\"restricted\" style=\"position: absolute; visibility: hidden;\" title=\"\u00abRevista La Fuerza de todos N\u00ba 32\u00bb \u2014 Ej\u00e9rcito Nacional\" src=\"https:\/\/www.ejercito.mil.uy\/index.php\/2018\/12\/01\/revista-la-fuerza-de-todos-no-32\/embed\/#?secret=YpG5wXnnF7#?secret=6j2WCCH2e0\" data-secret=\"6j2WCCH2e0\" width=\"600\" height=\"338\" frameborder=\"0\" marginwidth=\"0\" marginheight=\"0\" scrolling=\"no\"><\/iframe>\n<\/div><\/figure>\n\n\n\n<div style=\"height:33px\" aria-hidden=\"true\" class=\"wp-block-spacer\"><\/div>\n\n\n\n<ul class=\"wp-block-list\">\n<li><strong>3. Un centenario al servicio de la Patria.<\/strong><br>&#8211; En 2019 dos unidades militares cumplir\u00e1n 100 a\u00f1os al servicio de la patria: el Batall\u00f3n \u201cCapit\u00e1n Manuel Artigas\u201d de Infanter\u00eda Mecanizado N\u00ba 6 y el Batall\u00f3n \u201cGeneral Leonardo Olivera\u201d de Infanter\u00eda Mecanizado N\u00ba 12. Repasamos algunos de sus hitos m\u00e1s relevantes.<\/li>\n\n\n\n<li><strong>4.Tanques M 41 &#8211; C: une fronteras<\/strong>.<br>&#8211; El Ej\u00e9rcito de la Rep\u00fablica Federativa de Brasil don\u00f3 25 tanques M 41 \u2013 C al Ej\u00e9rcito Nacional de Uruguay en pro de la uni\u00f3n de las fuerzas de los pa\u00edses hermanos.<\/li>\n\n\n\n<li><strong>6. El Ej\u00e9rcito se prepara para la custodia permanente de fronteras.<\/strong><br>&#8211; Si bien el Ej\u00e9rcito ha patrullado la frontera de nuestro pa\u00eds en reiteradas ocasiones, estas operaciones se han realizado de manera puntual y por per\u00edodos preestablecidos. Hoy, la Ley 19.677 encomienda a las Fuerzas Armadas la custodia permanente del per\u00edmetro de la naci\u00f3n.<\/li>\n\n\n\n<li><strong>8. Estas botas se hicieron para caminar.<\/strong><br>&#8211; El Ej\u00e9rcito fabrica y provee el calzado, los Uniformes de Tradici\u00f3n Hist\u00f3rica, distintivos y dem\u00e1s elementos de vestimenta para sus integrantes. En esta oportunidad, La Fuerza de Todos se traslad\u00f3 hasta los talleres del Servicio de Intendencia del Ej\u00e9rcito (SIE), para conocer la secci\u00f3n de zapater\u00eda donde se fabrican diariamente las botas que usan los militares.<\/li>\n\n\n\n<li><strong>10. Infograf\u00eda 2018.<\/strong><\/li>\n\n\n\n<li><strong>12. &nbsp;La labor del traductor como herramienta intercultural.<\/strong><br>&#8211; La presencia de traductores\/int\u00e9rpretes resulta indispensable en el contexto de las Misiones Operativas de Paz (MOP) actuales, para la comunicaci\u00f3n en la zona de acci\u00f3n entre el personal militar uruguayo, los dem\u00e1s componentes de la misi\u00f3n y la poblaci\u00f3n local. Sin una adecuada comunicaci\u00f3n no hay negociaci\u00f3n ni acuerdo de partes y la falta de ella puede llegar a interferir directamente en el \u00e9xito de la misi\u00f3n asignada.<\/li>\n\n\n\n<li><strong>14. La paz en un enclave tripartito.<\/strong><br>&#8211; En un largo conflicto que sacudi\u00f3 a la Rep\u00fablica de Colombia, enfrentando principalmente a su gobierno y las Fuerzas Armadas Revolucionarias de Colombia (FARC), efectivos del Ej\u00e9rcito Nacional de Uruguay forman parte de los actores que buscan construir la paz en ese pa\u00eds.<\/li>\n\n\n\n<li><strong>16. Cuarenta a\u00f1os dando una buena impresi\u00f3n.<\/strong><br>&#8211; Luego de haber transcurrido cuatro d\u00e9cadas al servicio del Ej\u00e9rcito, hacemos un breve alto en nuestras tareas para conmemorar el momento hist\u00f3rico en que se consolida la creaci\u00f3n de la imprenta del Ej\u00e9rcito Nacional.<\/li>\n\n\n\n<li><strong>18. Siempre conectados<\/strong><\/li>\n<\/ul>\n\n\n\n<div style=\"height:33px\" aria-hidden=\"true\" class=\"wp-block-spacer\"><\/div>\n\n\n\n<hr class=\"wp-block-separator has-alpha-channel-opacity\"\/>\n\n\n\n<figure class=\"wp-block-embed is-type-wp-embed is-provider-ej-rcito-nacional wp-block-embed-ej-rcito-nacional\"><div class=\"wp-block-embed__wrapper\">\n<blockquote class=\"wp-embedded-content\" data-secret=\"1JXxw8BWEa\"><a href=\"https:\/\/www.ejercito.mil.uy\/index.php\/2018\/10\/01\/revista-la-fuerza-de-todos-no-31\/\">Revista La Fuerza de todos N\u00ba 31<\/a><\/blockquote><iframe class=\"wp-embedded-content\" sandbox=\"allow-scripts\" security=\"restricted\" style=\"position: absolute; visibility: hidden;\" title=\"\u00abRevista La Fuerza de todos N\u00ba 31\u00bb \u2014 Ej\u00e9rcito Nacional\" src=\"https:\/\/www.ejercito.mil.uy\/index.php\/2018\/10\/01\/revista-la-fuerza-de-todos-no-31\/embed\/#?secret=8Ej0Kk8Xp6#?secret=1JXxw8BWEa\" data-secret=\"1JXxw8BWEa\" width=\"600\" height=\"338\" frameborder=\"0\" marginwidth=\"0\" marginheight=\"0\" scrolling=\"no\"><\/iframe>\n<\/div><\/figure>\n\n\n\n<div style=\"height:33px\" aria-hidden=\"true\" class=\"wp-block-spacer\"><\/div>\n\n\n\n<ul class=\"wp-block-list\">\n<li><strong>3. Advertencia a lo imprevisible.<\/strong><br>&#8211; Las armas qu\u00edmicas modernas suelen enfocarse en agentes con un poder letal mayor, lo que significa que se requiere menos volumen de qu\u00edmico para afectar al mismo n\u00famero de personas. En este sentido, integrantes del Ej\u00e9rcito Nacional se capacitan en esta especialidad en Uruguay a trav\u00e9s del \u201cCurso Qu\u00edmico, Bacteriol\u00f3gico, Radiol\u00f3gico y Nuclear\u201d y en el exterior mediante diferentes cursos, como lo es el \u201cCurso B\u00e1sico de Asistencia y Protecci\u00f3n Contra Armas Qu\u00edmicas\u201d realizado por la Confederaci\u00f3n Suiza, al que asisti\u00f3 el Teniente 1\u00ba Rodrigo Manzo.<\/li>\n\n\n\n<li><strong>4. Capacitaciones que fortalecen el crecimiento.<\/strong><br>&#8211; El Ej\u00e9rcito Nacional brinda ofertas educativas que estimulan el crecimiento profesional de nuestros efectivos. La instrucci\u00f3n dentro de la Escuela Militar se complementa con cursos fuera y dentro del pa\u00eds que permiten seguir con la formaci\u00f3n a lo largo de la carrera.<\/li>\n\n\n\n<li><strong>6. El Avi\u00f3n no tripulado al empleo del Ej\u00e9rcito.<\/strong><br>&#8211; El Capit\u00e1n \u00c1lvaro Rossello es el Comandante de la Bater\u00eda de Observaci\u00f3n de la Artiller\u00eda de Ej\u00e9rcito. Presenta a La Fuerza de Todos el empleo del \u201cAvi\u00f3n No Tripulado\u201d, dise\u00f1ado y usado por la Escuadra de Observaci\u00f3n A\u00e9rea.<\/li>\n\n\n\n<li><strong>8. Sustentabilidad y eficacia mecanizada.<\/strong><br>&#8211; En las Fuerzas Armadas de pa\u00edses industrializados, toda el Arma de Infanter\u00eda es t\u00edpicamente mecanizada. El Batall\u00f3n \u201cCapit\u00e1n Manuel Artigas\u201d de Infanter\u00eda Mecanizado N\u00ba6 marca este proceso de movilidad y capacidad desde hace 23 a\u00f1os.<\/li>\n\n\n\n<li><strong>10. Mirada de paz hacia el Oriente.<\/strong><br>&#8211; En un pa\u00eds que es herencia del Imperio Otomano y conviven una gran diversidad confesional, la presencia uruguaya es mediadora de la paz.<\/li>\n\n\n\n<li><strong>12. Despliegue uruguayo en el mapa congole\u00f1o.<\/strong><br>&#8211; El Batall\u00f3n de Infanter\u00eda \u201cUruguay IV\u201d opera como la Reserva del Comandante de la Fuerza en la Misi\u00f3n de Estabilizaci\u00f3n de las Naciones Unidas en la Rep\u00fablica Democr\u00e1tica del Congo (MONUSCO). Por tal motivo, las Compa\u00f1\u00edas de Fusileros son frecuentemente desplegadas en bases temporales.<\/li>\n\n\n\n<li><strong>13. Efectivos condecorados al Valor.<\/strong><br>&#8211; Dos militares uruguayos recibieron una emboscada mientras integraban un convoy. Su desempe\u00f1o los hizo merecedores del reconocimiento del Force Commander de la Fuerza Multinacional de Paz y Observadores, Major General Simon Stuart.<\/li>\n\n\n\n<li><strong>14. Periodistas en zonas hostiles.<\/strong><br>&#8211; La finalidad del periodista es hacer una gran cobertura period\u00edstica, pero regresar sano y salvo a su hogar debe ser su principal objetivo.<\/li>\n\n\n\n<li><strong>16. Coronel Ventura Alegre: un oriental en la independencia americana.<\/strong><br>&#8211; La obra de Daniel Cardoso, fue seleccionada entre las de 16 artistas pl\u00e1sticos que presentaron un retrato del Coronel Ventura Alegre. La convocatoria fue realizada por la Direcci\u00f3n General de Cultura de la Intendencia de Maldonado, con motivo del 190\u00ba aniversario de la muerte del h\u00e9roe oriundo de Maldonado.<\/li>\n\n\n\n<li><strong>18. Con la mirada puesta en el futuro.<\/strong><br>&#8211; Es un joven deportista, actual campe\u00f3n de pentatl\u00f3n moderno en la categor\u00eda junior y particip\u00f3 en los \u00faltimos Juegos de la Organizaci\u00f3n Deportiva Suramericana (O.DE.SUR.). El Soldado 1\u00aa Bryan Blanco (19 a\u00f1os) relata su experiencia a La Fuerza De Todos.<\/li>\n\n\n\n<li><strong>19. \u00c9xodo del Pueblo Oriental.<\/strong><\/li>\n<\/ul>\n\n\n\n<div style=\"height:33px\" aria-hidden=\"true\" class=\"wp-block-spacer\"><\/div>\n\n\n\n<hr class=\"wp-block-separator has-alpha-channel-opacity\"\/>\n\n\n\n<figure class=\"wp-block-embed is-type-wp-embed is-provider-ej-rcito-nacional wp-block-embed-ej-rcito-nacional\"><div class=\"wp-block-embed__wrapper\">\n<blockquote class=\"wp-embedded-content\" data-secret=\"Mz7maufEK3\"><a href=\"https:\/\/www.ejercito.mil.uy\/index.php\/2018\/07\/01\/revista-la-fuerza-de-todos-no-30\/\">Revista La Fuerza de todos N\u00ba 30<\/a><\/blockquote><iframe class=\"wp-embedded-content\" sandbox=\"allow-scripts\" security=\"restricted\" style=\"position: absolute; visibility: hidden;\" title=\"\u00abRevista La Fuerza de todos N\u00ba 30\u00bb \u2014 Ej\u00e9rcito Nacional\" src=\"https:\/\/www.ejercito.mil.uy\/index.php\/2018\/07\/01\/revista-la-fuerza-de-todos-no-30\/embed\/#?secret=Ymb4DHNFil#?secret=Mz7maufEK3\" data-secret=\"Mz7maufEK3\" width=\"600\" height=\"338\" frameborder=\"0\" marginwidth=\"0\" marginheight=\"0\" scrolling=\"no\"><\/iframe>\n<\/div><\/figure>\n\n\n\n<div style=\"height:33px\" aria-hidden=\"true\" class=\"wp-block-spacer\"><\/div>\n\n\n\n<ul class=\"wp-block-list\">\n<li><strong>3. Desde la Rep\u00fablica Democr\u00e1tica del Congo.<\/strong><br>&#8211; <em>\u201cHa llegado el momento de hacer por los hombres, algo m\u00e1s que amarlos\u201d<\/em> escribi\u00f3 Francisco \u201cPaco\u201d Esp\u00ednola en su libro \u201cSombras sobre la tierra\u201d. Ahora he logrado comprender la real dimensi\u00f3n de esa desafiante frase. Hay experiencias que marcan la vida de las personas, de forma indeleble y profunda. La oportunidad de acompa\u00f1ar a militares uruguayos en la Misi\u00f3n de Paz de ONU en la Rep\u00fablica Democr\u00e1tica del Congo, sin dudas, es una de ellas. Resulta inevitable sentir un tremendo orgullo al ver a soldados uruguayos trabajar en el Congo; en cada paso, en cada gesto.<\/li>\n\n\n\n<li><strong>5. Liceo Extra edad: oportunidad \u00fanica.<\/strong><br>&#8211; Desde hace ya 17 a\u00f1os el Ej\u00e9rcito Nacional le brinda a todo el Personal Subalterno de las Fuerzas Armadas la oportunidad de continuar con sus estudios en lo que respecta a la educaci\u00f3n media b\u00e1sica (Ciclo B\u00e1sico \u00danico) y educaci\u00f3n media superior (Bachillerato Diversificado).<\/li>\n\n\n\n<li><strong>6. Curso de Patrullas.<\/strong><br>&#8211; Desde hace ya 17 a\u00f1os el Ej\u00e9rcito Nacional le brinda a todo el Personal Subalterno de las Fuerzas Armadas la oportunidad de continuar con sus estudios en lo que respecta a la educaci\u00f3n media b\u00e1sica (Ciclo B\u00e1sico \u00danico) y educaci\u00f3n media superior (Bachillerato Diversificado).<\/li>\n\n\n\n<li><strong>8. Primera secci\u00f3n antia\u00e9rea de T.C.M. 20 mm. montada en Ural.<\/strong><br>&#8211; El Grupo de Artiller\u00eda de Defensa Antia\u00e9rea N\u00ba 1 se ha empe\u00f1ado en la Operatividad de sus medios. En tal sentido se desarroll\u00f3 un COT\/DACA (Centro de Operaciones T\u00e1cticas de Defensa Antia\u00e9rea de Corto Alcance) que fue estrenado hace ya un a\u00f1o.<\/li>\n\n\n\n<li><strong>10. Un desaf\u00edo permanente.<\/strong><br>&#8211; La Zona de Acci\u00f3n del Equipo de Combate \u201cDelta\u201d, ocupa un \u00e1rea de 1.428 km2 con un per\u00edmetro de 143 km con 75 villas y la ciudad de Butembo.<\/li>\n\n\n\n<li><strong>12.A 25 a\u00f1os de un hist\u00f3rico acuerdo.<\/strong><\/li>\n\n\n\n<li>Luego de 15 a\u00f1os de devastadora guerra civil (1977 \u2013 1992), la presencia de los cascos azules lleva consigo la seguridad colectiva y paz en la comunidad mozambique\u00f1a.<\/li>\n\n\n\n<li><strong>13. Nuevo equipamiento del Ej\u00e9rcito.<\/strong><br>&#8211; Nuestro Ej\u00e9rcito ha incorporado la boina color verde, para uso exclusivo con el uniforme N\u00ba 4 A pixelado. Sustituye al quepis en ceremonias, desfiles internos y externos y actividades de car\u00e1cter protocolar. La misma se emplea recta, con la ca\u00edda del ala hacia el lado izquierdo y con la insignia met\u00e1lica de Ej\u00e9rcito en color dorado sobre el ojo derecho.<\/li>\n\n\n\n<li><strong>14. Deportistas de alto nivel.<\/strong><br>&#8211; Integrantes del Ej\u00e9rcito Nacional formaron parte de la delegaci\u00f3n uruguaya que represent\u00f3 a nuestro pa\u00eds en los XI Juegos Sudamericanos organizados por la Organizaci\u00f3n Deportiva Sudamericana (O.DE.SUR.), celebrados del 26 de mayo al 10 de junio en la ciudad de Cochabamba, Bolivia.<\/li>\n\n\n\n<li><strong>15. Innovamos en experiencia digital<\/strong>.<br>&#8211; En el proceso de modernizaci\u00f3n de la imagen institucional, el Ej\u00e9rcito Nacional ha modificado sus herramientas, adapt\u00e1ndose a los tiempos que corren y recordando que resulta imposible concebir a una organizaci\u00f3n sin comunicaci\u00f3n.<\/li>\n<\/ul>\n\n\n\n<div style=\"height:33px\" aria-hidden=\"true\" class=\"wp-block-spacer\"><\/div>\n\n\n\n<hr class=\"wp-block-separator has-alpha-channel-opacity\"\/>\n\n\n\n<figure class=\"wp-block-embed is-type-wp-embed is-provider-ej-rcito-nacional wp-block-embed-ej-rcito-nacional\"><div class=\"wp-block-embed__wrapper\">\n<blockquote class=\"wp-embedded-content\" data-secret=\"oHYOxVQ4gq\"><a href=\"https:\/\/www.ejercito.mil.uy\/index.php\/2018\/03\/01\/revista-la-fuerza-de-todos-no-29\/\">Revista La Fuerza de todos N\u00ba 29<\/a><\/blockquote><iframe class=\"wp-embedded-content\" sandbox=\"allow-scripts\" security=\"restricted\" style=\"position: absolute; visibility: hidden;\" title=\"\u00abRevista La Fuerza de todos N\u00ba 29\u00bb \u2014 Ej\u00e9rcito Nacional\" src=\"https:\/\/www.ejercito.mil.uy\/index.php\/2018\/03\/01\/revista-la-fuerza-de-todos-no-29\/embed\/#?secret=2MyLnMJk4e#?secret=oHYOxVQ4gq\" data-secret=\"oHYOxVQ4gq\" width=\"600\" height=\"338\" frameborder=\"0\" marginwidth=\"0\" marginheight=\"0\" scrolling=\"no\"><\/iframe>\n<\/div><\/figure>\n\n\n\n<div style=\"height:33px\" aria-hidden=\"true\" class=\"wp-block-spacer\"><\/div>\n\n\n\n<ul class=\"wp-block-list\">\n<li><strong>3. Un nuevo amanecer.<\/strong><br>&#8211; Entrevista a Angelina Vunge por la Cabo 2\u00aa (CA) (T\u00e9c. Periodismo) Lourdes Casales. La guerra asol\u00f3 su pa\u00eds y el Ej\u00e9rcito de Uruguay le abri\u00f3 las puertas del progreso.<\/li>\n\n\n\n<li><strong>4. Alumnos hoy, l\u00edderes ma\u00f1ana.<\/strong><br>&#8211; \u00a1El instructor cumple un rol importante en cada actividad de entrenamiento! En esta oportunidad, el instructor utiliza el silbato para indicar a sus alumnos qu\u00e9 movimientos deben realizar en un despeje de habitaciones.<\/li>\n\n\n\n<li><strong>5. Centenario del Instituto Militar de las Armas y Especialidades.<\/strong><\/li>\n\n\n\n<li><strong>6. Anhelo cumplido.<\/strong><br>&#8211; \u201cLos j\u00f3venes deben recibir un influjo favorable en su educaci\u00f3n, para que sean virtuosos y \u00fatiles a su pa\u00eds\u201d. Entrevista a los alumnos Camila Techera y Luis Garmendia del Liceo Militar \u201cGeneral Artigas\u201d Anexo Norte.<\/li>\n\n\n\n<li><strong>8.&nbsp; Nueva misi\u00f3n: Ituri.<\/strong><br>&#8211; El Batall\u00f3n \u201cUruguay IV\u201d se despliega en varias zonas de enfrentamiento, en distintos puntos de la Rep\u00fablica Democr\u00e1tica del Congo (RDC).<\/li>\n\n\n\n<li><strong>10. La ruta del \u00e9xito.<\/strong><br>&#8211; En el mes de febrero se realiz\u00f3 la ceremonia de reconocimiento a integrantes del Contingente saliente de la MFO que tuvieron una destacada actuaci\u00f3n, durante el per\u00edodo 2017-2018.<\/li>\n\n\n\n<li><strong>12. Centenario de la Charanga \u201cGrito de Asencio\u201d.<\/strong><br>&#8211; La Charanga \u201cGrito de Asencio\u201d del Regimiento \u201cBlandengues de Artigas\u201d de Caballer\u00eda N\u00b0 1 \u201ces una de las pocas del mundo que toca montada a caballo en todos los aires de marcha que tienen nuestros equinos: al paso, al trote y al galope\u201d, afirm\u00f3 el Jefe del Regimiento, Cnel. Ra\u00fal Picapedra.<\/li>\n\n\n\n<li><strong>14. Mujeres clave.<\/strong><br>&#8211; Pertenecen a la primera generaci\u00f3n de mujeres del Ej\u00e9rcito Nacional que se adentraron en el arte de la m\u00fasica militar. Hace 20 a\u00f1os que la Teniente 2\u00ba (BM) Andrea Ru\u00edz y la Cabo 1\u00aa Flavia Luna marcan el ritmo.<\/li>\n\n\n\n<li><strong>15. Nuevo a\u00f1o lectivo en el Ej\u00e9rcito.<\/strong><\/li>\n<\/ul>\n\n\n\n<div style=\"height:33px\" aria-hidden=\"true\" class=\"wp-block-spacer\"><\/div>\n\n\n\n<hr class=\"wp-block-separator has-alpha-channel-opacity\"\/>\n\n\n\n<figure class=\"wp-block-embed is-type-wp-embed is-provider-ej-rcito-nacional wp-block-embed-ej-rcito-nacional\"><div class=\"wp-block-embed__wrapper\">\n<blockquote class=\"wp-embedded-content\" data-secret=\"uXkJQUlu2S\"><a href=\"https:\/\/www.ejercito.mil.uy\/index.php\/2018\/01\/01\/revista-la-fuerza-de-todos-no-28\/\">Revista La Fuerza de todos N\u00ba 28<\/a><\/blockquote><iframe class=\"wp-embedded-content\" sandbox=\"allow-scripts\" security=\"restricted\" style=\"position: absolute; visibility: hidden;\" title=\"\u00abRevista La Fuerza de todos N\u00ba 28\u00bb \u2014 Ej\u00e9rcito Nacional\" src=\"https:\/\/www.ejercito.mil.uy\/index.php\/2018\/01\/01\/revista-la-fuerza-de-todos-no-28\/embed\/#?secret=erOj8hFVsH#?secret=uXkJQUlu2S\" data-secret=\"uXkJQUlu2S\" width=\"600\" height=\"338\" frameborder=\"0\" marginwidth=\"0\" marginheight=\"0\" scrolling=\"no\"><\/iframe>\n<\/div><\/figure>\n\n\n\n<div style=\"height:33px\" aria-hidden=\"true\" class=\"wp-block-spacer\"><\/div>\n\n\n\n<ul class=\"wp-block-list\">\n<li><strong>3. Siempre al pie del ca\u00f1\u00f3n.<\/strong><br>&#8211; Entrevista al Cap. \u00c1lvaro Rossello, por la Sdo. 1\u00aa (Lic.Cs.Com.) Silvana Pereira. Nuestros artilleros llevan consigo la responsabilidad de ser cada d\u00eda m\u00e1s profesionales para cumplir con su misi\u00f3n y estar a la altura de las exigencias mundiales. En el transcurso de las Maniobras Anuales del Arma.<\/li>\n\n\n\n<li><strong>4. Operaci\u00f3n: Control de Fronteras.<\/strong><br>&#8211; Entre el 27 de noviembre y el 01 de diciembre, finalizando el per\u00edodo de instrucci\u00f3n militar 2017, el Ej\u00e9rcito ejecut\u00f3 a modo de ejercicio, uno de los anexos del Plan Director de Seguridad, consistente en el bloqueo de la franja de frontera con la Rep\u00fablica Federativa del Brasil. Para esto se desplegaron Unidades B\u00e1sicas pertenecientes a las Divisiones de Ej\u00e9rcito III y IV.<\/li>\n\n\n\n<li><strong>6. Nuevos horizontes.<\/strong><br>&#8211; La Secci\u00f3n de Protecci\u00f3n QBRN de nuestro Ej\u00e9rcito se entrena e instruye semanalmente en el Batall\u00f3n \u201cAnsina\u201d de Ingenieros de Combate N\u00ba 6.<\/li>\n\n\n\n<li><strong>7. Soldados con altura.<\/strong><br>-Permiten llegar al \u00e1rea de combate, desarrollar la situaci\u00f3n y realizar complejas operaciones, proporcionando as\u00ed, mayor profundidad y velocidad en los desplazamientos. Integrantes del Ej\u00e9rcito Nacional realizaron una pasant\u00eda de operaciones aerom\u00f3viles en la Rep\u00fablica Federativa del Brasil.<\/li>\n\n\n\n<li><strong>8. S\u00f3lidos cimientos.<\/strong><br>&#8211; Fiel a su compromiso de brindar herramientas para la educaci\u00f3n e inserci\u00f3n laboral, el Ej\u00e9rcito Nacional abre sus puertas para capacitar a ciudadanos provenientes del \u00e1mbito civil.-<\/li>\n\n\n\n<li><strong>10. El a\u00f1o 2018 en cifras.<\/strong><\/li>\n\n\n\n<li><strong>12. Uruguayos mediadores de la paz entre culturas divergentes.<\/strong><br>&#8211; Desde que se independiz\u00f3 en los a\u00f1os 60, su historia ha estado plagada de Golpes de Estado y rebeliones. La presencia uruguaya en Rep\u00fablica Centroafricana (RCA) se manifiesta a trav\u00e9s de los observadores militares, quienes llevan a cabo su labor en el pa\u00eds con menor desarrollo humano en el mundo.<\/li>\n\n\n\n<li><strong>14. \u00bfC\u00f3mo hacer m\u00e1s segura nuestra experiencia digital?<\/strong><br>&#8211; El vertiginoso avance de las Tecnolog\u00edas de la Informaci\u00f3n y Comunicaci\u00f3n (TICs) nos brinda cada d\u00eda nuevas posibilidades, sumado a nuevas amenazas.<br><strong>15. Advertencias fronterizas.<\/strong><br>&#8211; Los cambios en el escenario internacional han sido m\u00e1s r\u00e1pidos que la capacidad de adaptaci\u00f3n a ellos. Los estudios estrat\u00e9gicos y la seguridad internacional representan un desaf\u00edo predominante en los ej\u00e9rcitos.<\/li>\n\n\n\n<li><strong>16. Manos a la Obra.<\/strong><br>&#8211; Desde el 2 de octubre al 3 de diciembre, se present\u00f3 en escena la obra \u201cOtelo: cuando se envenena el alma\u201d, una de las cinco grandes tragedias de Shakespeare escrita alrededor de 1603. En esta oportunidad fue dirigida por el director ingl\u00e9s Dan Jemmett, quien no conoc\u00eda nuestro pa\u00eds y fue invitado por la Comedia Nacional para tal festejo.<\/li>\n\n\n\n<li><strong>18. Pasando p\u00e1ginas.<\/strong><br>&#8211; En el mes de diciembre se realiz\u00f3 la presentaci\u00f3n del libro <em>\u201cHistorias de Paz y Guerra\u201d<\/em> del autor Daniel Brown. Un auditorio colmado escuch\u00f3 con atenci\u00f3n a los presentadores del libro y en especial a su autor, quien finalizada la misma, firm\u00f3 y dedic\u00f3 m\u00e1s de 80 libros a militares y civiles \u00e1vidos de lectura. Luego de la presentaci\u00f3n del libro, Brown fue entrevistado por distintos medios de comunicaci\u00f3n en donde siempre resalt\u00f3 la importancia de que estas historias se conozcan, ya que espera colaboren a valorar el trabajo de nuestros compatriotas en el exterior.<\/li>\n\n\n\n<li><strong>19. Redes Sociales.<\/strong><\/li>\n<\/ul>\n\n\n\n<div style=\"height:33px\" aria-hidden=\"true\" class=\"wp-block-spacer\"><\/div>\n\n\n\n<hr class=\"wp-block-separator has-alpha-channel-opacity\"\/>\n\n\n\n<figure class=\"wp-block-embed is-type-wp-embed is-provider-ej-rcito-nacional wp-block-embed-ej-rcito-nacional\"><div class=\"wp-block-embed__wrapper\">\n<blockquote class=\"wp-embedded-content\" data-secret=\"jOehLfdin3\"><a href=\"https:\/\/www.ejercito.mil.uy\/index.php\/2017\/09\/01\/revista-la-fuerza-de-todos-no-27\/\">Revista La Fuerza de todos N\u00ba 27<\/a><\/blockquote><iframe class=\"wp-embedded-content\" sandbox=\"allow-scripts\" security=\"restricted\" style=\"position: absolute; visibility: hidden;\" title=\"\u00abRevista La Fuerza de todos N\u00ba 27\u00bb \u2014 Ej\u00e9rcito Nacional\" src=\"https:\/\/www.ejercito.mil.uy\/index.php\/2017\/09\/01\/revista-la-fuerza-de-todos-no-27\/embed\/#?secret=gchhbpnlm3#?secret=jOehLfdin3\" data-secret=\"jOehLfdin3\" width=\"600\" height=\"338\" frameborder=\"0\" marginwidth=\"0\" marginheight=\"0\" scrolling=\"no\"><\/iframe>\n<\/div><\/figure>\n\n\n\n<div style=\"height:33px\" aria-hidden=\"true\" class=\"wp-block-spacer\"><\/div>\n\n\n\n<ul class=\"wp-block-list\">\n<li><strong>3. Soldados de pura raza.<\/strong><br>&#8211; En tiempos que la lucha por la libertad se ve\u00eda amenazada por deserciones en las filas de batalla, el General Jos\u00e9 Artigas escribi\u00f3 una carta en respuesta a Lecor, en oportunidad que este propuso al caudillo un advenimiento pac\u00edfico: \u201cD\u00edgale a su amo que cuando me falten hombres para combatir a sus secuaces, los he de pelear con perros cimarrones\u201d.<\/li>\n\n\n\n<li><strong>4. El poder del espacio a\u00e9reo.<\/strong><br>&#8211; La conquista del espacio a\u00e9reo es un componente esencial en los conceptos pol\u00edticos, estrat\u00e9gicos y t\u00e1cticos que rigen los conflictos b\u00e9licos. El Ej\u00e9rcito Nacional, a trav\u00e9s de la Artiller\u00eda Antia\u00e9rea, se forma para la defensa del espacio a\u00e9reo del pa\u00eds.<\/li>\n\n\n\n<li><strong>6. La Fuerza que nos une.<\/strong><br>&#8211; Nuestro Ej\u00e9rcito particip\u00f3 por primera vez en el a\u00f1o 2004 en \u201cFuerzas Comando\u201d, en El Salvador. A partir del 2005 cambi\u00f3 la planificaci\u00f3n del evento y la cantidad de pa\u00edses oponentes pas\u00f3 de ser 16 a 20.<\/li>\n\n\n\n<li><strong>8. Operaci\u00f3n Vuyinga.<\/strong><br>&#8211; La operaci\u00f3n Vuyinga comenz\u00f3 mucho antes de que nosotros lleg\u00e1ramos al \u00e1rea de operaciones. Luego de recibida la orden por parte del Force Commander, de desplegarnos a la Ciudad de Butembo para relevar a una Compa\u00f1\u00eda de Sud\u00e1frica, y de la planificaci\u00f3n de rigor realizada por el Estado Mayor del Batall\u00f3n \u201cUruguay IV\u201d (Bn.), sab\u00edamos que iba a ser todo un desaf\u00edo: en esta zona se hab\u00edan registrado m\u00e1s de 300 muertes en 2016.<\/li>\n\n\n\n<li><strong>10. 65 a\u00f1os de imparcialidad.<\/strong><br>&#8211; Uruguay es mediador de la paz entre dos potencias nucleares del continente asi\u00e1tico, en la zona de mayor tensi\u00f3n de disputa territorial entre India y Pakist\u00e1n.<\/li>\n\n\n\n<li><strong>12. Por una paz sustentable.<\/strong><br>&#8211; La Escuela Nacional de Operaciones de Paz del Uruguay (ENOPU) marca anualmente en su agenda, a trav\u00e9s del seminario \u201cMujer, paz y seguridad\u201d, la importancia de la participaci\u00f3n femenina en busca de la paz, reconstrucci\u00f3n post &#8211; conflicto y protecci\u00f3n de civiles.<\/li>\n\n\n\n<li><strong>14. Un norte colmado de oportunidades.<\/strong><br>&#8211; Debido a la enorme demanda de postulantes y al reclamo de los interesados y sus familias, en marzo de 2018 abrir\u00e1 sus puertas el anexo del Liceo Militar \u201cGeneral Artigas\u201d en el Departamento de Tacuaremb\u00f3. Inicialmente se recibir\u00e1n 60 alumnos para 4to a\u00f1o, divididos en dos clases de 30 integrantes. Para 2019 est\u00e1 previsto habilitar 5to a\u00f1o, lo que sumar\u00e1 un total de 120 alumnos al Liceo.<\/li>\n\n\n\n<li><strong>16. \u00a1Sus manos visten a nuestro Ej\u00e9rcito!<\/strong><br>&#8211; Anualmente la Secci\u00f3n Sastrer\u00eda del Departamento de Talleres del Servicio de Intendencia del Ej\u00e9rcito (SIE) confecciona m\u00e1s de 300 uniformes por a\u00f1o.<\/li>\n\n\n\n<li><strong>18. Educando a trav\u00e9s de la m\u00fasica.<\/strong><\/li>\n\n\n\n<li><strong>19. Recordando a nuestro Pr\u00f3cer.<\/strong><\/li>\n<\/ul>\n\n\n\n<div style=\"height:33px\" aria-hidden=\"true\" class=\"wp-block-spacer\"><\/div>\n\n\n\n<hr class=\"wp-block-separator has-alpha-channel-opacity\"\/>\n\n\n\n<figure class=\"wp-block-embed is-type-wp-embed is-provider-ej-rcito-nacional wp-block-embed-ej-rcito-nacional\"><div class=\"wp-block-embed__wrapper\">\n<blockquote class=\"wp-embedded-content\" data-secret=\"oyohRI2eLM\"><a href=\"https:\/\/www.ejercito.mil.uy\/index.php\/2017\/06\/01\/revista-la-fuerza-de-todos-no-26\/\">Revista La Fuerza de todos N\u00ba 26<\/a><\/blockquote><iframe class=\"wp-embedded-content\" sandbox=\"allow-scripts\" security=\"restricted\" style=\"position: absolute; visibility: hidden;\" title=\"\u00abRevista La Fuerza de todos N\u00ba 26\u00bb \u2014 Ej\u00e9rcito Nacional\" src=\"https:\/\/www.ejercito.mil.uy\/index.php\/2017\/06\/01\/revista-la-fuerza-de-todos-no-26\/embed\/#?secret=Bf4tuqbF3O#?secret=oyohRI2eLM\" data-secret=\"oyohRI2eLM\" width=\"600\" height=\"338\" frameborder=\"0\" marginwidth=\"0\" marginheight=\"0\" scrolling=\"no\"><\/iframe>\n<\/div><\/figure>\n\n\n\n<div style=\"height:33px\" aria-hidden=\"true\" class=\"wp-block-spacer\"><\/div>\n\n\n\n<ul class=\"wp-block-list\">\n<li><strong>3. Condecorado al valor militar.<\/strong><br>&#8211; El Cabo de 1ra Jorge Daniel Acu\u00f1a Veloz, perteneciente al Grupo \u201cCruzada Libertadora de 1825\u201d de Artiller\u00eda 105 mm, recibi\u00f3 la condecoraci\u00f3n \u201cMedalla al Valor Militar\u201d por su accionar, tras socorrer a los ocupantes de un veh\u00edculo en llamas.<\/li>\n\n\n\n<li><strong>4. Siempre un paso adelante.<\/strong><br>&#8211; El Grupo de Artiller\u00eda de Defensa Antia\u00e9rea N\u00b0 1 (GADA) se coloca a la altura de las exigencias del mundo moderno en cuanto a recursos materiales y capacitaci\u00f3n de su personal para cumplir con su rol fundamental como artiller\u00eda de defensa antia\u00e9rea.<\/li>\n\n\n\n<li><strong>6. Advertencia extrema en un mundo hiperconectado.<\/strong><br>&#8211; En la nueva era de la informaci\u00f3n en la que estamos inmersos, existe una necesidad de adaptaci\u00f3n constante a la evoluci\u00f3n de los medios de propagaci\u00f3n de la informaci\u00f3n, a los hackers y a las amenazas cambiantes en la red. Los ej\u00e9rcitos no est\u00e1n ajenos a esta realidad.<\/li>\n\n\n\n<li><strong>7. Aumentar el acervo profesional en el exterior del pa\u00eds.<\/strong><\/li>\n\n\n\n<li><strong>8. El motor de la ense\u00f1anza.<\/strong><br>&#8211; La Escuela de Conducci\u00f3n del Servicio de Transporte del Ej\u00e9rcito ofrece un curso de alto peso al servicio de la poblaci\u00f3n.<\/li>\n\n\n\n<li><strong>9. Comunicaciones en apoyo a emergencias.<\/strong><br>&#8211; La Brigada de Comunicaciones N\u00b0 1 recibi\u00f3 tres Centros M\u00f3viles de Comunicaciones y Respuesta a Emergencias Modelo Est\u00e1ndar (MERC), mediante una donaci\u00f3n del Comando Sur del Departamento de Defensa de los EE.UU. y la Oficina de Cooperaci\u00f3n y Defensa de la Embajada estadounidense en Montevideo.<\/li>\n\n\n\n<li><strong>10. Gesti\u00f3n log\u00edstica: competencia clave en el \u00e1mbito militar.<\/strong><br>&#8211; Ha sido parte de la historia de la humanidad y arte de la guerra, ha evolucionado hasta convertirse en una ciencia de aplicaci\u00f3n a diferentes procesos de apoyo en las Fuerzas Armadas.<\/li>\n\n\n\n<li><strong>12. 13 meses de desaf\u00edos.<\/strong><br>&#8211; Tras el relevo de tropas en el Batall\u00f3n \u201cUruguay IV\u201d desplegado en la Rep\u00fablica Democr\u00e1tica del Congo, La Fuerza de Todos se entrevist\u00f3 con su Jefe saliente, el Coronel Luis Mangini.<\/li>\n\n\n\n<li><strong>14. Guaran\u00edes y charr\u00faas en la Rep\u00fablica Democr\u00e1tica del Congo.<\/strong><br>&#8211; El Batall\u00f3n \u201cUruguay IV\u201d desplegado en la Rep\u00fablica Democr\u00e1tica del Congo, cont\u00f3 por primera vez entre sus filas con dos capitanes del Ej\u00e9rcito Paraguayo, que cumplieron el ciclo abril 2016 &#8211; mayo 2017.<\/li>\n<\/ul>\n\n\n\n<div style=\"height:33px\" aria-hidden=\"true\" class=\"wp-block-spacer\"><\/div>\n\n\n\n<hr class=\"wp-block-separator has-alpha-channel-opacity\"\/>\n\n\n\n<figure class=\"wp-block-embed is-type-wp-embed is-provider-ej-rcito-nacional wp-block-embed-ej-rcito-nacional\"><div class=\"wp-block-embed__wrapper\">\n<blockquote class=\"wp-embedded-content\" data-secret=\"s2ByCY511t\"><a href=\"https:\/\/www.ejercito.mil.uy\/index.php\/2017\/06\/01\/revista-la-fuerza-de-todos-no-25\/\">Revista La Fuerza de todos N\u00ba 25<\/a><\/blockquote><iframe class=\"wp-embedded-content\" sandbox=\"allow-scripts\" security=\"restricted\" style=\"position: absolute; visibility: hidden;\" title=\"\u00abRevista La Fuerza de todos N\u00ba 25\u00bb \u2014 Ej\u00e9rcito Nacional\" src=\"https:\/\/www.ejercito.mil.uy\/index.php\/2017\/06\/01\/revista-la-fuerza-de-todos-no-25\/embed\/#?secret=4px2w5VM8w#?secret=s2ByCY511t\" data-secret=\"s2ByCY511t\" width=\"600\" height=\"338\" frameborder=\"0\" marginwidth=\"0\" marginheight=\"0\" scrolling=\"no\"><\/iframe>\n<\/div><\/figure>\n\n\n\n<div style=\"height:33px\" aria-hidden=\"true\" class=\"wp-block-spacer\"><\/div>\n\n\n\n<ul class=\"wp-block-list\">\n<li><strong>3. Los Observadores constituyen la paz.<\/strong><br>&#8211; El Gobierno de Colombia lleva adelante el proceso de paz en su pa\u00eds, junto a las Fuerzas Armadas Revolucionarias de Colombia \u2013 Ej\u00e9rcito del Pueblo (FARC-EP) y la ayuda de las Naciones Unidas.<\/li>\n\n\n\n<li><strong>4. Un desaf\u00edo hacia lo inexplorado.<\/strong><br>&#8211; El Reino de Camboya represent\u00f3 en 1992 una gran expectativa e incertidumbre para el Contingente Nacional que debi\u00f3 desplegarse por primera vez en aquel pa\u00eds.<\/li>\n\n\n\n<li><strong>6. Agentes qu\u00edmicos: una amenaza internacional.<\/strong><br>&#8211; Su uso se remonta desde la Edad Antigua, tomaron gran vigor durante la Primera Guerra Mundial y actualmente siguen representando un peligro implacable para la humanidad.<\/li>\n\n\n\n<li><strong>8. Del pizarr\u00f3n y la tiza al Plan Ceibal.<\/strong><br>&#8211; Pasaron 15 a\u00f1os y m\u00e1s de 1.400 alumnos desde que el Liceo Extra Edad comenzara a funcionar como un t\u00edmido proyecto, para mejorar el nivel educativo del personal subalterno del Ej\u00e9rcito que desea realizar el ascenso de grado. Regidos por el programa \u201clibre asistido\u201d de Ense\u00f1anza Secundaria, es \u00fanico en su modalidad ya que a trav\u00e9s del m\u00e9todo presencial y de internado compila un a\u00f1o de clases en tres meses con doble horario.<\/li>\n\n\n\n<li><strong>10. Siempre dar\u00e9 valor.<\/strong><br>&#8211; Son los responsables a bordo de la aeronave, de la seguridad de los paracaidistas y de sus saltos. Con sus actitudes y determinaciones, que deben ser expresiones de un l\u00edder, los Jefes de Salto crean el ambiente imprescindible en toda misi\u00f3n.<\/li>\n\n\n\n<li><strong>12. Educaci\u00f3n y formaci\u00f3n.<\/strong><br>&#8211; Estas dos funciones convergen en el Instituto Militar de las Armas y Especialidades, que con m\u00e1s de 500 alumnos por a\u00f1o, ha logrado que sus egresados no solo consigan una especialidad militar, sino que lleven consigo los valores necesarios para la vida.<\/li>\n\n\n\n<li><strong>14. El conocimiento no tiene l\u00edmites.<\/strong><br>&#8211; El Centro de Instrucci\u00f3n de Ingenieros (C.I.Ing.) es uno de los doce centros educativos militares que instruye al Personal de todas las Armas.<\/li>\n\n\n\n<li><strong>15. Kitoko Mingi.<\/strong><br>&#8211; La Fuerza de Todos entrevist\u00f3 a la escritora Laura Dutour, con motivo de la realizaci\u00f3n de su novela (basada en hechos reales) ambientada en Misiones Operativas de Paz en la Rep\u00fablica Democr\u00e1tica del Congo.<\/li>\n\n\n\n<li><strong>16. Tiradores especializados.<\/strong><br>&#8211; Ellos le dan al Comandante, un fuego preciso, discriminado y de largo alcance con su armamento liviano. Esos fuegos son mejor utilizados contra \u201cobjetivos claves\u201c que no pueden ser destruidos por otro tipo de sistema de armas disponible, debido a su largo alcance, tama\u00f1o, ubicaci\u00f3n, visibilidad, requerimientos de seguridad y cautela, da\u00f1o colateral, intensidad del conflicto y compromiso del contacto.<\/li>\n\n\n\n<li><strong>17. \u00a1S\u00ed, mi Chef!<\/strong><br>&#8211; El Regimiento \u201cBlandengues de Artigas\u201d de Caballer\u00eda N\u00ba 1, tuvo el placer de participar en una de las instancias del Reality Show de cocina m\u00e1s afamado en su estilo: \u201cMaster Chef\u201d.<\/li>\n\n\n\n<li><strong>18. La ruta del esfuerzo.<\/strong><br>&#8211; El Sargento Juan Pablo Posadas relata su comienzo en el ciclismo y su combinaci\u00f3n con las actividades propias que conlleva la vida militar. Se inici\u00f3 en el 2005 y a los dos a\u00f1os ya era revelaci\u00f3n deportiva en la destacada competencia \u201cRutas de Am\u00e9rica\u201d.<\/li>\n\n\n\n<li><strong>19. Respirar hondo y llegar a la meta.<\/strong><br>&#8211; La Cabo Honorario Yoselin Pedragosa de 21 a\u00f1os de edad, es reconocida por ser una de las m\u00e1s destacadas deportistas dentro de la Fuerza. La joven pertenece al Curso de Ingenieros de la Escuela Militar, en d\u00f3nde se encuentra cursando el \u00faltimo a\u00f1o para recibirse de Oficial del Ej\u00e9rcito.<\/li>\n<\/ul>\n\n\n\n<div style=\"height:33px\" aria-hidden=\"true\" class=\"wp-block-spacer\"><\/div>\n\n\n\n<hr class=\"wp-block-separator has-alpha-channel-opacity\"\/>\n\n\n\n<figure class=\"wp-block-embed is-type-wp-embed is-provider-ej-rcito-nacional wp-block-embed-ej-rcito-nacional\"><div class=\"wp-block-embed__wrapper\">\n<blockquote class=\"wp-embedded-content\" data-secret=\"U9dnYbFHSo\"><a href=\"https:\/\/www.ejercito.mil.uy\/index.php\/2017\/03\/01\/revista-la-fuerza-de-todos-no-24\/\">Revista La Fuerza de todos N\u00ba 24<\/a><\/blockquote><iframe class=\"wp-embedded-content\" sandbox=\"allow-scripts\" security=\"restricted\" style=\"position: absolute; visibility: hidden;\" title=\"\u00abRevista La Fuerza de todos N\u00ba 24\u00bb \u2014 Ej\u00e9rcito Nacional\" src=\"https:\/\/www.ejercito.mil.uy\/index.php\/2017\/03\/01\/revista-la-fuerza-de-todos-no-24\/embed\/#?secret=saUrdmAQKp#?secret=U9dnYbFHSo\" data-secret=\"U9dnYbFHSo\" width=\"600\" height=\"338\" frameborder=\"0\" marginwidth=\"0\" marginheight=\"0\" scrolling=\"no\"><\/iframe>\n<\/div><\/figure>\n\n\n\n<div style=\"height:33px\" aria-hidden=\"true\" class=\"wp-block-spacer\"><\/div>\n\n\n\n<ul class=\"wp-block-list\">\n<li><strong>3. Mujeres destacadas.<\/strong><br>&#8211; La Mayor Lorena Cardozo posee el honor y el orgullo de ser la primera mujer en el Ej\u00e9rcito en ocupar el cargo de 2\u00ba Jefe de una Unidad b\u00e1sica: el Regimiento \u201cPatria\u201d de Caballer\u00eda Blindado N\u00ba 8. La Capit\u00e1n Anal\u00eda Castro es la primera mujer en realizar el Curso de Buzo Especialista de Ingenieros.<\/li>\n\n\n\n<li><strong>4. El salto en sus manos.<\/strong><br>&#8211; Un salto en paraca\u00eddas se compone de varios elementos que marcan la diferencia entre la vida y la muerte. Es el empacador, quien carga con la primera l\u00ednea de responsabilidad.<\/li>\n\n\n\n<li><strong>6. Log\u00edstica.<\/strong><br>&#8211; El arte de la guerra se compone de tres conceptos b\u00e1sicos: t\u00e1ctica, estrategia y log\u00edstica. \u00c9sta \u00faltima, es fundamental para apoyar a las tropas en combate.<\/li>\n\n\n\n<li><strong>8. Nuestro Escalaf\u00f3n de Apoyo.<\/strong><br>&#8211; En el a\u00f1o 2016, se cumplieron veinte a\u00f1os de la promulgaci\u00f3n de la Ley No. 16.736, que en su art\u00edculo N\u00b0 105, crea en el Cuerpo de Servicios del Ej\u00e9rcito Nacional, al Escalaf\u00f3n de Apoyo, como forma de regular las distintas situaciones y vaivenes que a lo largo de la historia ha experimentado la log\u00edstica de nuestra Fuerza.<\/li>\n\n\n\n<li><strong>9. El Servicio Geogr\u00e1fico Militar en la Ant\u00e1rtida.<\/strong>-Uruguay primer pa\u00eds en instalar una Estaci\u00f3n Geod\u00e9sica Satelital de Observaci\u00f3n Cont\u00ednua (CORS) en la Ant\u00e1rtida, con datos de libre acceso y en tiempo real.<\/li>\n\n\n\n<li><strong>10. La permanencia de las tropas uruguayas en Hait\u00ed.<\/strong><br>&#8211; Uruguay tiene a su Contingente Nacional desplegado desde hace 13 a\u00f1os, dentro de las misiones de paz llevadas a cabo por el Department of Peacekeeping Operations (DPKO) de Naciones Unidas.-<\/li>\n\n\n\n<li><strong>13. Uruguay en el desierto.<\/strong><br>&#8211; El Mayor General Denis Thompson, de origen canadiense, asignado desde hace tres a\u00f1os como Comandante de la Fuerza, en la Fuerza Multinacional de Observadores (Multinational Force and Observers &#8211; MFO), visit\u00f3 al Sr. Comandante en Jefe del Ej\u00e9rcito. En di\u00e1logo con La Fuerza de Todos dio su perspectiva sobre nuestra imagen en el exterior, particularmente en la Pen\u00ednsula del Sina\u00ed.<\/li>\n\n\n\n<li><strong>14. 200 a\u00f1os de la Batalla de Catal\u00e1n.<\/strong><br>&#8211; Bicentenario de la batalla que significar\u00e1 una dura derrota para las fuerzas artiguistas, ante el invasor portugu\u00e9s.<\/li>\n\n\n\n<li><strong>15. Batalla de Ituzaing\u00f3.<\/strong><br>&#8211; El Ej\u00e9rcito Republicano de las Provincias Unidas del R\u00edo de la Plata, al mando del general Carlos Mar\u00eda de Alvear, venci\u00f3 en ocho horas de combate a las tropas del Ej\u00e9rcito Imperial. Esta acci\u00f3n militar, conocida como \u201cBatalla de Ituzaing\u00f3\u2019, y tambi\u00e9n como Passo do Rosario, es la batalla campal de mayor envergadura librada en suelo brasile\u00f1o, en la que se combinaron t\u00e1cticas napole\u00f3nicas con pr\u00e1cticas de la \u201cguerra gaucha\u201d.<\/li>\n\n\n\n<li><strong>16. El ingreso de nuestro Pr\u00f3cer a Blandengues.<\/strong><\/li>\n\n\n\n<li><strong>17. Servicio de Tutela Social para los integrantes de las FF.AA.<\/strong><br>&#8211; El Servicio de Tutela Social, dependiente de la Direcci\u00f3n General de los Servicios de las FF.AA., brinda apoyo a los militares de las tres fuerzas y sus familias desde hace ya 43 a\u00f1os.<\/li>\n\n\n\n<li><strong>18. Ascenso de Sres. Oficiales Grales.<\/strong><\/li>\n\n\n\n<li><strong>19. Mensaje del Sr. Comandante.<\/strong><\/li>\n<\/ul>\n\n\n\n<div style=\"height:33px\" aria-hidden=\"true\" class=\"wp-block-spacer\"><\/div>\n\n\n\n<hr class=\"wp-block-separator has-alpha-channel-opacity\"\/>\n\n\n\n<figure class=\"wp-block-embed is-type-wp-embed is-provider-ej-rcito-nacional wp-block-embed-ej-rcito-nacional\"><div class=\"wp-block-embed__wrapper\">\n<blockquote class=\"wp-embedded-content\" data-secret=\"KuVJVMFJWR\"><a href=\"https:\/\/www.ejercito.mil.uy\/index.php\/2016\/12\/01\/revista-la-fuerza-de-todos-no-23\/\">Revista La Fuerza de todos N\u00ba 23<\/a><\/blockquote><iframe class=\"wp-embedded-content\" sandbox=\"allow-scripts\" security=\"restricted\" style=\"position: absolute; visibility: hidden;\" title=\"\u00abRevista La Fuerza de todos N\u00ba 23\u00bb \u2014 Ej\u00e9rcito Nacional\" src=\"https:\/\/www.ejercito.mil.uy\/index.php\/2016\/12\/01\/revista-la-fuerza-de-todos-no-23\/embed\/#?secret=o05OJ28kXG#?secret=KuVJVMFJWR\" data-secret=\"KuVJVMFJWR\" width=\"600\" height=\"338\" frameborder=\"0\" marginwidth=\"0\" marginheight=\"0\" scrolling=\"no\"><\/iframe>\n<\/div><\/figure>\n\n\n\n<div style=\"height:33px\" aria-hidden=\"true\" class=\"wp-block-spacer\"><\/div>\n\n\n\n<ul class=\"wp-block-list\">\n<li><strong>3. Una opci\u00f3n, muchos caminos.<\/strong><br>&#8211; El Ej\u00e9rcito cuenta con planes de carrera que permiten llenar las necesidades funcionales, denominados \u201ccargos y comisiones\u201d. Estos planes de carrera encuadran y dan un rumbo a seguir a todo el personal subalterno en su desarrollo profesional. <\/li>\n\n\n\n<li><strong>6. Talento de oro.<\/strong><\/li>\n\n\n\n<li>-Mar\u00eda P\u00eda Fern\u00e1ndez tiene 21 a\u00f1os, es oriunda de Trinidad &#8211; Flores -, comenz\u00f3 entrenando en la pista del Grupo \u201c\u00c9xodo del Pueblo Oriental\u201d de Artiller\u00eda N\u00b0 2 y en el 2015 ingres\u00f3 al Ej\u00e9rcito Nacional con el grado de Soldado al ser integrada al sistema de becas deportivas militares. Hoy es una Soldado que tuvo una participaci\u00f3n hist\u00f3rica para Uruguay durante el Campeonato Sudamericano de Atletismo Sub 23 en Per\u00fa al obtener doble medalla de oro.<\/li>\n\n\n\n<li><strong>7. Mujeres blindadas.<\/strong><br>&#8211; La Soldado 1\u00aa Merelyn Mor de 24 a\u00f1os de edad, oriunda de La Paloma, se desempe\u00f1a como enfermera en el Batall\u00f3n de Infanter\u00eda Blindado N\u00ba 13, con asiento en la ciudad de Durazno. En octubre finaliz\u00f3 el curso de cargador de ca\u00f1\u00f3n, del Tanque M-24 (TM-24) \u201cChaffee\u201d, convirti\u00e9ndose en la primera mujer con esa especialidad.<\/li>\n\n\n\n<li><strong>8. Desminado humanitario.<\/strong><br>&#8211; Durante siete semanas efectivos pertenecientes al Arma de Ingenieros se capacitan en el Curso de Desminado Humanitario y Destrucci\u00f3n Especializada de Munici\u00f3n en el Centro de Instrucci\u00f3n de Ingenieros.<\/li>\n\n\n\n<li><strong>9. Trabajo subacu\u00e1tico.<\/strong><br>&#8211; Personal del Arma de Ingenieros adquiere de forma bianual una importante especializaci\u00f3n y experiencia mediante la realizaci\u00f3n de un curso de buceo.<\/li>\n\n\n\n<li><strong>10. El a\u00f1o en n\u00fameros.<\/strong><\/li>\n\n\n\n<li>Presentamos un resumen de los principales indicadores de desempe\u00f1o en diferentes \u00e1reas de nuestra Fuerza. Esto ocurri\u00f3 durante el 2016.<\/li>\n\n\n\n<li><strong>12. Vigilancia en c\u00e1rceles.<\/strong><\/li>\n\n\n\n<li><strong>13. Soldado Amigo II.<\/strong><br>&#8211; En el mes de octubre se realiz\u00f3 la operaci\u00f3n \u201cSoldado Amigo II\u201d a cargo del Batall\u00f3n \u201cBrigadier General Juan Antonio Lavalleja\u201d de Infanter\u00eda N\u00ba 11. Una marat\u00f3n de ayuda de 72 horas ininterrumpidas, que consiste en realizar diferentes apoyos con medios humanos y materiales a diferentes instituciones que soliciten mano de obra calificada.<\/li>\n\n\n\n<li><strong>14. Medal Parade.<\/strong><br>&#8211; Condecoraci\u00f3n a nuestros cascos azules.<\/li>\n\n\n\n<li><strong>16. Prueba del Arma de Ingenieros.<\/strong><br><strong>17. Prueba del Arma de Comunicaciones.<\/strong><\/li>\n\n\n\n<li><strong>18. Puente vehicular.<\/strong><br>&#8211; La Intendencia de Montevideo se acerc\u00f3 al Batall\u00f3n de Ingenieros de Construcciones N\u00ba 5, planteando la necesidad de un puente transitorio sobre la ca\u00f1ada Casavalle , mientras se realiza la demolici\u00f3n y por el transcurso de la duraci\u00f3n de las nuevas obras, ante la necesidad de instrumentar mejoras de accesibilidad al barrio Marconi.<\/li>\n\n\n\n<li><strong>18. Centenario escarapela de Ej\u00e9rcito y Armada.<\/strong><\/li>\n\n\n\n<li><strong>19. El nombre de la m\u00fasica.<\/strong><br>&#8211; El 22 de noviembre se celebra el d\u00eda del M\u00fasico Militar. En su honor, recordamos a uno de sus precursores, el Capit\u00e1n de Bandas Militares, Maestro Mayor Celestino Griffon, quien falleciera en cumplimiento del deber a consecuencia de las heridas recibidas durante la Batalla de Yatay, durante la Guerra de la Triple Alianza.<\/li>\n<\/ul>\n\n\n\n<div style=\"height:33px\" aria-hidden=\"true\" class=\"wp-block-spacer\"><\/div>\n\n\n\n<hr class=\"wp-block-separator has-alpha-channel-opacity\"\/>\n\n\n\n<figure class=\"wp-block-embed is-type-wp-embed is-provider-ej-rcito-nacional wp-block-embed-ej-rcito-nacional\"><div class=\"wp-block-embed__wrapper\">\n<blockquote class=\"wp-embedded-content\" data-secret=\"R9FGwB8gl0\"><a href=\"https:\/\/www.ejercito.mil.uy\/index.php\/2016\/10\/01\/revista-la-fuerza-de-todos-no-22\/\">Revista La Fuerza de todos N\u00ba 22<\/a><\/blockquote><iframe class=\"wp-embedded-content\" sandbox=\"allow-scripts\" security=\"restricted\" style=\"position: absolute; visibility: hidden;\" title=\"\u00abRevista La Fuerza de todos N\u00ba 22\u00bb \u2014 Ej\u00e9rcito Nacional\" src=\"https:\/\/www.ejercito.mil.uy\/index.php\/2016\/10\/01\/revista-la-fuerza-de-todos-no-22\/embed\/#?secret=4nThUJygj1#?secret=R9FGwB8gl0\" data-secret=\"R9FGwB8gl0\" width=\"600\" height=\"338\" frameborder=\"0\" marginwidth=\"0\" marginheight=\"0\" scrolling=\"no\"><\/iframe>\n<\/div><\/figure>\n\n\n\n<div style=\"height:33px\" aria-hidden=\"true\" class=\"wp-block-spacer\"><\/div>\n\n\n\n<ul class=\"wp-block-list\">\n<li><strong>3. Conferencia IMES.<\/strong><br>&#8211; Veteranos de Guerra de Malvinas relatan experiencia en el Instituto Militar de Estudios Superiores (IMES).<\/li>\n\n\n\n<li><strong>4. \u201cAlumnos hoy, l\u00edderes ma\u00f1ana\u201d<\/strong><br>&#8211; La Escuela de Sub Oficiales del Ej\u00e9rcito \u201cSgto. Francisco de los Santos\u201d (E.S.O.E.), es la encargada de la formaci\u00f3n de los l\u00edderes de tropa: los Clases y Suboficiales del Ej\u00e9rcito.-<\/li>\n\n\n\n<li><strong>7. Un salto al triunfo.<\/strong><\/li>\n\n\n\n<li><strong>&#8211; <\/strong>Emiliano Lasa, de 26 a\u00f1os, es Soldado del Ej\u00e9rcito Nacional y deportista de salto de longitud e hizo historia en el atletismo uruguayo al lograr un Diploma Ol\u00edmpico tras quedar en la sexta posici\u00f3n (8.10 metros en la final) de la tabla general de esa disciplina en los Juegos Ol\u00edmpicos de R\u00edo de Janeiro 2016.<\/li>\n\n\n\n<li><strong>8. Apoyo de fuegos.<\/strong><\/li>\n\n\n\n<li>&#8211; En agosto se dio comienzo en el Centro de Instrucci\u00f3n de Artiller\u00eda de Campa\u00f1a y Antia\u00e9rea \u201cCnel. Antonio E. Trifoglio\u201d a la edici\u00f3n correspondiente al a\u00f1o 2016 del Curso \u201cPlanificaci\u00f3n y Coordinaci\u00f3n de Apoyo de Fuegos\u201d.<\/li>\n\n\n\n<li><strong>9. Proyecto con la Facultad de Qu\u00edmica.<\/strong><br>&#8211; El IMES desarrolla una pol\u00edtica que propende a investigaciones sobre problemas de la Defensa Nacional, que abarca inclusive aspectos relacionados a temas tecnol\u00f3gicos.<\/li>\n\n\n\n<li><strong>10. La victoria de Sarand\u00ed.<\/strong><\/li>\n\n\n\n<li><strong>13. Importante donaci\u00f3n.<\/strong><br>&#8211; Con la finalidad de apoyar las misiones del ej\u00e9rcito uruguayo en el Mantenimiento de la Paz a nivel mundial, el Comando Sur del Departamento de Defensa de EE.UU. y la Oficina de Cooperaci\u00f3n y Defensa de la embajada estadounidense en Uruguay, realizaron la donaci\u00f3n de tres equipos MERC (Centro M\u00f3vil de Comunicaciones y Respuesta a Emergencias).<\/li>\n\n\n\n<li><strong>14. Compromiso oriental en tierras africanas.<\/strong><br>&#8211; Ante la llegada de un nuevo proceso electoral en la Rep\u00fablica Democr\u00e1tica del Congo, el contingente nacional inici\u00f3 un proceso de re-despliegue de sus bases con la finalidad de brindar un apoyo eficiente a las elecciones.<\/li>\n\n\n\n<li><strong>15. Uruguayos en el Medio Oriente.<\/strong><br>&#8211; Desde 1982 en la pen\u00ednsula del Sina\u00ed -Egipto- m\u00e1s de 2.600 militares uruguayos han formado parte de la Fuerza Multinacional y Observadores (MFO por sus siglas en ingl\u00e9s, Multinational Force &amp; Observers) para cumplir con la misi\u00f3n principal de observar, reportar y verificar posibles violaciones al \u201cTratado de Camp David\u201d (1979) entre Egipto e Israel.<\/li>\n\n\n\n<li><strong>16. Misi\u00f3n pol\u00edtica especial en Colombia.<\/strong><br>&#8211; Por primera vez en los m\u00e1s de 80 a\u00f1os de experiencia de nuestro Ej\u00e9rcito en Misiones de Paz, el Ej\u00e9rcito design\u00f3 una mujer como Observadora. La misi\u00f3n en la cual se despleg\u00f3, es en la Misi\u00f3n de las Naciones Unidas en Colombia (RCS S\/2016\/729, del 18 de agosto de 2016).<\/li>\n\n\n\n<li><strong>17. Aniversario ONU.<\/strong><br>&#8211; Este 24 de octubre, la Organizaci\u00f3n de las Naciones Unidas cumple 71 a\u00f1os de creaci\u00f3n. Uruguay ha participado en ella desde el comienzo.<\/li>\n\n\n\n<li><strong>18. La ciencia de estudiar la conducta.<\/strong><br>&#8211; Ingresaron, estudiaron, se quedaron o se fueron. Historias de tres profesionales de la Psicolog\u00eda con un elemento en com\u00fan en sus vidas: su paso por el Ej\u00e9rcito Nacional.<\/li>\n<\/ul>\n\n\n\n<div style=\"height:33px\" aria-hidden=\"true\" class=\"wp-block-spacer\"><\/div>\n\n\n\n<hr class=\"wp-block-separator has-alpha-channel-opacity\"\/>\n\n\n\n<figure class=\"wp-block-embed is-type-wp-embed is-provider-ej-rcito-nacional wp-block-embed-ej-rcito-nacional\"><div class=\"wp-block-embed__wrapper\">\n<blockquote class=\"wp-embedded-content\" data-secret=\"EI3zrB1BOa\"><a href=\"https:\/\/www.ejercito.mil.uy\/index.php\/2016\/08\/01\/revista-la-fuerza-de-todos-no-21\/\">Revista La Fuerza de todos N\u00ba 21<\/a><\/blockquote><iframe class=\"wp-embedded-content\" sandbox=\"allow-scripts\" security=\"restricted\" style=\"position: absolute; visibility: hidden;\" title=\"\u00abRevista La Fuerza de todos N\u00ba 21\u00bb \u2014 Ej\u00e9rcito Nacional\" src=\"https:\/\/www.ejercito.mil.uy\/index.php\/2016\/08\/01\/revista-la-fuerza-de-todos-no-21\/embed\/#?secret=akG60lPBS9#?secret=EI3zrB1BOa\" data-secret=\"EI3zrB1BOa\" width=\"600\" height=\"338\" frameborder=\"0\" marginwidth=\"0\" marginheight=\"0\" scrolling=\"no\"><\/iframe>\n<\/div><\/figure>\n\n\n\n<div style=\"height:33px\" aria-hidden=\"true\" class=\"wp-block-spacer\"><\/div>\n\n\n\n<ul class=\"wp-block-list\">\n<li><strong>3. Un lugar en el podio.<\/strong><br>&#8211; Alumnos de la Escuela Militar obtuvieron el segundo puesto en la Semana Internacional de Cadetes en la Academia Militar de Agulhas Negras.<\/li>\n\n\n\n<li><strong>4. Un espacio para el relato gr\u00e1fico juvenil.<\/strong><br>&#8211; Los alumnos del Liceo Militar \u201cGeneral Artigas\u201d fueron convocados a participar de un concurso de historietas en el que deb\u00edan plasmar c\u00f3mo transcurren sus vidas dentro de la Instituci\u00f3n, presentando al poni Valentino en el relato, flamante mascota del centro de estudios.<\/li>\n\n\n\n<li><strong>5. Siempre dar\u00e9 valor.<\/strong><br>&#8211; Creado el 17 de febrero de 1976 bajo el nombre de Centro de Instrucci\u00f3n de Paracaidistas del Ej\u00e9rcito (C.I.P.E.) con sede en el Batall\u00f3n de Infanter\u00eda Paracaidista N\u00b014, tiene como misi\u00f3n capacitar y entrenar al Personal Superior y Subalterno de las Fuerzas Armadas en las actividades t\u00e1cticas, t\u00e9cnicas, administrativas en relaci\u00f3n al Paracaidismo Militar y Fuerzas de Operaciones Especiales.<\/li>\n\n\n\n<li><strong>6. Una elecci\u00f3n de vida.<\/strong><br>&#8211; La Fuerza de Todos visit\u00f3 las instalaciones del Batall\u00f3n de Infanter\u00eda Mecanizado N\u00ba 15, ubicado en la ciudad de Florida. Su jefe, el Teniente Coronel Jos\u00e9 Luis Varela, relata c\u00f3mo es posible incentivar al personal mediante el trabajo y la instrucci\u00f3n.<br><strong>7. Instrucci\u00f3n colectiva.<\/strong><br>&#8211; El objetivo de estos ejercicios fue \u201ctendiente a unificar criterios, procedimientos, t\u00e9cnicas y t\u00e1cticas en referencia a actividades operacionales que la Fuerza deba conducir en cumplimiento de las misiones que lle sean asignadas.<\/li>\n\n\n\n<li><strong>8. Formaci\u00f3n profesional.<\/strong><br>&#8211; Integrantes del Curso de Caballer\u00eda y del Curso de Apoyo Servicios y Combate de la Escuela Militar, realizaron ejercicios en campa\u00f1a, junto con personal y medios del Regimiento \u201cTte. Gral. Pablo Galarza\u201d de Caballer\u00eda Blindado N\u00ba 2. Este tipo de actividades de instrucci\u00f3n y entrenamiento se desarrollan a\u00f1o a a\u00f1o, como parte de la formaci\u00f3n de los Cursos Profesionales del Instituto.<\/li>\n\n\n\n<li><strong>10. El legado de un l\u00edder.<\/strong><br>&#8211; Al celebrarse los 150 a\u00f1os de la muerte del Cnel. Le\u00f3n de Palleja en la Batalla de Boquer\u00f3n del Sauce, rese\u00f1amos la vida del ilustre militar que forj\u00f3 una de las p\u00e1ginas m\u00e1s gloriosas de nuestro Ej\u00e9rcito Nacional.<\/li>\n\n\n\n<li><strong>12. Homenaje en Paraguay.<\/strong><br>&#8211; Palabras pronunciadas por el Sr. Comandante en Jefe del Ej\u00e9rcito de la Rep\u00fablica Oriental del Uruguay, Gral. de Ej\u00e9rcito Guido Manini R\u00edos, en Boquer\u00f3n del Sauce el 23 de julio de 2016, al conmemorarse los 150 a\u00f1os de la muerte del Gral. Le\u00f3n de Palleja.<\/li>\n\n\n\n<li><strong>14. En el camino de las armas.<\/strong><br>&#8211; Aspirantes que cursan el primer a\u00f1o en la carrera de formaci\u00f3n como oficial del Ej\u00e9rcito y Cadetes de primer a\u00f1o que integran los cursos profesionales de las diferentes armas, recibieron uniformes y espadines en una emotiva ceremonia en la Escuela Militar.<\/li>\n\n\n\n<li><strong>15. Misi\u00f3n vigilancia de fronteras.<\/strong><\/li>\n\n\n\n<li><strong>16. Un servicio que deja huella.<\/strong><br>&#8211; El Servicio de Veterinaria y Remonta (S.V.R.) fue creado hace m\u00e1s de un siglo y con el tiempo se ha convertido en un centro de referencia en la medicina de su g\u00e9nero.<\/li>\n\n\n\n<li><strong>18. Asociaci\u00f3n de Veteranos de Operaciones de Paz en Uruguay.<\/strong><br>&#8211; El General Hebert F\u00edgoli cuenta con amplia experiencia en misiones de paz y fue quien brind\u00f3 esta entrevista a La Fuerza de Todos.<\/li>\n\n\n\n<li><strong>19. Apoyo a la m\u00fasica.<\/strong><\/li>\n<\/ul>\n\n\n\n<div style=\"height:33px\" aria-hidden=\"true\" class=\"wp-block-spacer\"><\/div>\n\n\n\n<hr class=\"wp-block-separator has-alpha-channel-opacity\"\/>\n\n\n\n<figure class=\"wp-block-embed is-type-wp-embed is-provider-ej-rcito-nacional wp-block-embed-ej-rcito-nacional\"><div class=\"wp-block-embed__wrapper\">\n<blockquote class=\"wp-embedded-content\" data-secret=\"Ut46ror393\"><a href=\"https:\/\/www.ejercito.mil.uy\/index.php\/2016\/06\/01\/revista-la-fuerza-de-todos-no-20\/\">Revista La Fuerza de todos N\u00ba 20<\/a><\/blockquote><iframe class=\"wp-embedded-content\" sandbox=\"allow-scripts\" security=\"restricted\" style=\"position: absolute; visibility: hidden;\" title=\"\u00abRevista La Fuerza de todos N\u00ba 20\u00bb \u2014 Ej\u00e9rcito Nacional\" src=\"https:\/\/www.ejercito.mil.uy\/index.php\/2016\/06\/01\/revista-la-fuerza-de-todos-no-20\/embed\/#?secret=4wCkaHgXuX#?secret=Ut46ror393\" data-secret=\"Ut46ror393\" width=\"600\" height=\"338\" frameborder=\"0\" marginwidth=\"0\" marginheight=\"0\" scrolling=\"no\"><\/iframe>\n<\/div><\/figure>\n\n\n\n<div style=\"height:33px\" aria-hidden=\"true\" class=\"wp-block-spacer\"><\/div>\n\n\n\n<ul class=\"wp-block-list\">\n<li><strong>3. Levantarse despu\u00e9s de la ca\u00edda.<\/strong><br>&#8211; Militares reconstruyen la ciudad de Dolores y trabajan en apoyo por las inundaciones.<\/li>\n\n\n\n<li><strong>4. Estudiar y trabajar en el ej\u00e9rcito.<\/strong><\/li>\n\n\n\n<li><strong>6. Una fuerza efectiva en el terreno urbano.<\/strong><br>&#8211; Militares de todas las unidades del pa\u00eds se instruyen anualmente con el fin de realizar distintas operaciones en terreno urbano y desde hace tres a\u00f1os intercambian experiencias con la Guardia Nacional de Connecticut, Estados Unidos.<\/li>\n\n\n\n<li><strong>8. Adquisici\u00f3n y tenencia de armas.<\/strong><br>&#8211; Anualmente concurren a la Escuela de Educaci\u00f3n F\u00edsica y Tiro del Ej\u00e9rcito un promedio de 40 ciudadanos para obtener el \u201cCertificado de idoneidad de conocimientos b\u00e1sicos sobre seguridad y manejo de armas\u201d previsto en el Decreto 231\/002.<\/li>\n\n\n\n<li><strong>9. Periodistas en zonas hostiles.<\/strong><br>&#8211; 30 alumnos participaron del 29 de marzo al 1\u00ba de abril, en el curso \u201cPeriodistas en zonas hostiles\u201d, que se llev\u00f3 a cabo en el Centro Argentino de Entrenamiento Conjunto para Operaciones de Paz (CAECOPAZ).<\/li>\n\n\n\n<li><strong>10. 205\u00ba Aniversario del Ej\u00e9rcito Nacional.<\/strong><\/li>\n\n\n\n<li><strong>15. Vali\u00f3 la pena esperar.<\/strong><br>&#8211; Gabriela Milykovty, form\u00f3 parte de la \u00faltima delegaci\u00f3n de catorce periodistas que viajaron a la Rep\u00fablica Democr\u00e1tica del Congo. A su regreso narr\u00f3 su experiencia a la publicaci\u00f3n La Fuerza de Todos. Milykovty es comunicadora, trabaja en Radio Uruguay y es la administradora del grupo de Facebook Acortando Lejan\u00edas.<\/li>\n\n\n\n<li><strong>16. Destreza por cinco.<\/strong><br>&#8211; J\u00f3venes militares obtienen segundo puesto en competencia internacional de Pentatl\u00f3n Moderno.<\/li>\n\n\n\n<li><strong>17. Lecciones para la vida.<\/strong><br>&#8211; Ser soldado no es s\u00f3lo saber empu\u00f1ar un arma, estar preparado para el combate o prestar servicio en cat\u00e1strofes. Es tambi\u00e9n trabajar cada d\u00eda para ser un mejor ciudadano, un mejor padre, y al final del d\u00eda, un mejor uruguayo. Esta nota aborda un aporte silencioso que la Instituci\u00f3n brinda desde hace a\u00f1os a la sociedad uruguaya, en cada rinc\u00f3n del pa\u00eds.<\/li>\n\n\n\n<li><strong>18. Uniforme Operacional Pixelado.<\/strong><\/li>\n<\/ul>\n\n\n\n<div style=\"height:33px\" aria-hidden=\"true\" class=\"wp-block-spacer\"><\/div>\n\n\n\n<hr class=\"wp-block-separator has-alpha-channel-opacity\"\/>\n\n\n\n<figure class=\"wp-block-embed is-type-wp-embed is-provider-ej-rcito-nacional wp-block-embed-ej-rcito-nacional\"><div class=\"wp-block-embed__wrapper\">\n<blockquote class=\"wp-embedded-content\" data-secret=\"zlzEjNDCmd\"><a href=\"https:\/\/www.ejercito.mil.uy\/index.php\/2016\/03\/01\/revista-la-fuerza-de-todos-no-19\/\">Revista La Fuerza de todos N\u00ba 19<\/a><\/blockquote><iframe class=\"wp-embedded-content\" sandbox=\"allow-scripts\" security=\"restricted\" style=\"position: absolute; visibility: hidden;\" title=\"\u00abRevista La Fuerza de todos N\u00ba 19\u00bb \u2014 Ej\u00e9rcito Nacional\" src=\"https:\/\/www.ejercito.mil.uy\/index.php\/2016\/03\/01\/revista-la-fuerza-de-todos-no-19\/embed\/#?secret=5vrfNwRnIc#?secret=zlzEjNDCmd\" data-secret=\"zlzEjNDCmd\" width=\"600\" height=\"338\" frameborder=\"0\" marginwidth=\"0\" marginheight=\"0\" scrolling=\"no\"><\/iframe>\n<\/div><\/figure>\n\n\n\n<div style=\"height:33px\" aria-hidden=\"true\" class=\"wp-block-spacer\"><\/div>\n\n\n\n<ul class=\"wp-block-list\">\n<li><strong>3. Mujeres en el Ej\u00e9rcito.<\/strong><br>&#8211; Les traemos dos historias de mujeres que pertenecen a la Instituci\u00f3n y que han compartido sus logros con nosotros.<\/li>\n\n\n\n<li><strong>4. Proteger al otro.<\/strong><br>&#8211; Existen varias razones por las cuales una persona decide dedicar su vida a la carrera militar. El soldado o cadete que se enfrenta por primera vez a este camino, sabe que la esencia de su elecci\u00f3n se basa en la defensa del pa\u00eds y el cuidado del ciudadano. Esta es una de las principales premisas de las que se tiene conocimiento cuando se ingresa al Ej\u00e9rcito. En los \u00faltimos d\u00edas de diciembre y a inicios de enero, todo el pa\u00eds pudo ver como nuestros soldados desarrollaron esos valores.<\/li>\n\n\n\n<li><strong>7. Cabalgar con ritmos. Arte Ecuestre.<\/strong><br>&#8211; El Regimiento \u201cBlandengues de Artigas\u201d de Caballer\u00eda N\u00ba 1 &#8211; situado en Montevideo &#8211; en dos a\u00f1os cumplir\u00e1 un siglo de su creaci\u00f3n, sus integrantes poseen una gran destreza, tocan instrumentos musicales encima de los equinos, conformando as\u00ed la \u00fanica charanga del pa\u00eds. La Fuerza de Todos los invita a conocer parte de su historia.<\/li>\n\n\n\n<li><strong>8. Tocar el cielo con valent\u00eda.<\/strong><br>&#8211; Hace m\u00e1s de cuatro d\u00e9cadas que efectivos de todas las unidades del pa\u00eds llegan al Centro de Instrucci\u00f3n de Paracaidistas y Operaciones Especiales del Ej\u00e9rcito (C.I.PP.OO.EE.E.), anhelando ser los pr\u00f3ximos paracaidistas del Ej\u00e9rcito Nacional.<\/li>\n\n\n\n<li><strong>10. Ser militar: Una profesi\u00f3n con varias oportunidades.<\/strong><br>&#8211; A\u00f1o tras a\u00f1o se ve un incremento del inter\u00e9s por la oferta educativa militar, esto se da mediante la diversidad de carreras y cursos que brinda el Ej\u00e9rcito Nacional.<\/li>\n\n\n\n<li><strong>14. El grito de Asencio: inicia la Revoluci\u00f3n Oriental.<\/strong><br>&#8211; El 28 de febrero de 1811, marc\u00f3 en nuestro territorio un momento trascendente, sin el cual no se entiende el resto de la historia nacional: el inicio de la lucha emancipadora.<\/li>\n\n\n\n<li><strong>16. \u201cCreo que el militar que sale de Misi\u00f3n de Paz vuelve m\u00e1s humano de lo que sali\u00f3\u201d<\/strong><br>&#8211; As\u00ed, en 1804, Hait\u00ed se convirti\u00f3 en el primer pa\u00eds latinoamericano en alcanzar la independencia. Desde 2004 Naciones Unidas (ONU) tiene presencia en el pa\u00eds mediante la Misi\u00f3n de Estabilizaci\u00f3n de las Naciones Unidas en Hait\u00ed (MINUSTAH).<\/li>\n\n\n\n<li><strong>18. Equinoterapia como promotora del progreso.<\/strong><\/li>\n\n\n\n<li><strong>19. Amor por el pr\u00f3jimo.<\/strong><br>&#8211; En entrevista con el diario El Pa\u00eds, el Teniente 2\u00ba Cristian Serra habl\u00f3 acerca de su experiencia de cumplir con la tarea encomendada mientras su hogar sufr\u00eda las consecuencias de las inundaciones.<\/li>\n\n\n\n<li><strong>20. La Fuerza de la Mujer.<\/strong><br>&#8211; 8 de marzo D\u00eda Internacional de la Mujer.<\/li>\n<\/ul>\n\n\n\n<div style=\"height:33px\" aria-hidden=\"true\" class=\"wp-block-spacer\"><\/div>\n\n\n\n<hr class=\"wp-block-separator has-alpha-channel-opacity\"\/>\n\n\n\n<figure class=\"wp-block-embed is-type-wp-embed is-provider-ej-rcito-nacional wp-block-embed-ej-rcito-nacional\"><div class=\"wp-block-embed__wrapper\">\n<blockquote class=\"wp-embedded-content\" data-secret=\"WfWfmRmonZ\"><a href=\"https:\/\/www.ejercito.mil.uy\/index.php\/2015\/12\/01\/revista-la-fuerza-de-todos-no-18\/\">Revista La Fuerza de todos N\u00ba 18<\/a><\/blockquote><iframe class=\"wp-embedded-content\" sandbox=\"allow-scripts\" security=\"restricted\" style=\"position: absolute; visibility: hidden;\" title=\"\u00abRevista La Fuerza de todos N\u00ba 18\u00bb \u2014 Ej\u00e9rcito Nacional\" src=\"https:\/\/www.ejercito.mil.uy\/index.php\/2015\/12\/01\/revista-la-fuerza-de-todos-no-18\/embed\/#?secret=wIQ2FmE9dd#?secret=WfWfmRmonZ\" data-secret=\"WfWfmRmonZ\" width=\"600\" height=\"338\" frameborder=\"0\" marginwidth=\"0\" marginheight=\"0\" scrolling=\"no\"><\/iframe>\n<\/div><\/figure>\n\n\n\n<div style=\"height:33px\" aria-hidden=\"true\" class=\"wp-block-spacer\"><\/div>\n\n\n\n<ul class=\"wp-block-list\">\n<li><strong>3. \u201c\u2026 QUE EN LO SUCESIVO S\u00d3LO SE VEA ENTRE NOSOTROS UNA GRAN FAMILIA DE HERMANOS\u201d. Jos\u00e9 Gervasio Artigas, 20 de abril de 1815.<\/strong><br>&#8211; Este 1\u00b0 de Diciembre, fue el homenaje del Ej\u00e9rcito Nacional a su Primer Jefe, en el bicentenario de su gobierno en Purificaci\u00f3n.<\/li>\n\n\n\n<li><strong>4. Laptops y segundas oportunidades.<\/strong><br>&#8211; El Liceo Extra Edad \u2013 que funciona en las instalaciones del Instituto Militar de Armas y Especialidades del Ej\u00e9rcito (IMAE) &#8211; recibi\u00f3 100 computadoras port\u00e1tiles por parte del Plan Ceibal.<\/li>\n\n\n\n<li><strong>5. Un bast\u00f3n digital.<\/strong><\/li>\n\n\n\n<li>&#8211; El Club de Ciencias Visus del Liceo Militar \u201cGeneral Artigas\u201d, gan\u00f3 la competencia nacional por su proyecto para personas no videntes.<\/li>\n\n\n\n<li><strong>6. Cien a\u00f1os resumidos en uno. TIEMPO DE FESTEJO.<\/strong><br>&#8211; El Arma de Ingenieros celebr\u00f3 a lo largo del 2015 &#8211; y de diversas formas &#8211; el centenario de su creaci\u00f3n. Competencias deportivas, la presentaci\u00f3n de un sello postal y el lanzamiento de un libro fueron algunas de ellas.<\/li>\n\n\n\n<li><strong>8. Unidos bajo una misma voz. UNA MELOD\u00cdA PARA TODOS.<\/strong><br>&#8211; Se conocieron los resultados del concurso promovido por la Inspecci\u00f3n de Bandas Militares del Ej\u00e9rcito, que buscaba al pr\u00f3ximo himno del Ej\u00e9rcito Nacional.<\/li>\n\n\n\n<li><strong>9. El Ej\u00e9rcito Nacional en sellos postales.<\/strong><\/li>\n\n\n\n<li><strong>10. Perfeccionando la punter\u00eda.<\/strong><br>&#8211; El Centro de Instrucci\u00f3n de Artiller\u00eda de Campa\u00f1a y Antia\u00e9rea (C.I.A.C.A.) ofrece, entre sus servicios la posibilidad de utilizar un simulador que permite a los usuarios acercarse plenamente a la realidad del campo de batalla.<\/li>\n\n\n\n<li><strong>12. Uruguayos por el mundo.<\/strong><br>&#8211; Nuestros compatriotas desplegados en todo el mundo nos cuentan c\u00f3mo vivieron este a\u00f1o y nos saludan desde la distancia.<\/li>\n\n\n\n<li><strong>14. Relatos de vida.<\/strong><br>&#8211; La Fuerza de Todos les trae en esta oportunidad un cap\u00edtulo del libro Memorias de un Casco Azul, escrito por el Sgto. (R) Juan Jos\u00e9 Ram\u00edrez en la que nos presenta una historia llena de aventura, emoci\u00f3n y recuerdo.<\/li>\n<\/ul>\n\n\n\n<div style=\"height:33px\" aria-hidden=\"true\" class=\"wp-block-spacer\"><\/div>\n\n\n\n<hr class=\"wp-block-separator has-alpha-channel-opacity\"\/>\n\n\n\n<figure class=\"wp-block-embed is-type-wp-embed is-provider-ej-rcito-nacional wp-block-embed-ej-rcito-nacional\"><div class=\"wp-block-embed__wrapper\">\n<blockquote class=\"wp-embedded-content\" data-secret=\"J2OhMZ7tnm\"><a href=\"https:\/\/www.ejercito.mil.uy\/index.php\/2015\/11\/01\/revista-la-fuerza-de-todos-no-17\/\">Revista La Fuerza de todos N\u00ba 17<\/a><\/blockquote><iframe class=\"wp-embedded-content\" sandbox=\"allow-scripts\" security=\"restricted\" style=\"position: absolute; visibility: hidden;\" title=\"\u00abRevista La Fuerza de todos N\u00ba 17\u00bb \u2014 Ej\u00e9rcito Nacional\" src=\"https:\/\/www.ejercito.mil.uy\/index.php\/2015\/11\/01\/revista-la-fuerza-de-todos-no-17\/embed\/#?secret=fQpelFTlb1#?secret=J2OhMZ7tnm\" data-secret=\"J2OhMZ7tnm\" width=\"600\" height=\"338\" frameborder=\"0\" marginwidth=\"0\" marginheight=\"0\" scrolling=\"no\"><\/iframe>\n<\/div><\/figure>\n\n\n\n<div style=\"height:33px\" aria-hidden=\"true\" class=\"wp-block-spacer\"><\/div>\n\n\n\n<ul class=\"wp-block-list\">\n<li><strong>3. La otra perspectiva.<\/strong><br>&#8211; El Sargento Ricardo Saralegui, rescata de una muerte fatal a Raquel Peinado. Un d\u00eda como cualquiera puede convertirse en una oportunidad para vivir de nuevo.<\/li>\n\n\n\n<li><strong>4. De musas y melod\u00edas.<\/strong><br>&#8211; La m\u00fasica es un arte que inspira, capaz de repercutir en el \u00e1nimo y embellecer cualquier escenario. Es encargada de levantar la moral de la tropa, por ejemplo, en una Misi\u00f3n de Paz.<\/li>\n\n\n\n<li><strong>6. Herencia musical.<\/strong><br>&#8211; Desde hace 40 a\u00f1os, el Sargento Milton Ara\u00fajo integra la Banda m\u00e1s numerosa de las Fuerzas Armadas del pa\u00eds.<\/li>\n\n\n\n<li><strong>8. Curso \u201cPeriodistas en el \u00c1rea de Misi\u00f3n\u201d.<\/strong><br>&#8211; Con el objetivo de instruir y acercar las realidades del Ej\u00e9rcito Nacional sobre las diferentes Misiones de Paz que se realizan en los pa\u00edses en los cuales participan tropas de nuestro pa\u00eds, se realiz\u00f3 en el mes de setiembre un curso para periodistas y estudiantes de periodismo.<\/li>\n\n\n\n<li><strong>10. La llave para abrir el camino hacia la paz.<\/strong><br>&#8211; El 24 de octubre de 1945 en la ciudad de Nueva York, el mundo asist\u00eda a la fundaci\u00f3n de la organizaci\u00f3n internacional m\u00e1s importante que la humanidad haya conocido: la Organizaci\u00f3n de las Naciones Unidas (ONU), que hoy cumple 70 a\u00f1os.<\/li>\n\n\n\n<li><strong>12. General Leonardo Olivera.<\/strong><br>&#8211; El Ej\u00e9rcito Nacional, recordando su figura, lo homenaje\u00f3 colocando su nombre al Batall\u00f3n de Infanter\u00eda Mecanizado N\u00ba 12. Por resoluci\u00f3n del 29 de noviembre de 1994 (Anexo N\u00ba 11 a la O.C.G.E. No. 9416), esta unidad, con Cuartel en el Departamento de Rocha, recibe la referida denominaci\u00f3n.<\/li>\n\n\n\n<li><strong>14. Tiro de mayor alcance en la historia de la Artiller\u00eda Oriental.<\/strong><\/li>\n\n\n\n<li><strong>16. D\u00eda del Patrimonio Cultural de la Naci\u00f3n.<\/strong><\/li>\n<\/ul>\n\n\n\n<div style=\"height:33px\" aria-hidden=\"true\" class=\"wp-block-spacer\"><\/div>\n\n\n\n<hr class=\"wp-block-separator has-alpha-channel-opacity\"\/>\n\n\n\n<figure class=\"wp-block-embed is-type-wp-embed is-provider-ej-rcito-nacional wp-block-embed-ej-rcito-nacional\"><div class=\"wp-block-embed__wrapper\">\n<blockquote class=\"wp-embedded-content\" data-secret=\"lQqE9UVKgz\"><a href=\"https:\/\/www.ejercito.mil.uy\/index.php\/2015\/10\/01\/revista-la-fuerza-de-todos-no-16\/\">Revista La Fuerza de todos N\u00ba 16<\/a><\/blockquote><iframe class=\"wp-embedded-content\" sandbox=\"allow-scripts\" security=\"restricted\" style=\"position: absolute; visibility: hidden;\" title=\"\u00abRevista La Fuerza de todos N\u00ba 16\u00bb \u2014 Ej\u00e9rcito Nacional\" src=\"https:\/\/www.ejercito.mil.uy\/index.php\/2015\/10\/01\/revista-la-fuerza-de-todos-no-16\/embed\/#?secret=82gLLu5i4F#?secret=lQqE9UVKgz\" data-secret=\"lQqE9UVKgz\" width=\"600\" height=\"338\" frameborder=\"0\" marginwidth=\"0\" marginheight=\"0\" scrolling=\"no\"><\/iframe>\n<\/div><\/figure>\n\n\n\n<div style=\"height:33px\" aria-hidden=\"true\" class=\"wp-block-spacer\"><\/div>\n\n\n\n<ul class=\"wp-block-list\">\n<li><strong>3. Un seminario hecho escuela.<\/strong><br>&#8211; El edificio que hoy cobija a la Escuela Militar, funcion\u00f3 como Seminario Arquidiocesano de Montevideo, destinado a la formaci\u00f3n de sacerdotes para el Cono Sur. Fue dise\u00f1ado por el arquitecto Mario Payss\u00e9. La obra es considerada un ejemplo de arquitectura de la \u00e9poca.<\/li>\n\n\n\n<li><strong>4.Dialogando con la Historia.<\/strong><br>&#8211; En la esquina de Soriano y Paraguay se erige el edificio que alberga actualmente al Departamento de Estudios Hist\u00f3ricos del Estado Mayor del Ej\u00e9rcito. All\u00ed tiene su lugar tambi\u00e9n el \u201cMuseo 18 de mayo de 1811\u201d y una de las bibliotecas m\u00e1s importantes en materia militar.<\/li>\n\n\n\n<li><strong>5. Una joya escondida en campo abierta.<\/strong><br>&#8211; A 400 kil\u00f3metros de la capital nacional nos encontramos con uno de los cuarteles m\u00e1s antiguos del pa\u00eds. Ubicado en la ciudad de Melo, a orillas del arroyo Conventos, en un enclave natural, se yergue el Cuartel \u201cPresidente\u201d, actual sede de la Brigada de Caballer\u00eda N\u00ba 2.<\/li>\n\n\n\n<li><strong>6. Un viaje al Medio Oriente.<\/strong><br>&#8211; La casa quinta ubicada sobre la Avenida Agraciada y construida en 1880, se trata de un proyecto atribuido al Arquitecto franc\u00e9s V\u00edctor Rab\u00fa. En 1958 el Ministerio de Defensa Nacional adquiri\u00f3 el inmueble y comenz\u00f3 a funcionar all\u00ed, en 1959 la entonces llamada \u201cRegi\u00f3n Militar N\u00ba 1\u201d.<\/li>\n\n\n\n<li><strong>7. Con vista hacia todas las direcciones.<\/strong><br>&#8211; La fortaleza de Santa Teresa, la \u201cGral. Artigas\u201d \u2013m\u00e1s conocida como \u201cdel Cerro\u201d\u2013 y el fuerte de San Miguel representan \u00edconos nacionales de la arquitectura volcada claramente a cumplir objetivos de custodia, defensa y preservaci\u00f3n de poblaciones y regiones estrat\u00e9gicas.<\/li>\n\n\n\n<li><strong>8. Un gigante en la ciudad.<\/strong><br>&#8211; Este edificio fue sede del Liceo Militar \u201cGeneral Artigas\u201d, de la Escuela Militar y del Comando General del Ej\u00e9rcito. A pesar de las transformaciones menores el edificio ha mantenido su impronta original cuidadosamente conservada en los trabajos posteriores a su construcci\u00f3n y lleva el nombre de su creador, Gral. de Divisi\u00f3n (Arq.) Alfredo R. Campos.<\/li>\n\n\n\n<li><strong>10. Majestuosos, id\u00e9nticos, imponentes<\/strong>.<\/li>\n\n\n\n<li><strong>12. Una quinta convertida en liceo.<\/strong><br>&#8211; Arribando a la zona del Prado nos encontramos con el Liceo Militar \u201cGeneral Artigas\u201d, edificio que no s\u00f3lo fue destinado a recibir estudiantes de diversas partes del pa\u00eds, sino que alberg\u00f3 en su interior a diferentes unidades militares.<\/li>\n\n\n\n<li><strong>13. Un gigante en el camino.<\/strong><br>&#8211; La construcci\u00f3n del Cuartel de Camino Mendoza, tambi\u00e9n conocido como Cuartel de Miguelete, corresponde a esta etapa de surgimiento de las construcciones militares y se ha convertido en un punto de referencia ineludible y distintivo de la zona que ocupa.<\/li>\n\n\n\n<li><strong>14. Cuartel Paso del Rey.<\/strong><br>&#8211; Ubicado en la ciudad de Sarand\u00ed del Y\u00ed, en el departamento de Durazno su construcci\u00f3n data de 1908.<\/li>\n\n\n\n<li><strong>15. Peque\u00f1os detalles que hacen a nuestro patrimonio.<\/strong><br>&#8211; Los invitamos a apreciar una selecci\u00f3n de fotograf\u00edas de las obras de arte que forman parte de los diferentes edificios que hemos visitado en este n\u00famero. Postales del d\u00eda a d\u00eda.<\/li>\n<\/ul>\n\n\n\n<div style=\"height:33px\" aria-hidden=\"true\" class=\"wp-block-spacer\"><\/div>\n\n\n\n<hr class=\"wp-block-separator has-alpha-channel-opacity\"\/>\n\n\n\n<figure class=\"wp-block-embed is-type-wp-embed is-provider-ej-rcito-nacional wp-block-embed-ej-rcito-nacional\"><div class=\"wp-block-embed__wrapper\">\n<blockquote class=\"wp-embedded-content\" data-secret=\"gRK8ObIKXC\"><a href=\"https:\/\/www.ejercito.mil.uy\/index.php\/2015\/09\/01\/revista-la-fuerza-de-todos-no-15\/\">Revista La Fuerza de todos N\u00ba 15<\/a><\/blockquote><iframe class=\"wp-embedded-content\" sandbox=\"allow-scripts\" security=\"restricted\" style=\"position: absolute; visibility: hidden;\" title=\"\u00abRevista La Fuerza de todos N\u00ba 15\u00bb \u2014 Ej\u00e9rcito Nacional\" src=\"https:\/\/www.ejercito.mil.uy\/index.php\/2015\/09\/01\/revista-la-fuerza-de-todos-no-15\/embed\/#?secret=NqEHg32nc7#?secret=gRK8ObIKXC\" data-secret=\"gRK8ObIKXC\" width=\"600\" height=\"338\" frameborder=\"0\" marginwidth=\"0\" marginheight=\"0\" scrolling=\"no\"><\/iframe>\n<\/div><\/figure>\n\n\n\n<div style=\"height:33px\" aria-hidden=\"true\" class=\"wp-block-spacer\"><\/div>\n\n\n\n<ul class=\"wp-block-list\">\n<li><strong>3. Sue\u00f1os deportivos.<\/strong><br>&#8211; Melanie Gonz\u00e1lez de 12 a\u00f1os, hija del Cabo de Segunda Jaime Gonz\u00e1lez, compiti\u00f3 en las Special Olympics World Games: Los Angeles 2015 y gan\u00f3 la medalla de plata.<\/li>\n\n\n\n<li><strong>4. Alentar la eficiencia.<\/strong><br>&#8211; El Instituto Militar de Estudios Superiores (IMES) se presentar\u00e1 al Premio Nacional de Calidad, galard\u00f3n que otorga el pa\u00eds a empresas p\u00fablicas y privadas. Pueden participar todas las instituciones o las empresas nacionales, e incluso internacionales radicadas en Uruguay, con todos los requisitos legales.<\/li>\n\n\n\n<li><strong>6. Compromiso de calidad.<\/strong><br>&#8211; El espa\u00f1ol Julio Alonso se inici\u00f3 como corresponsal de guerra, registrando la mayor\u00eda de los conflictos b\u00e9licos de los \u00faltimos 30 a\u00f1os. Esta labor tan especial y peligrosa, lo lleva a reflexionar sobre la sinergia entre militares y periodistas.<\/li>\n\n\n\n<li><strong>8. Viviendo el proceso de adaptarse al medio.<\/strong><br>&#8211; La Sdo. 1\u00aa (Lic. Com.) Mar\u00eda Alejandra Rijo es integrante del Departamento de Comunicaci\u00f3n Social del Ej\u00e9rcito. Este documento fue presentado en el marco del Posgrado en Direcci\u00f3n de Comunicaci\u00f3n, de la Universidad de Montevideo.<\/li>\n\n\n\n<li><strong>10. Andr\u00e9s Guacurar\u00ed y Artigas \u201cAndresito\u201d.<\/strong><\/li>\n\n\n\n<li><strong>12. Repercusi\u00f3n de ondas.<\/strong><br>&#8211; El Coronel Christian Cardarello se ubic\u00f3 en 2\u00ba lugar a nivel mundial en la \u00faltima competencia de radioafici\u00f3n, un hobbie-ciencia que existe desde principios de siglo XX y en el cual se compite a\u00f1o a a\u00f1o.<\/li>\n\n\n\n<li><strong>13. Boinas verdes femeninas.<\/strong><br>&#8211; El Batall\u00f3n de Infanter\u00eda Blindado N\u00ba 13 cuenta con su primera conductora de Veh\u00edculo Blindado a Oruga VCI M\u20131.<\/li>\n\n\n\n<li><strong>14. Arsenal hist\u00f3rico: de taller a servicio para la sociedad.<\/strong><br>&#8211; Fue creado en 1941, tras la promulgaci\u00f3n de la Ley Org\u00e1nica Militar, se estableci\u00f3 como Servicio de Material y Armamento (SMA).<\/li>\n\n\n\n<li><strong>15. Recordando al pr\u00f3cer.<\/strong><\/li>\n<\/ul>\n\n\n\n<div style=\"height:33px\" aria-hidden=\"true\" class=\"wp-block-spacer\"><\/div>\n\n\n\n<hr class=\"wp-block-separator has-alpha-channel-opacity\"\/>\n\n\n\n<figure class=\"wp-block-embed is-type-wp-embed is-provider-ej-rcito-nacional wp-block-embed-ej-rcito-nacional\"><div class=\"wp-block-embed__wrapper\">\n<blockquote class=\"wp-embedded-content\" data-secret=\"VS7LqEk4Hx\"><a href=\"https:\/\/www.ejercito.mil.uy\/index.php\/2015\/07\/01\/revista-la-fuerza-de-todos-no-13\/\">Revista La Fuerza de todos N\u00ba 14<\/a><\/blockquote><iframe class=\"wp-embedded-content\" sandbox=\"allow-scripts\" security=\"restricted\" style=\"position: absolute; visibility: hidden;\" title=\"\u00abRevista La Fuerza de todos N\u00ba 14\u00bb \u2014 Ej\u00e9rcito Nacional\" src=\"https:\/\/www.ejercito.mil.uy\/index.php\/2015\/07\/01\/revista-la-fuerza-de-todos-no-13\/embed\/#?secret=37bzF0FkpC#?secret=VS7LqEk4Hx\" data-secret=\"VS7LqEk4Hx\" width=\"600\" height=\"338\" frameborder=\"0\" marginwidth=\"0\" marginheight=\"0\" scrolling=\"no\"><\/iframe>\n<\/div><\/figure>\n\n\n\n<div style=\"height:33px\" aria-hidden=\"true\" class=\"wp-block-spacer\"><\/div>\n\n\n\n<ul class=\"wp-block-list\">\n<li><strong>3. A pasos de lograr sus sue\u00f1os.<\/strong><br>&#8211; Hijo de un atleta ol\u00edmpico, y proveniente de una familia con un fuerte arraigo por la disciplina, la perseverancia y el valor, el Soldado 1\u00aa Cristhian Zamora se encuentra entrenando para cumplir su sue\u00f1o: participar por primera vez de los Juegos Ol\u00edmpicos.<\/li>\n\n\n\n<li><strong>4. Conocimientos compartidos.<\/strong><br>&#8211; La Escuela de Comunicaciones del Ej\u00e9rcito contin\u00faa apostando a la colaboraci\u00f3n en la comunidad. En estos \u00faltimos meses estuvo realizando las gestiones correspondientes para incorporar nuevos cursos en su alianza con U.T.U., poseer un punto de acceso a las redes Ceibal e implementar una biblioteca digital de uso interno.<\/li>\n\n\n\n<li><strong>6. Abriendo pasos a nuevas experiencias.<\/strong><br>&#8211; Cada a\u00f1o, nuevas propuestas educativas son introducidas en la curr\u00edcula de la Escuela Nacional de Operaciones de Paz del Uruguay (E.N.O.P.U.), apuntando a profesionalizar la labor de quienes en un futuro ser\u00e1n desplegados en Misiones Operativas de Paz.<\/li>\n\n\n\n<li><strong>8. 130 a\u00f1os al servicio de la Patria. La Escuela Militar cumple 130 a\u00f1os.<\/strong><\/li>\n\n\n\n<li><strong>11. 25 de agosto de 1825: Declaratoria de la Independencia.<\/strong><br>&#8211; A 190 a\u00f1os del trascendental hecho, La Fuerza de Todos recuerda los principales logros alcanzados ese d\u00eda.<\/li>\n\n\n\n<li><strong>12. M\u00e1s de un siglo de respaldo.<\/strong><br>&#8211; Hace m\u00e1s de 100 a\u00f1os, las Fuerzas Armadas incorporaron un servicio que apoyaba el cumplimiento de la misi\u00f3n militar y a las familias de sus integrantes.<\/li>\n\n\n\n<li><strong>14. \u201cLa gente llama al Ej\u00e9rcito y el Ej\u00e9rcito est\u00e1\u201d.<\/strong><br>&#8211; El Comunicador Fernando Vilar recibi\u00f3 c\u00e1lidamente a la Revista \u201cLa Fuerza de Todos\u201d, y dio su visi\u00f3n del proceso de cambio de imagen de la Instituci\u00f3n y su relacionamiento con la misma.<\/li>\n\n\n\n<li><strong>16. Dar calor al fr\u00edo.<\/strong><br>&#8211; Desde el Grupo \u201cBrigadier General Manuel Oribe\u201d de Artiller\u00eda N\u00ba 1 se intenta aminorar los efectos del viento y la lluvia, a trav\u00e9s de la preparaci\u00f3n y distribuci\u00f3n de alimentos calientes a personas que no gozan de estos beneficios.<\/li>\n<\/ul>\n\n\n\n<div style=\"height:33px\" aria-hidden=\"true\" class=\"wp-block-spacer\"><\/div>\n\n\n\n<hr class=\"wp-block-separator has-alpha-channel-opacity\"\/>\n\n\n\n<figure class=\"wp-block-embed is-type-wp-embed is-provider-ej-rcito-nacional wp-block-embed-ej-rcito-nacional\"><div class=\"wp-block-embed__wrapper\">\n<blockquote class=\"wp-embedded-content\" data-secret=\"oOlFdAkqQq\"><a href=\"https:\/\/www.ejercito.mil.uy\/index.php\/2015\/07\/01\/revista-la-fuerza-de-todos-no-13-2\/\">Revista La Fuerza de todos N\u00ba 13<\/a><\/blockquote><iframe class=\"wp-embedded-content\" sandbox=\"allow-scripts\" security=\"restricted\" style=\"position: absolute; visibility: hidden;\" title=\"\u00abRevista La Fuerza de todos N\u00ba 13\u00bb \u2014 Ej\u00e9rcito Nacional\" src=\"https:\/\/www.ejercito.mil.uy\/index.php\/2015\/07\/01\/revista-la-fuerza-de-todos-no-13-2\/embed\/#?secret=YS6e0nQIQ6#?secret=oOlFdAkqQq\" data-secret=\"oOlFdAkqQq\" width=\"600\" height=\"338\" frameborder=\"0\" marginwidth=\"0\" marginheight=\"0\" scrolling=\"no\"><\/iframe>\n<\/div><\/figure>\n\n\n\n<div style=\"height:33px\" aria-hidden=\"true\" class=\"wp-block-spacer\"><\/div>\n\n\n\n<ul class=\"wp-block-list\">\n<li><strong>3. Buscarle el ritmo.<\/strong><br>&#8211; El Tte. Cnel. (BM) Hugo Cotelo es el actual Inspector de Bandas Militares del Ej\u00e9rcito. Hoy, con 37 a\u00f1os de carrera nos cuenta c\u00f3mo fueron sus primeros pasos en la profesi\u00f3n militar, c\u00f3mo traz\u00f3 su camino hasta alcanzar la jerarqu\u00eda que ostenta actualmente y c\u00f3mo vive su d\u00eda a d\u00eda.-<\/li>\n\n\n\n<li><strong>4. Esp\u00edritu de acero.<\/strong><br>&#8211; Nuevos Comandos uruguayos nacen cada a\u00f1o. Aprovechando la fecha de su aniversario, La Fuerza de Todos indag\u00f3 en la especialidad, sus desaf\u00edos y oportunidades.<\/li>\n\n\n\n<li><strong>6. Unidos por la Paz: Batall\u00f3n conjunto URUPERBAT.<\/strong><br><strong>8. 18 de julio de 1866: Batalla de Boquer\u00f3n.<\/strong><\/li>\n\n\n\n<li><strong>10. Una vida de servicio.<\/strong><br><strong>&#8211; <\/strong>Nacido en el seno de una familia cat\u00f3lica, el Padre Genaro Lusararian, ingres\u00f3 al Liceo Militar \u201cGeneral Artigas\u201d y m\u00e1s tarde a la Escuela Militar de donde egres\u00f3 en el a\u00f1o 1981 como Alf\u00e9rez del Arma de Infanter\u00eda. Hoy es Coronel retirado del Arma de Infanter\u00eda y cuenta su historia.<\/li>\n\n\n\n<li><strong>12. Tender una mano para construir la Patria.<\/strong><br>&#8211; Finaliz\u00f3 con \u00e9xito una nueva edici\u00f3n de la \u201cOperaci\u00f3n Soldado Amigo\u201d realizada por el personal del Batall\u00f3n \u201cBrig. Gral. Juan A. Lavalleja\u201d de Infanter\u00eda N\u00ba 11.<\/li>\n\n\n\n<li><strong>13. A pap\u00e1, con amor.<\/strong><br>&#8211; La Fuerza de Todos record\u00f3 el D\u00eda del Padre a trav\u00e9s de una de las tantas historias que tiene el Ej\u00e9rcito.<\/li>\n\n\n\n<li><strong>14. Forjando un futuro mejor.<\/strong><br>&#8211; Con una jornada especialmente dedicada a la ense\u00f1anza de la protecci\u00f3n de fauna silvestre y conservaci\u00f3n de los espacios abiertos dirigida a escolares y maestros, el Servicio de Parques del Ej\u00e9rcito celebr\u00f3 una vez m\u00e1s el D\u00eda Mundial del Medio Ambiente.<\/li>\n\n\n\n<li><strong>15. Acariciando la meta.<\/strong><br>&#8211; Recientemente, el Tte. 2\u00ba Leopoldo Lecour particip\u00f3 de la Ultramarat\u00f3n \u201c48 horas Internacionales Uruguay Natural\u201d, organizada por la Asociaci\u00f3n Uruguaya de Ultramarat\u00f3n (A.U.D.U.) alcanzando el 2\u00ba puesto en la modalidad de seis horas de competencia. Tras recorrer 71 km y haber formado parte de un grupo compuesto por 100 atletas.<\/li>\n\n\n\n<li><strong>16. Vacaciones animadas<\/strong>.<\/li>\n<\/ul>\n\n\n\n<div style=\"height:33px\" aria-hidden=\"true\" class=\"wp-block-spacer\"><\/div>\n\n\n\n<hr class=\"wp-block-separator has-alpha-channel-opacity\"\/>\n\n\n\n<figure class=\"wp-block-embed is-type-wp-embed is-provider-ej-rcito-nacional wp-block-embed-ej-rcito-nacional\"><div class=\"wp-block-embed__wrapper\">\n<blockquote class=\"wp-embedded-content\" data-secret=\"WoKh51XqQr\"><a href=\"https:\/\/www.ejercito.mil.uy\/index.php\/2015\/06\/12\/revista-la-fuerza-de-todos-no-12\/\">Revista La Fuerza de todos N\u00ba 12<\/a><\/blockquote><iframe class=\"wp-embedded-content\" sandbox=\"allow-scripts\" security=\"restricted\" style=\"position: absolute; visibility: hidden;\" title=\"\u00abRevista La Fuerza de todos N\u00ba 12\u00bb \u2014 Ej\u00e9rcito Nacional\" src=\"https:\/\/www.ejercito.mil.uy\/index.php\/2015\/06\/12\/revista-la-fuerza-de-todos-no-12\/embed\/#?secret=4MkISyTQnC#?secret=WoKh51XqQr\" data-secret=\"WoKh51XqQr\" width=\"600\" height=\"338\" frameborder=\"0\" marginwidth=\"0\" marginheight=\"0\" scrolling=\"no\"><\/iframe>\n<\/div><\/figure>\n\n\n\n<div style=\"height:33px\" aria-hidden=\"true\" class=\"wp-block-spacer\"><\/div>\n\n\n\n<ul class=\"wp-block-list\">\n<li><strong>3. Un giro femenino.<\/strong><br>&#8211; Este a\u00f1o el Regimiento \u201cBlandengues de Artigas\u201d de Caballer\u00eda N\u00ba 1 recibi\u00f3 a su primera Oficial mujer. La Alf\u00e9rez Jessica Montes cont\u00f3 a La Fuerza de Todos sobre el significado de este logro y los desaf\u00edos que conlleva.<\/li>\n\n\n\n<li><strong>4. Recorriendo el mundo a trav\u00e9s del mapa.<\/strong><br>&#8211; Por primera vez, el Servicio Geogr\u00e1fico Militar tuvo el privilegio de organizar a nivel nacional el concurso internacional de dibujos de mapas para ni\u00f1os \u201cB\u00e1rbara Petchenik\u201d. Visitamos el Servicio, donde adem\u00e1s de poder apreciar los trabajos de los chicos, conversamos con la Sgto. (Maestra) Gabriela Pintos, quien nos cont\u00f3 sobre el desaf\u00edo de llevar adelante una convocatoria de estas caracter\u00edsticas, el proceso de selecci\u00f3n y la respuesta del p\u00fablico.<\/li>\n\n\n\n<li><strong>6. Aterrizando en tierras lejanas.<\/strong><br>&#8211; Carina Errico (Radio Monte Carlo &#8211; Gerente de Programaci\u00f3n) y Daniel Bianchi (conduce \u201cVia A\u00e9rea\u201d, que se emite semanalmente por el canal A+V) son dos de los periodistas uruguayos que tuvieron la posibilidad de viajar por primera vez a la Rep\u00fablica Democr\u00e1tica del Congo en el \u00faltimo relevo de tropas uruguayas. Habiendo compartido una experiencia \u00fanica e irrepetible, nos cuentan c\u00f3mo vivieron su pasaje por el continente africano.<\/li>\n\n\n\n<li><strong>8. Un nuevo a\u00f1o de festejos.<\/strong><br>&#8211; Celebraci\u00f3n del 204\u00ba aniversario de la creaci\u00f3n del Ej\u00e9rcito Nacional.<\/li>\n\n\n\n<li><strong>10. Recuerdos de valor.<\/strong><br>&#8211; El poder de la evocaci\u00f3n es una particularidad de la Rese\u00f1a del Regimiento \u201cBlandengues de Artigas\u201d de Caballer\u00eda N\u00ba 1. A trav\u00e9s de una serie de palabras que expanden el coraz\u00f3n, la Unidad relata el pasado de sus antecesores y representa a sus actuales integrantes.<\/li>\n\n\n\n<li><strong>12. Lazos camuflados.<\/strong><\/li>\n\n\n\n<li>&#8211; Cada a\u00f1o en el Instituto Milita las Armas y Especialidades (IMAE) se realizan cursos donde participan tanto instructores como alumnos extranjeros. En su visita al centro de estudios, La Fuerza de Todos dialog\u00f3 con camaradas de Brasil y Venezuela que contaron sobre su experiencia en el pa\u00eds.<\/li>\n\n\n\n<li><strong>14. Alerta permanente.<\/strong><br>&#8211; Integrantes del Departamento de Comunicaci\u00f3n Social de nuestro Ej\u00e9rcito se sumaron a la propuesta educativa de este reconocido Centro Argentino y participaron del curso \u201cPeriodistas en Zonas Hostiles\u201d \u201d que se realiz\u00f3 del 11 al 15 de mayo en el Centro Argentino de Entrenamiento Conjunto para Operaciones de Paz, (C.A.E.C.O.PAZ) en Campo de Mayo Rep\u00fablica Argentina.<\/li>\n\n\n\n<li><strong>15. Zapadores de acero.<\/strong><br>&#8211; El Tte. Cnel. Carlos Cerrone junto al Mayor Jorge Hourcade tienen a su cargo la organizaci\u00f3n de la Carrera \u201cZapadores de Acero\u201d, evento que se realizar\u00e1 en el mes de noviembre y que se enmarca dentro de los festejos por el centenario del Arma de Ingenieros.<br><strong>16. 19 de junio, d\u00eda de homenajes.<\/strong><\/li>\n<\/ul>\n\n\n\n<div style=\"height:33px\" aria-hidden=\"true\" class=\"wp-block-spacer\"><\/div>\n\n\n\n<hr class=\"wp-block-separator has-alpha-channel-opacity\"\/>\n\n\n\n<figure class=\"wp-block-embed is-type-wp-embed is-provider-ej-rcito-nacional wp-block-embed-ej-rcito-nacional\"><div class=\"wp-block-embed__wrapper\">\n<blockquote class=\"wp-embedded-content\" data-secret=\"f25Xlco8o1\"><a href=\"https:\/\/www.ejercito.mil.uy\/index.php\/2015\/05\/01\/revista-la-fuerza-de-todos-no-11\/\">Revista La Fuerza de todos N\u00ba 11<\/a><\/blockquote><iframe class=\"wp-embedded-content\" sandbox=\"allow-scripts\" security=\"restricted\" style=\"position: absolute; visibility: hidden;\" title=\"\u00abRevista La Fuerza de todos N\u00ba 11\u00bb \u2014 Ej\u00e9rcito Nacional\" src=\"https:\/\/www.ejercito.mil.uy\/index.php\/2015\/05\/01\/revista-la-fuerza-de-todos-no-11\/embed\/#?secret=4u4psThhTx#?secret=f25Xlco8o1\" data-secret=\"f25Xlco8o1\" width=\"600\" height=\"338\" frameborder=\"0\" marginwidth=\"0\" marginheight=\"0\" scrolling=\"no\"><\/iframe>\n<\/div><\/figure>\n\n\n\n<div style=\"height:33px\" aria-hidden=\"true\" class=\"wp-block-spacer\"><\/div>\n\n\n\n<ul class=\"wp-block-list\">\n<li><strong>3. Integridad de h\u00e9roe.<\/strong><\/li>\n\n\n\n<li>&#8211; El valor humano del Sargento Ricardo Saralegui y una adecuada instrucci\u00f3n como buzo t\u00e1ctico, hicieron posible el rescate de una vida.<\/li>\n\n\n\n<li><strong>4. Guardianes del agua.<\/strong><br>&#8211; El pasado jueves 26 de marzo, buzos t\u00e1cticos militares de todo el pa\u00eds se reunieron para actualizarse en la especialidad acu\u00e1tica. La Fuerza de Todos visit\u00f3 el Departamento de Maldonado y entrevist\u00f3 a los protagonistas.<\/li>\n\n\n\n<li><strong>6. Esp\u00edritu solidario ante lo desconocido.<\/strong><br>&#8211; Distanciarse de la familia y los afectos por motivos laborales, en oportunidades, no resulta tarea f\u00e1cil y menos si se permanecer\u00e1 casi un a\u00f1o a varios miles de kil\u00f3metros. La Soldado de Primera Elena Backer, de 24 a\u00f1os, relata su vivencia como traductora y el valioso aporte en el Centro Tulizeni, al formar parte del contingente que se despleg\u00f3 en Misi\u00f3n Operativa de Paz en la Rep\u00fablica Democr\u00e1tica del Congo.<\/li>\n\n\n\n<li><strong>8. La Fuerza de Todos cumple su primer a\u00f1o.<\/strong><\/li>\n\n\n\n<li><strong>10. Punto de partida para el conocimiento.<\/strong><br>&#8211; En pleno centro montevideano, en la esquina de Soriano y Paraguay nos encontramos con el Museo \u201c18 de mayo de 1811\u201d, emblema de los museos militares uruguayos. La Fuerza de Todos visit\u00f3 sus instalaciones, encontrando all\u00ed la oportunidad de tomar contacto con las ra\u00edces de nuestra instituci\u00f3n.<\/li>\n\n\n\n<li><strong>12. Compartir el \u00e9xito.<\/strong><br>&#8211; \u201cDar una mano\u201d a la ense\u00f1anza fue lo que incentiv\u00f3 al Sargento Jefferson Viera a participar en \u201cDise\u00f1ando el cambio para el Plan Ceibal\u201d.<\/li>\n\n\n\n<li><strong>14. El Cuartel General de Purificaci\u00f3n, capital de la Liga Federal.<\/strong><\/li>\n\n\n\n<li><strong>16. D\u00eda del Ej\u00e9rcito Nacional.<\/strong><\/li>\n<\/ul>\n\n\n\n<div style=\"height:33px\" aria-hidden=\"true\" class=\"wp-block-spacer\"><\/div>\n\n\n\n<hr class=\"wp-block-separator has-alpha-channel-opacity\"\/>\n\n\n\n<figure class=\"wp-block-embed is-type-wp-embed is-provider-ej-rcito-nacional wp-block-embed-ej-rcito-nacional\"><div class=\"wp-block-embed__wrapper\">\n<blockquote class=\"wp-embedded-content\" data-secret=\"RDv54abM4i\"><a href=\"https:\/\/www.ejercito.mil.uy\/index.php\/2015\/04\/01\/revista-la-fuerza-de-todos-no-10\/\">Revista La Fuerza de todos N\u00ba 10<\/a><\/blockquote><iframe class=\"wp-embedded-content\" sandbox=\"allow-scripts\" security=\"restricted\" style=\"position: absolute; visibility: hidden;\" title=\"\u00abRevista La Fuerza de todos N\u00ba 10\u00bb \u2014 Ej\u00e9rcito Nacional\" src=\"https:\/\/www.ejercito.mil.uy\/index.php\/2015\/04\/01\/revista-la-fuerza-de-todos-no-10\/embed\/#?secret=0YuO1sMNXK#?secret=RDv54abM4i\" data-secret=\"RDv54abM4i\" width=\"600\" height=\"338\" frameborder=\"0\" marginwidth=\"0\" marginheight=\"0\" scrolling=\"no\"><\/iframe>\n<\/div><\/figure>\n\n\n\n<div style=\"height:33px\" aria-hidden=\"true\" class=\"wp-block-spacer\"><\/div>\n\n\n\n<ul class=\"wp-block-list\">\n<li><strong>3. Descubriendo fragmentos de historia.<\/strong><br>&#8211; Entre los d\u00edas 31 de octubre y 3 de noviembre del pasado a\u00f1o se llev\u00f3 a cabo la instancia pr\u00e1ctica correspondiente al Proyecto Binacional \u201cBoquer\u00f3n del Sauce\u201d, emprendimiento arqueol\u00f3gico que naci\u00f3 en 2013.<\/li>\n\n\n\n<li><strong>4. Posgrado del bal\u00f3n.<\/strong><br>&#8211; La Escuela Militar (EM) logr\u00f3 conseguir la victoria en el campeonato de la divisional G de la Liga Universitaria.<\/li>\n\n\n\n<li><strong>6. Punto de partida para la paz.<\/strong><br>&#8211; La Escuela Nacional de Operaciones de Paz del Uruguay (ENOPU) tiene como misi\u00f3n fundamental, formar a todos los integrantes del Ministerio de Defensa, Ministerio del Interior y civiles que cumplen funciones en Misiones Operativas de Paz (MOP). Esta formaci\u00f3n se realiza en Uruguay desde 1955, a\u00f1o en que la ONU sugiri\u00f3 a los pa\u00edses miembros que contribu\u00edan en MOP, impartir una instrucci\u00f3n espec\u00edfica pre \u2013 despliegue.<\/li>\n\n\n\n<li><strong>8. 19 de abril de 1825: Desembarco de los Treinta y Tres Orientales.<\/strong><\/li>\n\n\n\n<li><strong>10. L\u00edderes en reconocimiento.<\/strong><br>&#8211; Reci\u00e9n llegado de Fort Benning, Georgia, el Teniente 2\u00ba Conrado Mart\u00ednez trasmiti\u00f3 su experiencia en el Curso Avanzado de Comandante de Secci\u00f3n de Tiradores Blindados y Tanques, impartido por el Centro de Instrucci\u00f3n de Blindados y Mecanizados (C.I.B.M.).<\/li>\n\n\n\n<li><strong>12. Construyendo nuevas oportunidades.<\/strong><br>&#8211; El poblado de Tres Islas, es una peque\u00f1a localidad del departamento de Cerro Largo que en febrero de 2014 fue fuertemente azotada por una sorpresiva turbonada. Sus habitantes resultaron gravemente afectados y requirieron asistencia inmediata, ayuda que el Ej\u00e9rcito no titube\u00f3 en brindar.<\/li>\n\n\n\n<li><strong>14. La Cabo Coraza, ejemplo de fidelidad y amor correspondido.<\/strong><\/li>\n\n\n\n<li><strong>16. Aniversario del D\u00eda del Paracaidista Militar y del Centro de Instrucci\u00f3n de Paracaidistas del Ej\u00e9rcito (C.I.P.E.).<\/strong><\/li>\n<\/ul>\n\n\n\n<div style=\"height:33px\" aria-hidden=\"true\" class=\"wp-block-spacer\"><\/div>\n\n\n\n<hr class=\"wp-block-separator has-alpha-channel-opacity\"\/>\n\n\n\n<figure class=\"wp-block-embed is-type-wp-embed is-provider-ej-rcito-nacional wp-block-embed-ej-rcito-nacional\"><div class=\"wp-block-embed__wrapper\">\n<blockquote class=\"wp-embedded-content\" data-secret=\"AZYOcjqbv5\"><a href=\"https:\/\/www.ejercito.mil.uy\/index.php\/2015\/03\/01\/revista-la-fuerza-de-todos-no-9\/\">Revista La Fuerza de todos N\u00ba 9<\/a><\/blockquote><iframe class=\"wp-embedded-content\" sandbox=\"allow-scripts\" security=\"restricted\" style=\"position: absolute; visibility: hidden;\" title=\"\u00abRevista La Fuerza de todos N\u00ba 9\u00bb \u2014 Ej\u00e9rcito Nacional\" src=\"https:\/\/www.ejercito.mil.uy\/index.php\/2015\/03\/01\/revista-la-fuerza-de-todos-no-9\/embed\/#?secret=igwlGqvQwj#?secret=AZYOcjqbv5\" data-secret=\"AZYOcjqbv5\" width=\"600\" height=\"338\" frameborder=\"0\" marginwidth=\"0\" marginheight=\"0\" scrolling=\"no\"><\/iframe>\n<\/div><\/figure>\n\n\n\n<div style=\"height:33px\" aria-hidden=\"true\" class=\"wp-block-spacer\"><\/div>\n\n\n\n<ul class=\"wp-block-list\">\n<li><strong>3. Conmemoraci\u00f3n de la Batalla de Guayabos.<\/strong><\/li>\n\n\n\n<li><strong>4. 2015 comienza con un alto inter\u00e9s en la propuesta educativa militar.<\/strong><br><strong>&#8211; <\/strong>Ya superadas las pruebas de ingreso a los diferentes Institutos de nuestra Fuerza, se ve un incremento en los j\u00f3venes interesados en la propuesta educativa militar.<\/li>\n\n\n\n<li><strong>5. Arma noble de tradici\u00f3n familiar.<\/strong><br>&#8211; No es un simple accesorio de sus galas e insignias, y para ella es m\u00e1s que un s\u00edmbolo de mando, tiene un significado intr\u00ednseco, su sable pertenec\u00eda al bisabuelo del abuelo, primera generaci\u00f3n de Oficiales del Ej\u00e9rcito Nacional. La novel Alf\u00e9rez \u00c1ngela Olmedo relat\u00f3 el valor de este legado familiar.<\/li>\n\n\n\n<li><strong>6. Destino Hait\u00ed.<\/strong><br>&#8211; El Comandante del Contingente Nacional en la Rep\u00fablica de Hait\u00ed y Jefe del Batall\u00f3n Uruguay V nos habl\u00f3 de su experiencia en las Misiones de Paz.<\/li>\n\n\n\n<li><strong>8. \u201cEl pueblo est\u00e1 en el Ej\u00e9rcito\u201d.<\/strong><br>&#8211; El d\u00eda 2 de febrero se llev\u00f3 a cabo la ceremonia de relevo, en la que el General de Ej\u00e9rcito Guido Manini R\u00edos, asumi\u00f3 el cargo de Comandante en Jefe del Ej\u00e9rcito, sustituyendo al General de Ej\u00e9rcito Juan A. Villagr\u00e1n.<\/li>\n\n\n\n<li><strong>11. El esfuerzo trae recompensa.<\/strong><br>&#8211; En busca de la superaci\u00f3n propia, cinco Soldados pertenecientes al Comando General del Ej\u00e9rcito decidieron presentarse a disputar becas de estudio en la Escuela Militar para ser Oficiales del Ej\u00e9rcito Nacional.<\/li>\n\n\n\n<li><strong>12. Quijotes del aire.<\/strong><br>&#8211; En el Centro de Instrucci\u00f3n de Paracaidistas del Ej\u00e9rcito (C.I.P.E.) el entrenamiento se identifica por su exigencia. Esto se debe a que su objetivo no reside solamente en capacitar sobre la habilidad de arrojarse de un avi\u00f3n, sino que ambiciona crear verdaderos l\u00edderes.<\/li>\n\n\n\n<li><strong>14. Corriendo hacia lo desconocido.<\/strong><br>&#8211; La Fuerza de Todos presenta un breve esbozo sobre la \u201cOrientaci\u00f3n\u201d, un deporte que en los \u00faltimos a\u00f1os ha venido sumando adeptos y se encuentra en permanente crecimiento. Retrato de una pr\u00e1ctica que surgi\u00f3 en \u00e1mbitos militares y supo extenderse con \u00e9xito al resto de la ciudadan\u00eda.-<\/li>\n\n\n\n<li><strong>15. De primera mano.<\/strong><br>&#8211; Entrevista al Mayor Luis Olaizola, quien cuenta con una vasta experiencia en pr\u00e1ctica y entrenamiento de este deporte a nivel militar y al Tte. 2\u00ba Pablo Sanguinetti, quien represent\u00f3 a Uruguay en el Campeonato Mundial de Orientaci\u00f3n en Vuokatti, Finlandia en 2013.<br><strong>16. Aniversario de la Escuela de Educaci\u00f3n F\u00edsica y Tiro del Ej\u00e9rcito.<\/strong><\/li>\n<\/ul>\n\n\n\n<div style=\"height:33px\" aria-hidden=\"true\" class=\"wp-block-spacer\"><\/div>\n\n\n\n<hr class=\"wp-block-separator has-alpha-channel-opacity\"\/>\n\n\n\n<figure class=\"wp-block-embed is-type-wp-embed is-provider-ej-rcito-nacional wp-block-embed-ej-rcito-nacional\"><div class=\"wp-block-embed__wrapper\">\n<blockquote class=\"wp-embedded-content\" data-secret=\"r51N4lqNHB\"><a href=\"https:\/\/www.ejercito.mil.uy\/index.php\/2014\/12\/01\/revista-la-fuerza-de-todos-no-1\/\">Revista La Fuerza de todos N\u00ba 8<\/a><\/blockquote><iframe class=\"wp-embedded-content\" sandbox=\"allow-scripts\" security=\"restricted\" style=\"position: absolute; visibility: hidden;\" title=\"\u00abRevista La Fuerza de todos N\u00ba 8\u00bb \u2014 Ej\u00e9rcito Nacional\" src=\"https:\/\/www.ejercito.mil.uy\/index.php\/2014\/12\/01\/revista-la-fuerza-de-todos-no-1\/embed\/#?secret=XFxeIgEP3o#?secret=r51N4lqNHB\" data-secret=\"r51N4lqNHB\" width=\"600\" height=\"338\" frameborder=\"0\" marginwidth=\"0\" marginheight=\"0\" scrolling=\"no\"><\/iframe>\n<\/div><\/figure>\n\n\n\n<div style=\"height:33px\" aria-hidden=\"true\" class=\"wp-block-spacer\"><\/div>\n\n\n\n<ul class=\"wp-block-list\">\n<li><strong>3. \u00a1Aprobado!<\/strong><br>&#8211; Finalizando un nuevo a\u00f1o lectivo, retornamos al Liceo Extra Edad de la Escuela de Sub Oficiales \u201cSargento Francisco de los Santos\u201d (E.S.O.E.), para conocer de mano de sus protagonistas c\u00f3mo transitaron esta experiencia y los futuros planes para esta instituci\u00f3n, que crece cada vez m\u00e1s.<\/li>\n\n\n\n<li><strong>4. Apuesta al futuro.<\/strong><br>&#8211; Regresamos al Liceo Militar \u201cGeneral Artigas\u201d para reencontrarnos con Maximiliano Pil\u00f3n (18) y Evelyn Sosa (18) \u2013entrevistados en la edici\u00f3n N\u00ba 2 \u2013 con el objetivo de que repasen en estas l\u00edneas c\u00f3mo fue su pasaje por la Instituci\u00f3n y c\u00f3mo eval\u00faan su participaci\u00f3n en \u201cLa Fuerza de Todos\u201d.<\/li>\n\n\n\n<li><strong>5. El ej\u00e9rcito te cambi\u00f3 la vida.<\/strong><br>&#8211; En la segunda edici\u00f3n de nuestra revista, presentamos al Soldado de 1\u00aa Luis Zalazar y su ejemplar historia de vida. Hoy, meses despu\u00e9s, nos reencontramos con \u00e9l.<\/li>\n\n\n\n<li><strong>6. Al ritmo del comp\u00e1s.<\/strong><br>&#8211; Nos reencontramos nuevamente con el Mayor (BM) Hugo Cotelo, Sub Director de la Escuela de M\u00fasicos del Ej\u00e9rcito (E.MUS.E.) para hacer un recuento sobre los logros y las metas alcanzadas en este a\u00f1o que se acerca a su fin.<\/li>\n\n\n\n<li><strong>7. Fotograf\u00eda deportiva.<\/strong><br>&#8211; La Capit\u00e1n Romilda Porrini contin\u00faa cosechando logros. Este a\u00f1o clasific\u00f3 para el mundial de distancia Iron man en Kona, Hawaii. Es el primer atleta uruguayo que lo consigue.<\/li>\n\n\n\n<li><strong>10. Riendas de existencia.<\/strong><br>&#8211; El Teniente Primero Esteban Vieta hace su resumen del a\u00f1o y el balance de aquella instancia en la cual en el departamento de Flores pudo conectar las dos puntas de la vida a trav\u00e9s del Grupo \u201c\u00c9xodo del Pueblo Oriental\u201d A\/ P 122 mm de Artiller\u00eda N\u00ba 2.<\/li>\n\n\n\n<li><strong>11. Planes de vida.<\/strong><br>&#8211; Mantener el esp\u00edritu, pero estar dispuesto al cambio, son las claves que tiene la Escuela de Comunicaci\u00f3n del Ej\u00e9rcito, cuando construye un mejor destino para sus alumnos.<\/li>\n\n\n\n<li><strong>12. Veh\u00edculo de logro.<\/strong><br>&#8211; El Teniente Coronel Carlos Cerrone &#8211; entrevistado en la edici\u00f3n N\u00ba 7 de La Fuerza de Todos &#8211; quien se desempe\u00f1a en el Servicio de Transporte del Ej\u00e9rcito, realiz\u00f3 un balance de lo que fue el 2014.<\/li>\n\n\n\n<li><strong>12. Un 2014 con mucho sudor.<\/strong><br>&#8211; La labor realizada durante el a\u00f1o fue un \u00e9xito. Tanto desde el punto de vista de mantenimiento como desde el desempe\u00f1o deportivo, es aplaudible la gesti\u00f3n del Club Social y deportivo Andresito.<\/li>\n\n\n\n<li><strong>13. Aroma al papel.<\/strong><br>&#8211; El Teniente Coronel Julio Ugartemend\u00eda cont\u00f3 a la Fuerza de Todos acerca de la labor que se realiza en la imprenta y reflexion\u00f3 sobre el significado que tiene la revista y la historieta Cimarr\u00f3n para el Ej\u00e9rcito.<\/li>\n\n\n\n<li><strong>14. \u201cEstos son peque\u00f1\u00edsimos pasos que se dan pero se dan, celebremos esos pasos que se dan\u201d.<\/strong><br>&#8211; Federico Paz nos recibi\u00f3 en las instalaciones de Canal 4 para darnos su impresi\u00f3n de la revista y lo que genera este medio que el Ej\u00e9rcito Nacional eligi\u00f3 para difundir en una manera distinta de comunicaci\u00f3n.<\/li>\n\n\n\n<li><strong>15. Una mirada sociol\u00f3gica por la Lic. Silvina Brun.<\/strong><br>&#8211; La Lic. en Sociolog\u00eda Silvina Brun nos presenta en estas l\u00edneas, un an\u00e1lisis sobre la evoluci\u00f3n del proceso comunicativo que ha llevado adelante el Ej\u00e9rcito Nacional a lo largo de este a\u00f1o.<\/li>\n<\/ul>\n\n\n\n<div style=\"height:33px\" aria-hidden=\"true\" class=\"wp-block-spacer\"><\/div>\n\n\n\n<hr class=\"wp-block-separator has-alpha-channel-opacity\"\/>\n\n\n\n<figure class=\"wp-block-embed is-type-wp-embed is-provider-ej-rcito-nacional wp-block-embed-ej-rcito-nacional\"><div class=\"wp-block-embed__wrapper\">\n<blockquote class=\"wp-embedded-content\" data-secret=\"qIRRYynH8y\"><a href=\"https:\/\/www.ejercito.mil.uy\/index.php\/2014\/11\/01\/revista-la-fuerza-de-todos-no-7\/\">Revista La Fuerza de todos N\u00ba 7<\/a><\/blockquote><iframe class=\"wp-embedded-content\" sandbox=\"allow-scripts\" security=\"restricted\" style=\"position: absolute; visibility: hidden;\" title=\"\u00abRevista La Fuerza de todos N\u00ba 7\u00bb \u2014 Ej\u00e9rcito Nacional\" src=\"https:\/\/www.ejercito.mil.uy\/index.php\/2014\/11\/01\/revista-la-fuerza-de-todos-no-7\/embed\/#?secret=oFQhIH2bUW#?secret=qIRRYynH8y\" data-secret=\"qIRRYynH8y\" width=\"600\" height=\"338\" frameborder=\"0\" marginwidth=\"0\" marginheight=\"0\" scrolling=\"no\"><\/iframe>\n<\/div><\/figure>\n\n\n\n<div style=\"height:33px\" aria-hidden=\"true\" class=\"wp-block-spacer\"><\/div>\n\n\n\n<ul class=\"wp-block-list\">\n<li><strong>Club de ciencias.<\/strong><br>&#8211; Este a\u00f1o, el Liceo Militar \u201cGeneral Artigas\u201d fue el espacio donde se organiz\u00f3 la feria de los clubes de Ciencia en Montevideo. Los proyectos de la instituci\u00f3n recibieron reconocimientos y menciones especiales.<\/li>\n\n\n\n<li><strong>4. Cabalgando al ritmo de la globalizaci\u00f3n.<\/strong><br>&#8211; La Escuela \u201cGrito de Asencio\u201d de Equitaci\u00f3n del Ej\u00e9rcito (E.EQ.E.) posee una numerosa y avanzada oferta educativa para quienes deseen poseer formaci\u00f3n acad\u00e9mica en el \u00e1rea de las disciplinas ecuestres. Los invitamos a conocerla.<\/li>\n\n\n\n<li><strong>6. Una misi\u00f3n de pel\u00edcula.<\/strong><br>&#8211; Con una s\u00e1bana blanca, un ordenador y unos parlantes, las Tropas Uruguayas llevaron un poco de la magia del s\u00e9ptimo arte a las poblaciones congolesas y haitianas.<\/li>\n\n\n\n<li><strong>8. Vocaci\u00f3n que crece en armon\u00eda.<\/strong><br>&#8211; 80 a\u00f1os cumple el pr\u00f3ximo a\u00f1o la Banda de M\u00fasicos de la Escuela Militar. Con motivo del D\u00eda del M\u00fasico Militar &#8211; que se celebra el 22 de noviembre \u2013 La Fuerza de Todos presenta un homenaje a todos quienes han llevado adelante con dedicaci\u00f3n y entrega tan noble profesi\u00f3n.<\/li>\n\n\n\n<li><strong>10. Cuenta regresiva: trabajando al l\u00edmite.<\/strong><br>&#8211; En el interior del Servicio de Material y Armamento se encuentra la Brigada de Explosivos, \u00f3rgano operativo del Ej\u00e9rcito Nacional que tiene como cometido principal la protecci\u00f3n de la poblaci\u00f3n a trav\u00e9s de la r\u00e1pida acci\u00f3n de desactivaci\u00f3n de artefactos explosivos.<\/li>\n\n\n\n<li><strong>12. Por el camino de la Patria.<\/strong><br>&#8211; Esp\u00edritu de Cuerpo, respeto y orgullo son los objetivos que persiguen los instructores a la hora de formar a los nuevos Soldados Orientales, quienes llevan consigo una gran cantidad de metas a alcanzar. Es entonces que, el Comando General del Ej\u00e9rcito realiz\u00f3 una maniobra de la Unidad en virtud de que los j\u00f3venes tengan una experiencia en campo militar, para muchos, desconocida.<\/li>\n\n\n\n<li><strong>14. Jinete regional.<\/strong><br>&#8211; El Ej\u00e9rcito Nacional brinda su colaboraci\u00f3n en el testeo del Gaucho, un proyecto, actualmente argentino, que persigue la invenci\u00f3n de un veh\u00edculo pr\u00e1ctico.<\/li>\n\n\n\n<li><strong>15. La constancia hacia una vida independiente.<\/strong><br>&#8211; La Soldado Sof\u00eda Correa de 23 a\u00f1os fue criada en un hogar de Aldeas Infantiles SOS (Uruguay) y hoy se desempe\u00f1a en el Batall\u00f3n de Infanter\u00eda Mecanizado N\u00ba 15.<\/li>\n\n\n\n<li><strong>16. Reconocimiento a la creatividad.<\/strong><br>&#8211; El pasado 30 de octubre, en la Glorieta \u201cPort\u00f3n Patria Vieja\u201d del Comando General del Ej\u00e9rcito tuvo lugar la ceremonia de premiaci\u00f3n del Concurso Literario y de Pintura \u201c250 Aniversario del Natalicio del General Jos\u00e9 Gervasio Artigas\u201d.<\/li>\n<\/ul>\n\n\n\n<div style=\"height:33px\" aria-hidden=\"true\" class=\"wp-block-spacer\"><\/div>\n\n\n\n<hr class=\"wp-block-separator has-alpha-channel-opacity\"\/>\n\n\n\n<figure class=\"wp-block-embed is-type-wp-embed is-provider-ej-rcito-nacional wp-block-embed-ej-rcito-nacional\"><div class=\"wp-block-embed__wrapper\">\n<blockquote class=\"wp-embedded-content\" data-secret=\"GvkYygqyBq\"><a href=\"https:\/\/www.ejercito.mil.uy\/index.php\/2014\/10\/01\/revista-la-fuerza-de-todos-no-6\/\">Revista La Fuerza de todos N\u00ba 6<\/a><\/blockquote><iframe class=\"wp-embedded-content\" sandbox=\"allow-scripts\" security=\"restricted\" style=\"position: absolute; visibility: hidden;\" title=\"\u00abRevista La Fuerza de todos N\u00ba 6\u00bb \u2014 Ej\u00e9rcito Nacional\" src=\"https:\/\/www.ejercito.mil.uy\/index.php\/2014\/10\/01\/revista-la-fuerza-de-todos-no-6\/embed\/#?secret=SnqYFmcKjS#?secret=GvkYygqyBq\" data-secret=\"GvkYygqyBq\" width=\"600\" height=\"338\" frameborder=\"0\" marginwidth=\"0\" marginheight=\"0\" scrolling=\"no\"><\/iframe>\n<\/div><\/figure>\n\n\n\n<div style=\"height:33px\" aria-hidden=\"true\" class=\"wp-block-spacer\"><\/div>\n\n\n\n<ul class=\"wp-block-list\">\n<li><strong>3. Hay equipo.<\/strong><br>&#8211; En el coraz\u00f3n del Club Social y Deportivo Andresito varios ni\u00f1os nadan hacia adelante. El plantel de nataci\u00f3n crece y compite con la ayuda de los entrenadores y los padres.<\/li>\n\n\n\n<li><strong>4. Tiempo para el reencuentro con las ra\u00edces.<\/strong><br>&#8211; El museo que se encuentra en el interior del Regimiento \u201cBlandengues de Artigas\u201d de Caballer\u00eda N\u00b0 1 atesora un valioso acervo hist\u00f3rico que conjuga con \u00e9xito lo que los orientales definimos como \u201cidentidad nacional\u201d.<\/li>\n\n\n\n<li><strong>6. La mediadora del mundo.<\/strong><br>&#8211; Se cumplen 69 a\u00f1os del nacimiento de la Organizaci\u00f3n de las Naciones Unidas, actualmente compuesta por 193 Estados miembros.<\/li>\n\n\n\n<li><strong>8. \u201cCarabina a la espalda y sable en mano\u201d<\/strong><br>&#8211; El 25 de octubre de 1825 el Congreso de las Provincias Unidas admite al representante Oriental, aceptando as\u00ed la uni\u00f3n planteada el 25 de agosto en la Asamblea de la Florida.<\/li>\n\n\n\n<li><strong>10. Seguridad vial a la vanguardia.<\/strong><br>&#8211; El Servicio de Transporte del Ej\u00e9rcito, cuenta desde hace una d\u00e9cada con un gabinete psicot\u00e9cnico cuyo fin consiste en evaluar las distintas capacidades que hacen competentes a actuales y futuros conductores.<\/li>\n\n\n\n<li><strong>11. Los halcones siguen volando.<\/strong><br>&#8211; Pertenencia, Identidad y Esp\u00edritu de Cuerpo son las palabras esenciales que caracterizan a un curso de \u201calto vuelo\u201d realizado por el Batall\u00f3n de Infanter\u00eda Mecanizado N\u00ba15.<\/li>\n\n\n\n<li><strong>12. Colaborando con el proceso de aprendizaje.<\/strong><br>&#8211; Es el precepto por el que se rige la Fundaci\u00f3n \u201cGeneral de Divisi\u00f3n Pedro Sicco\u201d, Instituci\u00f3n creada con la meta de atender y satisfacer necesidades de los institutos educativos militares.<\/li>\n\n\n\n<li><strong>13. Un alumno con esencia de profesor.<\/strong><br>&#8211; Mat\u00edas Ferreira, en quinto a\u00f1o de liceo aprob\u00f3 el examen correspondiente al nivel Proficiency (el nivel m\u00e1s alto del idioma ingl\u00e9s) y decidi\u00f3 que no quer\u00eda reservarse ese conocimiento para s\u00ed mismo. Hoy da clases honorarias en una escuela en Villa Espa\u00f1ola.<\/li>\n\n\n\n<li><strong>14. Intermediario entre culturas.<\/strong><\/li>\n\n\n\n<li>&#8211; El Soldado de Primera Marcos Silva perteneciente al Batall\u00f3n \u201cItuzaing\u00f3\u201d de Infanter\u00eda N\u00ba 7, ingres\u00f3 al Ej\u00e9rcito Nacional en el a\u00f1o 1992. Con 22 a\u00f1os de Servicio, presenta una destacada actuaci\u00f3n en Misiones Operativas de Paz.<\/li>\n\n\n\n<li><strong>16. La comunicaci\u00f3n.<\/strong><br>&#8211; En el marco del D\u00eda del Periodista queremos dar a conocer la labor del Departamento de Comunicaci\u00f3n Social del Ej\u00e9rcito, que tiene entre sus tareas difundir las actividades que realiza nuestra Fuerza.<\/li>\n<\/ul>\n\n\n\n<div style=\"height:33px\" aria-hidden=\"true\" class=\"wp-block-spacer\"><\/div>\n\n\n\n<hr class=\"wp-block-separator has-alpha-channel-opacity\"\/>\n\n\n\n<figure class=\"wp-block-embed is-type-wp-embed is-provider-ej-rcito-nacional wp-block-embed-ej-rcito-nacional\"><div class=\"wp-block-embed__wrapper\">\n<blockquote class=\"wp-embedded-content\" data-secret=\"IvFhBhnkAB\"><a href=\"https:\/\/www.ejercito.mil.uy\/index.php\/2014\/09\/01\/revista-la-fuerza-de-todos-no-5\/\">Revista La Fuerza de todos N\u00ba 5<\/a><\/blockquote><iframe class=\"wp-embedded-content\" sandbox=\"allow-scripts\" security=\"restricted\" style=\"position: absolute; visibility: hidden;\" title=\"\u00abRevista La Fuerza de todos N\u00ba 5\u00bb \u2014 Ej\u00e9rcito Nacional\" src=\"https:\/\/www.ejercito.mil.uy\/index.php\/2014\/09\/01\/revista-la-fuerza-de-todos-no-5\/embed\/#?secret=hKJAVZowPe#?secret=IvFhBhnkAB\" data-secret=\"IvFhBhnkAB\" width=\"600\" height=\"338\" frameborder=\"0\" marginwidth=\"0\" marginheight=\"0\" scrolling=\"no\"><\/iframe>\n<\/div><\/figure>\n\n\n\n<div style=\"height:33px\" aria-hidden=\"true\" class=\"wp-block-spacer\"><\/div>\n\n\n\n<ul class=\"wp-block-list\">\n<li><strong>3. Certificando el saber.<\/strong><br>&#8211; El Centro de Instrucci\u00f3n de Ingenieros (C.I.ING.) brinda la oportunidad de que el Personal Subalterno del Ej\u00e9rcito Nacional tenga certificado por la Universidad del Trabajo del Uruguay (UTU) un oficio de alba\u00f1iler\u00eda, a trav\u00e9s de un novedoso curso de \u201cAcreditaci\u00f3n de saberes\u201d.<\/li>\n\n\n\n<li><strong>4. Proyectarse a m\u00e1s.<\/strong><br>&#8211; Mediante un convenio con la UTU, la Escuela de Comunicaciones del Ej\u00e9rcito ha logrado convertir su carrera en una oportunidad para seguir conquistando metas.<\/li>\n\n\n\n<li><strong>6. La causa hace la haza\u00f1a.<\/strong><br>&#8211; Memorias de una haza\u00f1a que permanecer\u00e1 para el recuerdo. D\u00edas despu\u00e9s del terremoto de Hait\u00ed, los cascos azules uruguayos se colaron en un bloqueo a\u00e9reo -realizado por EEUU- con el fin de salvar vidas.<\/li>\n\n\n\n<li><strong>8. La partida de nuestro pr\u00f3cer.<\/strong><br>&#8211; El Mausoleo del General Artigas, ubicado en la Plaza Independencia fue inaugurado en 1977, y desde entonce se ha convertido en un \u00edcono de la capital. Portador de un gran atractivo hist\u00f3rico, cultural y tur\u00edstico, congrega anualmente gran cantidad de visitantes pro- venientes de todos los pa\u00edses.<\/li>\n\n\n\n<li><strong>10. Por cambio de Gloria y Valor.<\/strong><br>&#8211; El Batall\u00f3n de Infanter\u00eda Blindado N\u00ba 13 ofreci\u00f3, una vez m\u00e1s, la instrucci\u00f3n necesaria para manejar veh\u00edculos operacionales.<\/li>\n\n\n\n<li><strong>12. Dejando huellas.<\/strong><br>&#8211; Se realiz\u00f3 una nueva edici\u00f3n del curso \u201cOperaci\u00f3n y Mantenimiento de Tanques Medianos T-55\u201d actividad anual que cont\u00f3 con la participaci\u00f3n de alumnos provenientes de diversas Unidades Militares. La Fuerza de Todos se traslad\u00f3 al departamento de Cerro Largo y habl\u00f3 con sus participantes. Entre ellos, la primera mujer conductora de esta clase de veh\u00edculo.<\/li>\n\n\n\n<li><strong>14. Todos conectados.<\/strong><br>&#8211; La Escuela de Idiomas del Ej\u00e9rcito, perteneciente al Instituto Militar de Estudios Superiores (IMES), ofrece una variedad de cursos para adquirir el dominio de otros idiomas, entre ellos el ingl\u00e9s.<\/li>\n\n\n\n<li><strong>15. Transici\u00f3n hacia una nueva etapa.<\/strong><br>&#8211; 48 Oficiales del Ej\u00e9rcito Nacional fueron homenajeados este a\u00f1o tras pasar a situaci\u00f3n de Retiro, en una jornada colmada de emotividad y agradecimientos.<\/li>\n\n\n\n<li><strong>16. Ej\u00e9rcito Nacional en Expo Prado 2014.<\/strong><\/li>\n<\/ul>\n\n\n\n<div style=\"height:33px\" aria-hidden=\"true\" class=\"wp-block-spacer\"><\/div>\n\n\n\n<hr class=\"wp-block-separator has-alpha-channel-opacity\"\/>\n\n\n\n<figure class=\"wp-block-embed is-type-wp-embed is-provider-ej-rcito-nacional wp-block-embed-ej-rcito-nacional\"><div class=\"wp-block-embed__wrapper\">\n<blockquote class=\"wp-embedded-content\" data-secret=\"s3l4nArxXN\"><a href=\"https:\/\/www.ejercito.mil.uy\/index.php\/2014\/08\/08\/revista-la-fuerza-de-todos-no-4\/\">Revista La Fuerza de todos N\u00ba 4<\/a><\/blockquote><iframe class=\"wp-embedded-content\" sandbox=\"allow-scripts\" security=\"restricted\" style=\"position: absolute; visibility: hidden;\" title=\"\u00abRevista La Fuerza de todos N\u00ba 4\u00bb \u2014 Ej\u00e9rcito Nacional\" src=\"https:\/\/www.ejercito.mil.uy\/index.php\/2014\/08\/08\/revista-la-fuerza-de-todos-no-4\/embed\/#?secret=CogTezSEIO#?secret=s3l4nArxXN\" data-secret=\"s3l4nArxXN\" width=\"600\" height=\"338\" frameborder=\"0\" marginwidth=\"0\" marginheight=\"0\" scrolling=\"no\"><\/iframe>\n<\/div><\/figure>\n\n\n\n<div style=\"height:33px\" aria-hidden=\"true\" class=\"wp-block-spacer\"><\/div>\n\n\n\n<ul class=\"wp-block-list\">\n<li><strong>3. Recorriendo el Pa\u00eds.<\/strong><br>&#8211; El Departamento de Comunicaci\u00f3n Social del Ej\u00e9rcito se encuentra realizando el Seminario\/Taller <em>\u201cEl Ej\u00e9rcito y los Medios de Comunicaci\u00f3n\u201d<\/em> iniciativa que pretende proveer a los Oficiales de Comunicaci\u00f3n Social de herramientas pr\u00e1cticas para generar un constante y din\u00e1mico intercambio con los medios.<\/li>\n\n\n\n<li><strong>3. Clubes de Ciencias del Liceo Militar \u201cGeneral Artigas\u201d.<\/strong><br>&#8211; Alumnos del Liceo Militar \u201cGeneral Artigas\u201d participaron en el Congreso de Clubes de Ciencias de Montevideo, realizado en la sede del Instituto Tecnol\u00f3gico Superior.<\/li>\n\n\n\n<li><strong>4. Yo Reciclo: tecnolog\u00eda, innovaci\u00f3n y creatividad.<\/strong><br>&#8211; En el marco del concurso de Antel \u201c24 horas de innovaci\u00f3n\u201d, realizado en mayo, la Soldado de Primera Valeria Alvez relata los detalles de su proyecto, tras obtener el primer puesto.<\/li>\n\n\n\n<li><strong>5. Al filo del deporte.<\/strong><br>&#8211; Hace un a\u00f1o Sof\u00eda Ribero daba sus primeros pasos en un deporte poco conocido para el com\u00fan de la gente, la esgrima.<\/li>\n\n\n\n<li><strong>6. Las piernas de la paz.<\/strong><br>&#8211; El apoyo del Ej\u00e9rcito Uruguayo a la Multinational Force &amp; Observers (MFO) se realiza desde al a\u00f1o 1982.<\/li>\n\n\n\n<li><strong>8. El sue\u00f1o de la Independencia.<\/strong><\/li>\n\n\n\n<li><strong>10. Desaf\u00edo de aventura.<\/strong><br>&#8211; La Capit\u00e1n (V- IA) Romilda Porrini, actualmente prestando servicio en el Regimiento \u201cBlandengues de Artigas\u201d de Caballer\u00eda N\u00ba 1, contin\u00faa cruzando barreras en cuanto a sus destrezas deportivas.<\/li>\n\n\n\n<li><strong>11. Motor de vida.<\/strong><br>&#8211; El Teniente 1\u00ba Esteban Vieta fue uno de los galardonados en los Premios Chamang\u00e1 2014, oportunidad en la que se reconoce a personas del \u00e1mbito cultural y social del departamento de Flores.<\/li>\n\n\n\n<li><strong>12. Preparados par el desaf\u00edo.<\/strong><br>&#8211; El Capit\u00e1n Sergio Romero tendr\u00eda que poner en pr\u00e1ctica los conocimientos de reanimaci\u00f3n card\u00edaca que hab\u00eda recibido en el Ej\u00e9rcito, cuando la situaci\u00f3n as\u00ed lo requiri\u00f3, y decisiva fue la respuesta. Historia que enlaza lo inesperado con la satisfacci\u00f3n del \u201cdeber cumplido\u201d.<\/li>\n\n\n\n<li><strong>14. Rompiendo barreras.<\/strong><br>&#8211; \u201cQuiero darle las gracias al Ej\u00e9rcito por todo el respeto y el cari\u00f1o\u201d. La Fuerza de Todos viaj\u00f3 a Melo, para conocer a Gabriel Arancet, un hombre portador de una discapacidad motriz, ferviente entusiasta de las actividades militares. Reunidos en su hogar, compartimos con \u00e9l una c\u00e1lida charla en la que nos ense\u00f1\u00f3 que, con perseverancia, todo es posible.<\/li>\n\n\n\n<li><strong>15. Operaciones Militares en terreno urbano.<\/strong><br>&#8211; Mantener y optimizar el buen desempe\u00f1o de nuestros efectivos en Operaciones de Mantenimiento de la Paz.<\/li>\n\n\n\n<li><strong>16. Clases de Esgrima en el Club Social y Deportivo \u201cAndresito\u201d.<\/strong><\/li>\n<\/ul>\n\n\n\n<div style=\"height:33px\" aria-hidden=\"true\" class=\"wp-block-spacer\"><\/div>\n\n\n\n<hr class=\"wp-block-separator has-alpha-channel-opacity\"\/>\n\n\n\n<figure class=\"wp-block-embed is-type-wp-embed is-provider-ej-rcito-nacional wp-block-embed-ej-rcito-nacional\"><div class=\"wp-block-embed__wrapper\">\n<blockquote class=\"wp-embedded-content\" data-secret=\"EoEkiyUvdp\"><a href=\"https:\/\/www.ejercito.mil.uy\/index.php\/2014\/07\/01\/revista-la-fuerza-de-todos-no-3\/\">Revista La Fuerza de todos N\u00ba 3<\/a><\/blockquote><iframe class=\"wp-embedded-content\" sandbox=\"allow-scripts\" security=\"restricted\" style=\"position: absolute; visibility: hidden;\" title=\"\u00abRevista La Fuerza de todos N\u00ba 3\u00bb \u2014 Ej\u00e9rcito Nacional\" src=\"https:\/\/www.ejercito.mil.uy\/index.php\/2014\/07\/01\/revista-la-fuerza-de-todos-no-3\/embed\/#?secret=gypBP33eFb#?secret=EoEkiyUvdp\" data-secret=\"EoEkiyUvdp\" width=\"600\" height=\"338\" frameborder=\"0\" marginwidth=\"0\" marginheight=\"0\" scrolling=\"no\"><\/iframe>\n<\/div><\/figure>\n\n\n\n<div style=\"height:33px\" aria-hidden=\"true\" class=\"wp-block-spacer\"><\/div>\n\n\n\n<ul class=\"wp-block-list\">\n<li><strong>3. Conocer el pa\u00eds a trav\u00e9s del mapa.<\/strong><br>&#8211; La creaci\u00f3n del e-Book es el segundo gran paso del proyecto iniciado en el a\u00f1o 2009 con la creaci\u00f3n del Atlas Cartogr\u00e1fico del Uruguay en formato libro.<\/li>\n\n\n\n<li><strong>4. Nuevos desaf\u00edos en busca de la superaci\u00f3n.<\/strong><br>&#8211; \u201cVos pod\u00e9s\u201d es el lema de la Escuela Militar, Instituto que brinda herramientas y oportunidades para desarrollar al m\u00e1ximo el potencial y aptitudes de sus alumnos.<\/li>\n\n\n\n<li><strong>6. Abastecimiento y purificaci\u00f3n del agua.<\/strong><br>&#8211; Dentro del Ej\u00e9rcito Nacional, el Arma de Ingenieros es quien cumple con la misi\u00f3n de proporcionar un servicio eficiente de agua potable a las Unidades en Operaciones, teniendo en cuenta la calidad, cantidad, continuidad y confiabilidad. Por lo tanto, en las Misiones de Paz de O.N.U. es muy importante esta tarea por parte de Ingenieros, habiendo desplegadas varias unidades de potabilizaci\u00f3n de agua (U.P.A.) tanto en la Rep\u00fablica Democr\u00e1tica del Congo como en la Rep\u00fablica de Hait\u00ed.<\/li>\n\n\n\n<li><strong>8. 184\u00b0 aniversario de la Jura de la Constituci\u00f3n.<\/strong><\/li>\n\n\n\n<li><strong>10. Una nueva oportunidad.<\/strong><br>&#8211; Juguetes, \u00fatiles y ropa fueron donados al hogar \u201cLlama de amor\u201d de la ciudad de Goma.<\/li>\n\n\n\n<li><strong>11. Historias de vocaci\u00f3n y fortaleza.<\/strong><br>&#8211; Un grupo de periodistas viaj\u00f3 a la Rep\u00fablica Democr\u00e1tica del Congo para conocer las actividades que realizan los Cascos Azules en ese territorio. La finalidad de los comunicadores fue acercar a la sociedad uruguaya una realidad de la que no est\u00e1n suficientemente informados.<\/li>\n\n\n\n<li><strong>12. Amor por la m\u00fasica.<\/strong><br>&#8211; El 1\u00ba de julio de 1943 se cre\u00f3 la Escuela de M\u00fasicos del Ej\u00e9rcito (E.MUS.E.), Instituci\u00f3n caracterizada por la dedicaci\u00f3n y esfuerzo de sus profesores en la formaci\u00f3n de los futuros integrantes de las bandas de esta Fuerza.<\/li>\n\n\n\n<li><strong>14. Comprometidos con la naturaleza.<\/strong><br>&#8211; El Servicio de Parques del Ej\u00e9rcito (SE.PA.E.) desarrolla en el correr del a\u00f1o una serie de actividades en el Parque Nacional de Santa Teresa en procura de la concientizaci\u00f3n de la sociedad respecto al cuidado del medio ambiente.<\/li>\n\n\n\n<li><strong>15. Trabajo en equipo para salvar vidas.<\/strong><br>&#8211; En la Brigada de Infanter\u00eda N\u00ba1 se encuentra el Centro de Instrucci\u00f3n de Perros de Trabajo Militar del Ej\u00e9rcito, donde el Grupo de Operaciones K9 es la herramienta operativa. El personal es capacitado en B\u00fasqueda y Detecci\u00f3n de Explosivos, B\u00fasqueda y Rescate de Personas, Patrullaje de Seguridad y todas aquellas tareas que el mando asigne.<\/li>\n\n\n\n<li><strong>16. Paz y Deporte para el mundo.<\/strong><\/li>\n<\/ul>\n\n\n\n<div style=\"height:33px\" aria-hidden=\"true\" class=\"wp-block-spacer\"><\/div>\n\n\n\n<hr class=\"wp-block-separator has-alpha-channel-opacity\"\/>\n\n\n\n<figure class=\"wp-block-embed is-type-wp-embed is-provider-ej-rcito-nacional wp-block-embed-ej-rcito-nacional\"><div class=\"wp-block-embed__wrapper\">\n<blockquote class=\"wp-embedded-content\" data-secret=\"LrLgW8cWVd\"><a href=\"https:\/\/www.ejercito.mil.uy\/index.php\/2014\/06\/12\/revista-la-fuerza-de-todos-no-2\/\">Revista La Fuerza de todos N\u00ba 2<\/a><\/blockquote><iframe class=\"wp-embedded-content\" sandbox=\"allow-scripts\" security=\"restricted\" style=\"position: absolute; visibility: hidden;\" title=\"\u00abRevista La Fuerza de todos N\u00ba 2\u00bb \u2014 Ej\u00e9rcito Nacional\" src=\"https:\/\/www.ejercito.mil.uy\/index.php\/2014\/06\/12\/revista-la-fuerza-de-todos-no-2\/embed\/#?secret=htbYTjUK1A#?secret=LrLgW8cWVd\" data-secret=\"LrLgW8cWVd\" width=\"600\" height=\"338\" frameborder=\"0\" marginwidth=\"0\" marginheight=\"0\" scrolling=\"no\"><\/iframe>\n<\/div><\/figure>\n\n\n\n<div style=\"height:33px\" aria-hidden=\"true\" class=\"wp-block-spacer\"><\/div>\n\n\n\n<ul class=\"wp-block-list\">\n<li><strong>3. El Ej\u00e9rcito Nacional y alumnos de U.T.U. unen conocimientos.<\/strong><br>&#8211; Desde el 2011 el Regimiento \u201cAtanasildo Su\u00e1rez\u201d de Caballer\u00eda Mecanizado N\u00ba6 se encuentra trabajando en una experiencia piloto con la Universidad del Trabajo del Uruguay (U.T.U.) de San Ram\u00f3n.<\/li>\n\n\n\n<li><strong>4. Tan ilustrados como unidos<\/strong>.<br>&#8211; Despertar y cultivar valores de la personalidad de los alumnos, tales como el sentido del deber, disciplina, responsabilidad individual y colectiva, son algunos de los cometidos del Liceo Militar \u201cGeneral Artigas\u201d.<\/li>\n\n\n\n<li><strong>6. Mejor calidad de vida gracias al deporte.<\/strong><br>&#8211; Escuela de f\u00fatbol para ni\u00f1os situada en Kivu del Norte (Rep\u00fablica Democr\u00e1tica del Congo).<\/li>\n\n\n\n<li><strong>8. 250\u00b0 aniversario del General don Jos\u00e9 Gervasio Artigas.<\/strong><\/li>\n\n\n\n<li><strong>10. Experiencia y aprendizaje para m\u00e9dicos en Misi\u00f3n de Paz.<\/strong><br>&#8211; La labor que realizan los m\u00e9dicos como integrantes de los cascos azules en zonas de conflicto significa una importante experiencia de vida. La Mayor (M\u00e9dico) Martha Silveira relat\u00f3 a La Fuerza de Todos su experiencia en las Misiones Operativas de Paz.<\/li>\n\n\n\n<li><strong>11. Cimarr\u00f3n se fue a la Rep\u00fablica Democr\u00e1tica del Congo.<\/strong><br>&#8211; El Presidente de la Asociaci\u00f3n Uruguaya de Creadores de Historietas (A.U.C.H.), Alejandro Rodr\u00edguez, viaj\u00f3 a la Rep\u00fablica Democr\u00e1tica del Congo junto a \u201cCimarr\u00f3n\u201d, protagonista de las historietas de la publicaci\u00f3n mensual del Ej\u00e9rcito Nacional.<\/li>\n\n\n\n<li><strong>12. Comenz\u00f3 el Plan Invierno 2014.<\/strong><br>&#8211; El Ej\u00e9rcito Nacional colabora con el Ministerio de Desarrollo Social (MI.DES.) con sus medios humanos y log\u00edsticos, apuntando principalmente a generar oportunidades de desarrollo social a trav\u00e9s de los planes de asistencia existentes, donde las dependencias de la Fuerza en todo el Pa\u00eds est\u00e1n comprometidas.<\/li>\n\n\n\n<li><strong>14. Un joven con pasta de triunfador.<\/strong><br>&#8211; En el 2008 el soldado Luis Zalazar ingres\u00f3 al Hogar Salterain del Instituto del Ni\u00f1o y del Adolescente del Uruguay (I.N.A.U.), debido a problemas familiares. Hoy en d\u00eda, a sus 19 a\u00f1os de edad, es un ejemplo de superaci\u00f3n. Ingres\u00f3 al Ej\u00e9rcito Nacional, comenz\u00f3 a estudiar auxiliar de enfermer\u00eda y cursa secundaria en el turno de la noche.<\/li>\n\n\n\n<li><strong>15. Competencia de tiro en conmemoraci\u00f3n del 203 aniversario del Ej\u00e9rcito Nacional.<\/strong><br>&#8211; Participaron 73 tiradores provenientes de nuestra Fuerza y de la Armada Nacional, que demostraron un elevado nivel de profesionalismo y camarader\u00eda.<\/li>\n\n\n\n<li><strong>16. 203\u00b0 aniversario del Ej\u00e9rcito Nacional.<\/strong><br>&#8211; En el marco de los festejos de aniversario, se realizaron diversas presentaciones de Bandas del Ej\u00e9rcito.<\/li>\n<\/ul>\n\n\n\n<div style=\"height:33px\" aria-hidden=\"true\" class=\"wp-block-spacer\"><\/div>\n\n\n\n<hr class=\"wp-block-separator has-alpha-channel-opacity\"\/>\n\n\n\n<figure class=\"wp-block-embed is-type-wp-embed is-provider-ej-rcito-nacional wp-block-embed-ej-rcito-nacional\"><div class=\"wp-block-embed__wrapper\">\n<blockquote class=\"wp-embedded-content\" data-secret=\"FPQ0aQDlao\"><a href=\"https:\/\/www.ejercito.mil.uy\/index.php\/2014\/05\/01\/revista-la-fuerza-de-todos-no-1-2\/\">Revista La Fuerza de todos N\u00ba 1<\/a><\/blockquote><iframe class=\"wp-embedded-content\" sandbox=\"allow-scripts\" security=\"restricted\" style=\"position: absolute; visibility: hidden;\" title=\"\u00abRevista La Fuerza de todos N\u00ba 1\u00bb \u2014 Ej\u00e9rcito Nacional\" src=\"https:\/\/www.ejercito.mil.uy\/index.php\/2014\/05\/01\/revista-la-fuerza-de-todos-no-1-2\/embed\/#?secret=8YIQNcM9EY#?secret=FPQ0aQDlao\" data-secret=\"FPQ0aQDlao\" width=\"600\" height=\"338\" frameborder=\"0\" marginwidth=\"0\" marginheight=\"0\" scrolling=\"no\"><\/iframe>\n<\/div><\/figure>\n\n\n\n<div style=\"height:33px\" aria-hidden=\"true\" class=\"wp-block-spacer\"><\/div>\n\n\n\n<ul class=\"wp-block-list\">\n<li><strong>3. Lanzamiento del eBook: Atlas Cartogr\u00e1fico del Uruguay.<\/strong><\/li>\n\n\n\n<li><strong>4. \u201cDignidad, libertad y oportunidad\u201d.<\/strong><br> El 26 de mayo comenzar\u00e1n las clases en el Liceo Extra Edad de la Escuela de Sub Oficiales \u201cSargento Francisco de los Santos\u201d (E.S.O.E).<\/li>\n\n\n\n<li><strong>6. Construyendo el ma\u00f1ana.<\/strong><br>&#8211; Escuela \u201cTeniente Coronel Gonzalo Martiren\u00e9\u201d, arduo trabajo que ha fortalecido la relaci\u00f3n entre el personal de mantenimiento de la paz y la comunidad. Cuando se inici\u00f3 el proyecto s\u00f3lo exist\u00eda el terreno y una carpa con palos, lona y piso de tierra. La construcci\u00f3n se realiz\u00f3 entre diciembre de 2012 y enero de 2013.<\/li>\n\n\n\n<li><strong>8. La Batalla de las Piedras: G\u00e9nesis del Ej\u00e9rcito Nacional Uruguayo.<\/strong><\/li>\n\n\n\n<li><strong>10. \u201cLos que est\u00e1n all\u00ed, en cada Misi\u00f3n, son nuestros soldados\u201d.<\/strong><br>&#8211; Periodistas en zona de Misi\u00f3n de Paz presentan su mirada sobre una realidad poco com\u00fan para los uruguayos.<\/li>\n\n\n\n<li><strong>11. Delivery Solidario en Hait\u00ed.<\/strong><br>&#8211; El 5 de abril se concret\u00f3 la entrega del Delivery Solidario Internacional del programa \u201cYo y 3 M\u00e1s\u201d, de Canal 10, a la Escuela \u201cTeniente Coronel Gonzalo Martiren\u00e9\u201d y resalt\u00f3 que \u201ccon peque\u00f1os detalles se hacen grandes diferencias\u201d.<\/li>\n\n\n\n<li><strong>12. Andar a caballo es como si estuvieran utilizando sus propios pies.<\/strong><br>&#8211; La equinoterapia o rehabilitaci\u00f3n ecuestre, se basa en la utilizaci\u00f3n del movimiento multidimensional del caballo para el tratamiento de diferentes afecciones f\u00edsicas y mentales.<\/li>\n\n\n\n<li><strong>15. Integrantes del Ej\u00e9rcito Nacional compitieron en los X Juegos Suramericanos Chile 2014.<\/strong><br>&#8211; Integrantes del Ej\u00e9rcito Nacional formaron parte de la delegaci\u00f3n uruguaya que represent\u00f3 al pa\u00eds en los X Juegos Suramericanos (O.DE.SUR.), que tuvieron lugar entre el 7 y 18 de marzo en la Rep\u00fablica de Chile.<\/li>\n<\/ul>\n\n\n\n<div style=\"height:100px\" aria-hidden=\"true\" class=\"wp-block-spacer\"><\/div>\n","protected":false},"excerpt":{"rendered":"","protected":false},"author":4,"featured_media":25476,"comment_status":"open","ping_status":"open","sticky":false,"template":"","format":"standard","meta":{"_coblocks_attr":"","_coblocks_dimensions":"","_coblocks_responsive_height":"","_coblocks_accordion_ie_support":"","_monsterinsights_skip_tracking":false,"_monsterinsights_sitenote_active":false,"_monsterinsights_sitenote_note":"","_monsterinsights_sitenote_category":0,"_uf_show_specific_survey":0,"_uf_disable_surveys":false,"footnotes":""},"categories":[254],"tags":[],"class_list":["post-24625","post","type-post","status-publish","format-standard","has-post-thumbnail","hentry","category-revista"],"aioseo_notices":[],"_links":{"self":[{"href":"https:\/\/www.ejercito.mil.uy\/index.php\/wp-json\/wp\/v2\/posts\/24625","targetHints":{"allow":["GET"]}}],"collection":[{"href":"https:\/\/www.ejercito.mil.uy\/index.php\/wp-json\/wp\/v2\/posts"}],"about":[{"href":"https:\/\/www.ejercito.mil.uy\/index.php\/wp-json\/wp\/v2\/types\/post"}],"author":[{"embeddable":true,"href":"https:\/\/www.ejercito.mil.uy\/index.php\/wp-json\/wp\/v2\/users\/4"}],"replies":[{"embeddable":true,"href":"https:\/\/www.ejercito.mil.uy\/index.php\/wp-json\/wp\/v2\/comments?post=24625"}],"version-history":[{"count":47,"href":"https:\/\/www.ejercito.mil.uy\/index.php\/wp-json\/wp\/v2\/posts\/24625\/revisions"}],"predecessor-version":[{"id":57362,"href":"https:\/\/www.ejercito.mil.uy\/index.php\/wp-json\/wp\/v2\/posts\/24625\/revisions\/57362"}],"wp:featuredmedia":[{"embeddable":true,"href":"https:\/\/www.ejercito.mil.uy\/index.php\/wp-json\/wp\/v2\/media\/25476"}],"wp:attachment":[{"href":"https:\/\/www.ejercito.mil.uy\/index.php\/wp-json\/wp\/v2\/media?parent=24625"}],"wp:term":[{"taxonomy":"category","embeddable":true,"href":"https:\/\/www.ejercito.mil.uy\/index.php\/wp-json\/wp\/v2\/categories?post=24625"},{"taxonomy":"post_tag","embeddable":true,"href":"https:\/\/www.ejercito.mil.uy\/index.php\/wp-json\/wp\/v2\/tags?post=24625"}],"curies":[{"name":"wp","href":"https:\/\/api.w.org\/{rel}","templated":true}]}}