{"id":2548,"date":"2021-05-02T14:00:58","date_gmt":"2021-05-02T17:00:58","guid":{"rendered":"https:\/\/www.ejercito.mil.uy\/?p=2548"},"modified":"2021-04-30T12:21:01","modified_gmt":"2021-04-30T15:21:01","slug":"apoyo-al-hemocentro-de-maldonado","status":"publish","type":"post","link":"https:\/\/www.ejercito.mil.uy\/index.php\/2021\/05\/02\/apoyo-al-hemocentro-de-maldonado\/","title":{"rendered":"Apoyo al Hemocentro de Maldonado"},"content":{"rendered":"\n<p class=\"wp-block-paragraph\" style=\"font-size:14px\">02.05.2021 &#8211; Maldonado<\/p>\n\n\n\n<div style=\"height:24px\" aria-hidden=\"true\" class=\"wp-block-spacer\"><\/div>\n\n\n\n<p class=\"wp-block-paragraph\">El <strong><a rel=\"noreferrer noopener\" href=\"https:\/\/www.facebook.com\/bning4\/\" target=\"_blank\">Batall\u00f3n \u201cCnel. Ventura Alegre\u201d de Ingenieros de Combate N\u00ba 4<\/a><\/strong> brinda apoyo al <strong>Hemocentro de\u00a0Maldonado<\/strong>, con una carpa de campa\u00f1a destinada a la instalaci\u00f3n de un centro de recolecci\u00f3n de plasma.<\/p>\n\n\n\n<div style=\"height:33px\" aria-hidden=\"true\" class=\"wp-block-spacer\"><\/div>\n\n\n\n<p class=\"wp-block-paragraph\">El plasma donado por aquellos ciudadanos que padecieron\u00a0COVID19, ayuda a quienes hoy transitan esta enfermedad en un CTI.<\/p>\n\n\n\n<div style=\"height:18px\" aria-hidden=\"true\" class=\"wp-block-spacer\"><\/div>\n\n\n\n<figure class=\"wp-block-gallery columns-2 is-cropped coblocks-animate wp-block-gallery-1 is-layout-flex wp-block-gallery-is-layout-flex\" data-coblocks-animation=\"slideInLeft\"><ul class=\"blocks-gallery-grid\"><li class=\"blocks-gallery-item\"><figure><img loading=\"lazy\" decoding=\"async\" width=\"1024\" height=\"683\" src=\"https:\/\/www.ejercito.mil.uy\/wp-content\/uploads\/2021\/04\/Hemocentro-1-1024x683.jpg\" alt=\"\" data-id=\"2550\" data-full-url=\"https:\/\/www.ejercito.mil.uy\/wp-content\/uploads\/2021\/04\/Hemocentro-1.jpg\" data-link=\"https:\/\/www.ejercito.mil.uy\/?attachment_id=2550\" class=\"wp-image-2550\" srcset=\"https:\/\/www.ejercito.mil.uy\/wp-content\/uploads\/2021\/04\/Hemocentro-1-1024x683.jpg 1024w, https:\/\/www.ejercito.mil.uy\/wp-content\/uploads\/2021\/04\/Hemocentro-1-300x200.jpg 300w, https:\/\/www.ejercito.mil.uy\/wp-content\/uploads\/2021\/04\/Hemocentro-1.jpg 1200w\" sizes=\"auto, (max-width: 1024px) 100vw, 1024px\" \/><\/figure><\/li><li class=\"blocks-gallery-item\"><figure><img loading=\"lazy\" decoding=\"async\" width=\"1024\" height=\"683\" src=\"https:\/\/www.ejercito.mil.uy\/wp-content\/uploads\/2021\/04\/Hemocentro-3-1024x683.jpg\" alt=\"\" data-id=\"2551\" data-full-url=\"https:\/\/www.ejercito.mil.uy\/wp-content\/uploads\/2021\/04\/Hemocentro-3.jpg\" data-link=\"https:\/\/www.ejercito.mil.uy\/?attachment_id=2551\" class=\"wp-image-2551\" srcset=\"https:\/\/www.ejercito.mil.uy\/wp-content\/uploads\/2021\/04\/Hemocentro-3-1024x683.jpg 1024w, https:\/\/www.ejercito.mil.uy\/wp-content\/uploads\/2021\/04\/Hemocentro-3-300x200.jpg 300w, https:\/\/www.ejercito.mil.uy\/wp-content\/uploads\/2021\/04\/Hemocentro-3.jpg 1200w\" sizes=\"auto, (max-width: 1024px) 100vw, 1024px\" \/><\/figure><\/li><\/ul><\/figure>\n","protected":false},"excerpt":{"rendered":"<p>02.05.2021 &#8211; Maldonado El Batall\u00f3n \u201cCnel. Ventura Alegre\u201d de Ingenieros de Combate N\u00ba 4 brinda apoyo al Hemocentro de\u00a0Maldonado, con una carpa de campa\u00f1a destinada a la instalaci\u00f3n de un centro de recolecci\u00f3n de plasma. El plasma donado por aquellos ciudadanos que padecieron\u00a0COVID19, ayuda a quienes hoy transitan esta enfermedad en un CTI.<\/p>\n","protected":false},"author":4,"featured_media":2552,"comment_status":"closed","ping_status":"open","sticky":false,"template":"","format":"standard","meta":{"_coblocks_attr":"","_coblocks_dimensions":"","_coblocks_responsive_height":"","_coblocks_accordion_ie_support":"","_monsterinsights_skip_tracking":false,"_uf_show_specific_survey":0,"_uf_disable_surveys":false,"footnotes":""},"categories":[2,14],"tags":[27,32,29,25,37],"class_list":["post-2548","post","type-post","status-publish","format-standard","has-post-thumbnail","hentry","category-blog","category-noticias","tag-apoyo","tag-bienestar","tag-comunidad","tag-covid","tag-sociedad"],"aioseo_notices":[],"aioseo_head":"\n\t\t<!-- All in One SEO 5.0.1.1 - aioseo.com -->\n\t<meta name=\"description\" content=\"02.05.2021 - Maldonado El Batall\u00f3n \u201cCnel. Ventura Alegre\u201d de Ingenieros de Combate N\u00ba 4 brinda apoyo al Hemocentro de Maldonado, con una carpa de campa\u00f1a destinada a la instalaci\u00f3n de un centro de recolecci\u00f3n de plasma. El plasma donado por aquellos ciudadanos que padecieron COVID19, ayuda a quienes hoy transitan esta enfermedad en un CTI.\" \/>\n\t<meta name=\"robots\" content=\"max-image-preview:large\" \/>\n\t<meta name=\"author\" content=\"Alejandro Castro\"\/>\n\t<link rel=\"canonical\" href=\"https:\/\/www.ejercito.mil.uy\/index.php\/2021\/05\/02\/apoyo-al-hemocentro-de-maldonado\/\" \/>\n\t<meta name=\"generator\" content=\"All in One SEO (AIOSEO) 5.0.1.1\" \/>\n\t\t<meta property=\"og:locale\" content=\"es_ES\" \/>\n\t\t<meta property=\"og:site_name\" content=\"Ej\u00e9rcito Nacional - La Fuerza de todos\" \/>\n\t\t<meta property=\"og:type\" content=\"article\" \/>\n\t\t<meta property=\"og:title\" content=\"Apoyo al Hemocentro de Maldonado - Ej\u00e9rcito Nacional\" \/>\n\t\t<meta property=\"og:description\" content=\"02.05.2021 - Maldonado El Batall\u00f3n \u201cCnel. Ventura Alegre\u201d de Ingenieros de Combate N\u00ba 4 brinda apoyo al Hemocentro de Maldonado, con una carpa de campa\u00f1a destinada a la instalaci\u00f3n de un centro de recolecci\u00f3n de plasma. El plasma donado por aquellos ciudadanos que padecieron COVID19, ayuda a quienes hoy transitan esta enfermedad en un CTI.\" \/>\n\t\t<meta property=\"og:url\" content=\"https:\/\/www.ejercito.mil.uy\/index.php\/2021\/05\/02\/apoyo-al-hemocentro-de-maldonado\/\" \/>\n\t\t<meta property=\"og:image\" content=\"https:\/\/www.ejercito.mil.uy\/wp-content\/uploads\/2022\/01\/Escudo_EN_URUGUAY.png\" \/>\n\t\t<meta property=\"og:image:secure_url\" content=\"https:\/\/www.ejercito.mil.uy\/wp-content\/uploads\/2022\/01\/Escudo_EN_URUGUAY.png\" \/>\n\t\t<meta property=\"og:image:width\" content=\"134\" \/>\n\t\t<meta property=\"og:image:height\" content=\"119\" \/>\n\t\t<meta property=\"article:published_time\" content=\"2021-05-02T17:00:58+00:00\" \/>\n\t\t<meta property=\"article:modified_time\" content=\"2021-04-30T15:21:01+00:00\" \/>\n\t\t<meta name=\"twitter:card\" content=\"summary_large_image\" \/>\n\t\t<meta name=\"twitter:title\" content=\"Apoyo al Hemocentro de Maldonado - Ej\u00e9rcito Nacional\" \/>\n\t\t<meta name=\"twitter:description\" content=\"02.05.2021 - Maldonado El Batall\u00f3n \u201cCnel. Ventura Alegre\u201d de Ingenieros de Combate N\u00ba 4 brinda apoyo al Hemocentro de Maldonado, con una carpa de campa\u00f1a destinada a la instalaci\u00f3n de un centro de recolecci\u00f3n de plasma. El plasma donado por aquellos ciudadanos que padecieron COVID19, ayuda a quienes hoy transitan esta enfermedad en un CTI.\" \/>\n\t\t<meta name=\"twitter:image\" content=\"https:\/\/www.ejercito.mil.uy\/wp-content\/uploads\/2022\/01\/Escudo_EN_URUGUAY.png\" \/>\n\t\t<script type=\"application\/ld+json\" class=\"aioseo-schema\">\n\t\t\t{\"@context\":\"https:\\\/\\\/schema.org\",\"@graph\":[{\"@type\":\"BlogPosting\",\"@id\":\"https:\\\/\\\/www.ejercito.mil.uy\\\/index.php\\\/2021\\\/05\\\/02\\\/apoyo-al-hemocentro-de-maldonado\\\/#blogposting\",\"name\":\"Apoyo al Hemocentro de Maldonado - Ej\\u00e9rcito Nacional\",\"headline\":\"Apoyo al Hemocentro de Maldonado\",\"author\":{\"@id\":\"https:\\\/\\\/www.ejercito.mil.uy\\\/index.php\\\/author\\\/acastro\\\/#author\"},\"publisher\":{\"@id\":\"https:\\\/\\\/www.ejercito.mil.uy\\\/#organization\"},\"image\":{\"@type\":\"ImageObject\",\"url\":\"https:\\\/\\\/www.ejercito.mil.uy\\\/wp-content\\\/uploads\\\/2021\\\/05\\\/Hemocentro-2.jpg\",\"width\":1200,\"height\":800,\"caption\":\"Hemocentro\"},\"datePublished\":\"2021-05-02T14:00:58-03:00\",\"dateModified\":\"2021-04-30T12:21:01-03:00\",\"inLanguage\":\"es-UY\",\"mainEntityOfPage\":{\"@id\":\"https:\\\/\\\/www.ejercito.mil.uy\\\/index.php\\\/2021\\\/05\\\/02\\\/apoyo-al-hemocentro-de-maldonado\\\/#webpage\"},\"isPartOf\":{\"@id\":\"https:\\\/\\\/www.ejercito.mil.uy\\\/index.php\\\/2021\\\/05\\\/02\\\/apoyo-al-hemocentro-de-maldonado\\\/#webpage\"},\"articleSection\":\"Blog, Noticias, apoyo, bienestar, comunidad, covid, sociedad\"},{\"@type\":\"BreadcrumbList\",\"@id\":\"https:\\\/\\\/www.ejercito.mil.uy\\\/index.php\\\/2021\\\/05\\\/02\\\/apoyo-al-hemocentro-de-maldonado\\\/#breadcrumblist\",\"itemListElement\":[{\"@type\":\"ListItem\",\"@id\":\"https:\\\/\\\/www.ejercito.mil.uy#listItem\",\"position\":1,\"name\":\"Home\",\"item\":\"https:\\\/\\\/www.ejercito.mil.uy\",\"nextItem\":{\"@type\":\"ListItem\",\"@id\":\"https:\\\/\\\/www.ejercito.mil.uy\\\/index.php\\\/category\\\/destacados\\\/#listItem\",\"name\":\"Destacados\"}},{\"@type\":\"ListItem\",\"@id\":\"https:\\\/\\\/www.ejercito.mil.uy\\\/index.php\\\/category\\\/destacados\\\/#listItem\",\"position\":2,\"name\":\"Destacados\",\"item\":\"https:\\\/\\\/www.ejercito.mil.uy\\\/index.php\\\/category\\\/destacados\\\/\",\"nextItem\":{\"@type\":\"ListItem\",\"@id\":\"https:\\\/\\\/www.ejercito.mil.uy\\\/index.php\\\/category\\\/destacados\\\/noticias\\\/#listItem\",\"name\":\"Noticias\"},\"previousItem\":{\"@type\":\"ListItem\",\"@id\":\"https:\\\/\\\/www.ejercito.mil.uy#listItem\",\"name\":\"Home\"}},{\"@type\":\"ListItem\",\"@id\":\"https:\\\/\\\/www.ejercito.mil.uy\\\/index.php\\\/category\\\/destacados\\\/noticias\\\/#listItem\",\"position\":3,\"name\":\"Noticias\",\"item\":\"https:\\\/\\\/www.ejercito.mil.uy\\\/index.php\\\/category\\\/destacados\\\/noticias\\\/\",\"nextItem\":{\"@type\":\"ListItem\",\"@id\":\"https:\\\/\\\/www.ejercito.mil.uy\\\/index.php\\\/2021\\\/05\\\/02\\\/apoyo-al-hemocentro-de-maldonado\\\/#listItem\",\"name\":\"Apoyo al Hemocentro de Maldonado\"},\"previousItem\":{\"@type\":\"ListItem\",\"@id\":\"https:\\\/\\\/www.ejercito.mil.uy\\\/index.php\\\/category\\\/destacados\\\/#listItem\",\"name\":\"Destacados\"}},{\"@type\":\"ListItem\",\"@id\":\"https:\\\/\\\/www.ejercito.mil.uy\\\/index.php\\\/2021\\\/05\\\/02\\\/apoyo-al-hemocentro-de-maldonado\\\/#listItem\",\"position\":4,\"name\":\"Apoyo al Hemocentro de Maldonado\",\"previousItem\":{\"@type\":\"ListItem\",\"@id\":\"https:\\\/\\\/www.ejercito.mil.uy\\\/index.php\\\/category\\\/destacados\\\/noticias\\\/#listItem\",\"name\":\"Noticias\"}}]},{\"@type\":\"Organization\",\"@id\":\"https:\\\/\\\/www.ejercito.mil.uy\\\/#organization\",\"name\":\"Ej\\u00e9rcito Nacional\",\"description\":\"La Fuerza de todos\",\"url\":\"https:\\\/\\\/www.ejercito.mil.uy\\\/\",\"logo\":{\"@type\":\"ImageObject\",\"url\":\"https:\\\/\\\/www.ejercito.mil.uy\\\/wp-content\\\/uploads\\\/2022\\\/01\\\/Escudo_EN_URUGUAY.png\",\"@id\":\"https:\\\/\\\/www.ejercito.mil.uy\\\/index.php\\\/2021\\\/05\\\/02\\\/apoyo-al-hemocentro-de-maldonado\\\/#organizationLogo\",\"width\":134,\"height\":119},\"image\":{\"@id\":\"https:\\\/\\\/www.ejercito.mil.uy\\\/index.php\\\/2021\\\/05\\\/02\\\/apoyo-al-hemocentro-de-maldonado\\\/#organizationLogo\"}},{\"@type\":\"Person\",\"@id\":\"https:\\\/\\\/www.ejercito.mil.uy\\\/index.php\\\/author\\\/acastro\\\/#author\",\"url\":\"https:\\\/\\\/www.ejercito.mil.uy\\\/index.php\\\/author\\\/acastro\\\/\",\"name\":\"Alejandro Castro\",\"image\":{\"@type\":\"ImageObject\",\"@id\":\"https:\\\/\\\/www.ejercito.mil.uy\\\/index.php\\\/2021\\\/05\\\/02\\\/apoyo-al-hemocentro-de-maldonado\\\/#authorImage\",\"url\":\"https:\\\/\\\/secure.gravatar.com\\\/avatar\\\/89bb77d4bf696501dd94ca89e6794e1787eaffba7c7197528d249e15bd099f68?s=96&d=mm&r=g\",\"width\":96,\"height\":96,\"caption\":\"Alejandro Castro\"}},{\"@type\":\"WebPage\",\"@id\":\"https:\\\/\\\/www.ejercito.mil.uy\\\/index.php\\\/2021\\\/05\\\/02\\\/apoyo-al-hemocentro-de-maldonado\\\/#webpage\",\"url\":\"https:\\\/\\\/www.ejercito.mil.uy\\\/index.php\\\/2021\\\/05\\\/02\\\/apoyo-al-hemocentro-de-maldonado\\\/\",\"name\":\"Apoyo al Hemocentro de Maldonado - Ej\\u00e9rcito Nacional\",\"description\":\"02.05.2021 - Maldonado El Batall\\u00f3n \\u201cCnel. Ventura Alegre\\u201d de Ingenieros de Combate N\\u00ba 4 brinda apoyo al Hemocentro de Maldonado, con una carpa de campa\\u00f1a destinada a la instalaci\\u00f3n de un centro de recolecci\\u00f3n de plasma. El plasma donado por aquellos ciudadanos que padecieron COVID19, ayuda a quienes hoy transitan esta enfermedad en un CTI.\",\"inLanguage\":\"es-UY\",\"isPartOf\":{\"@id\":\"https:\\\/\\\/www.ejercito.mil.uy\\\/#website\"},\"breadcrumb\":{\"@id\":\"https:\\\/\\\/www.ejercito.mil.uy\\\/index.php\\\/2021\\\/05\\\/02\\\/apoyo-al-hemocentro-de-maldonado\\\/#breadcrumblist\"},\"author\":{\"@id\":\"https:\\\/\\\/www.ejercito.mil.uy\\\/index.php\\\/author\\\/acastro\\\/#author\"},\"creator\":{\"@id\":\"https:\\\/\\\/www.ejercito.mil.uy\\\/index.php\\\/author\\\/acastro\\\/#author\"},\"image\":{\"@type\":\"ImageObject\",\"url\":\"https:\\\/\\\/www.ejercito.mil.uy\\\/wp-content\\\/uploads\\\/2021\\\/05\\\/Hemocentro-2.jpg\",\"@id\":\"https:\\\/\\\/www.ejercito.mil.uy\\\/index.php\\\/2021\\\/05\\\/02\\\/apoyo-al-hemocentro-de-maldonado\\\/#mainImage\",\"width\":1200,\"height\":800,\"caption\":\"Hemocentro\"},\"primaryImageOfPage\":{\"@id\":\"https:\\\/\\\/www.ejercito.mil.uy\\\/index.php\\\/2021\\\/05\\\/02\\\/apoyo-al-hemocentro-de-maldonado\\\/#mainImage\"},\"datePublished\":\"2021-05-02T14:00:58-03:00\",\"dateModified\":\"2021-04-30T12:21:01-03:00\"},{\"@type\":\"WebSite\",\"@id\":\"https:\\\/\\\/www.ejercito.mil.uy\\\/#website\",\"url\":\"https:\\\/\\\/www.ejercito.mil.uy\\\/\",\"name\":\"Ej\\u00e9rcito Nacional\",\"description\":\"La Fuerza de todos\",\"inLanguage\":\"es-UY\",\"publisher\":{\"@id\":\"https:\\\/\\\/www.ejercito.mil.uy\\\/#organization\"}}]}\n\t\t<\/script>\n\t\t<!-- All in One SEO -->\n\n","aioseo_head_json":{"title":"Apoyo al Hemocentro de Maldonado - Ej\u00e9rcito Nacional","description":"02.05.2021 - Maldonado El Batall\u00f3n \u201cCnel. Ventura Alegre\u201d de Ingenieros de Combate N\u00ba 4 brinda apoyo al Hemocentro de Maldonado, con una carpa de campa\u00f1a destinada a la instalaci\u00f3n de un centro de recolecci\u00f3n de plasma. El plasma donado por aquellos ciudadanos que padecieron COVID19, ayuda a quienes hoy transitan esta enfermedad en un CTI.","canonical_url":"https:\/\/www.ejercito.mil.uy\/index.php\/2021\/05\/02\/apoyo-al-hemocentro-de-maldonado\/","robots":"max-image-preview:large","keywords":"","webmasterTools":{"miscellaneous":""},"schema":{"@context":"https:\/\/schema.org","@graph":[{"@type":"BlogPosting","@id":"https:\/\/www.ejercito.mil.uy\/index.php\/2021\/05\/02\/apoyo-al-hemocentro-de-maldonado\/#blogposting","name":"Apoyo al Hemocentro de Maldonado - Ej\u00e9rcito Nacional","headline":"Apoyo al Hemocentro de Maldonado","author":{"@id":"https:\/\/www.ejercito.mil.uy\/index.php\/author\/acastro\/#author"},"publisher":{"@id":"https:\/\/www.ejercito.mil.uy\/#organization"},"image":{"@type":"ImageObject","url":"https:\/\/www.ejercito.mil.uy\/wp-content\/uploads\/2021\/05\/Hemocentro-2.jpg","width":1200,"height":800,"caption":"Hemocentro"},"datePublished":"2021-05-02T14:00:58-03:00","dateModified":"2021-04-30T12:21:01-03:00","inLanguage":"es-UY","mainEntityOfPage":{"@id":"https:\/\/www.ejercito.mil.uy\/index.php\/2021\/05\/02\/apoyo-al-hemocentro-de-maldonado\/#webpage"},"isPartOf":{"@id":"https:\/\/www.ejercito.mil.uy\/index.php\/2021\/05\/02\/apoyo-al-hemocentro-de-maldonado\/#webpage"},"articleSection":"Blog, Noticias, apoyo, bienestar, comunidad, covid, sociedad"},{"@type":"BreadcrumbList","@id":"https:\/\/www.ejercito.mil.uy\/index.php\/2021\/05\/02\/apoyo-al-hemocentro-de-maldonado\/#breadcrumblist","itemListElement":[{"@type":"ListItem","@id":"https:\/\/www.ejercito.mil.uy#listItem","position":1,"name":"Home","item":"https:\/\/www.ejercito.mil.uy","nextItem":{"@type":"ListItem","@id":"https:\/\/www.ejercito.mil.uy\/index.php\/category\/destacados\/#listItem","name":"Destacados"}},{"@type":"ListItem","@id":"https:\/\/www.ejercito.mil.uy\/index.php\/category\/destacados\/#listItem","position":2,"name":"Destacados","item":"https:\/\/www.ejercito.mil.uy\/index.php\/category\/destacados\/","nextItem":{"@type":"ListItem","@id":"https:\/\/www.ejercito.mil.uy\/index.php\/category\/destacados\/noticias\/#listItem","name":"Noticias"},"previousItem":{"@type":"ListItem","@id":"https:\/\/www.ejercito.mil.uy#listItem","name":"Home"}},{"@type":"ListItem","@id":"https:\/\/www.ejercito.mil.uy\/index.php\/category\/destacados\/noticias\/#listItem","position":3,"name":"Noticias","item":"https:\/\/www.ejercito.mil.uy\/index.php\/category\/destacados\/noticias\/","nextItem":{"@type":"ListItem","@id":"https:\/\/www.ejercito.mil.uy\/index.php\/2021\/05\/02\/apoyo-al-hemocentro-de-maldonado\/#listItem","name":"Apoyo al Hemocentro de Maldonado"},"previousItem":{"@type":"ListItem","@id":"https:\/\/www.ejercito.mil.uy\/index.php\/category\/destacados\/#listItem","name":"Destacados"}},{"@type":"ListItem","@id":"https:\/\/www.ejercito.mil.uy\/index.php\/2021\/05\/02\/apoyo-al-hemocentro-de-maldonado\/#listItem","position":4,"name":"Apoyo al Hemocentro de Maldonado","previousItem":{"@type":"ListItem","@id":"https:\/\/www.ejercito.mil.uy\/index.php\/category\/destacados\/noticias\/#listItem","name":"Noticias"}}]},{"@type":"Organization","@id":"https:\/\/www.ejercito.mil.uy\/#organization","name":"Ej\u00e9rcito Nacional","description":"La Fuerza de todos","url":"https:\/\/www.ejercito.mil.uy\/","logo":{"@type":"ImageObject","url":"https:\/\/www.ejercito.mil.uy\/wp-content\/uploads\/2022\/01\/Escudo_EN_URUGUAY.png","@id":"https:\/\/www.ejercito.mil.uy\/index.php\/2021\/05\/02\/apoyo-al-hemocentro-de-maldonado\/#organizationLogo","width":134,"height":119},"image":{"@id":"https:\/\/www.ejercito.mil.uy\/index.php\/2021\/05\/02\/apoyo-al-hemocentro-de-maldonado\/#organizationLogo"}},{"@type":"Person","@id":"https:\/\/www.ejercito.mil.uy\/index.php\/author\/acastro\/#author","url":"https:\/\/www.ejercito.mil.uy\/index.php\/author\/acastro\/","name":"Alejandro Castro","image":{"@type":"ImageObject","@id":"https:\/\/www.ejercito.mil.uy\/index.php\/2021\/05\/02\/apoyo-al-hemocentro-de-maldonado\/#authorImage","url":"https:\/\/secure.gravatar.com\/avatar\/89bb77d4bf696501dd94ca89e6794e1787eaffba7c7197528d249e15bd099f68?s=96&d=mm&r=g","width":96,"height":96,"caption":"Alejandro Castro"}},{"@type":"WebPage","@id":"https:\/\/www.ejercito.mil.uy\/index.php\/2021\/05\/02\/apoyo-al-hemocentro-de-maldonado\/#webpage","url":"https:\/\/www.ejercito.mil.uy\/index.php\/2021\/05\/02\/apoyo-al-hemocentro-de-maldonado\/","name":"Apoyo al Hemocentro de Maldonado - Ej\u00e9rcito Nacional","description":"02.05.2021 - Maldonado El Batall\u00f3n \u201cCnel. Ventura Alegre\u201d de Ingenieros de Combate N\u00ba 4 brinda apoyo al Hemocentro de Maldonado, con una carpa de campa\u00f1a destinada a la instalaci\u00f3n de un centro de recolecci\u00f3n de plasma. El plasma donado por aquellos ciudadanos que padecieron COVID19, ayuda a quienes hoy transitan esta enfermedad en un CTI.","inLanguage":"es-UY","isPartOf":{"@id":"https:\/\/www.ejercito.mil.uy\/#website"},"breadcrumb":{"@id":"https:\/\/www.ejercito.mil.uy\/index.php\/2021\/05\/02\/apoyo-al-hemocentro-de-maldonado\/#breadcrumblist"},"author":{"@id":"https:\/\/www.ejercito.mil.uy\/index.php\/author\/acastro\/#author"},"creator":{"@id":"https:\/\/www.ejercito.mil.uy\/index.php\/author\/acastro\/#author"},"image":{"@type":"ImageObject","url":"https:\/\/www.ejercito.mil.uy\/wp-content\/uploads\/2021\/05\/Hemocentro-2.jpg","@id":"https:\/\/www.ejercito.mil.uy\/index.php\/2021\/05\/02\/apoyo-al-hemocentro-de-maldonado\/#mainImage","width":1200,"height":800,"caption":"Hemocentro"},"primaryImageOfPage":{"@id":"https:\/\/www.ejercito.mil.uy\/index.php\/2021\/05\/02\/apoyo-al-hemocentro-de-maldonado\/#mainImage"},"datePublished":"2021-05-02T14:00:58-03:00","dateModified":"2021-04-30T12:21:01-03:00"},{"@type":"WebSite","@id":"https:\/\/www.ejercito.mil.uy\/#website","url":"https:\/\/www.ejercito.mil.uy\/","name":"Ej\u00e9rcito Nacional","description":"La Fuerza de todos","inLanguage":"es-UY","publisher":{"@id":"https:\/\/www.ejercito.mil.uy\/#organization"}}]},"og:locale":"es_ES","og:site_name":"Ej\u00e9rcito Nacional - La Fuerza de todos","og:type":"article","og:title":"Apoyo al Hemocentro de Maldonado - Ej\u00e9rcito Nacional","og:description":"02.05.2021 - Maldonado El Batall\u00f3n \u201cCnel. Ventura Alegre\u201d de Ingenieros de Combate N\u00ba 4 brinda apoyo al Hemocentro de Maldonado, con una carpa de campa\u00f1a destinada a la instalaci\u00f3n de un centro de recolecci\u00f3n de plasma. El plasma donado por aquellos ciudadanos que padecieron COVID19, ayuda a quienes hoy transitan esta enfermedad en un CTI.","og:url":"https:\/\/www.ejercito.mil.uy\/index.php\/2021\/05\/02\/apoyo-al-hemocentro-de-maldonado\/","og:image":"https:\/\/www.ejercito.mil.uy\/wp-content\/uploads\/2022\/01\/Escudo_EN_URUGUAY.png","og:image:secure_url":"https:\/\/www.ejercito.mil.uy\/wp-content\/uploads\/2022\/01\/Escudo_EN_URUGUAY.png","og:image:width":134,"og:image:height":119,"article:published_time":"2021-05-02T17:00:58+00:00","article:modified_time":"2021-04-30T15:21:01+00:00","twitter:card":"summary_large_image","twitter:title":"Apoyo al Hemocentro de Maldonado - Ej\u00e9rcito Nacional","twitter:description":"02.05.2021 - Maldonado El Batall\u00f3n \u201cCnel. Ventura Alegre\u201d de Ingenieros de Combate N\u00ba 4 brinda apoyo al Hemocentro de Maldonado, con una carpa de campa\u00f1a destinada a la instalaci\u00f3n de un centro de recolecci\u00f3n de plasma. El plasma donado por aquellos ciudadanos que padecieron COVID19, ayuda a quienes hoy transitan esta enfermedad en un CTI.","twitter:image":"https:\/\/www.ejercito.mil.uy\/wp-content\/uploads\/2022\/01\/Escudo_EN_URUGUAY.png"},"aioseo_meta_data":{"post_id":"2548","title":null,"description":null,"keywords":null,"keyphrases":null,"primary_term":null,"canonical_url":null,"og_title":null,"og_description":null,"og_object_type":"default","og_image_type":"default","og_image_url":null,"og_image_width":null,"og_image_height":null,"og_image_custom_url":null,"og_image_custom_fields":null,"og_video":null,"og_custom_url":null,"og_article_section":null,"og_article_tags":null,"twitter_use_og":false,"twitter_card":"default","twitter_image_type":"default","twitter_image_url":null,"twitter_image_custom_url":null,"twitter_image_custom_fields":null,"twitter_title":null,"twitter_description":null,"schema":{"blockGraphs":[],"customGraphs":[],"default":{"data":{"Article":[],"Course":[],"Dataset":[],"FAQPage":[],"Movie":[],"Person":[],"Product":[],"ProductReview":[],"Car":[],"Recipe":[],"Service":[],"SoftwareApplication":[],"WebPage":[]},"graphName":"","isEnabled":true},"graphs":[]},"schema_type":"default","schema_type_options":null,"pillar_content":false,"robots_default":true,"robots_noindex":false,"robots_noarchive":false,"robots_nosnippet":false,"robots_nofollow":false,"robots_noimageindex":false,"robots_noodp":false,"robots_notranslate":false,"robots_max_snippet":null,"robots_max_videopreview":null,"robots_max_imagepreview":"large","priority":null,"frequency":null,"local_seo":null,"breadcrumb_settings":null,"limit_modified_date":false,"ai":null,"created":"2025-08-30 01:49:36","updated":"2025-08-30 01:49:36","seo_analyzer_scan_date":null,"focus_keyword":null,"additional_keywords":null,"truseo_locale":null},"aioseo_breadcrumb":"<div class=\"aioseo-breadcrumbs\"><span class=\"aioseo-breadcrumb\">\n\t\t\t<a href=\"https:\/\/www.ejercito.mil.uy\" title=\"Home\">Home<\/a>\n\t\t<\/span><span class=\"aioseo-breadcrumb-separator\">&raquo;<\/span><span class=\"aioseo-breadcrumb\">\n\t\t\t<a href=\"https:\/\/www.ejercito.mil.uy\/index.php\/category\/destacados\/\" title=\"Destacados\">Destacados<\/a>\n\t\t<\/span><span class=\"aioseo-breadcrumb-separator\">&raquo;<\/span><span class=\"aioseo-breadcrumb\">\n\t\t\t<a href=\"https:\/\/www.ejercito.mil.uy\/index.php\/category\/destacados\/noticias\/\" title=\"Noticias\">Noticias<\/a>\n\t\t<\/span><span class=\"aioseo-breadcrumb-separator\">&raquo;<\/span><span class=\"aioseo-breadcrumb\">\n\t\t\tApoyo al Hemocentro de Maldonado\n\t\t<\/span><\/div>","aioseo_breadcrumb_json":[{"label":"Home","link":"https:\/\/www.ejercito.mil.uy"},{"label":"Destacados","link":"https:\/\/www.ejercito.mil.uy\/index.php\/category\/destacados\/"},{"label":"Noticias","link":"https:\/\/www.ejercito.mil.uy\/index.php\/category\/destacados\/noticias\/"},{"label":"Apoyo al Hemocentro de Maldonado","link":"https:\/\/www.ejercito.mil.uy\/index.php\/2021\/05\/02\/apoyo-al-hemocentro-de-maldonado\/"}],"_links":{"self":[{"href":"https:\/\/www.ejercito.mil.uy\/index.php\/wp-json\/wp\/v2\/posts\/2548","targetHints":{"allow":["GET"]}}],"collection":[{"href":"https:\/\/www.ejercito.mil.uy\/index.php\/wp-json\/wp\/v2\/posts"}],"about":[{"href":"https:\/\/www.ejercito.mil.uy\/index.php\/wp-json\/wp\/v2\/types\/post"}],"author":[{"embeddable":true,"href":"https:\/\/www.ejercito.mil.uy\/index.php\/wp-json\/wp\/v2\/users\/4"}],"replies":[{"embeddable":true,"href":"https:\/\/www.ejercito.mil.uy\/index.php\/wp-json\/wp\/v2\/comments?post=2548"}],"version-history":[{"count":2,"href":"https:\/\/www.ejercito.mil.uy\/index.php\/wp-json\/wp\/v2\/posts\/2548\/revisions"}],"predecessor-version":[{"id":2553,"href":"https:\/\/www.ejercito.mil.uy\/index.php\/wp-json\/wp\/v2\/posts\/2548\/revisions\/2553"}],"wp:featuredmedia":[{"embeddable":true,"href":"https:\/\/www.ejercito.mil.uy\/index.php\/wp-json\/wp\/v2\/media\/2552"}],"wp:attachment":[{"href":"https:\/\/www.ejercito.mil.uy\/index.php\/wp-json\/wp\/v2\/media?parent=2548"}],"wp:term":[{"taxonomy":"category","embeddable":true,"href":"https:\/\/www.ejercito.mil.uy\/index.php\/wp-json\/wp\/v2\/categories?post=2548"},{"taxonomy":"post_tag","embeddable":true,"href":"https:\/\/www.ejercito.mil.uy\/index.php\/wp-json\/wp\/v2\/tags?post=2548"}],"curies":[{"name":"wp","href":"https:\/\/api.w.org\/{rel}","templated":true}]}}