{"id":25867,"date":"2023-10-07T20:00:00","date_gmt":"2023-10-07T23:00:00","guid":{"rendered":"https:\/\/www.ejercito.mil.uy\/?p=25867"},"modified":"2023-10-12T08:11:39","modified_gmt":"2023-10-12T11:11:39","slug":"curso-de-contraterrorismo-y-curso-de-ametralladora","status":"publish","type":"post","link":"https:\/\/www.ejercito.mil.uy\/index.php\/2023\/10\/07\/curso-de-contraterrorismo-y-curso-de-ametralladora\/","title":{"rendered":"XXXV Prueba del Arma de Ingenieros"},"content":{"rendered":"\n<p class=\"has-medium-font-size\">07.10.2023 &#8211; <strong>Florida <\/strong><\/p>\n\n\n\n<div style=\"height:33px\" aria-hidden=\"true\" class=\"wp-block-spacer\"><\/div>\n\n\n\n<p class=\"has-white-color has-black-background-color has-text-color has-background has-medium-font-size\">El 5 y 6 de octubre, se realiz\u00f3 la <strong>XXXV Prueba del Arma de Ingenieros<\/strong>, en el Batall\u00f3n \u00abSarand\u00ed\u00bb de Ingenieros de Combate N\u00b0 2.<\/p>\n\n\n\n<div style=\"height:33px\" aria-hidden=\"true\" class=\"wp-block-spacer\"><\/div>\n\n\n\n<div class=\"wp-block-coblocks-gallery-stacked\"><ul class=\"coblocks-gallery has-no-alignment has-fullwidth-images has-custom-gutter\" style=\"--coblocks-custom-gutter:0em\"><li class=\"coblocks-gallery--item\"><figure class=\"coblocks-gallery--figure\"><img fetchpriority=\"high\" decoding=\"async\" width=\"1024\" height=\"683\" alt=\"\" class=\"wp-image-25891 has-shadow-none\" data-id=\"25891\" data-imglink=\"\" data-link=\"https:\/\/www.ejercito.mil.uy\/?attachment_id=25891\" src=\"https:\/\/www.ejercito.mil.uy\/wp-content\/uploads\/2023\/10\/PAING_1-1024x683.jpg\" srcset=\"https:\/\/www.ejercito.mil.uy\/wp-content\/uploads\/2023\/10\/PAING_1-1024x683.jpg 1024w, https:\/\/www.ejercito.mil.uy\/wp-content\/uploads\/2023\/10\/PAING_1-300x200.jpg 300w, https:\/\/www.ejercito.mil.uy\/wp-content\/uploads\/2023\/10\/PAING_1.jpg 1200w\" sizes=\"(max-width: 1024px) 100vw, 1024px\" \/><\/figure><\/li><\/ul><\/div>\n\n\n\n<div style=\"height:33px\" aria-hidden=\"true\" class=\"wp-block-spacer\"><\/div>\n\n\n\n<p class=\"has-medium-font-size\">La ceremonia de clausura cont\u00f3 con la presencia del Sr. Comandante en Jefe del Ej\u00e9rcito, Gral. de Ej\u00e9rcito Mario Stevenazzi.<\/p>\n\n\n\n<div style=\"height:33px\" aria-hidden=\"true\" class=\"wp-block-spacer\"><\/div>\n\n\n\n<div class=\"wp-block-coblocks-gallery-stacked\"><ul class=\"coblocks-gallery has-no-alignment has-fullwidth-images has-custom-gutter\" style=\"--coblocks-custom-gutter:0em\"><li class=\"coblocks-gallery--item\"><figure class=\"coblocks-gallery--figure\"><img decoding=\"async\" width=\"1024\" height=\"683\" alt=\"\" class=\"wp-image-25910 has-shadow-none\" data-id=\"25910\" data-imglink=\"\" data-link=\"https:\/\/www.ejercito.mil.uy\/?attachment_id=25910\" src=\"https:\/\/www.ejercito.mil.uy\/wp-content\/uploads\/2023\/10\/PAING_9-1024x683.jpg\" srcset=\"https:\/\/www.ejercito.mil.uy\/wp-content\/uploads\/2023\/10\/PAING_9-1024x683.jpg 1024w, https:\/\/www.ejercito.mil.uy\/wp-content\/uploads\/2023\/10\/PAING_9-300x200.jpg 300w, https:\/\/www.ejercito.mil.uy\/wp-content\/uploads\/2023\/10\/PAING_9.jpg 1200w\" sizes=\"(max-width: 1024px) 100vw, 1024px\" \/><\/figure><\/li><\/ul><\/div>\n\n\n\n<div style=\"height:33px\" aria-hidden=\"true\" class=\"wp-block-spacer\"><\/div>\n\n\n\n<p class=\"has-medium-font-size\">Los efectivos desarrollaron: deslizamiento de torre, cross de 1.200 metros con pasaje de obst\u00e1culos de la Pista de Obst\u00e1culos de Pentatl\u00f3n Militar, demolici\u00f3n simulada de objetivo, tiro con arma corta a 15 y 25 m, trabajo con minicargador, construcci\u00f3n de alambrada de doble ca\u00edda y valla de troncos, cross de 800 m y tiro con arma larga a 100 m.<\/p>\n\n\n\n<div style=\"height:33px\" aria-hidden=\"true\" class=\"wp-block-spacer\"><\/div>\n\n\n\n<div aria-label=\"Carousel Gallery\" class=\"wp-block-coblocks-gallery-carousel\"><div class=\"coblocks-gallery-carousel-swiper-container is-cropped coblocks-gallery has-no-alignment has-caption-style-dark has-no-thumbnails\"><div class=\"has-carousel has-carousel-xlrg swiper-container\" data-swiper=\"{&quot;alignCells&quot;:false,&quot;autoPlay&quot;:false,&quot;autoPlaySpeed&quot;:3000,&quot;draggable&quot;:true,&quot;freeMode&quot;:false,&quot;loop&quot;:true,&quot;navigation&quot;:true,&quot;pageDots&quot;:false,&quot;pauseHover&quot;:false,&quot;responsiveHeight&quot;:false,&quot;slidesPerView&quot;:1,&quot;thumbnails&quot;:false,&quot;uuid&quot;:&quot;12345&quot;}\" style=\"height:550px\"><div class=\"swiper-wrapper\"><div class=\"swiper-slide\"><div class=\"coblocks-gallery--item\" role=\"button\"><figure class=\"coblocks-gallery--figure\"><img decoding=\"async\" width=\"1024\" height=\"683\" alt=\"\" class=\"wp-image-25892\" data-id=\"25892\" data-link=\"https:\/\/www.ejercito.mil.uy\/index.php\/2023\/10\/07\/curso-de-contraterrorismo-y-curso-de-ametralladora\/paing_2\/\" src=\"https:\/\/www.ejercito.mil.uy\/wp-content\/uploads\/2023\/10\/PAING_2-1024x683.jpg\" srcset=\"https:\/\/www.ejercito.mil.uy\/wp-content\/uploads\/2023\/10\/PAING_2-1024x683.jpg 1024w, https:\/\/www.ejercito.mil.uy\/wp-content\/uploads\/2023\/10\/PAING_2-300x200.jpg 300w, https:\/\/www.ejercito.mil.uy\/wp-content\/uploads\/2023\/10\/PAING_2.jpg 1200w\" sizes=\"(max-width: 1024px) 100vw, 1024px\" \/><\/figure><figcaption class=\"coblocks-gallery--caption coblocks-gallery--primary-caption\"><\/figcaption><\/div><\/div><div class=\"swiper-slide\"><div class=\"coblocks-gallery--item\" role=\"button\"><figure class=\"coblocks-gallery--figure\"><img loading=\"lazy\" decoding=\"async\" width=\"1024\" height=\"683\" alt=\"\" class=\"wp-image-25893\" data-id=\"25893\" data-link=\"https:\/\/www.ejercito.mil.uy\/index.php\/2023\/10\/07\/curso-de-contraterrorismo-y-curso-de-ametralladora\/paing_3\/\" src=\"https:\/\/www.ejercito.mil.uy\/wp-content\/uploads\/2023\/10\/PAING_3-1024x683.jpg\" srcset=\"https:\/\/www.ejercito.mil.uy\/wp-content\/uploads\/2023\/10\/PAING_3-1024x683.jpg 1024w, https:\/\/www.ejercito.mil.uy\/wp-content\/uploads\/2023\/10\/PAING_3-300x200.jpg 300w, https:\/\/www.ejercito.mil.uy\/wp-content\/uploads\/2023\/10\/PAING_3.jpg 1200w\" sizes=\"(max-width: 1024px) 100vw, 1024px\" \/><\/figure><figcaption class=\"coblocks-gallery--caption coblocks-gallery--primary-caption\"><\/figcaption><\/div><\/div><div class=\"swiper-slide\"><div class=\"coblocks-gallery--item\" role=\"button\"><figure class=\"coblocks-gallery--figure\"><img loading=\"lazy\" decoding=\"async\" width=\"1024\" height=\"683\" alt=\"\" class=\"wp-image-25894\" data-id=\"25894\" data-link=\"https:\/\/www.ejercito.mil.uy\/index.php\/2023\/10\/07\/curso-de-contraterrorismo-y-curso-de-ametralladora\/paing_4\/\" src=\"https:\/\/www.ejercito.mil.uy\/wp-content\/uploads\/2023\/10\/PAING_4-1024x683.jpg\" srcset=\"https:\/\/www.ejercito.mil.uy\/wp-content\/uploads\/2023\/10\/PAING_4-1024x683.jpg 1024w, https:\/\/www.ejercito.mil.uy\/wp-content\/uploads\/2023\/10\/PAING_4-300x200.jpg 300w, https:\/\/www.ejercito.mil.uy\/wp-content\/uploads\/2023\/10\/PAING_4.jpg 1200w\" sizes=\"(max-width: 1024px) 100vw, 1024px\" \/><\/figure><figcaption class=\"coblocks-gallery--caption coblocks-gallery--primary-caption\"><\/figcaption><\/div><\/div><div class=\"swiper-slide\"><div class=\"coblocks-gallery--item\" role=\"button\"><figure class=\"coblocks-gallery--figure\"><img loading=\"lazy\" decoding=\"async\" width=\"1024\" height=\"683\" alt=\"\" class=\"wp-image-25895\" data-id=\"25895\" data-link=\"https:\/\/www.ejercito.mil.uy\/index.php\/2023\/10\/07\/curso-de-contraterrorismo-y-curso-de-ametralladora\/paing_5\/\" src=\"https:\/\/www.ejercito.mil.uy\/wp-content\/uploads\/2023\/10\/PAING_5-1024x683.jpg\" srcset=\"https:\/\/www.ejercito.mil.uy\/wp-content\/uploads\/2023\/10\/PAING_5-1024x683.jpg 1024w, https:\/\/www.ejercito.mil.uy\/wp-content\/uploads\/2023\/10\/PAING_5-300x200.jpg 300w, https:\/\/www.ejercito.mil.uy\/wp-content\/uploads\/2023\/10\/PAING_5.jpg 1200w\" sizes=\"(max-width: 1024px) 100vw, 1024px\" \/><\/figure><figcaption class=\"coblocks-gallery--caption coblocks-gallery--primary-caption\"><\/figcaption><\/div><\/div><div class=\"swiper-slide\"><div class=\"coblocks-gallery--item\" role=\"button\"><figure class=\"coblocks-gallery--figure\"><img loading=\"lazy\" decoding=\"async\" width=\"1024\" height=\"683\" alt=\"\" class=\"wp-image-25906\" data-id=\"25906\" data-link=\"https:\/\/www.ejercito.mil.uy\/index.php\/2023\/10\/07\/curso-de-contraterrorismo-y-curso-de-ametralladora\/paing_19\/\" src=\"https:\/\/www.ejercito.mil.uy\/wp-content\/uploads\/2023\/10\/PAING_19-1024x683.jpg\" srcset=\"https:\/\/www.ejercito.mil.uy\/wp-content\/uploads\/2023\/10\/PAING_19-1024x683.jpg 1024w, https:\/\/www.ejercito.mil.uy\/wp-content\/uploads\/2023\/10\/PAING_19-300x200.jpg 300w, https:\/\/www.ejercito.mil.uy\/wp-content\/uploads\/2023\/10\/PAING_19.jpg 1200w\" sizes=\"(max-width: 1024px) 100vw, 1024px\" \/><\/figure><figcaption class=\"coblocks-gallery--caption coblocks-gallery--primary-caption\"><\/figcaption><\/div><\/div><div class=\"swiper-slide\"><div class=\"coblocks-gallery--item\" role=\"button\"><figure class=\"coblocks-gallery--figure\"><img loading=\"lazy\" decoding=\"async\" width=\"1024\" height=\"683\" alt=\"\" class=\"wp-image-25896\" data-id=\"25896\" data-link=\"https:\/\/www.ejercito.mil.uy\/index.php\/2023\/10\/07\/curso-de-contraterrorismo-y-curso-de-ametralladora\/paing_6\/\" src=\"https:\/\/www.ejercito.mil.uy\/wp-content\/uploads\/2023\/10\/PAING_6-1024x683.jpg\" srcset=\"https:\/\/www.ejercito.mil.uy\/wp-content\/uploads\/2023\/10\/PAING_6-1024x683.jpg 1024w, https:\/\/www.ejercito.mil.uy\/wp-content\/uploads\/2023\/10\/PAING_6-300x200.jpg 300w, https:\/\/www.ejercito.mil.uy\/wp-content\/uploads\/2023\/10\/PAING_6.jpg 1200w\" sizes=\"(max-width: 1024px) 100vw, 1024px\" \/><\/figure><figcaption class=\"coblocks-gallery--caption coblocks-gallery--primary-caption\"><\/figcaption><\/div><\/div><div class=\"swiper-slide\"><div class=\"coblocks-gallery--item\" role=\"button\"><figure class=\"coblocks-gallery--figure\"><img loading=\"lazy\" decoding=\"async\" width=\"1024\" height=\"683\" alt=\"\" class=\"wp-image-25898\" data-id=\"25898\" data-link=\"https:\/\/www.ejercito.mil.uy\/index.php\/2023\/10\/07\/curso-de-contraterrorismo-y-curso-de-ametralladora\/paing_11\/\" src=\"https:\/\/www.ejercito.mil.uy\/wp-content\/uploads\/2023\/10\/PAING_11-1024x683.jpg\" srcset=\"https:\/\/www.ejercito.mil.uy\/wp-content\/uploads\/2023\/10\/PAING_11-1024x683.jpg 1024w, https:\/\/www.ejercito.mil.uy\/wp-content\/uploads\/2023\/10\/PAING_11-300x200.jpg 300w, https:\/\/www.ejercito.mil.uy\/wp-content\/uploads\/2023\/10\/PAING_11.jpg 1200w\" sizes=\"(max-width: 1024px) 100vw, 1024px\" \/><\/figure><figcaption class=\"coblocks-gallery--caption coblocks-gallery--primary-caption\"><\/figcaption><\/div><\/div><div class=\"swiper-slide\"><div class=\"coblocks-gallery--item\" role=\"button\"><figure class=\"coblocks-gallery--figure\"><img loading=\"lazy\" decoding=\"async\" width=\"1024\" height=\"683\" alt=\"\" class=\"wp-image-25899\" data-id=\"25899\" data-link=\"https:\/\/www.ejercito.mil.uy\/index.php\/2023\/10\/07\/curso-de-contraterrorismo-y-curso-de-ametralladora\/paing_12\/\" src=\"https:\/\/www.ejercito.mil.uy\/wp-content\/uploads\/2023\/10\/PAING_12-1024x683.jpg\" srcset=\"https:\/\/www.ejercito.mil.uy\/wp-content\/uploads\/2023\/10\/PAING_12-1024x683.jpg 1024w, https:\/\/www.ejercito.mil.uy\/wp-content\/uploads\/2023\/10\/PAING_12-300x200.jpg 300w, https:\/\/www.ejercito.mil.uy\/wp-content\/uploads\/2023\/10\/PAING_12.jpg 1200w\" sizes=\"(max-width: 1024px) 100vw, 1024px\" \/><\/figure><figcaption class=\"coblocks-gallery--caption coblocks-gallery--primary-caption\"><\/figcaption><\/div><\/div><div class=\"swiper-slide\"><div class=\"coblocks-gallery--item\" role=\"button\"><figure class=\"coblocks-gallery--figure\"><img loading=\"lazy\" decoding=\"async\" width=\"1024\" height=\"683\" alt=\"\" class=\"wp-image-25901\" data-id=\"25901\" data-link=\"https:\/\/www.ejercito.mil.uy\/index.php\/2023\/10\/07\/curso-de-contraterrorismo-y-curso-de-ametralladora\/paing_14\/\" src=\"https:\/\/www.ejercito.mil.uy\/wp-content\/uploads\/2023\/10\/PAING_14-1024x683.jpg\" srcset=\"https:\/\/www.ejercito.mil.uy\/wp-content\/uploads\/2023\/10\/PAING_14-1024x683.jpg 1024w, https:\/\/www.ejercito.mil.uy\/wp-content\/uploads\/2023\/10\/PAING_14-300x200.jpg 300w, https:\/\/www.ejercito.mil.uy\/wp-content\/uploads\/2023\/10\/PAING_14.jpg 1200w\" sizes=\"(max-width: 1024px) 100vw, 1024px\" \/><\/figure><figcaption class=\"coblocks-gallery--caption coblocks-gallery--primary-caption\"><\/figcaption><\/div><\/div><div class=\"swiper-slide\"><div class=\"coblocks-gallery--item\" role=\"button\"><figure class=\"coblocks-gallery--figure\"><img loading=\"lazy\" decoding=\"async\" width=\"1024\" height=\"683\" alt=\"\" class=\"wp-image-25902\" data-id=\"25902\" data-link=\"https:\/\/www.ejercito.mil.uy\/index.php\/2023\/10\/07\/curso-de-contraterrorismo-y-curso-de-ametralladora\/paing_15\/\" src=\"https:\/\/www.ejercito.mil.uy\/wp-content\/uploads\/2023\/10\/PAING_15-1024x683.jpg\" srcset=\"https:\/\/www.ejercito.mil.uy\/wp-content\/uploads\/2023\/10\/PAING_15-1024x683.jpg 1024w, https:\/\/www.ejercito.mil.uy\/wp-content\/uploads\/2023\/10\/PAING_15-300x200.jpg 300w, https:\/\/www.ejercito.mil.uy\/wp-content\/uploads\/2023\/10\/PAING_15.jpg 1200w\" sizes=\"(max-width: 1024px) 100vw, 1024px\" \/><\/figure><figcaption class=\"coblocks-gallery--caption coblocks-gallery--primary-caption\"><\/figcaption><\/div><\/div><div class=\"swiper-slide\"><div class=\"coblocks-gallery--item\" role=\"button\"><figure class=\"coblocks-gallery--figure\"><img loading=\"lazy\" decoding=\"async\" width=\"1024\" height=\"683\" alt=\"\" class=\"wp-image-25903\" data-id=\"25903\" data-link=\"https:\/\/www.ejercito.mil.uy\/index.php\/2023\/10\/07\/curso-de-contraterrorismo-y-curso-de-ametralladora\/paing_16\/\" src=\"https:\/\/www.ejercito.mil.uy\/wp-content\/uploads\/2023\/10\/PAING_16-1024x683.jpg\" srcset=\"https:\/\/www.ejercito.mil.uy\/wp-content\/uploads\/2023\/10\/PAING_16-1024x683.jpg 1024w, https:\/\/www.ejercito.mil.uy\/wp-content\/uploads\/2023\/10\/PAING_16-300x200.jpg 300w, https:\/\/www.ejercito.mil.uy\/wp-content\/uploads\/2023\/10\/PAING_16.jpg 1200w\" sizes=\"(max-width: 1024px) 100vw, 1024px\" \/><\/figure><figcaption class=\"coblocks-gallery--caption coblocks-gallery--primary-caption\"><\/figcaption><\/div><\/div><div class=\"swiper-slide\"><div class=\"coblocks-gallery--item\" role=\"button\"><figure class=\"coblocks-gallery--figure\"><img loading=\"lazy\" decoding=\"async\" width=\"1024\" height=\"683\" alt=\"\" class=\"wp-image-25905\" data-id=\"25905\" data-link=\"https:\/\/www.ejercito.mil.uy\/index.php\/2023\/10\/07\/curso-de-contraterrorismo-y-curso-de-ametralladora\/paing_18\/\" src=\"https:\/\/www.ejercito.mil.uy\/wp-content\/uploads\/2023\/10\/PAING_18-1024x683.jpg\" srcset=\"https:\/\/www.ejercito.mil.uy\/wp-content\/uploads\/2023\/10\/PAING_18-1024x683.jpg 1024w, https:\/\/www.ejercito.mil.uy\/wp-content\/uploads\/2023\/10\/PAING_18-300x200.jpg 300w, https:\/\/www.ejercito.mil.uy\/wp-content\/uploads\/2023\/10\/PAING_18.jpg 1200w\" sizes=\"(max-width: 1024px) 100vw, 1024px\" \/><\/figure><figcaption class=\"coblocks-gallery--caption coblocks-gallery--primary-caption\"><\/figcaption><\/div><\/div><div class=\"swiper-slide\"><div class=\"coblocks-gallery--item\" role=\"button\"><figure class=\"coblocks-gallery--figure\"><img loading=\"lazy\" decoding=\"async\" width=\"1024\" height=\"683\" alt=\"\" class=\"wp-image-25900\" data-id=\"25900\" data-link=\"https:\/\/www.ejercito.mil.uy\/index.php\/2023\/10\/07\/curso-de-contraterrorismo-y-curso-de-ametralladora\/paing_13\/\" src=\"https:\/\/www.ejercito.mil.uy\/wp-content\/uploads\/2023\/10\/PAING_13-1024x683.jpg\" srcset=\"https:\/\/www.ejercito.mil.uy\/wp-content\/uploads\/2023\/10\/PAING_13-1024x683.jpg 1024w, https:\/\/www.ejercito.mil.uy\/wp-content\/uploads\/2023\/10\/PAING_13-300x200.jpg 300w, https:\/\/www.ejercito.mil.uy\/wp-content\/uploads\/2023\/10\/PAING_13.jpg 1200w\" sizes=\"(max-width: 1024px) 100vw, 1024px\" \/><\/figure><figcaption class=\"coblocks-gallery--caption coblocks-gallery--primary-caption\"><\/figcaption><\/div><\/div><div class=\"swiper-slide\"><div class=\"coblocks-gallery--item\" role=\"button\"><figure class=\"coblocks-gallery--figure\"><img loading=\"lazy\" decoding=\"async\" width=\"1024\" height=\"683\" alt=\"\" class=\"wp-image-25904\" data-id=\"25904\" data-link=\"https:\/\/www.ejercito.mil.uy\/index.php\/2023\/10\/07\/curso-de-contraterrorismo-y-curso-de-ametralladora\/paing_17\/\" src=\"https:\/\/www.ejercito.mil.uy\/wp-content\/uploads\/2023\/10\/PAING_17-1024x683.jpg\" srcset=\"https:\/\/www.ejercito.mil.uy\/wp-content\/uploads\/2023\/10\/PAING_17-1024x683.jpg 1024w, https:\/\/www.ejercito.mil.uy\/wp-content\/uploads\/2023\/10\/PAING_17-300x200.jpg 300w, https:\/\/www.ejercito.mil.uy\/wp-content\/uploads\/2023\/10\/PAING_17.jpg 1200w\" sizes=\"(max-width: 1024px) 100vw, 1024px\" \/><\/figure><figcaption class=\"coblocks-gallery--caption coblocks-gallery--primary-caption\"><\/figcaption><\/div><\/div><div class=\"swiper-slide\"><div class=\"coblocks-gallery--item\" role=\"button\"><figure class=\"coblocks-gallery--figure\"><img loading=\"lazy\" decoding=\"async\" width=\"1024\" height=\"683\" alt=\"\" class=\"wp-image-25907\" data-id=\"25907\" data-link=\"https:\/\/www.ejercito.mil.uy\/index.php\/2023\/10\/07\/curso-de-contraterrorismo-y-curso-de-ametralladora\/paing_20\/\" src=\"https:\/\/www.ejercito.mil.uy\/wp-content\/uploads\/2023\/10\/PAING_20-1024x683.jpg\" srcset=\"https:\/\/www.ejercito.mil.uy\/wp-content\/uploads\/2023\/10\/PAING_20-1024x683.jpg 1024w, https:\/\/www.ejercito.mil.uy\/wp-content\/uploads\/2023\/10\/PAING_20-300x200.jpg 300w, https:\/\/www.ejercito.mil.uy\/wp-content\/uploads\/2023\/10\/PAING_20.jpg 1200w\" sizes=\"(max-width: 1024px) 100vw, 1024px\" \/><\/figure><figcaption class=\"coblocks-gallery--caption coblocks-gallery--primary-caption\"><\/figcaption><\/div><\/div><\/div><button class=\"nav-button__prev\" id=\"12345-prev\"><\/button><button class=\"nav-button__next\" id=\"12345-next\"><\/button><\/div><\/div><\/div>\n\n\n\n<div style=\"height:33px\" aria-hidden=\"true\" class=\"wp-block-spacer\"><\/div>\n\n\n\n<p class=\"has-medium-font-size\">El prop\u00f3sito principal es evaluar las condiciones f\u00edsicas, liderazgo, trabajo en equipo, #instrucci\u00f3n t\u00e9cnica y tiro con arma corta de Oficiales y Suboficiales del Arma.<\/p>\n\n\n\n<div style=\"height:33px\" aria-hidden=\"true\" class=\"wp-block-spacer\"><\/div>\n\n\n\n<p class=\"has-medium-font-size\">El ganador general de la prueba fue el Batall\u00f3n \u201cGral. de Div. Roberto P. River\u00f3s\u201d de Ingenieros de Combate N\u00b0 1.<\/p>\n\n\n\n<div style=\"height:33px\" aria-hidden=\"true\" class=\"wp-block-spacer\"><\/div>\n\n\n\n<div class=\"wp-block-columns is-layout-flex wp-container-core-columns-is-layout-28f84493 wp-block-columns-is-layout-flex\">\n<div class=\"wp-block-column is-layout-flow wp-block-column-is-layout-flow\">\n<div class=\"wp-block-coblocks-gallery-stacked\"><ul class=\"coblocks-gallery has-no-alignment has-fullwidth-images has-custom-gutter\" style=\"--coblocks-custom-gutter:0em\"><li class=\"coblocks-gallery--item\"><figure class=\"coblocks-gallery--figure\"><img loading=\"lazy\" decoding=\"async\" width=\"1024\" height=\"683\" alt=\"\" class=\"wp-image-25908 has-shadow-none\" data-id=\"25908\" data-imglink=\"\" data-link=\"https:\/\/www.ejercito.mil.uy\/?attachment_id=25908\" src=\"https:\/\/www.ejercito.mil.uy\/wp-content\/uploads\/2023\/10\/PAING_7-1024x683.jpg\" srcset=\"https:\/\/www.ejercito.mil.uy\/wp-content\/uploads\/2023\/10\/PAING_7-1024x683.jpg 1024w, https:\/\/www.ejercito.mil.uy\/wp-content\/uploads\/2023\/10\/PAING_7-300x200.jpg 300w, https:\/\/www.ejercito.mil.uy\/wp-content\/uploads\/2023\/10\/PAING_7.jpg 1200w\" sizes=\"(max-width: 1024px) 100vw, 1024px\" \/><\/figure><\/li><\/ul><\/div>\n<\/div>\n\n\n\n<div class=\"wp-block-column is-layout-flow wp-block-column-is-layout-flow\">\n<div class=\"wp-block-coblocks-gallery-stacked\"><ul class=\"coblocks-gallery has-no-alignment has-fullwidth-images has-custom-gutter\" style=\"--coblocks-custom-gutter:0em\"><li class=\"coblocks-gallery--item\"><figure class=\"coblocks-gallery--figure\"><img loading=\"lazy\" decoding=\"async\" width=\"1024\" height=\"683\" alt=\"\" class=\"wp-image-25909 has-shadow-none\" data-id=\"25909\" data-imglink=\"\" data-link=\"https:\/\/www.ejercito.mil.uy\/?attachment_id=25909\" src=\"https:\/\/www.ejercito.mil.uy\/wp-content\/uploads\/2023\/10\/PAING_8-1024x683.jpg\" srcset=\"https:\/\/www.ejercito.mil.uy\/wp-content\/uploads\/2023\/10\/PAING_8-1024x683.jpg 1024w, https:\/\/www.ejercito.mil.uy\/wp-content\/uploads\/2023\/10\/PAING_8-300x200.jpg 300w, https:\/\/www.ejercito.mil.uy\/wp-content\/uploads\/2023\/10\/PAING_8.jpg 1200w\" sizes=\"(max-width: 1024px) 100vw, 1024px\" \/><\/figure><\/li><\/ul><\/div>\n<\/div>\n<\/div>\n\n\n\n<div style=\"height:33px\" aria-hidden=\"true\" class=\"wp-block-spacer\"><\/div>\n\n\n\n<p class=\"has-medium-font-size\"><a href=\"https:\/\/www.facebook.com\/profile.php?id=100071529067738\" target=\"_blank\" rel=\"noreferrer noopener\">Batall\u00f3n de Ingenieros de Combate Nro. 2 Uy. <\/a><\/p>\n\n\n\n<div style=\"height:33px\" aria-hidden=\"true\" class=\"wp-block-spacer\"><\/div>\n\n\n\n<p class=\"is-style-success has-medium-font-size\">Ver nota a partir del minuto 00:11 en la edici\u00f3n 31 del informativo Ej\u00e9rcito del Uruguay &#8211; <a href=\"https:\/\/www.youtube.com\/watch?v=RNqhbqRaSfI\" target=\"_blank\" rel=\"noreferrer noopener\">https:\/\/youtu.be\/RNqhbqRaSfI<\/a>  <\/p>\n\n\n\n<div style=\"height:36px\" aria-hidden=\"true\" class=\"wp-block-spacer\"><\/div>\n\n\n\n<p class=\"is-style-success has-medium-font-size\">\u00a1Fotograf\u00edas disponibles en nuestro Flickr! <br>&#8211; <a href=\"https:\/\/flic.kr\/s\/aHBqjAYbk4\" data-type=\"URL\" data-id=\"https:\/\/flic.kr\/s\/aHBqjAYbk4\" target=\"_blank\" rel=\"noreferrer noopener\">https:\/\/flic.kr\/s\/aHBqjAYbk4<\/a>  <\/p>\n","protected":false},"excerpt":{"rendered":"<p>07.10.2023 &#8211; Los efectivos desarrollaron: deslizamiento de torre, cross de 1.200 metros, cross con pasaje de obst\u00e1culos, demolici\u00f3n simulada de objetivo, tiro con arma corta a 15 y 25 m, trabajo con minicargador, entre otros ejercicios.<\/p>\n","protected":false},"author":14,"featured_media":25889,"comment_status":"open","ping_status":"open","sticky":false,"template":"","format":"standard","meta":{"_coblocks_attr":"","_coblocks_dimensions":"","_coblocks_responsive_height":"","_coblocks_accordion_ie_support":"","_monsterinsights_skip_tracking":false,"_monsterinsights_sitenote_active":false,"_monsterinsights_sitenote_note":"","_monsterinsights_sitenote_category":0,"_uf_show_specific_survey":0,"_uf_disable_surveys":false,"footnotes":""},"categories":[2,10,14,1],"tags":[321,682,1273,1272,565,48,22,161],"class_list":["post-25867","post","type-post","status-publish","format-standard","has-post-thumbnail","hentry","category-blog","category-destacados","category-noticias","category-sin-categoria","tag-actividades","tag-arma","tag-cross","tag-deslizamiento","tag-ejercicios","tag-ingenieros","tag-prueba","tag-tiro"],"aioseo_notices":[],"_links":{"self":[{"href":"https:\/\/www.ejercito.mil.uy\/index.php\/wp-json\/wp\/v2\/posts\/25867","targetHints":{"allow":["GET"]}}],"collection":[{"href":"https:\/\/www.ejercito.mil.uy\/index.php\/wp-json\/wp\/v2\/posts"}],"about":[{"href":"https:\/\/www.ejercito.mil.uy\/index.php\/wp-json\/wp\/v2\/types\/post"}],"author":[{"embeddable":true,"href":"https:\/\/www.ejercito.mil.uy\/index.php\/wp-json\/wp\/v2\/users\/14"}],"replies":[{"embeddable":true,"href":"https:\/\/www.ejercito.mil.uy\/index.php\/wp-json\/wp\/v2\/comments?post=25867"}],"version-history":[{"count":10,"href":"https:\/\/www.ejercito.mil.uy\/index.php\/wp-json\/wp\/v2\/posts\/25867\/revisions"}],"predecessor-version":[{"id":26002,"href":"https:\/\/www.ejercito.mil.uy\/index.php\/wp-json\/wp\/v2\/posts\/25867\/revisions\/26002"}],"wp:featuredmedia":[{"embeddable":true,"href":"https:\/\/www.ejercito.mil.uy\/index.php\/wp-json\/wp\/v2\/media\/25889"}],"wp:attachment":[{"href":"https:\/\/www.ejercito.mil.uy\/index.php\/wp-json\/wp\/v2\/media?parent=25867"}],"wp:term":[{"taxonomy":"category","embeddable":true,"href":"https:\/\/www.ejercito.mil.uy\/index.php\/wp-json\/wp\/v2\/categories?post=25867"},{"taxonomy":"post_tag","embeddable":true,"href":"https:\/\/www.ejercito.mil.uy\/index.php\/wp-json\/wp\/v2\/tags?post=25867"}],"curies":[{"name":"wp","href":"https:\/\/api.w.org\/{rel}","templated":true}]}}