{"id":26030,"date":"2023-10-13T09:57:53","date_gmt":"2023-10-13T12:57:53","guid":{"rendered":"https:\/\/www.ejercito.mil.uy\/?p=26030"},"modified":"2023-10-19T15:08:00","modified_gmt":"2023-10-19T18:08:00","slug":"encuentro-nacional-de-psicologos-del-ambito-ejercito","status":"publish","type":"post","link":"https:\/\/www.ejercito.mil.uy\/index.php\/2023\/10\/13\/encuentro-nacional-de-psicologos-del-ambito-ejercito\/","title":{"rendered":"Encuentro Nacional de Psic\u00f3logos del \u00c1mbito Ej\u00e9rcito"},"content":{"rendered":"\n<p style=\"font-size:14px\">13.10.2023 &#8211; Montevideo<\/p>\n\n\n\n<div style=\"height:33px\" aria-hidden=\"true\" class=\"wp-block-spacer\"><\/div>\n\n\n\n<p class=\"has-medium-font-size\"><strong>El pasado mi\u00e9rcoles 11 de octubre, se realiz\u00f3 el Encuentro Nacional de Psic\u00f3logos del \u00c1mbito Ej\u00e9rcito, en el anfiteatro del Instituto Militar de Estudios Superiores.<\/strong><\/p>\n\n\n\n<div style=\"height:33px\" aria-hidden=\"true\" class=\"wp-block-spacer\"><\/div>\n\n\n<div class=\"wp-block-image\">\n<figure class=\"aligncenter size-large is-resized\"><img fetchpriority=\"high\" decoding=\"async\" src=\"https:\/\/www.ejercito.mil.uy\/wp-content\/uploads\/2023\/10\/Encuentro-de-Psicologos-1-1024x683.jpg\" alt=\"\" class=\"wp-image-26034\" width=\"768\" height=\"512\" srcset=\"https:\/\/www.ejercito.mil.uy\/wp-content\/uploads\/2023\/10\/Encuentro-de-Psicologos-1-1024x683.jpg 1024w, https:\/\/www.ejercito.mil.uy\/wp-content\/uploads\/2023\/10\/Encuentro-de-Psicologos-1-300x200.jpg 300w, https:\/\/www.ejercito.mil.uy\/wp-content\/uploads\/2023\/10\/Encuentro-de-Psicologos-1.jpg 1200w\" sizes=\"(max-width: 768px) 100vw, 768px\" \/><\/figure>\n<\/div>\n\n\n<div style=\"height:55px\" aria-hidden=\"true\" class=\"wp-block-spacer\"><\/div>\n\n\n\n<p>La finalidad de la jornada fue capacitar con respecto a los diferentes abordajes psicol\u00f3gicos delineados por el Servicio Sanitario del Ej\u00e9rcito. En esta oportunidad participaron 65 profesionales.<\/p>\n\n\n\n<div style=\"height:33px\" aria-hidden=\"true\" class=\"wp-block-spacer\"><\/div>\n\n\n\n<p>En esta oportunidad, tambi\u00e9n se hizo un reconocimiento a los profesionales que pr\u00f3ximamente pasar\u00e1n a retiro obligatorio.<\/p>\n\n\n\n<div style=\"height:99px\" aria-hidden=\"true\" class=\"wp-block-spacer\"><\/div>\n","protected":false},"excerpt":{"rendered":"<p>13.10.2023 &#8211; El pasado mi\u00e9rcoles 11 de octubre, se realiz\u00f3 el Encuentro Nacional de Psic\u00f3logos del \u00c1mbito Ej\u00e9rcito, en el anfiteatro del Instituto Militar de Estudios Superiores.<\/p>\n","protected":false},"author":4,"featured_media":26033,"comment_status":"closed","ping_status":"open","sticky":false,"template":"","format":"standard","meta":{"_coblocks_attr":"","_coblocks_dimensions":"","_coblocks_responsive_height":"","_coblocks_accordion_ie_support":"","_monsterinsights_skip_tracking":false,"_monsterinsights_sitenote_active":false,"_monsterinsights_sitenote_note":"","_monsterinsights_sitenote_category":0,"_uf_show_specific_survey":0,"_uf_disable_surveys":false,"footnotes":""},"categories":[2,14],"tags":[27,32,29,30,1284,1283,28,37],"class_list":["post-26030","post","type-post","status-publish","format-standard","has-post-thumbnail","hentry","category-blog","category-noticias","tag-apoyo","tag-bienestar","tag-comunidad","tag-misiones-operativas-de-paz","tag-picologia","tag-psicologo","tag-social","tag-sociedad"],"aioseo_notices":[],"_links":{"self":[{"href":"https:\/\/www.ejercito.mil.uy\/index.php\/wp-json\/wp\/v2\/posts\/26030","targetHints":{"allow":["GET"]}}],"collection":[{"href":"https:\/\/www.ejercito.mil.uy\/index.php\/wp-json\/wp\/v2\/posts"}],"about":[{"href":"https:\/\/www.ejercito.mil.uy\/index.php\/wp-json\/wp\/v2\/types\/post"}],"author":[{"embeddable":true,"href":"https:\/\/www.ejercito.mil.uy\/index.php\/wp-json\/wp\/v2\/users\/4"}],"replies":[{"embeddable":true,"href":"https:\/\/www.ejercito.mil.uy\/index.php\/wp-json\/wp\/v2\/comments?post=26030"}],"version-history":[{"count":2,"href":"https:\/\/www.ejercito.mil.uy\/index.php\/wp-json\/wp\/v2\/posts\/26030\/revisions"}],"predecessor-version":[{"id":26036,"href":"https:\/\/www.ejercito.mil.uy\/index.php\/wp-json\/wp\/v2\/posts\/26030\/revisions\/26036"}],"wp:featuredmedia":[{"embeddable":true,"href":"https:\/\/www.ejercito.mil.uy\/index.php\/wp-json\/wp\/v2\/media\/26033"}],"wp:attachment":[{"href":"https:\/\/www.ejercito.mil.uy\/index.php\/wp-json\/wp\/v2\/media?parent=26030"}],"wp:term":[{"taxonomy":"category","embeddable":true,"href":"https:\/\/www.ejercito.mil.uy\/index.php\/wp-json\/wp\/v2\/categories?post=26030"},{"taxonomy":"post_tag","embeddable":true,"href":"https:\/\/www.ejercito.mil.uy\/index.php\/wp-json\/wp\/v2\/tags?post=26030"}],"curies":[{"name":"wp","href":"https:\/\/api.w.org\/{rel}","templated":true}]}}