{"id":26129,"date":"2023-10-10T15:41:54","date_gmt":"2023-10-10T18:41:54","guid":{"rendered":"https:\/\/www.ejercito.mil.uy\/?p=26129"},"modified":"2023-10-17T15:42:54","modified_gmt":"2023-10-17T18:42:54","slug":"visita-de-la-oficial-del-medio-ambiente-al-batallon-uruguay-iv-en-la-rdc","status":"publish","type":"post","link":"https:\/\/www.ejercito.mil.uy\/index.php\/2023\/10\/10\/visita-de-la-oficial-del-medio-ambiente-al-batallon-uruguay-iv-en-la-rdc\/","title":{"rendered":"Visita de la Oficial de Medio Ambiente al Batall\u00f3n \u00abUruguay IV\u00bb en la RDC"},"content":{"rendered":"\n<p class=\"has-medium-font-size\">10.10.2023 &#8211; <strong>Rep\u00fablica Democr\u00e1tica del Congo<\/strong>  <\/p>\n\n\n\n<div style=\"height:33px\" aria-hidden=\"true\" class=\"wp-block-spacer\"><\/div>\n\n\n\n<p class=\"has-white-color has-text-color has-background has-medium-font-size\" style=\"background-color:#418fde\">El 6 de octubre, el Batall\u00f3n \u00abUruguay IV\u00bb desplegado en la Rep\u00fablica Democr\u00e1tica del Congo, recibi\u00f3 la visita de la Oficial de Medio Ambiente, Sra. Eva Muthoni Wanjiku.<\/p>\n\n\n\n<div style=\"height:33px\" aria-hidden=\"true\" class=\"wp-block-spacer\"><\/div>\n\n\n\n<div class=\"wp-block-coblocks-gallery-stacked\"><ul class=\"coblocks-gallery has-no-alignment has-fullwidth-images has-custom-gutter\" style=\"--coblocks-custom-gutter:0em\"><li class=\"coblocks-gallery--item\"><figure class=\"coblocks-gallery--figure\"><img fetchpriority=\"high\" decoding=\"async\" width=\"1024\" height=\"683\" alt=\"\" class=\"wp-image-26131 has-shadow-none\" data-id=\"26131\" data-imglink=\"\" data-link=\"https:\/\/www.ejercito.mil.uy\/?attachment_id=26131\" src=\"https:\/\/www.ejercito.mil.uy\/wp-content\/uploads\/2023\/10\/1-1024x683.jpg\" srcset=\"https:\/\/www.ejercito.mil.uy\/wp-content\/uploads\/2023\/10\/1-1024x683.jpg 1024w, https:\/\/www.ejercito.mil.uy\/wp-content\/uploads\/2023\/10\/1-300x200.jpg 300w, https:\/\/www.ejercito.mil.uy\/wp-content\/uploads\/2023\/10\/1.jpg 1200w\" sizes=\"(max-width: 1024px) 100vw, 1024px\" \/><\/figure><\/li><\/ul><\/div>\n\n\n\n<div style=\"height:33px\" aria-hidden=\"true\" class=\"wp-block-spacer\"><\/div>\n\n\n\n<p class=\"has-medium-font-size\">Realiz\u00f3 una recorrida por la Base, evaluando y asegurando que las instalaciones est\u00e9n en condiciones adecuadas seg\u00fan la legislaci\u00f3n aplicable, controlando su repercusi\u00f3n ambiental. <\/p>\n\n\n\n<div style=\"height:33px\" aria-hidden=\"true\" class=\"wp-block-spacer\"><\/div>\n\n\n\n<div aria-label=\"Carousel Gallery\" class=\"wp-block-coblocks-gallery-carousel\"><div class=\"coblocks-gallery-carousel-swiper-container is-cropped coblocks-gallery has-no-alignment has-caption-style-dark has-no-thumbnails\"><div class=\"has-carousel has-carousel-xlrg swiper-container\" data-swiper=\"{&quot;alignCells&quot;:false,&quot;autoPlay&quot;:false,&quot;autoPlaySpeed&quot;:3000,&quot;draggable&quot;:true,&quot;freeMode&quot;:false,&quot;loop&quot;:true,&quot;navigation&quot;:true,&quot;pageDots&quot;:false,&quot;pauseHover&quot;:false,&quot;responsiveHeight&quot;:false,&quot;slidesPerView&quot;:1,&quot;thumbnails&quot;:false,&quot;uuid&quot;:&quot;12345&quot;}\" style=\"height:550px\"><div class=\"swiper-wrapper\"><div class=\"swiper-slide\"><div class=\"coblocks-gallery--item\" role=\"button\"><figure class=\"coblocks-gallery--figure\"><img decoding=\"async\" width=\"1024\" height=\"683\" alt=\"\" class=\"wp-image-26132\" data-id=\"26132\" data-link=\"https:\/\/www.ejercito.mil.uy\/?attachment_id=26132\" src=\"https:\/\/www.ejercito.mil.uy\/wp-content\/uploads\/2023\/10\/2-1024x683.jpg\" srcset=\"https:\/\/www.ejercito.mil.uy\/wp-content\/uploads\/2023\/10\/2-1024x683.jpg 1024w, https:\/\/www.ejercito.mil.uy\/wp-content\/uploads\/2023\/10\/2-300x200.jpg 300w, https:\/\/www.ejercito.mil.uy\/wp-content\/uploads\/2023\/10\/2.jpg 1200w\" sizes=\"(max-width: 1024px) 100vw, 1024px\" \/><\/figure><figcaption class=\"coblocks-gallery--caption coblocks-gallery--primary-caption\"><\/figcaption><\/div><\/div><div class=\"swiper-slide\"><div class=\"coblocks-gallery--item\" role=\"button\"><figure class=\"coblocks-gallery--figure\"><img decoding=\"async\" width=\"1200\" height=\"800\" alt=\"\" class=\"wp-image-26133\" data-id=\"26133\" data-link=\"https:\/\/www.ejercito.mil.uy\/?attachment_id=26133\" src=\"https:\/\/www.ejercito.mil.uy\/wp-content\/uploads\/2023\/10\/3-1024x683.jpg\" srcset=\"https:\/\/www.ejercito.mil.uy\/wp-content\/uploads\/2023\/10\/3-1024x683.jpg 1024w, https:\/\/www.ejercito.mil.uy\/wp-content\/uploads\/2023\/10\/3-300x200.jpg 300w, https:\/\/www.ejercito.mil.uy\/wp-content\/uploads\/2023\/10\/3.jpg 1200w\" sizes=\"(max-width: 1200px) 100vw, 1200px\" \/><\/figure><figcaption class=\"coblocks-gallery--caption coblocks-gallery--primary-caption\"><\/figcaption><\/div><\/div><div class=\"swiper-slide\"><div class=\"coblocks-gallery--item\" role=\"button\"><figure class=\"coblocks-gallery--figure\"><img loading=\"lazy\" decoding=\"async\" width=\"1024\" height=\"683\" alt=\"\" class=\"wp-image-26134\" data-id=\"26134\" data-link=\"https:\/\/www.ejercito.mil.uy\/?attachment_id=26134\" src=\"https:\/\/www.ejercito.mil.uy\/wp-content\/uploads\/2023\/10\/4-1024x683.jpg\" srcset=\"https:\/\/www.ejercito.mil.uy\/wp-content\/uploads\/2023\/10\/4-1024x683.jpg 1024w, https:\/\/www.ejercito.mil.uy\/wp-content\/uploads\/2023\/10\/4-300x200.jpg 300w, https:\/\/www.ejercito.mil.uy\/wp-content\/uploads\/2023\/10\/4.jpg 1200w\" sizes=\"(max-width: 1024px) 100vw, 1024px\" \/><\/figure><figcaption class=\"coblocks-gallery--caption coblocks-gallery--primary-caption\"><\/figcaption><\/div><\/div><div class=\"swiper-slide\"><div class=\"coblocks-gallery--item\" role=\"button\"><figure class=\"coblocks-gallery--figure\"><img loading=\"lazy\" decoding=\"async\" width=\"1024\" height=\"683\" alt=\"\" class=\"wp-image-26136\" data-id=\"26136\" data-link=\"https:\/\/www.ejercito.mil.uy\/?attachment_id=26136\" src=\"https:\/\/www.ejercito.mil.uy\/wp-content\/uploads\/2023\/10\/7-1024x683.jpg\" srcset=\"https:\/\/www.ejercito.mil.uy\/wp-content\/uploads\/2023\/10\/7-1024x683.jpg 1024w, https:\/\/www.ejercito.mil.uy\/wp-content\/uploads\/2023\/10\/7-300x200.jpg 300w, https:\/\/www.ejercito.mil.uy\/wp-content\/uploads\/2023\/10\/7.jpg 1200w\" sizes=\"(max-width: 1024px) 100vw, 1024px\" \/><\/figure><figcaption class=\"coblocks-gallery--caption coblocks-gallery--primary-caption\"><\/figcaption><\/div><\/div><div class=\"swiper-slide\"><div class=\"coblocks-gallery--item\" role=\"button\"><figure class=\"coblocks-gallery--figure\"><img loading=\"lazy\" decoding=\"async\" width=\"1024\" height=\"683\" alt=\"\" class=\"wp-image-26135\" data-id=\"26135\" data-link=\"https:\/\/www.ejercito.mil.uy\/?attachment_id=26135\" src=\"https:\/\/www.ejercito.mil.uy\/wp-content\/uploads\/2023\/10\/5-1024x683.jpg\" srcset=\"https:\/\/www.ejercito.mil.uy\/wp-content\/uploads\/2023\/10\/5-1024x683.jpg 1024w, https:\/\/www.ejercito.mil.uy\/wp-content\/uploads\/2023\/10\/5-300x200.jpg 300w, https:\/\/www.ejercito.mil.uy\/wp-content\/uploads\/2023\/10\/5.jpg 1200w\" sizes=\"(max-width: 1024px) 100vw, 1024px\" \/><\/figure><figcaption class=\"coblocks-gallery--caption coblocks-gallery--primary-caption\"><\/figcaption><\/div><\/div><\/div><button class=\"nav-button__prev\" id=\"12345-prev\"><\/button><button class=\"nav-button__next\" id=\"12345-next\"><\/button><\/div><\/div><\/div>\n\n\n\n<div style=\"height:33px\" aria-hidden=\"true\" class=\"wp-block-spacer\"><\/div>\n\n\n\n<hr class=\"wp-block-separator has-alpha-channel-opacity\" \/>\n\n\n\n<div style=\"height:33px\" aria-hidden=\"true\" class=\"wp-block-spacer\"><\/div>\n\n\n\n<p class=\"has-medium-font-size\">Por otra parte, el 7 de octubre, el Batall\u00f3n desarroll\u00f3 una jornada de concientizaci\u00f3n sobre la salud mental, finalizando con una caminata de 5 km, organizado por la RSA Aviation Psychology del Contingente Sudafricano.<\/p>\n\n\n\n<div style=\"height:33px\" aria-hidden=\"true\" class=\"wp-block-spacer\"><\/div>\n\n\n\n<div class=\"wp-block-coblocks-gallery-stacked\"><ul class=\"coblocks-gallery has-no-alignment has-fullwidth-images has-custom-gutter\" style=\"--coblocks-custom-gutter:0em\"><li class=\"coblocks-gallery--item\"><figure class=\"coblocks-gallery--figure\"><img loading=\"lazy\" decoding=\"async\" width=\"1024\" height=\"683\" alt=\"\" class=\"wp-image-26137 has-shadow-none\" data-id=\"26137\" data-imglink=\"\" data-link=\"https:\/\/www.ejercito.mil.uy\/?attachment_id=26137\" src=\"https:\/\/www.ejercito.mil.uy\/wp-content\/uploads\/2023\/10\/8-1024x683.jpg\" srcset=\"https:\/\/www.ejercito.mil.uy\/wp-content\/uploads\/2023\/10\/8-1024x683.jpg 1024w, https:\/\/www.ejercito.mil.uy\/wp-content\/uploads\/2023\/10\/8-300x200.jpg 300w, https:\/\/www.ejercito.mil.uy\/wp-content\/uploads\/2023\/10\/8.jpg 1200w\" sizes=\"(max-width: 1024px) 100vw, 1024px\" \/><\/figure><\/li><\/ul><\/div>\n\n\n\n<div style=\"height:33px\" aria-hidden=\"true\" class=\"wp-block-spacer\"><\/div>\n\n\n\n<p class=\"has-medium-font-size\">La salud mental y f\u00edsica se relacionan debido a que cada una de ellas influye en el ser humano en una mayor o menor medida. Una mente saludable hace que el cuerpo funcione mejor y a su vez un cuerpo sano genera bienestar emocional para evitar enfermedades.<\/p>\n\n\n\n<div style=\"height:33px\" aria-hidden=\"true\" class=\"wp-block-spacer\"><\/div>\n\n\n\n<div aria-label=\"Carousel Gallery\" class=\"wp-block-coblocks-gallery-carousel\"><div class=\"coblocks-gallery-carousel-swiper-container is-cropped coblocks-gallery has-no-alignment has-caption-style-dark has-no-thumbnails\"><div class=\"has-carousel has-carousel-xlrg swiper-container\" data-swiper=\"{&quot;alignCells&quot;:false,&quot;autoPlay&quot;:false,&quot;autoPlaySpeed&quot;:3000,&quot;draggable&quot;:true,&quot;freeMode&quot;:false,&quot;loop&quot;:true,&quot;navigation&quot;:true,&quot;pageDots&quot;:false,&quot;pauseHover&quot;:false,&quot;responsiveHeight&quot;:false,&quot;slidesPerView&quot;:1,&quot;thumbnails&quot;:false,&quot;uuid&quot;:&quot;12345&quot;}\" style=\"height:550px\"><div class=\"swiper-wrapper\"><div class=\"swiper-slide\"><div class=\"coblocks-gallery--item\" role=\"button\"><figure class=\"coblocks-gallery--figure\"><img loading=\"lazy\" decoding=\"async\" width=\"1024\" height=\"683\" alt=\"\" class=\"wp-image-26139\" data-id=\"26139\" data-link=\"https:\/\/www.ejercito.mil.uy\/?attachment_id=26139\" src=\"https:\/\/www.ejercito.mil.uy\/wp-content\/uploads\/2023\/10\/10-1024x683.jpg\" srcset=\"https:\/\/www.ejercito.mil.uy\/wp-content\/uploads\/2023\/10\/10-1024x683.jpg 1024w, https:\/\/www.ejercito.mil.uy\/wp-content\/uploads\/2023\/10\/10-300x200.jpg 300w, https:\/\/www.ejercito.mil.uy\/wp-content\/uploads\/2023\/10\/10.jpg 1200w\" sizes=\"(max-width: 1024px) 100vw, 1024px\" \/><\/figure><figcaption class=\"coblocks-gallery--caption coblocks-gallery--primary-caption\"><\/figcaption><\/div><\/div><div class=\"swiper-slide\"><div class=\"coblocks-gallery--item\" role=\"button\"><figure class=\"coblocks-gallery--figure\"><img loading=\"lazy\" decoding=\"async\" width=\"1024\" height=\"683\" alt=\"\" class=\"wp-image-26141\" data-id=\"26141\" data-link=\"https:\/\/www.ejercito.mil.uy\/?attachment_id=26141\" src=\"https:\/\/www.ejercito.mil.uy\/wp-content\/uploads\/2023\/10\/12-1024x683.jpg\" srcset=\"https:\/\/www.ejercito.mil.uy\/wp-content\/uploads\/2023\/10\/12-1024x683.jpg 1024w, https:\/\/www.ejercito.mil.uy\/wp-content\/uploads\/2023\/10\/12-300x200.jpg 300w, https:\/\/www.ejercito.mil.uy\/wp-content\/uploads\/2023\/10\/12.jpg 1200w\" sizes=\"(max-width: 1024px) 100vw, 1024px\" \/><\/figure><figcaption class=\"coblocks-gallery--caption coblocks-gallery--primary-caption\"><\/figcaption><\/div><\/div><div class=\"swiper-slide\"><div class=\"coblocks-gallery--item\" role=\"button\"><figure class=\"coblocks-gallery--figure\"><img loading=\"lazy\" decoding=\"async\" width=\"1024\" height=\"683\" alt=\"\" class=\"wp-image-26140\" data-id=\"26140\" data-link=\"https:\/\/www.ejercito.mil.uy\/?attachment_id=26140\" src=\"https:\/\/www.ejercito.mil.uy\/wp-content\/uploads\/2023\/10\/11-1024x683.jpg\" srcset=\"https:\/\/www.ejercito.mil.uy\/wp-content\/uploads\/2023\/10\/11-1024x683.jpg 1024w, https:\/\/www.ejercito.mil.uy\/wp-content\/uploads\/2023\/10\/11-300x200.jpg 300w, https:\/\/www.ejercito.mil.uy\/wp-content\/uploads\/2023\/10\/11.jpg 1200w\" sizes=\"(max-width: 1024px) 100vw, 1024px\" \/><\/figure><figcaption class=\"coblocks-gallery--caption coblocks-gallery--primary-caption\"><\/figcaption><\/div><\/div><\/div><button class=\"nav-button__prev\" id=\"12345-prev\"><\/button><button class=\"nav-button__next\" id=\"12345-next\"><\/button><\/div><\/div><\/div>\n\n\n\n<div style=\"height:33px\" aria-hidden=\"true\" class=\"wp-block-spacer\"><\/div>\n\n\n\n<p class=\"has-medium-font-size\">Actividades como estas son fundamentales, para mantener el estado f\u00edsico y mental del personal y as\u00ed desempe\u00f1ar satisfactoriamente las misiones encomendadas.<\/p>\n\n\n\n<div style=\"height:33px\" aria-hidden=\"true\" class=\"wp-block-spacer\"><\/div>\n\n\n\n<div class=\"wp-block-coblocks-gallery-stacked\"><ul class=\"coblocks-gallery has-no-alignment has-fullwidth-images has-custom-gutter\" style=\"--coblocks-custom-gutter:0em\"><li class=\"coblocks-gallery--item\"><figure class=\"coblocks-gallery--figure\"><img loading=\"lazy\" decoding=\"async\" width=\"1024\" height=\"683\" alt=\"\" class=\"wp-image-26138 has-shadow-none\" data-id=\"26138\" data-imglink=\"\" data-link=\"https:\/\/www.ejercito.mil.uy\/?attachment_id=26138\" src=\"https:\/\/www.ejercito.mil.uy\/wp-content\/uploads\/2023\/10\/9-1024x683.jpg\" srcset=\"https:\/\/www.ejercito.mil.uy\/wp-content\/uploads\/2023\/10\/9-1024x683.jpg 1024w, https:\/\/www.ejercito.mil.uy\/wp-content\/uploads\/2023\/10\/9-300x200.jpg 300w, https:\/\/www.ejercito.mil.uy\/wp-content\/uploads\/2023\/10\/9.jpg 1200w\" sizes=\"(max-width: 1024px) 100vw, 1024px\" \/><\/figure><\/li><\/ul><\/div>\n","protected":false},"excerpt":{"rendered":"<p>10.10.2023 &#8211; La Oficial realiz\u00f3 una recorrida por la Base, evaluando y asegurando que las instalaciones est\u00e9n en condiciones adecuadas, por otra parte, el Batall\u00f3n desarroll\u00f3 una jornada de concientizaci\u00f3n sobre la salud mental. <\/p>\n","protected":false},"author":14,"featured_media":26130,"comment_status":"open","ping_status":"open","sticky":false,"template":"","format":"standard","meta":{"_coblocks_attr":"","_coblocks_dimensions":"","_coblocks_responsive_height":"","_coblocks_accordion_ie_support":"","_monsterinsights_skip_tracking":false,"_monsterinsights_sitenote_active":false,"_monsterinsights_sitenote_note":"","_monsterinsights_sitenote_category":0,"_uf_show_specific_survey":0,"_uf_disable_surveys":false,"footnotes":""},"categories":[2,237,14,1],"tags":[1289,1288,1287,1256,874,159,46],"class_list":["post-26129","post","type-post","status-publish","format-standard","has-post-thumbnail","hentry","category-blog","category-misiones","category-noticias","category-sin-categoria","tag-caminata","tag-concientizacion","tag-medio-ambiente","tag-mente","tag-oficial","tag-salud","tag-visita"],"aioseo_notices":[],"_links":{"self":[{"href":"https:\/\/www.ejercito.mil.uy\/index.php\/wp-json\/wp\/v2\/posts\/26129","targetHints":{"allow":["GET"]}}],"collection":[{"href":"https:\/\/www.ejercito.mil.uy\/index.php\/wp-json\/wp\/v2\/posts"}],"about":[{"href":"https:\/\/www.ejercito.mil.uy\/index.php\/wp-json\/wp\/v2\/types\/post"}],"author":[{"embeddable":true,"href":"https:\/\/www.ejercito.mil.uy\/index.php\/wp-json\/wp\/v2\/users\/14"}],"replies":[{"embeddable":true,"href":"https:\/\/www.ejercito.mil.uy\/index.php\/wp-json\/wp\/v2\/comments?post=26129"}],"version-history":[{"count":2,"href":"https:\/\/www.ejercito.mil.uy\/index.php\/wp-json\/wp\/v2\/posts\/26129\/revisions"}],"predecessor-version":[{"id":26143,"href":"https:\/\/www.ejercito.mil.uy\/index.php\/wp-json\/wp\/v2\/posts\/26129\/revisions\/26143"}],"wp:featuredmedia":[{"embeddable":true,"href":"https:\/\/www.ejercito.mil.uy\/index.php\/wp-json\/wp\/v2\/media\/26130"}],"wp:attachment":[{"href":"https:\/\/www.ejercito.mil.uy\/index.php\/wp-json\/wp\/v2\/media?parent=26129"}],"wp:term":[{"taxonomy":"category","embeddable":true,"href":"https:\/\/www.ejercito.mil.uy\/index.php\/wp-json\/wp\/v2\/categories?post=26129"},{"taxonomy":"post_tag","embeddable":true,"href":"https:\/\/www.ejercito.mil.uy\/index.php\/wp-json\/wp\/v2\/tags?post=26129"}],"curies":[{"name":"wp","href":"https:\/\/api.w.org\/{rel}","templated":true}]}}