{"id":26226,"date":"2023-10-22T17:00:41","date_gmt":"2023-10-22T20:00:41","guid":{"rendered":"https:\/\/www.ejercito.mil.uy\/?p=26226"},"modified":"2023-10-23T08:50:42","modified_gmt":"2023-10-23T11:50:42","slug":"dia-mundial-del-lucha-contra-el-cancer-de-mama","status":"publish","type":"post","link":"https:\/\/www.ejercito.mil.uy\/index.php\/2023\/10\/22\/dia-mundial-del-lucha-contra-el-cancer-de-mama\/","title":{"rendered":"Ejercicio de campa\u00f1a"},"content":{"rendered":"\n<p class=\"has-small-font-size\">22.10.2023 &#8211; Canelones   <\/p>\n\n\n\n<div style=\"height:33px\" aria-hidden=\"true\" class=\"wp-block-spacer\"><\/div>\n\n\n\n<p class=\"has-white-color has-text-color has-background has-medium-font-size\" style=\"background-color:#1f6728\"><strong>La Escuela de Capacitaci\u00f3n y Perfeccionamiento del Personal Subalterno de las Armas del Ej\u00e9rcito realiz\u00f3 un ejercicio de campa\u00f1a centrado en el desarrollo de habilidades en operaciones aerotransportadas, deslizamiento y soga r\u00e1pida, en el Batall\u00f3n de Infanter\u00eda Paracaidista N\u00b0 14, en la que participaron 189 alumnos.<\/strong><\/p>\n\n\n\n<div style=\"height:33px\" aria-hidden=\"true\" class=\"wp-block-spacer\"><\/div>\n\n\n\n<div class=\"wp-block-coblocks-gallery-stacked\"><ul class=\"coblocks-gallery has-no-alignment has-fullwidth-images has-custom-gutter\" style=\"--coblocks-custom-gutter:0em\"><li class=\"coblocks-gallery--item\"><figure class=\"coblocks-gallery--figure\"><img fetchpriority=\"high\" decoding=\"async\" width=\"1024\" height=\"683\" alt=\"\" class=\"wp-image-26310 has-shadow-none\" data-id=\"26310\" data-imglink=\"\" data-link=\"https:\/\/www.ejercito.mil.uy\/index.php\/2023\/10\/19\/dia-mundial-del-lucha-contra-el-cancer-de-mama\/1-1-4\/\" src=\"https:\/\/www.ejercito.mil.uy\/wp-content\/uploads\/2023\/10\/1-1-1024x683.jpg\" srcset=\"https:\/\/www.ejercito.mil.uy\/wp-content\/uploads\/2023\/10\/1-1-1024x683.jpg 1024w, https:\/\/www.ejercito.mil.uy\/wp-content\/uploads\/2023\/10\/1-1-300x200.jpg 300w, https:\/\/www.ejercito.mil.uy\/wp-content\/uploads\/2023\/10\/1-1.jpg 1200w\" sizes=\"(max-width: 1024px) 100vw, 1024px\" \/><\/figure><\/li><\/ul><\/div>\n\n\n\n<div style=\"height:33px\" aria-hidden=\"true\" class=\"wp-block-spacer\"><\/div>\n\n\n\n<p class=\"has-medium-font-size\">Durante la ma\u00f1ana, fueron las actividades de transporte a\u00e9reo utilizando un helic\u00f3ptero de la <a href=\"https:\/\/www.facebook.com\/fau.mil.uy\">Fuerza A\u00e9rea Uruguaya<\/a>. En esta parte de la campa\u00f1a, se establecieron diversas estaciones de instrucci\u00f3n relacionadas con este tipo de operaciones, que abordaron tareas como marcaci\u00f3n de helipuerto, seguridad de helipuerto, gu\u00eda de helic\u00f3pteros, embarque y desembarque de aeronaves, y evacuaci\u00f3n m\u00e9dica.<\/p>\n\n\n\n<div style=\"height:33px\" aria-hidden=\"true\" class=\"wp-block-spacer\"><\/div>\n\n\n\n<div class=\"wp-block-columns is-layout-flex wp-container-core-columns-is-layout-28f84493 wp-block-columns-is-layout-flex\">\n<div class=\"wp-block-column is-layout-flow wp-block-column-is-layout-flow\">\n<div class=\"wp-block-coblocks-gallery-stacked\"><ul class=\"coblocks-gallery has-no-alignment has-fullwidth-images has-custom-gutter\" style=\"--coblocks-custom-gutter:0em\"><li class=\"coblocks-gallery--item\"><figure class=\"coblocks-gallery--figure\"><img decoding=\"async\" width=\"1024\" height=\"683\" alt=\"\" class=\"wp-image-26314 has-shadow-none\" data-id=\"26314\" data-imglink=\"\" data-link=\"https:\/\/www.ejercito.mil.uy\/index.php\/2023\/10\/19\/dia-mundial-del-lucha-contra-el-cancer-de-mama\/5-1-4\/\" src=\"https:\/\/www.ejercito.mil.uy\/wp-content\/uploads\/2023\/10\/5-1-1024x683.jpg\" srcset=\"https:\/\/www.ejercito.mil.uy\/wp-content\/uploads\/2023\/10\/5-1-1024x683.jpg 1024w, https:\/\/www.ejercito.mil.uy\/wp-content\/uploads\/2023\/10\/5-1-300x200.jpg 300w, https:\/\/www.ejercito.mil.uy\/wp-content\/uploads\/2023\/10\/5-1.jpg 1200w\" sizes=\"(max-width: 1024px) 100vw, 1024px\" \/><\/figure><\/li><\/ul><\/div>\n<\/div>\n\n\n\n<div class=\"wp-block-column is-layout-flow wp-block-column-is-layout-flow\">\n<div class=\"wp-block-coblocks-gallery-stacked\"><ul class=\"coblocks-gallery has-no-alignment has-fullwidth-images has-custom-gutter\" style=\"--coblocks-custom-gutter:0em\"><li class=\"coblocks-gallery--item\"><figure class=\"coblocks-gallery--figure\"><img decoding=\"async\" width=\"1024\" height=\"683\" alt=\"\" class=\"wp-image-26311 has-shadow-none\" data-id=\"26311\" data-imglink=\"\" data-link=\"https:\/\/www.ejercito.mil.uy\/index.php\/2023\/10\/19\/dia-mundial-del-lucha-contra-el-cancer-de-mama\/2-1-5\/\" src=\"https:\/\/www.ejercito.mil.uy\/wp-content\/uploads\/2023\/10\/2-1-1024x683.jpg\" srcset=\"https:\/\/www.ejercito.mil.uy\/wp-content\/uploads\/2023\/10\/2-1-1024x683.jpg 1024w, https:\/\/www.ejercito.mil.uy\/wp-content\/uploads\/2023\/10\/2-1-300x200.jpg 300w, https:\/\/www.ejercito.mil.uy\/wp-content\/uploads\/2023\/10\/2-1.jpg 1200w\" sizes=\"(max-width: 1024px) 100vw, 1024px\" \/><\/figure><\/li><\/ul><\/div>\n<\/div>\n<\/div>\n\n\n\n<div style=\"height:33px\" aria-hidden=\"true\" class=\"wp-block-spacer\"><\/div>\n\n\n\n<p class=\"has-medium-font-size\">Por la tarde, los alumnos hicieron ejercicios de deslizamiento y soga r\u00e1pida. Adem\u00e1s, recibieron instrucci\u00f3n de nudos y ataduras, as\u00ed como de las medidas de seguridad durante el deslizamiento.<\/p>\n\n\n\n<div style=\"height:33px\" aria-hidden=\"true\" class=\"wp-block-spacer\"><\/div>\n\n\n\n<p class=\"has-medium-font-size\">Es relevante destacar que en las estaciones de instrucci\u00f3n participaron como instructores auxiliares los alumnos del Curso Avanzado para Suboficiales, en donde se destaca principalmente la participaci\u00f3n de los alumnos del <a href=\"https:\/\/www.facebook.com\/exercito\">Ej\u00e9rcito Brasile\u00f1o<\/a>. Tambi\u00e9n se cont\u00f3 con el apoyo a la instrucci\u00f3n de instructores del Batall\u00f3n.<\/p>\n\n\n\n<div style=\"height:33px\" aria-hidden=\"true\" class=\"wp-block-spacer\"><\/div>\n\n\n\n<div class=\"wp-block-columns is-layout-flex wp-container-core-columns-is-layout-28f84493 wp-block-columns-is-layout-flex\">\n<div class=\"wp-block-column is-layout-flow wp-block-column-is-layout-flow\">\n<div class=\"wp-block-coblocks-gallery-stacked\"><ul class=\"coblocks-gallery has-no-alignment has-fullwidth-images has-custom-gutter\" style=\"--coblocks-custom-gutter:0em\"><li class=\"coblocks-gallery--item\"><figure class=\"coblocks-gallery--figure\"><img loading=\"lazy\" decoding=\"async\" width=\"1024\" height=\"683\" alt=\"\" class=\"wp-image-26312 has-shadow-none\" data-id=\"26312\" data-imglink=\"\" data-link=\"https:\/\/www.ejercito.mil.uy\/index.php\/2023\/10\/19\/dia-mundial-del-lucha-contra-el-cancer-de-mama\/3-1-8\/\" src=\"https:\/\/www.ejercito.mil.uy\/wp-content\/uploads\/2023\/10\/3-1-1024x683.jpg\" srcset=\"https:\/\/www.ejercito.mil.uy\/wp-content\/uploads\/2023\/10\/3-1-1024x683.jpg 1024w, https:\/\/www.ejercito.mil.uy\/wp-content\/uploads\/2023\/10\/3-1-300x200.jpg 300w, https:\/\/www.ejercito.mil.uy\/wp-content\/uploads\/2023\/10\/3-1.jpg 1200w\" sizes=\"(max-width: 1024px) 100vw, 1024px\" \/><\/figure><\/li><\/ul><\/div>\n<\/div>\n\n\n\n<div class=\"wp-block-column is-layout-flow wp-block-column-is-layout-flow\">\n<div class=\"wp-block-coblocks-gallery-stacked\"><ul class=\"coblocks-gallery has-no-alignment has-fullwidth-images has-custom-gutter\" style=\"--coblocks-custom-gutter:0em\"><li class=\"coblocks-gallery--item\"><figure class=\"coblocks-gallery--figure\"><img loading=\"lazy\" decoding=\"async\" width=\"1024\" height=\"683\" alt=\"\" class=\"wp-image-26313 has-shadow-none\" data-id=\"26313\" data-imglink=\"\" data-link=\"https:\/\/www.ejercito.mil.uy\/index.php\/2023\/10\/19\/dia-mundial-del-lucha-contra-el-cancer-de-mama\/4-1-7\/\" src=\"https:\/\/www.ejercito.mil.uy\/wp-content\/uploads\/2023\/10\/4-1-1024x683.jpg\" srcset=\"https:\/\/www.ejercito.mil.uy\/wp-content\/uploads\/2023\/10\/4-1-1024x683.jpg 1024w, https:\/\/www.ejercito.mil.uy\/wp-content\/uploads\/2023\/10\/4-1-300x200.jpg 300w, https:\/\/www.ejercito.mil.uy\/wp-content\/uploads\/2023\/10\/4-1.jpg 1200w\" sizes=\"(max-width: 1024px) 100vw, 1024px\" \/><\/figure><\/li><\/ul><\/div>\n<\/div>\n<\/div>\n\n\n\n<div style=\"height:33px\" aria-hidden=\"true\" class=\"wp-block-spacer\"><\/div>\n\n\n\n<p class=\"has-medium-font-size\">Estos ejercicios pr\u00e1cticos forman una parte esencial de la capacitaci\u00f3n de los futuros l\u00edderes del Ej\u00e9rcito Nacional, donde les proporciona la oportunidad de adquirir habilidades fundamentales en operaciones aerotransportadas, deslizamiento y soga r\u00e1pida, lo que contribuye significativamente a su formaci\u00f3n y preparaci\u00f3n en la carrera militar.<\/p>\n\n\n\n<div style=\"height:33px\" aria-hidden=\"true\" class=\"wp-block-spacer\"><\/div>\n\n\n\n<p class=\"has-medium-font-size\"><a href=\"https:\/\/www.facebook.com\/BnIParac14uy\">Batall\u00f3n de Infanter\u00eda Paracaidista N\u00b0 14<\/a><\/p>\n\n\n\n<div style=\"height:33px\" aria-hidden=\"true\" class=\"wp-block-spacer\"><\/div>\n\n\n\n<p class=\"is-style-success has-medium-font-size\"><em>Ver nota a partir del minuto 00:11 en la edici\u00f3n #33 del informativo Ej\u00e9rcito del Uruguay &#8211;<a rel=\"noreferrer noopener\" href=\"https:\/\/youtu.be\/kuWBDMf6BAU?fbclid=IwAR1FoGfowz43YnQ-mbfmUFXo4N6pyX76x_dH5A07JApySDWxelEn2BQXg_s\" target=\"_blank\">https:\/\/youtu.be\/kuWBDMf6BAU<\/a><\/em><\/p>\n","protected":false},"excerpt":{"rendered":"<p>22.10.2023 &#8211;  La Escuela de Capacitaci\u00f3n y Perfeccionamiento del Personal Subalterno de las Armas del Ej\u00e9rcito realiz\u00f3 un ejercicio de campa\u00f1a centrado en el desarrollo de habilidades en operaciones aerotransportadas, deslizamiento y soga r\u00e1pida. <\/p>\n","protected":false},"author":14,"featured_media":26309,"comment_status":"open","ping_status":"open","sticky":false,"template":"","format":"standard","meta":{"_coblocks_attr":"","_coblocks_dimensions":"","_coblocks_responsive_height":"","_coblocks_accordion_ie_support":"","_monsterinsights_skip_tracking":false,"_monsterinsights_sitenote_active":false,"_monsterinsights_sitenote_note":"","_monsterinsights_sitenote_category":0,"_uf_show_specific_survey":0,"_uf_disable_surveys":false,"footnotes":""},"categories":[2,14,1],"tags":[321,570,140,485,71,418],"class_list":["post-26226","post","type-post","status-publish","format-standard","has-post-thumbnail","hentry","category-blog","category-noticias","category-sin-categoria","tag-actividades","tag-campana","tag-ejercicio","tag-habilidades","tag-infanteria","tag-operaciones"],"aioseo_notices":[],"_links":{"self":[{"href":"https:\/\/www.ejercito.mil.uy\/index.php\/wp-json\/wp\/v2\/posts\/26226","targetHints":{"allow":["GET"]}}],"collection":[{"href":"https:\/\/www.ejercito.mil.uy\/index.php\/wp-json\/wp\/v2\/posts"}],"about":[{"href":"https:\/\/www.ejercito.mil.uy\/index.php\/wp-json\/wp\/v2\/types\/post"}],"author":[{"embeddable":true,"href":"https:\/\/www.ejercito.mil.uy\/index.php\/wp-json\/wp\/v2\/users\/14"}],"replies":[{"embeddable":true,"href":"https:\/\/www.ejercito.mil.uy\/index.php\/wp-json\/wp\/v2\/comments?post=26226"}],"version-history":[{"count":3,"href":"https:\/\/www.ejercito.mil.uy\/index.php\/wp-json\/wp\/v2\/posts\/26226\/revisions"}],"predecessor-version":[{"id":26328,"href":"https:\/\/www.ejercito.mil.uy\/index.php\/wp-json\/wp\/v2\/posts\/26226\/revisions\/26328"}],"wp:featuredmedia":[{"embeddable":true,"href":"https:\/\/www.ejercito.mil.uy\/index.php\/wp-json\/wp\/v2\/media\/26309"}],"wp:attachment":[{"href":"https:\/\/www.ejercito.mil.uy\/index.php\/wp-json\/wp\/v2\/media?parent=26226"}],"wp:term":[{"taxonomy":"category","embeddable":true,"href":"https:\/\/www.ejercito.mil.uy\/index.php\/wp-json\/wp\/v2\/categories?post=26226"},{"taxonomy":"post_tag","embeddable":true,"href":"https:\/\/www.ejercito.mil.uy\/index.php\/wp-json\/wp\/v2\/tags?post=26226"}],"curies":[{"name":"wp","href":"https:\/\/api.w.org\/{rel}","templated":true}]}}