{"id":26382,"date":"2023-10-27T11:44:48","date_gmt":"2023-10-27T14:44:48","guid":{"rendered":"https:\/\/www.ejercito.mil.uy\/?p=26382"},"modified":"2023-10-29T13:25:56","modified_gmt":"2023-10-29T16:25:56","slug":"viaje-de-orientacion-a-brasil","status":"publish","type":"post","link":"https:\/\/www.ejercito.mil.uy\/index.php\/2023\/10\/27\/viaje-de-orientacion-a-brasil\/","title":{"rendered":"Viaje de orientaci\u00f3n a Brasil"},"content":{"rendered":"\n<p class=\"has-medium-font-size\">27.10.2023 &#8211; Brasil    <\/p>\n\n\n\n<div style=\"height:33px\" aria-hidden=\"true\" class=\"wp-block-spacer\"><\/div>\n\n\n\n<p class=\"has-black-color has-text-color has-background has-medium-font-size\" style=\"background-color:#ffcc00\">Entre el 15 y el 20 de octubre, alumnos del Curso de Comando y Estado Mayor del Instituto Militar de Estudios Superiores, <strong>realizaron un viaje de orientaci\u00f3n a Brasil. \u00a0<\/strong><\/p>\n\n\n\n<div style=\"height:33px\" aria-hidden=\"true\" class=\"wp-block-spacer\"><\/div>\n\n\n\n<p class=\"has-medium-font-size\">La visita comprendi\u00f3 un programa de actividades en las ciudades de Porto Alegre y Santa Mar\u00eda. <\/p>\n\n\n\n<div style=\"height:33px\" aria-hidden=\"true\" class=\"wp-block-spacer\"><\/div>\n\n\n\n<div class=\"wp-block-coblocks-gallery-stacked\"><ul class=\"coblocks-gallery has-no-alignment has-fullwidth-images has-custom-gutter\" style=\"--coblocks-custom-gutter:0em\"><li class=\"coblocks-gallery--item\"><figure class=\"coblocks-gallery--figure\"><img fetchpriority=\"high\" decoding=\"async\" width=\"1024\" height=\"683\" alt=\"\" class=\"wp-image-26403 has-shadow-none\" data-id=\"26403\" data-imglink=\"\" data-link=\"https:\/\/www.ejercito.mil.uy\/?attachment_id=26403\" src=\"https:\/\/www.ejercito.mil.uy\/wp-content\/uploads\/2023\/10\/Viaje-de-orientacion-a-Brasil-2-1024x683.jpg\" srcset=\"https:\/\/www.ejercito.mil.uy\/wp-content\/uploads\/2023\/10\/Viaje-de-orientacion-a-Brasil-2-1024x683.jpg 1024w, https:\/\/www.ejercito.mil.uy\/wp-content\/uploads\/2023\/10\/Viaje-de-orientacion-a-Brasil-2-300x200.jpg 300w, https:\/\/www.ejercito.mil.uy\/wp-content\/uploads\/2023\/10\/Viaje-de-orientacion-a-Brasil-2.jpg 1200w\" sizes=\"(max-width: 1024px) 100vw, 1024px\" \/><\/figure><\/li><\/ul><\/div>\n\n\n\n<div style=\"height:33px\" aria-hidden=\"true\" class=\"wp-block-spacer\"><\/div>\n\n\n\n<p class=\"has-medium-font-size\">En Porto Alegre, la delegaci\u00f3n fue recibida en la sede del Comando Militar Sur del <a href=\"https:\/\/www.facebook.com\/exercito\">Ej\u00e9rcito Brasile\u00f1o<\/a>, donde se realiz\u00f3 una exposici\u00f3n detallada sobre las tareas desempe\u00f1adas por el Comando, en colaboraci\u00f3n con las inundaciones en el Estado de R\u00edo Grande. Durante la presentaci\u00f3n, se resalt\u00f3 la importancia cr\u00edtica de las Fuerzas Armadas en el apoyo a la seguridad y bienestar del pa\u00eds.<\/p>\n\n\n\n<div style=\"height:33px\" aria-hidden=\"true\" class=\"wp-block-spacer\"><\/div>\n\n\n\n<p class=\"has-medium-font-size\">Luego, se visit\u00f3 el Museo Militar del Comando Sur, Regimiento de Caballer\u00eda de Guardias N\u00ba 3, AEL Sistemas, una empresa de desarrollo de sistemas electr\u00f3nicos avanzados y la F\u00e1brica de Armas Taurus, instituciones que permiten visualizar la importancia de la industria de defensa.<\/p>\n\n\n\n<div style=\"height:33px\" aria-hidden=\"true\" class=\"wp-block-spacer\"><\/div>\n\n\n\n<p class=\"has-medium-font-size\">En Santa Mar\u00eda, la delegaci\u00f3n concurri\u00f3 a diversas Unidades dependientes de la D.E. N\u00ba 3, donde se encuentran las Unidades Blindadas del Comando Sur, como: 6ta Brigada de Infanter\u00eda Blindada, el Batall\u00f3n de Infanter\u00eda Blindado N\u00ba 29, Unidades log\u00edsticas, representantes de KMDB en Brasil y Centros de Instrucci\u00f3n.<\/p>\n\n\n\n<div style=\"height:33px\" aria-hidden=\"true\" class=\"wp-block-spacer\"><\/div>\n\n\n\n<div aria-label=\"Carousel Gallery\" class=\"wp-block-coblocks-gallery-carousel\"><div class=\"coblocks-gallery-carousel-swiper-container is-cropped coblocks-gallery has-no-alignment has-caption-style-dark has-no-thumbnails\"><div class=\"has-carousel has-carousel-xlrg swiper-container\" data-swiper=\"{&quot;alignCells&quot;:false,&quot;autoPlay&quot;:false,&quot;autoPlaySpeed&quot;:3000,&quot;draggable&quot;:true,&quot;freeMode&quot;:false,&quot;loop&quot;:true,&quot;navigation&quot;:true,&quot;pageDots&quot;:false,&quot;pauseHover&quot;:false,&quot;responsiveHeight&quot;:false,&quot;slidesPerView&quot;:1,&quot;thumbnails&quot;:false,&quot;uuid&quot;:&quot;12345&quot;}\" style=\"height:550px\"><div class=\"swiper-wrapper\"><div class=\"swiper-slide\"><div class=\"coblocks-gallery--item\" role=\"button\"><figure class=\"coblocks-gallery--figure\"><img decoding=\"async\" width=\"1024\" height=\"683\" alt=\"\" class=\"wp-image-26404\" data-id=\"26404\" data-link=\"https:\/\/www.ejercito.mil.uy\/?attachment_id=26404\" src=\"https:\/\/www.ejercito.mil.uy\/wp-content\/uploads\/2023\/10\/Viaje-de-orientacion-a-Brasil-1-1024x683.jpg\" srcset=\"https:\/\/www.ejercito.mil.uy\/wp-content\/uploads\/2023\/10\/Viaje-de-orientacion-a-Brasil-1-1024x683.jpg 1024w, https:\/\/www.ejercito.mil.uy\/wp-content\/uploads\/2023\/10\/Viaje-de-orientacion-a-Brasil-1-300x200.jpg 300w, https:\/\/www.ejercito.mil.uy\/wp-content\/uploads\/2023\/10\/Viaje-de-orientacion-a-Brasil-1.jpg 1200w\" sizes=\"(max-width: 1024px) 100vw, 1024px\" \/><\/figure><figcaption class=\"coblocks-gallery--caption coblocks-gallery--primary-caption\"><\/figcaption><\/div><\/div><div class=\"swiper-slide\"><div class=\"coblocks-gallery--item\" role=\"button\"><figure class=\"coblocks-gallery--figure\"><img decoding=\"async\" width=\"1024\" height=\"683\" alt=\"\" class=\"wp-image-26405\" data-id=\"26405\" data-link=\"https:\/\/www.ejercito.mil.uy\/?attachment_id=26405\" src=\"https:\/\/www.ejercito.mil.uy\/wp-content\/uploads\/2023\/10\/Viaje-de-orientacion-a-Brasil-3-1024x683.jpg\" srcset=\"https:\/\/www.ejercito.mil.uy\/wp-content\/uploads\/2023\/10\/Viaje-de-orientacion-a-Brasil-3-1024x683.jpg 1024w, https:\/\/www.ejercito.mil.uy\/wp-content\/uploads\/2023\/10\/Viaje-de-orientacion-a-Brasil-3-300x200.jpg 300w, https:\/\/www.ejercito.mil.uy\/wp-content\/uploads\/2023\/10\/Viaje-de-orientacion-a-Brasil-3.jpg 1200w\" sizes=\"(max-width: 1024px) 100vw, 1024px\" \/><\/figure><figcaption class=\"coblocks-gallery--caption coblocks-gallery--primary-caption\"><\/figcaption><\/div><\/div><div class=\"swiper-slide\"><div class=\"coblocks-gallery--item\" role=\"button\"><figure class=\"coblocks-gallery--figure\"><img loading=\"lazy\" decoding=\"async\" width=\"1024\" height=\"683\" alt=\"\" class=\"wp-image-26408\" data-id=\"26408\" data-link=\"https:\/\/www.ejercito.mil.uy\/?attachment_id=26408\" src=\"https:\/\/www.ejercito.mil.uy\/wp-content\/uploads\/2023\/10\/Viaje-de-orientacion-a-Brasil-7-1024x683.jpg\" srcset=\"https:\/\/www.ejercito.mil.uy\/wp-content\/uploads\/2023\/10\/Viaje-de-orientacion-a-Brasil-7-1024x683.jpg 1024w, https:\/\/www.ejercito.mil.uy\/wp-content\/uploads\/2023\/10\/Viaje-de-orientacion-a-Brasil-7-300x200.jpg 300w, https:\/\/www.ejercito.mil.uy\/wp-content\/uploads\/2023\/10\/Viaje-de-orientacion-a-Brasil-7.jpg 1200w\" sizes=\"(max-width: 1024px) 100vw, 1024px\" \/><\/figure><figcaption class=\"coblocks-gallery--caption coblocks-gallery--primary-caption\"><\/figcaption><\/div><\/div><div class=\"swiper-slide\"><div class=\"coblocks-gallery--item\" role=\"button\"><figure class=\"coblocks-gallery--figure\"><img loading=\"lazy\" decoding=\"async\" width=\"1024\" height=\"683\" alt=\"\" class=\"wp-image-26406\" data-id=\"26406\" data-link=\"https:\/\/www.ejercito.mil.uy\/?attachment_id=26406\" src=\"https:\/\/www.ejercito.mil.uy\/wp-content\/uploads\/2023\/10\/Viaje-de-orientacion-a-Brasil-4-1024x683.jpg\" srcset=\"https:\/\/www.ejercito.mil.uy\/wp-content\/uploads\/2023\/10\/Viaje-de-orientacion-a-Brasil-4-1024x683.jpg 1024w, https:\/\/www.ejercito.mil.uy\/wp-content\/uploads\/2023\/10\/Viaje-de-orientacion-a-Brasil-4-300x200.jpg 300w, https:\/\/www.ejercito.mil.uy\/wp-content\/uploads\/2023\/10\/Viaje-de-orientacion-a-Brasil-4.jpg 1200w\" sizes=\"(max-width: 1024px) 100vw, 1024px\" \/><\/figure><figcaption class=\"coblocks-gallery--caption coblocks-gallery--primary-caption\"><\/figcaption><\/div><\/div><div class=\"swiper-slide\"><div class=\"coblocks-gallery--item\" role=\"button\"><figure class=\"coblocks-gallery--figure\"><img loading=\"lazy\" decoding=\"async\" width=\"1024\" height=\"683\" alt=\"\" class=\"wp-image-26407\" data-id=\"26407\" data-link=\"https:\/\/www.ejercito.mil.uy\/?attachment_id=26407\" src=\"https:\/\/www.ejercito.mil.uy\/wp-content\/uploads\/2023\/10\/Viaje-de-orientacion-a-Brasil-5-1024x683.jpg\" srcset=\"https:\/\/www.ejercito.mil.uy\/wp-content\/uploads\/2023\/10\/Viaje-de-orientacion-a-Brasil-5-1024x683.jpg 1024w, https:\/\/www.ejercito.mil.uy\/wp-content\/uploads\/2023\/10\/Viaje-de-orientacion-a-Brasil-5-300x200.jpg 300w, https:\/\/www.ejercito.mil.uy\/wp-content\/uploads\/2023\/10\/Viaje-de-orientacion-a-Brasil-5.jpg 1200w\" sizes=\"(max-width: 1024px) 100vw, 1024px\" \/><\/figure><figcaption class=\"coblocks-gallery--caption coblocks-gallery--primary-caption\"><\/figcaption><\/div><\/div><div class=\"swiper-slide\"><div class=\"coblocks-gallery--item\" role=\"button\"><figure class=\"coblocks-gallery--figure\"><img loading=\"lazy\" decoding=\"async\" width=\"1024\" height=\"683\" alt=\"\" class=\"wp-image-26409\" data-id=\"26409\" data-link=\"https:\/\/www.ejercito.mil.uy\/?attachment_id=26409\" src=\"https:\/\/www.ejercito.mil.uy\/wp-content\/uploads\/2023\/10\/Viaje-de-orientacion-a-Brasil-8-1024x683.jpg\" srcset=\"https:\/\/www.ejercito.mil.uy\/wp-content\/uploads\/2023\/10\/Viaje-de-orientacion-a-Brasil-8-1024x683.jpg 1024w, https:\/\/www.ejercito.mil.uy\/wp-content\/uploads\/2023\/10\/Viaje-de-orientacion-a-Brasil-8-300x200.jpg 300w, https:\/\/www.ejercito.mil.uy\/wp-content\/uploads\/2023\/10\/Viaje-de-orientacion-a-Brasil-8.jpg 1200w\" sizes=\"(max-width: 1024px) 100vw, 1024px\" \/><\/figure><figcaption class=\"coblocks-gallery--caption coblocks-gallery--primary-caption\"><\/figcaption><\/div><\/div><\/div><button class=\"nav-button__prev\" id=\"12345-prev\"><\/button><button class=\"nav-button__next\" id=\"12345-next\"><\/button><\/div><\/div><\/div>\n\n\n\n<div style=\"height:33px\" aria-hidden=\"true\" class=\"wp-block-spacer\"><\/div>\n\n\n\n<p class=\"has-medium-font-size\">Los efectivos interactuaron estrechamente con destacadas autoridades militares, manifestando el compromiso compartido de ambas naciones de mantener relaciones s\u00f3lidas y respetuosas.<\/p>\n","protected":false},"excerpt":{"rendered":"<p>27.10.2023 &#8211; Entre el 15 y el 20 de octubre, alumnos del Curso de Comando y Estado Mayor del Ej\u00e9rcito Nacional, realizaron un viaje de orientaci\u00f3n a Brasil. \u00a0<\/p>\n","protected":false},"author":14,"featured_media":26402,"comment_status":"open","ping_status":"open","sticky":false,"template":"","format":"standard","meta":{"_coblocks_attr":"","_coblocks_dimensions":"","_coblocks_responsive_height":"","_coblocks_accordion_ie_support":"","_monsterinsights_skip_tracking":false,"_monsterinsights_sitenote_active":false,"_monsterinsights_sitenote_note":"","_monsterinsights_sitenote_category":0,"_uf_show_specific_survey":0,"_uf_disable_surveys":false,"footnotes":""},"categories":[2,14,1],"tags":[120,194,900,1151,1207,1323,1322,88,1321],"class_list":["post-26382","post","type-post","status-publish","format-standard","has-post-thumbnail","hentry","category-blog","category-noticias","category-sin-categoria","tag-blindado","tag-brasil","tag-conferencia","tag-fuerzas-unidas","tag-orientacion","tag-simulacion","tag-simulador","tag-vehiculos","tag-viaje"],"aioseo_notices":[],"_links":{"self":[{"href":"https:\/\/www.ejercito.mil.uy\/index.php\/wp-json\/wp\/v2\/posts\/26382","targetHints":{"allow":["GET"]}}],"collection":[{"href":"https:\/\/www.ejercito.mil.uy\/index.php\/wp-json\/wp\/v2\/posts"}],"about":[{"href":"https:\/\/www.ejercito.mil.uy\/index.php\/wp-json\/wp\/v2\/types\/post"}],"author":[{"embeddable":true,"href":"https:\/\/www.ejercito.mil.uy\/index.php\/wp-json\/wp\/v2\/users\/14"}],"replies":[{"embeddable":true,"href":"https:\/\/www.ejercito.mil.uy\/index.php\/wp-json\/wp\/v2\/comments?post=26382"}],"version-history":[{"count":4,"href":"https:\/\/www.ejercito.mil.uy\/index.php\/wp-json\/wp\/v2\/posts\/26382\/revisions"}],"predecessor-version":[{"id":26412,"href":"https:\/\/www.ejercito.mil.uy\/index.php\/wp-json\/wp\/v2\/posts\/26382\/revisions\/26412"}],"wp:featuredmedia":[{"embeddable":true,"href":"https:\/\/www.ejercito.mil.uy\/index.php\/wp-json\/wp\/v2\/media\/26402"}],"wp:attachment":[{"href":"https:\/\/www.ejercito.mil.uy\/index.php\/wp-json\/wp\/v2\/media?parent=26382"}],"wp:term":[{"taxonomy":"category","embeddable":true,"href":"https:\/\/www.ejercito.mil.uy\/index.php\/wp-json\/wp\/v2\/categories?post=26382"},{"taxonomy":"post_tag","embeddable":true,"href":"https:\/\/www.ejercito.mil.uy\/index.php\/wp-json\/wp\/v2\/tags?post=26382"}],"curies":[{"name":"wp","href":"https:\/\/api.w.org\/{rel}","templated":true}]}}