{"id":26384,"date":"2023-10-26T20:21:13","date_gmt":"2023-10-26T23:21:13","guid":{"rendered":"https:\/\/www.ejercito.mil.uy\/?p=26384"},"modified":"2023-11-08T13:21:26","modified_gmt":"2023-11-08T16:21:26","slug":"inundaciones-en-el-norte-del-pais","status":"publish","type":"post","link":"https:\/\/www.ejercito.mil.uy\/index.php\/2023\/10\/26\/inundaciones-en-el-norte-del-pais\/","title":{"rendered":"Inundaciones en el Norte del pa\u00eds"},"content":{"rendered":"\n<p class=\"has-medium-font-size\">26.10.2023 &#8211; Salto <\/p>\n\n\n\n<div style=\"height:33px\" aria-hidden=\"true\" class=\"wp-block-spacer\"><\/div>\n\n\n\n<p class=\"has-white-color has-text-color has-background has-medium-font-size\" style=\"background-color:#026b45\">Como consecuencia de las inundaciones que afecta al Norte del pa\u00eds, el Batall\u00f3n \u00abItuzaing\u00f3\u00bb de Infanter\u00eda N\u00ba 7 en coordinaci\u00f3n con el CECOED, se encuentra trabajando en apoyo a los evacuados.<\/p>\n\n\n\n<div style=\"height:33px\" aria-hidden=\"true\" class=\"wp-block-spacer\"><\/div>\n\n\n\n<div class=\"wp-block-columns is-layout-flex wp-container-core-columns-is-layout-28f84493 wp-block-columns-is-layout-flex\">\n<div class=\"wp-block-column is-layout-flow wp-block-column-is-layout-flow\">\n<figure class=\"wp-block-image size-full\"><img fetchpriority=\"high\" decoding=\"async\" width=\"960\" height=\"640\" src=\"https:\/\/www.ejercito.mil.uy\/wp-content\/uploads\/2023\/10\/Inundaciones-en-el-Norte-del-pais-3.jpg\" alt=\"\" class=\"wp-image-26391\" srcset=\"https:\/\/www.ejercito.mil.uy\/wp-content\/uploads\/2023\/10\/Inundaciones-en-el-Norte-del-pais-3.jpg 960w, https:\/\/www.ejercito.mil.uy\/wp-content\/uploads\/2023\/10\/Inundaciones-en-el-Norte-del-pais-3-300x200.jpg 300w\" sizes=\"(max-width: 960px) 100vw, 960px\" \/><\/figure>\n<\/div>\n\n\n\n<div class=\"wp-block-column is-layout-flow wp-block-column-is-layout-flow\">\n<figure class=\"wp-block-image size-full\"><img decoding=\"async\" width=\"960\" height=\"640\" src=\"https:\/\/www.ejercito.mil.uy\/wp-content\/uploads\/2023\/10\/Inundaciones-en-el-Norte-del-pais-5.jpg\" alt=\"\" class=\"wp-image-26385\" srcset=\"https:\/\/www.ejercito.mil.uy\/wp-content\/uploads\/2023\/10\/Inundaciones-en-el-Norte-del-pais-5.jpg 960w, https:\/\/www.ejercito.mil.uy\/wp-content\/uploads\/2023\/10\/Inundaciones-en-el-Norte-del-pais-5-300x200.jpg 300w\" sizes=\"(max-width: 960px) 100vw, 960px\" \/><\/figure>\n<\/div>\n<\/div>\n\n\n\n<div style=\"height:33px\" aria-hidden=\"true\" class=\"wp-block-spacer\"><\/div>\n\n\n\n<p class=\"has-medium-font-size\">Los efectivos utilizando medios de la Unidad, han colaborado en el armado de carpas militares y otras que fueron provistas por el CECOED, traslado de mobiliario, recorridas por la zona de campamento para controlar, ajustar las estacas y parantes de carpas.<\/p>\n\n\n\n<div style=\"height:33px\" aria-hidden=\"true\" class=\"wp-block-spacer\"><\/div>\n\n\n\n<div aria-label=\"Carousel Gallery\" class=\"wp-block-coblocks-gallery-carousel\"><div class=\"coblocks-gallery-carousel-swiper-container is-cropped coblocks-gallery has-no-alignment has-caption-style-dark has-lightbox has-no-thumbnails\"><div class=\"has-carousel has-carousel-xlrg swiper-container\" data-swiper=\"{&quot;alignCells&quot;:false,&quot;autoPlay&quot;:false,&quot;autoPlaySpeed&quot;:3000,&quot;draggable&quot;:true,&quot;freeMode&quot;:false,&quot;loop&quot;:false,&quot;navigation&quot;:true,&quot;pageDots&quot;:false,&quot;pauseHover&quot;:false,&quot;responsiveHeight&quot;:false,&quot;slidesPerView&quot;:1,&quot;thumbnails&quot;:false,&quot;uuid&quot;:&quot;12345&quot;}\" style=\"height:550px\"><div class=\"swiper-wrapper\"><div class=\"swiper-slide\"><div class=\"coblocks-gallery--item\" role=\"button\"><figure class=\"coblocks-gallery--figure\"><img decoding=\"async\" width=\"960\" height=\"640\" alt=\"\" class=\"wp-image-26388\" data-id=\"26388\" data-link=\"https:\/\/www.ejercito.mil.uy\/?attachment_id=26388\" src=\"https:\/\/www.ejercito.mil.uy\/wp-content\/uploads\/2023\/10\/Inundaciones-en-el-Norte-del-pais-6.jpg\" srcset=\"https:\/\/www.ejercito.mil.uy\/wp-content\/uploads\/2023\/10\/Inundaciones-en-el-Norte-del-pais-6.jpg 960w, https:\/\/www.ejercito.mil.uy\/wp-content\/uploads\/2023\/10\/Inundaciones-en-el-Norte-del-pais-6-300x200.jpg 300w\" sizes=\"(max-width: 960px) 100vw, 960px\" \/><\/figure><figcaption class=\"coblocks-gallery--caption coblocks-gallery--primary-caption\"><\/figcaption><\/div><\/div><div class=\"swiper-slide\"><div class=\"coblocks-gallery--item\" role=\"button\"><figure class=\"coblocks-gallery--figure\"><img loading=\"lazy\" decoding=\"async\" width=\"960\" height=\"640\" alt=\"\" class=\"wp-image-26387\" data-id=\"26387\" data-link=\"https:\/\/www.ejercito.mil.uy\/?attachment_id=26387\" src=\"https:\/\/www.ejercito.mil.uy\/wp-content\/uploads\/2023\/10\/Inundaciones-en-el-Norte-del-pais-4.jpg\" srcset=\"https:\/\/www.ejercito.mil.uy\/wp-content\/uploads\/2023\/10\/Inundaciones-en-el-Norte-del-pais-4.jpg 960w, https:\/\/www.ejercito.mil.uy\/wp-content\/uploads\/2023\/10\/Inundaciones-en-el-Norte-del-pais-4-300x200.jpg 300w\" sizes=\"(max-width: 960px) 100vw, 960px\" \/><\/figure><figcaption class=\"coblocks-gallery--caption coblocks-gallery--primary-caption\"><\/figcaption><\/div><\/div><div class=\"swiper-slide\"><div class=\"coblocks-gallery--item\" role=\"button\"><figure class=\"coblocks-gallery--figure\"><img loading=\"lazy\" decoding=\"async\" width=\"960\" height=\"640\" alt=\"\" class=\"wp-image-26389\" data-id=\"26389\" data-link=\"https:\/\/www.ejercito.mil.uy\/?attachment_id=26389\" src=\"https:\/\/www.ejercito.mil.uy\/wp-content\/uploads\/2023\/10\/Inundaciones-en-el-Norte-del-pais-1.jpg\" srcset=\"https:\/\/www.ejercito.mil.uy\/wp-content\/uploads\/2023\/10\/Inundaciones-en-el-Norte-del-pais-1.jpg 960w, https:\/\/www.ejercito.mil.uy\/wp-content\/uploads\/2023\/10\/Inundaciones-en-el-Norte-del-pais-1-300x200.jpg 300w\" sizes=\"(max-width: 960px) 100vw, 960px\" \/><\/figure><figcaption class=\"coblocks-gallery--caption coblocks-gallery--primary-caption\"><\/figcaption><\/div><\/div><div class=\"swiper-slide\"><div class=\"coblocks-gallery--item\" role=\"button\"><figure class=\"coblocks-gallery--figure\"><img loading=\"lazy\" decoding=\"async\" width=\"960\" height=\"640\" alt=\"\" class=\"wp-image-26390\" data-id=\"26390\" data-link=\"https:\/\/www.ejercito.mil.uy\/?attachment_id=26390\" src=\"https:\/\/www.ejercito.mil.uy\/wp-content\/uploads\/2023\/10\/Inundaciones-en-el-Norte-del-pais-7.jpg\" srcset=\"https:\/\/www.ejercito.mil.uy\/wp-content\/uploads\/2023\/10\/Inundaciones-en-el-Norte-del-pais-7.jpg 960w, https:\/\/www.ejercito.mil.uy\/wp-content\/uploads\/2023\/10\/Inundaciones-en-el-Norte-del-pais-7-300x200.jpg 300w\" sizes=\"(max-width: 960px) 100vw, 960px\" \/><\/figure><figcaption class=\"coblocks-gallery--caption coblocks-gallery--primary-caption\"><\/figcaption><\/div><\/div><\/div><button class=\"nav-button__prev\" id=\"12345-prev\"><\/button><button class=\"nav-button__next\" id=\"12345-next\"><\/button><\/div><\/div><\/div>\n\n\n\n<div style=\"height:33px\" aria-hidden=\"true\" class=\"wp-block-spacer\"><\/div>\n\n\n\n<hr class=\"wp-block-separator has-alpha-channel-opacity\" \/>\n\n\n\n<div style=\"height:33px\" aria-hidden=\"true\" class=\"wp-block-spacer\"><\/div>\n\n\n\n<p class=\"has-medium-font-size\">Seg\u00fan el informe de situaci\u00f3n del Sistema Nacional de Emergencias, el R\u00edo Uruguay mantiene la tendencia de ascenso.<\/p>\n\n\n\n<div style=\"height:33px\" aria-hidden=\"true\" class=\"wp-block-spacer\"><\/div>\n\n\n\n<p class=\"has-medium-font-size\">De acuerdo al \u00faltimo relevamiento, ascendi\u00f3 a 1.205 el n\u00famero de personas desplazadas por las inundaciones. De ese total, 103 corresponden a Artigas, 348 a Salto y 754 a Paysand\u00fa.<\/p>\n\n\n\n<div style=\"height:33px\" aria-hidden=\"true\" class=\"wp-block-spacer\"><\/div>\n\n\n\n<p class=\"has-medium-font-size\">De las 1.205 personas desplazadas, el 14% son evacuadas.<\/p>\n\n\n\n<div style=\"height:33px\" aria-hidden=\"true\" class=\"wp-block-spacer\"><\/div>\n\n\n\n<p class=\"has-medium-font-size\"><strong>\u00a1Muchas gracias camaradas por tender una mano solidaria!<\/strong><\/p>\n\n\n\n<div style=\"height:33px\" aria-hidden=\"true\" class=\"wp-block-spacer\"><\/div>\n\n\n\n<p class=\"has-medium-font-size\"><a href=\"https:\/\/www.facebook.com\/batallon7?__cft__[0]=AZW30XuW4S6gVHglQrXPVWp5tT1atd2K3uRqH9RAQnAYDKGGmxeetLLPs9yVN8H1R2zWHx97fLrxd-OhSzBSnTWlUU3tSh21irnVzPyRcnXIvwKNVlc96-OYVp-KRTjPMJ2-0MYn4npKltptWll_DnvSn837cfjlSRvsFlI_EQ6vyb1xKt0G9Q1uV80lqukMl-M&amp;__tn__=-]K-R\">Batall\u00f3n \u00abItuzaing\u00f3\u00bb de Infanter\u00eda 7<\/a> <\/p>\n","protected":false},"excerpt":{"rendered":"<p>26.10.2023 &#8211; El Batall\u00f3n \u00abItuzaing\u00f3\u00bb de Infanter\u00eda N\u00ba 7 en coordinaci\u00f3n con el CECOED, se encuentra trabajando en apoyo a los evacuados. <\/p>\n","protected":false},"author":14,"featured_media":26386,"comment_status":"open","ping_status":"open","sticky":false,"template":"","format":"standard","meta":{"_coblocks_attr":"","_coblocks_dimensions":"","_coblocks_responsive_height":"","_coblocks_accordion_ie_support":"","_monsterinsights_skip_tracking":false,"_monsterinsights_sitenote_active":false,"_monsterinsights_sitenote_note":"","_monsterinsights_sitenote_category":0,"_uf_show_specific_survey":0,"_uf_disable_surveys":false,"footnotes":""},"categories":[2,14,1],"tags":[27,103,808,144,49,1324,384],"class_list":["post-26384","post","type-post","status-publish","format-standard","has-post-thumbnail","hentry","category-blog","category-noticias","category-sin-categoria","tag-apoyo","tag-carpas","tag-emergencias","tag-evacuados","tag-inundaciones","tag-relevamiento","tag-traslado"],"aioseo_notices":[],"_links":{"self":[{"href":"https:\/\/www.ejercito.mil.uy\/index.php\/wp-json\/wp\/v2\/posts\/26384","targetHints":{"allow":["GET"]}}],"collection":[{"href":"https:\/\/www.ejercito.mil.uy\/index.php\/wp-json\/wp\/v2\/posts"}],"about":[{"href":"https:\/\/www.ejercito.mil.uy\/index.php\/wp-json\/wp\/v2\/types\/post"}],"author":[{"embeddable":true,"href":"https:\/\/www.ejercito.mil.uy\/index.php\/wp-json\/wp\/v2\/users\/14"}],"replies":[{"embeddable":true,"href":"https:\/\/www.ejercito.mil.uy\/index.php\/wp-json\/wp\/v2\/comments?post=26384"}],"version-history":[{"count":7,"href":"https:\/\/www.ejercito.mil.uy\/index.php\/wp-json\/wp\/v2\/posts\/26384\/revisions"}],"predecessor-version":[{"id":26398,"href":"https:\/\/www.ejercito.mil.uy\/index.php\/wp-json\/wp\/v2\/posts\/26384\/revisions\/26398"}],"wp:featuredmedia":[{"embeddable":true,"href":"https:\/\/www.ejercito.mil.uy\/index.php\/wp-json\/wp\/v2\/media\/26386"}],"wp:attachment":[{"href":"https:\/\/www.ejercito.mil.uy\/index.php\/wp-json\/wp\/v2\/media?parent=26384"}],"wp:term":[{"taxonomy":"category","embeddable":true,"href":"https:\/\/www.ejercito.mil.uy\/index.php\/wp-json\/wp\/v2\/categories?post=26384"},{"taxonomy":"post_tag","embeddable":true,"href":"https:\/\/www.ejercito.mil.uy\/index.php\/wp-json\/wp\/v2\/tags?post=26384"}],"curies":[{"name":"wp","href":"https:\/\/api.w.org\/{rel}","templated":true}]}}