{"id":26488,"date":"2023-10-31T08:48:34","date_gmt":"2023-10-31T11:48:34","guid":{"rendered":"https:\/\/www.ejercito.mil.uy\/?p=26488"},"modified":"2023-10-31T08:48:34","modified_gmt":"2023-10-31T11:48:34","slug":"curso-estrategico-de-entrenamiento-y-empleo-de-perros-de-guerra","status":"publish","type":"post","link":"https:\/\/www.ejercito.mil.uy\/index.php\/2023\/10\/31\/curso-estrategico-de-entrenamiento-y-empleo-de-perros-de-guerra\/","title":{"rendered":"Curso Estrat\u00e9gico de Entrenamiento y Empleo de Perros de Guerra"},"content":{"rendered":"\n<p class=\"has-small-font-size\">30.10.2023  <\/p>\n\n\n\n<div style=\"height:33px\" aria-hidden=\"true\" class=\"wp-block-spacer\"><\/div>\n\n\n\n<p class=\"has-medium-font-size\"><strong>Efectivos del Ej\u00e9rcito Nacional concurrieron al 3\u00b0 Batall\u00f3n de Polic\u00eda del <a rel=\"noreferrer noopener\" href=\"https:\/\/www.facebook.com\/exercito?__cft__[0]=AZUDqzHDFiEfXvuwZerMt5qy3AgvF9HV_zv_0Sff3j453PnHumsIojWUQbKPfjgUI0U6j5CGPDnWaWyxqjtts-bCexBGQSoqNvm1ehDvkK1B1ZBWVE2jnKEXshxx_vNmkYrAtnIxnZHnMUNSAj7fTv70ubRT4Ez8YJSQ_4XpC4FQQxcwXk2IJk6bghDUca3u3h4&amp;__tn__=-]K-R\" target=\"_blank\">Ex\u00e9rcito Brasileiro<\/a>, para participar del Curso Estrat\u00e9gico de Entrenamiento y Empleo de Perros de Guerra.<\/strong><\/p>\n\n\n\n<div style=\"height:33px\" aria-hidden=\"true\" class=\"wp-block-spacer\"><\/div>\n\n\n\n<p>El curso est\u00e1 orientado a las t\u00e9cnicas de adiestramiento y sectores donde se emplean los canes. Finalizar\u00e1 el pr\u00f3ximo 1 de diciembre.<\/p>\n\n\n\n<figure class=\"wp-block-image size-large\"><img fetchpriority=\"high\" decoding=\"async\" width=\"1024\" height=\"683\" src=\"https:\/\/www.ejercito.mil.uy\/wp-content\/uploads\/2023\/10\/1-3-1024x683.jpg\" alt=\"\" class=\"wp-image-26490\" srcset=\"https:\/\/www.ejercito.mil.uy\/wp-content\/uploads\/2023\/10\/1-3-1024x683.jpg 1024w, https:\/\/www.ejercito.mil.uy\/wp-content\/uploads\/2023\/10\/1-3-300x200.jpg 300w, https:\/\/www.ejercito.mil.uy\/wp-content\/uploads\/2023\/10\/1-3.jpg 1200w\" sizes=\"(max-width: 1024px) 100vw, 1024px\" \/><\/figure>\n\n\n\n<div style=\"height:55px\" aria-hidden=\"true\" class=\"wp-block-spacer\"><\/div>\n\n\n\n<p>Participantes: <strong>Sgto. Fabio Irigaray<\/strong>, <strong>Cabo 1\u00aa Enzo Pereira<\/strong> y <strong>Sdo. 1\u00aa Wilson Fagundez<\/strong> pertenecientes al Centro de Instrucci\u00f3n de Perros de Trabajo Militar del Ej\u00e9rcito.<\/p>\n\n\n\n<div style=\"height:33px\" aria-hidden=\"true\" class=\"wp-block-spacer\"><\/div>\n\n\n\n<p>\u00a1Felicidades camaradas!<\/p>\n\n\n\n<div style=\"height:99px\" aria-hidden=\"true\" class=\"wp-block-spacer\"><\/div>\n","protected":false},"excerpt":{"rendered":"<p>30.10.2023 &#8211; Efectivos del Ej\u00e9rcito Nacional concurrieron al 3\u00b0 Batall\u00f3n de Polic\u00eda del Ex\u00e9rcito Brasileiro, para participar del Curso Estrat\u00e9gico de Entrenamiento y Empleo de Perros de Guerra.<\/p>\n","protected":false},"author":4,"featured_media":26491,"comment_status":"open","ping_status":"open","sticky":false,"template":"","format":"standard","meta":{"_coblocks_attr":"","_coblocks_dimensions":"","_coblocks_responsive_height":"","_coblocks_accordion_ie_support":"","_monsterinsights_skip_tracking":false,"_monsterinsights_sitenote_active":false,"_monsterinsights_sitenote_note":"","_monsterinsights_sitenote_category":0,"_uf_show_specific_survey":0,"_uf_disable_surveys":false,"footnotes":""},"categories":[2,14,1],"tags":[817,70,35,71,13,236,1337,1338],"class_list":["post-26488","post","type-post","status-publish","format-standard","has-post-thumbnail","hentry","category-blog","category-noticias","category-sin-categoria","tag-brigada","tag-curso","tag-entrenamiento","tag-infanteria","tag-instruccion","tag-k9","tag-perro","tag-rescate"],"aioseo_notices":[],"_links":{"self":[{"href":"https:\/\/www.ejercito.mil.uy\/index.php\/wp-json\/wp\/v2\/posts\/26488","targetHints":{"allow":["GET"]}}],"collection":[{"href":"https:\/\/www.ejercito.mil.uy\/index.php\/wp-json\/wp\/v2\/posts"}],"about":[{"href":"https:\/\/www.ejercito.mil.uy\/index.php\/wp-json\/wp\/v2\/types\/post"}],"author":[{"embeddable":true,"href":"https:\/\/www.ejercito.mil.uy\/index.php\/wp-json\/wp\/v2\/users\/4"}],"replies":[{"embeddable":true,"href":"https:\/\/www.ejercito.mil.uy\/index.php\/wp-json\/wp\/v2\/comments?post=26488"}],"version-history":[{"count":2,"href":"https:\/\/www.ejercito.mil.uy\/index.php\/wp-json\/wp\/v2\/posts\/26488\/revisions"}],"predecessor-version":[{"id":26492,"href":"https:\/\/www.ejercito.mil.uy\/index.php\/wp-json\/wp\/v2\/posts\/26488\/revisions\/26492"}],"wp:featuredmedia":[{"embeddable":true,"href":"https:\/\/www.ejercito.mil.uy\/index.php\/wp-json\/wp\/v2\/media\/26491"}],"wp:attachment":[{"href":"https:\/\/www.ejercito.mil.uy\/index.php\/wp-json\/wp\/v2\/media?parent=26488"}],"wp:term":[{"taxonomy":"category","embeddable":true,"href":"https:\/\/www.ejercito.mil.uy\/index.php\/wp-json\/wp\/v2\/categories?post=26488"},{"taxonomy":"post_tag","embeddable":true,"href":"https:\/\/www.ejercito.mil.uy\/index.php\/wp-json\/wp\/v2\/tags?post=26488"}],"curies":[{"name":"wp","href":"https:\/\/api.w.org\/{rel}","templated":true}]}}