{"id":26753,"date":"2023-11-11T20:00:00","date_gmt":"2023-11-11T23:00:00","guid":{"rendered":"https:\/\/www.ejercito.mil.uy\/?p=26753"},"modified":"2023-11-10T15:36:13","modified_gmt":"2023-11-10T18:36:13","slug":"curso-tecnico-en-explosivos-y-buzo-especialista-de-ingenieros","status":"publish","type":"post","link":"https:\/\/www.ejercito.mil.uy\/index.php\/2023\/11\/11\/curso-tecnico-en-explosivos-y-buzo-especialista-de-ingenieros\/","title":{"rendered":"Curso \u00abT\u00e9cnico en Explosivos\u00bb y \u00abBuzo Especialista de Ingenieros\u00bb"},"content":{"rendered":"\n<p class=\"has-medium-font-size\">11.11.2023      <\/p>\n\n\n\n<div style=\"height:33px\" aria-hidden=\"true\" class=\"wp-block-spacer\"><\/div>\n\n\n\n<p class=\"has-white-color has-black-background-color has-text-color has-background has-medium-font-size\">La Escuela de Ingenieros del Ej\u00e9rcito durante 3 semanas imparti\u00f3 el <strong>curso \u00abT\u00e9cnico en Explosivos\u00bb<\/strong>. Se instruy\u00f3 a efectivos de todas las Armas del Ej\u00e9rcito y de otras Fuerzas, en la utilizaci\u00f3n t\u00e9cnica de explosivos militares e industriales. El ejercicio final consisti\u00f3 en la voladura de un tanque a\u00e9reo de agua, que presentaba fallas estructurales.<\/p>\n\n\n\n<div style=\"height:33px\" aria-hidden=\"true\" class=\"wp-block-spacer\"><\/div>\n\n\n\n<div aria-label=\"Carousel Gallery\" class=\"wp-block-coblocks-gallery-carousel\"><div class=\"coblocks-gallery-carousel-swiper-container is-cropped coblocks-gallery has-no-alignment has-caption-style-dark has-no-thumbnails\"><div class=\"has-carousel has-carousel-xlrg swiper-container\" data-swiper=\"{&quot;alignCells&quot;:false,&quot;autoPlay&quot;:false,&quot;autoPlaySpeed&quot;:3000,&quot;draggable&quot;:true,&quot;freeMode&quot;:false,&quot;loop&quot;:true,&quot;navigation&quot;:true,&quot;pageDots&quot;:false,&quot;pauseHover&quot;:false,&quot;responsiveHeight&quot;:false,&quot;slidesPerView&quot;:1,&quot;thumbnails&quot;:false,&quot;uuid&quot;:&quot;12345&quot;}\" style=\"height:550px\"><div class=\"swiper-wrapper\"><div class=\"swiper-slide\"><div class=\"coblocks-gallery--item\" role=\"button\"><figure class=\"coblocks-gallery--figure\"><img fetchpriority=\"high\" decoding=\"async\" width=\"1024\" height=\"683\" alt=\"\" class=\"wp-image-26756\" data-id=\"26756\" data-link=\"https:\/\/www.ejercito.mil.uy\/?attachment_id=26756\" src=\"https:\/\/www.ejercito.mil.uy\/wp-content\/uploads\/2023\/11\/Tecnico-en-Explosivos-3-1024x683.jpg\" srcset=\"https:\/\/www.ejercito.mil.uy\/wp-content\/uploads\/2023\/11\/Tecnico-en-Explosivos-3-1024x683.jpg 1024w, https:\/\/www.ejercito.mil.uy\/wp-content\/uploads\/2023\/11\/Tecnico-en-Explosivos-3-300x200.jpg 300w, https:\/\/www.ejercito.mil.uy\/wp-content\/uploads\/2023\/11\/Tecnico-en-Explosivos-3.jpg 1200w\" sizes=\"(max-width: 1024px) 100vw, 1024px\" \/><\/figure><figcaption class=\"coblocks-gallery--caption coblocks-gallery--primary-caption\"><\/figcaption><\/div><\/div><div class=\"swiper-slide\"><div class=\"coblocks-gallery--item\" role=\"button\"><figure class=\"coblocks-gallery--figure\"><img decoding=\"async\" width=\"1024\" height=\"683\" alt=\"\" class=\"wp-image-26755\" data-id=\"26755\" data-link=\"https:\/\/www.ejercito.mil.uy\/?attachment_id=26755\" src=\"https:\/\/www.ejercito.mil.uy\/wp-content\/uploads\/2023\/11\/Tecnico-en-Explosivos-2-1024x683.jpg\" srcset=\"https:\/\/www.ejercito.mil.uy\/wp-content\/uploads\/2023\/11\/Tecnico-en-Explosivos-2-1024x683.jpg 1024w, https:\/\/www.ejercito.mil.uy\/wp-content\/uploads\/2023\/11\/Tecnico-en-Explosivos-2-300x200.jpg 300w, https:\/\/www.ejercito.mil.uy\/wp-content\/uploads\/2023\/11\/Tecnico-en-Explosivos-2.jpg 1200w\" sizes=\"(max-width: 1024px) 100vw, 1024px\" \/><\/figure><figcaption class=\"coblocks-gallery--caption coblocks-gallery--primary-caption\"><\/figcaption><\/div><\/div><div class=\"swiper-slide\"><div class=\"coblocks-gallery--item\" role=\"button\"><figure class=\"coblocks-gallery--figure\"><img decoding=\"async\" width=\"1024\" height=\"683\" alt=\"\" class=\"wp-image-26757\" data-id=\"26757\" data-link=\"https:\/\/www.ejercito.mil.uy\/?attachment_id=26757\" src=\"https:\/\/www.ejercito.mil.uy\/wp-content\/uploads\/2023\/11\/Tecnico-en-Explosivos-4-1024x683.jpg\" srcset=\"https:\/\/www.ejercito.mil.uy\/wp-content\/uploads\/2023\/11\/Tecnico-en-Explosivos-4-1024x683.jpg 1024w, https:\/\/www.ejercito.mil.uy\/wp-content\/uploads\/2023\/11\/Tecnico-en-Explosivos-4-300x200.jpg 300w, https:\/\/www.ejercito.mil.uy\/wp-content\/uploads\/2023\/11\/Tecnico-en-Explosivos-4.jpg 1200w\" sizes=\"(max-width: 1024px) 100vw, 1024px\" \/><\/figure><figcaption class=\"coblocks-gallery--caption coblocks-gallery--primary-caption\"><\/figcaption><\/div><\/div><div class=\"swiper-slide\"><div class=\"coblocks-gallery--item\" role=\"button\"><figure class=\"coblocks-gallery--figure\"><img loading=\"lazy\" decoding=\"async\" width=\"1024\" height=\"683\" alt=\"\" class=\"wp-image-26758\" data-id=\"26758\" data-link=\"https:\/\/www.ejercito.mil.uy\/?attachment_id=26758\" src=\"https:\/\/www.ejercito.mil.uy\/wp-content\/uploads\/2023\/11\/Tecnico-en-Explosivos-5-1024x683.jpg\" srcset=\"https:\/\/www.ejercito.mil.uy\/wp-content\/uploads\/2023\/11\/Tecnico-en-Explosivos-5-1024x683.jpg 1024w, https:\/\/www.ejercito.mil.uy\/wp-content\/uploads\/2023\/11\/Tecnico-en-Explosivos-5-300x200.jpg 300w, https:\/\/www.ejercito.mil.uy\/wp-content\/uploads\/2023\/11\/Tecnico-en-Explosivos-5.jpg 1200w\" sizes=\"(max-width: 1024px) 100vw, 1024px\" \/><\/figure><figcaption class=\"coblocks-gallery--caption coblocks-gallery--primary-caption\"><\/figcaption><\/div><\/div><\/div><button class=\"nav-button__prev\" id=\"12345-prev\"><\/button><button class=\"nav-button__next\" id=\"12345-next\"><\/button><\/div><\/div><\/div>\n\n\n\n<div style=\"height:33px\" aria-hidden=\"true\" class=\"wp-block-spacer\"><\/div>\n\n\n\n<div style=\"height:33px\" aria-hidden=\"true\" class=\"wp-block-spacer\"><\/div>\n\n\n\n<p class=\"has-white-color has-black-background-color has-text-color has-background has-medium-font-size\">Asimismo, se dio inicio al <strong>curso de \u00abBuzo Especialista de Ingenieros\u00bb.<\/strong> El prop\u00f3sito es capacitar al personal de forma t\u00e1ctica, t\u00e9cnica, f\u00edsica y psicol\u00f3gicamente en la especialidad de Buceo, teniendo especial atenci\u00f3n en la planificaci\u00f3n y conducci\u00f3n de operaciones especiales, ya sea de combate, trabajos, salvamento y apoyo al combate en el medio acu\u00e1tico, con el empleo de materiales y equipos propios del Arma.<\/p>\n\n\n\n<div style=\"height:33px\" aria-hidden=\"true\" class=\"wp-block-spacer\"><\/div>\n\n\n\n<div aria-label=\"Carousel Gallery\" class=\"wp-block-coblocks-gallery-carousel\"><div class=\"coblocks-gallery-carousel-swiper-container is-cropped coblocks-gallery has-no-alignment has-caption-style-dark has-no-thumbnails\"><div class=\"has-carousel has-carousel-xlrg swiper-container\" data-swiper=\"{&quot;alignCells&quot;:false,&quot;autoPlay&quot;:false,&quot;autoPlaySpeed&quot;:3000,&quot;draggable&quot;:true,&quot;freeMode&quot;:false,&quot;loop&quot;:true,&quot;navigation&quot;:true,&quot;pageDots&quot;:false,&quot;pauseHover&quot;:false,&quot;responsiveHeight&quot;:false,&quot;slidesPerView&quot;:1,&quot;thumbnails&quot;:false,&quot;uuid&quot;:&quot;12345&quot;}\" style=\"height:550px\"><div class=\"swiper-wrapper\"><div class=\"swiper-slide\"><div class=\"coblocks-gallery--item\" role=\"button\"><figure class=\"coblocks-gallery--figure\"><img loading=\"lazy\" decoding=\"async\" width=\"1024\" height=\"683\" alt=\"\" class=\"wp-image-26759\" data-id=\"26759\" data-link=\"https:\/\/www.ejercito.mil.uy\/?attachment_id=26759\" src=\"https:\/\/www.ejercito.mil.uy\/wp-content\/uploads\/2023\/11\/Buzo-Especialista-1-1024x683.jpg\" srcset=\"https:\/\/www.ejercito.mil.uy\/wp-content\/uploads\/2023\/11\/Buzo-Especialista-1-1024x683.jpg 1024w, https:\/\/www.ejercito.mil.uy\/wp-content\/uploads\/2023\/11\/Buzo-Especialista-1-300x200.jpg 300w, https:\/\/www.ejercito.mil.uy\/wp-content\/uploads\/2023\/11\/Buzo-Especialista-1.jpg 1200w\" sizes=\"(max-width: 1024px) 100vw, 1024px\" \/><\/figure><figcaption class=\"coblocks-gallery--caption coblocks-gallery--primary-caption\"><\/figcaption><\/div><\/div><div class=\"swiper-slide\"><div class=\"coblocks-gallery--item\" role=\"button\"><figure class=\"coblocks-gallery--figure\"><img loading=\"lazy\" decoding=\"async\" width=\"1024\" height=\"683\" alt=\"\" class=\"wp-image-26760\" data-id=\"26760\" data-link=\"https:\/\/www.ejercito.mil.uy\/?attachment_id=26760\" src=\"https:\/\/www.ejercito.mil.uy\/wp-content\/uploads\/2023\/11\/Buzo-Especialista-2-1024x683.jpg\" srcset=\"https:\/\/www.ejercito.mil.uy\/wp-content\/uploads\/2023\/11\/Buzo-Especialista-2-1024x683.jpg 1024w, https:\/\/www.ejercito.mil.uy\/wp-content\/uploads\/2023\/11\/Buzo-Especialista-2-300x200.jpg 300w, https:\/\/www.ejercito.mil.uy\/wp-content\/uploads\/2023\/11\/Buzo-Especialista-2.jpg 1200w\" sizes=\"(max-width: 1024px) 100vw, 1024px\" \/><\/figure><figcaption class=\"coblocks-gallery--caption coblocks-gallery--primary-caption\"><\/figcaption><\/div><\/div><div class=\"swiper-slide\"><div class=\"coblocks-gallery--item\" role=\"button\"><figure class=\"coblocks-gallery--figure\"><img loading=\"lazy\" decoding=\"async\" width=\"1024\" height=\"683\" alt=\"\" class=\"wp-image-26761\" data-id=\"26761\" data-link=\"https:\/\/www.ejercito.mil.uy\/?attachment_id=26761\" src=\"https:\/\/www.ejercito.mil.uy\/wp-content\/uploads\/2023\/11\/Buzo-Especialista-3-1024x683.jpg\" srcset=\"https:\/\/www.ejercito.mil.uy\/wp-content\/uploads\/2023\/11\/Buzo-Especialista-3-1024x683.jpg 1024w, https:\/\/www.ejercito.mil.uy\/wp-content\/uploads\/2023\/11\/Buzo-Especialista-3-300x200.jpg 300w, https:\/\/www.ejercito.mil.uy\/wp-content\/uploads\/2023\/11\/Buzo-Especialista-3.jpg 1200w\" sizes=\"(max-width: 1024px) 100vw, 1024px\" \/><\/figure><figcaption class=\"coblocks-gallery--caption coblocks-gallery--primary-caption\"><\/figcaption><\/div><\/div><div class=\"swiper-slide\"><div class=\"coblocks-gallery--item\" role=\"button\"><figure class=\"coblocks-gallery--figure\"><img loading=\"lazy\" decoding=\"async\" width=\"1024\" height=\"683\" alt=\"\" class=\"wp-image-26762\" data-id=\"26762\" data-link=\"https:\/\/www.ejercito.mil.uy\/?attachment_id=26762\" src=\"https:\/\/www.ejercito.mil.uy\/wp-content\/uploads\/2023\/11\/Buzo-Especialista-4-1024x683.jpg\" srcset=\"https:\/\/www.ejercito.mil.uy\/wp-content\/uploads\/2023\/11\/Buzo-Especialista-4-1024x683.jpg 1024w, https:\/\/www.ejercito.mil.uy\/wp-content\/uploads\/2023\/11\/Buzo-Especialista-4-300x200.jpg 300w, https:\/\/www.ejercito.mil.uy\/wp-content\/uploads\/2023\/11\/Buzo-Especialista-4.jpg 1200w\" sizes=\"(max-width: 1024px) 100vw, 1024px\" \/><\/figure><figcaption class=\"coblocks-gallery--caption coblocks-gallery--primary-caption\"><\/figcaption><\/div><\/div><div class=\"swiper-slide\"><div class=\"coblocks-gallery--item\" role=\"button\"><figure class=\"coblocks-gallery--figure\"><img loading=\"lazy\" decoding=\"async\" width=\"1024\" height=\"683\" alt=\"\" class=\"wp-image-26763\" data-id=\"26763\" data-link=\"https:\/\/www.ejercito.mil.uy\/?attachment_id=26763\" src=\"https:\/\/www.ejercito.mil.uy\/wp-content\/uploads\/2023\/11\/Buzo-Especialista-5-1024x683.jpg\" srcset=\"https:\/\/www.ejercito.mil.uy\/wp-content\/uploads\/2023\/11\/Buzo-Especialista-5-1024x683.jpg 1024w, https:\/\/www.ejercito.mil.uy\/wp-content\/uploads\/2023\/11\/Buzo-Especialista-5-300x200.jpg 300w, https:\/\/www.ejercito.mil.uy\/wp-content\/uploads\/2023\/11\/Buzo-Especialista-5.jpg 1200w\" sizes=\"(max-width: 1024px) 100vw, 1024px\" \/><\/figure><figcaption class=\"coblocks-gallery--caption coblocks-gallery--primary-caption\"><\/figcaption><\/div><\/div><\/div><button class=\"nav-button__prev\" id=\"12345-prev\"><\/button><button class=\"nav-button__next\" id=\"12345-next\"><\/button><\/div><\/div><\/div>\n\n\n\n<div style=\"height:33px\" aria-hidden=\"true\" class=\"wp-block-spacer\"><\/div>\n\n\n\n<p class=\"is-style-success has-black-color has-text-color has-medium-font-size\">Ver nota a partir del minuto 00:11 en la edici\u00f3n #36 del informativo <a rel=\"noreferrer noopener\" href=\"https:\/\/www.facebook.com\/hashtag\/ej%C3%A9rcitodeluruguay?__eep__=6&amp;__cft__[0]=AZU3Hr9NchInXVHZ-l-1BUBZMhdwxJVR77yT7Is9p88deg6WcHYsG0L_HS8_Ah7rWS6SNHq90Y035GhHeCbBiGwBq0YwEzNaeXmeqjtwQM66-9GWcUSVXKh3CpYpagZLDmw&amp;__tn__=*NK-R\" target=\"_blank\">Ej\u00e9rcito del Uruguay<\/a> &#8211; <a rel=\"noreferrer noopener\" href=\"https:\/\/youtu.be\/oYtyF3bSH_o?fbclid=IwAR20OwFL4kKCHq6wFy-WxzUhWwtdtdz63qFpuTcU9SvI0kwaxxmFWxDmi9w\" target=\"_blank\">https:\/\/youtu.be\/oYtyF3bSH_o<\/a><\/p>\n\n\n\n<div style=\"height:33px\" aria-hidden=\"true\" class=\"wp-block-spacer\"><\/div>\n\n\n\n<p class=\"has-medium-font-size\"><a href=\"https:\/\/www.facebook.com\/escueladeingenierosdelejercitouy\">Escuela de Ingenieros del Ej\u00e9rcito<\/a><\/p>\n\n\n\n<p class=\"has-medium-font-size\"><a href=\"https:\/\/www.facebook.com\/profile.php?id=100069134233149\">Armada Nacional Uruguay <\/a><\/p>\n","protected":false},"excerpt":{"rendered":"<p>11.11.2023 &#8211; Ambos fueron impartidos por la Escuela de Ingenieros del Ej\u00e9rcito. <\/p>\n","protected":false},"author":14,"featured_media":26754,"comment_status":"open","ping_status":"open","sticky":false,"template":"","format":"standard","meta":{"_coblocks_attr":"","_coblocks_dimensions":"","_coblocks_responsive_height":"","_coblocks_accordion_ie_support":"","_monsterinsights_skip_tracking":false,"_monsterinsights_sitenote_active":false,"_monsterinsights_sitenote_note":"","_monsterinsights_sitenote_category":0,"_uf_show_specific_survey":0,"_uf_disable_surveys":false,"footnotes":""},"categories":[2,10,14,1],"tags":[265,188,1353,921,48,1125],"class_list":["post-26753","post","type-post","status-publish","format-standard","has-post-thumbnail","hentry","category-blog","category-destacados","category-noticias","category-sin-categoria","tag-buzos","tag-cursos","tag-especialista","tag-explosivos","tag-ingenieros","tag-tecnico"],"aioseo_notices":[],"_links":{"self":[{"href":"https:\/\/www.ejercito.mil.uy\/index.php\/wp-json\/wp\/v2\/posts\/26753","targetHints":{"allow":["GET"]}}],"collection":[{"href":"https:\/\/www.ejercito.mil.uy\/index.php\/wp-json\/wp\/v2\/posts"}],"about":[{"href":"https:\/\/www.ejercito.mil.uy\/index.php\/wp-json\/wp\/v2\/types\/post"}],"author":[{"embeddable":true,"href":"https:\/\/www.ejercito.mil.uy\/index.php\/wp-json\/wp\/v2\/users\/14"}],"replies":[{"embeddable":true,"href":"https:\/\/www.ejercito.mil.uy\/index.php\/wp-json\/wp\/v2\/comments?post=26753"}],"version-history":[{"count":3,"href":"https:\/\/www.ejercito.mil.uy\/index.php\/wp-json\/wp\/v2\/posts\/26753\/revisions"}],"predecessor-version":[{"id":26767,"href":"https:\/\/www.ejercito.mil.uy\/index.php\/wp-json\/wp\/v2\/posts\/26753\/revisions\/26767"}],"wp:featuredmedia":[{"embeddable":true,"href":"https:\/\/www.ejercito.mil.uy\/index.php\/wp-json\/wp\/v2\/media\/26754"}],"wp:attachment":[{"href":"https:\/\/www.ejercito.mil.uy\/index.php\/wp-json\/wp\/v2\/media?parent=26753"}],"wp:term":[{"taxonomy":"category","embeddable":true,"href":"https:\/\/www.ejercito.mil.uy\/index.php\/wp-json\/wp\/v2\/categories?post=26753"},{"taxonomy":"post_tag","embeddable":true,"href":"https:\/\/www.ejercito.mil.uy\/index.php\/wp-json\/wp\/v2\/tags?post=26753"}],"curies":[{"name":"wp","href":"https:\/\/api.w.org\/{rel}","templated":true}]}}