{"id":27361,"date":"2023-12-06T12:12:47","date_gmt":"2023-12-06T15:12:47","guid":{"rendered":"https:\/\/www.ejercito.mil.uy\/?p=27361"},"modified":"2024-12-06T18:56:58","modified_gmt":"2024-12-06T21:56:58","slug":"lanzamiento-de-la-temporada-2024-en-el-parque-nacional-de-santa-teresa","status":"publish","type":"post","link":"https:\/\/www.ejercito.mil.uy\/index.php\/2023\/12\/06\/lanzamiento-de-la-temporada-2024-en-el-parque-nacional-de-santa-teresa\/","title":{"rendered":"Lanzamiento de la temporada 2024 en el Parque Nacional de Santa Teresa"},"content":{"rendered":"\n<div style=\"height:22px\" aria-hidden=\"true\" class=\"wp-block-spacer\"><\/div>\n\n\n\n<p class=\"has-black-color has-text-color has-medium-font-size\">06.12.2023 &#8211; <strong>Rocha<\/strong>, <strong>Santa Teresa<\/strong><\/p>\n\n\n\n<div style=\"height:33px\" aria-hidden=\"true\" class=\"wp-block-spacer\"><\/div>\n\n\n\n<p class=\"has-black-color has-text-color has-background has-medium-font-size\" style=\"background-color:#ffcc00\">El 5 de diciembre, se realiz\u00f3 el <strong>lanzamiento de la temporada 2024<\/strong> en el Parque Nacional de Santa Teresa.<\/p>\n\n\n\n<div style=\"height:33px\" aria-hidden=\"true\" class=\"wp-block-spacer\"><\/div>\n\n\n\n<figure class=\"wp-block-image size-large\"><img fetchpriority=\"high\" decoding=\"async\" width=\"1024\" height=\"683\" src=\"https:\/\/www.ejercito.mil.uy\/wp-content\/uploads\/2023\/12\/27-1024x683.jpg\" alt=\"\" class=\"wp-image-27363\" srcset=\"https:\/\/www.ejercito.mil.uy\/wp-content\/uploads\/2023\/12\/27-1024x683.jpg 1024w, https:\/\/www.ejercito.mil.uy\/wp-content\/uploads\/2023\/12\/27-300x200.jpg 300w, https:\/\/www.ejercito.mil.uy\/wp-content\/uploads\/2023\/12\/27.jpg 1200w\" sizes=\"(max-width: 1024px) 100vw, 1024px\" \/><\/figure>\n\n\n\n<div style=\"height:33px\" aria-hidden=\"true\" class=\"wp-block-spacer\"><\/div>\n\n\n\n<p class=\"has-black-color has-text-color has-medium-font-size\">Se inaugur\u00f3 el <strong>Jard\u00edn Uruguayo<\/strong> &#8211; memorial y homenaje a la raza nativa &#8211; y se <strong>descubri\u00f3 la r\u00e9plica del Coraz\u00f3n de Piedra<\/strong>, considerada de gran valor hist\u00f3rico y espiritual hallada en 1929, de origen Arach\u00e1n. De inter\u00e9s tur\u00edstico, hist\u00f3rico y espiritual, es un memorial y homenaje a la raza nativa y a todos los que hicieron posible que lo \u00e1rido llegara a ser un jard\u00edn.<\/p>\n\n\n\n<div style=\"height:33px\" aria-hidden=\"true\" class=\"wp-block-spacer\"><\/div>\n\n\n\n<div aria-label=\"Carousel Gallery\" class=\"wp-block-coblocks-gallery-carousel\"><div class=\"coblocks-gallery-carousel-swiper-container is-cropped coblocks-gallery has-no-alignment has-caption-style-dark has-horizontal-gutter has-no-thumbnails\"><div class=\"has-carousel has-carousel-xlrg swiper-container\" data-swiper=\"{&quot;alignCells&quot;:false,&quot;autoPlay&quot;:false,&quot;autoPlaySpeed&quot;:3000,&quot;draggable&quot;:true,&quot;freeMode&quot;:false,&quot;loop&quot;:true,&quot;navigation&quot;:true,&quot;pageDots&quot;:false,&quot;pauseHover&quot;:false,&quot;responsiveHeight&quot;:false,&quot;slidesPerView&quot;:1,&quot;thumbnails&quot;:false,&quot;uuid&quot;:&quot;12345&quot;}\" style=\"height:550px\"><div class=\"swiper-wrapper\"><div class=\"swiper-slide\"><div class=\"coblocks-gallery--item\" role=\"button\"><figure class=\"coblocks-gallery--figure has-margin-left-5 has-margin-left-mobile-5 has-margin-right-5 has-margin-right-mobile-5\"><img decoding=\"async\" width=\"1024\" height=\"683\" alt=\"\" class=\"wp-image-27369\" data-id=\"27369\" data-link=\"https:\/\/www.ejercito.mil.uy\/?attachment_id=27369\" src=\"https:\/\/www.ejercito.mil.uy\/wp-content\/uploads\/2023\/12\/407645712_760727432751725_4084149279203924904_n-1024x683.jpg\" srcset=\"https:\/\/www.ejercito.mil.uy\/wp-content\/uploads\/2023\/12\/407645712_760727432751725_4084149279203924904_n-1024x683.jpg 1024w, https:\/\/www.ejercito.mil.uy\/wp-content\/uploads\/2023\/12\/407645712_760727432751725_4084149279203924904_n-300x200.jpg 300w, https:\/\/www.ejercito.mil.uy\/wp-content\/uploads\/2023\/12\/407645712_760727432751725_4084149279203924904_n.jpg 1200w\" sizes=\"(max-width: 1024px) 100vw, 1024px\" \/><\/figure><figcaption class=\"coblocks-gallery--caption coblocks-gallery--primary-caption\"><\/figcaption><\/div><\/div><div class=\"swiper-slide\"><div class=\"coblocks-gallery--item\" role=\"button\"><figure class=\"coblocks-gallery--figure has-margin-left-5 has-margin-left-mobile-5 has-margin-right-5 has-margin-right-mobile-5\"><img decoding=\"async\" width=\"1024\" height=\"683\" alt=\"\" class=\"wp-image-27370\" data-id=\"27370\" data-link=\"https:\/\/www.ejercito.mil.uy\/?attachment_id=27370\" src=\"https:\/\/www.ejercito.mil.uy\/wp-content\/uploads\/2023\/12\/407645848_760727429418392_9121464817440946369_n-1024x683.jpg\" srcset=\"https:\/\/www.ejercito.mil.uy\/wp-content\/uploads\/2023\/12\/407645848_760727429418392_9121464817440946369_n-1024x683.jpg 1024w, https:\/\/www.ejercito.mil.uy\/wp-content\/uploads\/2023\/12\/407645848_760727429418392_9121464817440946369_n-300x200.jpg 300w, https:\/\/www.ejercito.mil.uy\/wp-content\/uploads\/2023\/12\/407645848_760727429418392_9121464817440946369_n.jpg 1200w\" sizes=\"(max-width: 1024px) 100vw, 1024px\" \/><\/figure><figcaption class=\"coblocks-gallery--caption coblocks-gallery--primary-caption\"><\/figcaption><\/div><\/div><\/div><button class=\"nav-button__prev\" id=\"12345-prev\"><\/button><button class=\"nav-button__next\" id=\"12345-next\"><\/button><\/div><\/div><\/div>\n\n\n\n<div style=\"height:33px\" aria-hidden=\"true\" class=\"wp-block-spacer\"><\/div>\n\n\n\n<p class=\"has-black-color has-text-color has-medium-font-size\">Forma parte de un proceso iniciado en abril de 2015 por el paisajista Atilio Alejandro Cabrera, art\u00edfice de numerosas intervenciones art\u00edsticas naturales en el parque nacional. El Jard\u00edn Uruguayo est\u00e1 inspirado en la historia y leyenda del Coraz\u00f3n de Piedra de Al\u00faa de la naci\u00f3n ind\u00edgena arachana y en la herencia tangible de miles de mujeres y hombres que hicieron de una regi\u00f3n inhabitable, un jard\u00edn maravilloso.<\/p>\n\n\n\n<div style=\"height:33px\" aria-hidden=\"true\" class=\"wp-block-spacer\"><\/div>\n\n\n\n<p class=\"has-black-color has-text-color has-medium-font-size\">El escritor Carlos Ferrer estuvo a cargo de la rese\u00f1a de la r\u00e9plica, cont\u00f3 el origen de su historia. Luego de m\u00e1s de 65 a\u00f1os el Coraz\u00f3n de Piedra, s\u00edmbolo eterno del Parque de Santa Teresa, retoma su sendero hacia el lugar donde el 11 de abril de 1930 fue hallado, el Cerro \u00c1rido.<\/p>\n\n\n\n<div style=\"height:33px\" aria-hidden=\"true\" class=\"wp-block-spacer\"><\/div>\n\n\n\n<p class=\"has-black-color has-text-color has-medium-font-size\">El paisajista que planific\u00f3, dise\u00f1\u00f3 y construy\u00f3 el Jard\u00edn Uruguayo, es el Sgto. 1\u00b0 Atilio Cabrera perteneciente al Servicio de Parques del Ej\u00e9rcito (SEPAE), se encuentra a cargo del Sombr\u00e1culo e Invern\u00e1culo.<\/p>\n\n\n\n<div style=\"height:33px\" aria-hidden=\"true\" class=\"wp-block-spacer\"><\/div>\n\n\n\n<p class=\"has-black-color has-text-color has-medium-font-size\">Aproximadamente 600 personas disfrutaron de espect\u00e1culos musicales, stands gastron\u00f3micos y actividades recreativas para los m\u00e1s peque\u00f1os, fue una instancia abierta para toda la familia.<\/p>\n\n\n\n<div style=\"height:33px\" aria-hidden=\"true\" class=\"wp-block-spacer\"><\/div>\n\n\n\n<figure class=\"wp-block-image size-large\"><img loading=\"lazy\" decoding=\"async\" width=\"1024\" height=\"683\" src=\"https:\/\/www.ejercito.mil.uy\/wp-content\/uploads\/2023\/12\/407650917_760727366085065_1975214779147563194_n-1024x683.jpg\" alt=\"\" class=\"wp-image-27368\" srcset=\"https:\/\/www.ejercito.mil.uy\/wp-content\/uploads\/2023\/12\/407650917_760727366085065_1975214779147563194_n-1024x683.jpg 1024w, https:\/\/www.ejercito.mil.uy\/wp-content\/uploads\/2023\/12\/407650917_760727366085065_1975214779147563194_n-300x200.jpg 300w, https:\/\/www.ejercito.mil.uy\/wp-content\/uploads\/2023\/12\/407650917_760727366085065_1975214779147563194_n.jpg 1200w\" sizes=\"(max-width: 1024px) 100vw, 1024px\" \/><\/figure>\n\n\n\n<div style=\"height:33px\" aria-hidden=\"true\" class=\"wp-block-spacer\"><\/div>\n\n\n\n<div class=\"wp-block-columns is-layout-flex wp-container-core-columns-is-layout-28f84493 wp-block-columns-is-layout-flex\">\n<div class=\"wp-block-column is-layout-flow wp-block-column-is-layout-flow\">\n<figure class=\"wp-block-image size-large\"><img loading=\"lazy\" decoding=\"async\" width=\"1024\" height=\"683\" src=\"https:\/\/www.ejercito.mil.uy\/wp-content\/uploads\/2023\/12\/407839140_760727386085063_6409975237656965738_n-1024x683.jpg\" alt=\"\" class=\"wp-image-27366\" srcset=\"https:\/\/www.ejercito.mil.uy\/wp-content\/uploads\/2023\/12\/407839140_760727386085063_6409975237656965738_n-1024x683.jpg 1024w, https:\/\/www.ejercito.mil.uy\/wp-content\/uploads\/2023\/12\/407839140_760727386085063_6409975237656965738_n-300x200.jpg 300w, https:\/\/www.ejercito.mil.uy\/wp-content\/uploads\/2023\/12\/407839140_760727386085063_6409975237656965738_n.jpg 1200w\" sizes=\"(max-width: 1024px) 100vw, 1024px\" \/><\/figure>\n<\/div>\n\n\n\n<div class=\"wp-block-column is-layout-flow wp-block-column-is-layout-flow\">\n<figure class=\"wp-block-image size-large\"><img loading=\"lazy\" decoding=\"async\" width=\"1024\" height=\"683\" src=\"https:\/\/www.ejercito.mil.uy\/wp-content\/uploads\/2023\/12\/407745291_760727356085066_1983440849883982653_n-1024x683.jpg\" alt=\"\" class=\"wp-image-27367\" srcset=\"https:\/\/www.ejercito.mil.uy\/wp-content\/uploads\/2023\/12\/407745291_760727356085066_1983440849883982653_n-1024x683.jpg 1024w, https:\/\/www.ejercito.mil.uy\/wp-content\/uploads\/2023\/12\/407745291_760727356085066_1983440849883982653_n-300x200.jpg 300w, https:\/\/www.ejercito.mil.uy\/wp-content\/uploads\/2023\/12\/407745291_760727356085066_1983440849883982653_n.jpg 1200w\" sizes=\"(max-width: 1024px) 100vw, 1024px\" \/><\/figure>\n<\/div>\n<\/div>\n\n\n\n<div style=\"height:33px\" aria-hidden=\"true\" class=\"wp-block-spacer\"><\/div>\n\n\n\n<p class=\"has-black-color has-text-color has-medium-font-size\">El Director del SEPAE, Cnel. David D\u00edaz le di\u00f3 la bienvenida al p\u00fablico a su casa <em><strong>\u00abpara nosotros es un placer recibirlos a todos ustedes en el Parque Nacional de Santa Teresa donde la historia, la naturaleza, las an\u00e9cdotas, la familia, por qu\u00e9 no el fog\u00f3n, es una combinaci\u00f3n perfecta para pasar unas muy buenas vacaciones. La diversidad de atracciones (\u2026) su infraestructura, servicios, playas, el camping m\u00e1s grande de nuestro pa\u00eds, los senderos, puertos, nuestro parque, sombr\u00e1culo, invern\u00e1culo, tambi\u00e9n un peque\u00f1o zool\u00f3gico de aves, de lindos animales y un espacio que verdaderamente podemos hacer un sin fin de actividades\u00bb<\/strong><\/em>. <\/p>\n\n\n\n<div style=\"height:33px\" aria-hidden=\"true\" class=\"wp-block-spacer\"><\/div>\n\n\n\n<p class=\"has-black-color has-text-color has-medium-font-size\">A su vez, agradeci\u00f3 al Ministerio de Transporte y Obras P\u00fablicas, al Ministerio de Turismo, Intendencia de Rocha y a las distintas dependencias de la Fuerza, que los apoyan con personal y medios en lo que respecta a acondicionar y mejorar las instalaciones del Parque.<\/p>\n\n\n\n<div style=\"height:33px\" aria-hidden=\"true\" class=\"wp-block-spacer\"><\/div>\n\n\n\n<p class=\"has-black-color has-text-color has-medium-font-size\">Para finalizar, el Director Nacional de Turismo junto al Comandante del Comando de Apoyo Log\u00edstico del Ej\u00e9rcito, Gral. Jos\u00e9 M. Mart\u00ednez y del Director del SEPAE, hicieron la apertura simb\u00f3lica de temporada con el encendido del fog\u00f3n.<\/p>\n\n\n\n<div style=\"height:33px\" aria-hidden=\"true\" class=\"wp-block-spacer\"><\/div>\n\n\n\n<figure class=\"wp-block-image size-large\"><img loading=\"lazy\" decoding=\"async\" width=\"1024\" height=\"683\" src=\"https:\/\/www.ejercito.mil.uy\/wp-content\/uploads\/2023\/12\/407367427_760954632729005_5047022361828978574_n-1024x683.jpg\" alt=\"\" class=\"wp-image-27364\" srcset=\"https:\/\/www.ejercito.mil.uy\/wp-content\/uploads\/2023\/12\/407367427_760954632729005_5047022361828978574_n-1024x683.jpg 1024w, https:\/\/www.ejercito.mil.uy\/wp-content\/uploads\/2023\/12\/407367427_760954632729005_5047022361828978574_n-300x200.jpg 300w, https:\/\/www.ejercito.mil.uy\/wp-content\/uploads\/2023\/12\/407367427_760954632729005_5047022361828978574_n.jpg 1200w\" sizes=\"(max-width: 1024px) 100vw, 1024px\" \/><\/figure>\n\n\n\n<div style=\"height:33px\" aria-hidden=\"true\" class=\"wp-block-spacer\"><\/div>\n\n\n\n<p class=\"has-black-color has-text-color has-medium-font-size\">Asistieron autoridades del Ministerio de Turismo, el Comandante del Comando de Apoyo Log\u00edstico del Ej\u00e9rcito, el Comandante de la Divisi\u00f3n de Ej\u00e9rcito IV, autoridades militares, policiales y departamentales, Banda de M\u00fasicos de la Brigada de Infanter\u00eda N\u00b0 4 y p\u00fablico en general.<\/p>\n\n\n\n<div style=\"height:33px\" aria-hidden=\"true\" class=\"wp-block-spacer\"><\/div>\n\n\n\n<div class=\"wp-block-coblocks-gallery-stacked alignwide\"><ul class=\"alignwide coblocks-gallery has-fullwidth-images\"><li class=\"coblocks-gallery--item\"><figure class=\"coblocks-gallery--figure\"><img loading=\"lazy\" decoding=\"async\" width=\"1024\" height=\"683\" alt=\"\" class=\"wp-image-27365 has-shadow-none\" data-id=\"27365\" data-imglink=\"\" data-link=\"https:\/\/www.ejercito.mil.uy\/?attachment_id=27365\" src=\"https:\/\/www.ejercito.mil.uy\/wp-content\/uploads\/2023\/12\/407997642_760727396085062_8757411629599463359_n-1024x683.jpg\" srcset=\"https:\/\/www.ejercito.mil.uy\/wp-content\/uploads\/2023\/12\/407997642_760727396085062_8757411629599463359_n-1024x683.jpg 1024w, https:\/\/www.ejercito.mil.uy\/wp-content\/uploads\/2023\/12\/407997642_760727396085062_8757411629599463359_n-300x200.jpg 300w, https:\/\/www.ejercito.mil.uy\/wp-content\/uploads\/2023\/12\/407997642_760727396085062_8757411629599463359_n.jpg 1200w\" sizes=\"(max-width: 1024px) 100vw, 1024px\" \/><\/figure><\/li><\/ul><\/div>\n","protected":false},"excerpt":{"rendered":"<p>06.12.2023 &#8211; El 5 de diciembre, se inaugur\u00f3 el Jard\u00edn Uruguayo &#8211; memorial y homenaje a la raza nativa &#8211; y se descubri\u00f3 la r\u00e9plica del Coraz\u00f3n de Piedra, considerada de gran valor hist\u00f3rico y espiritual hallada en 1929, de origen Arach\u00e1n. <\/p>\n","protected":false},"author":14,"featured_media":27362,"comment_status":"open","ping_status":"open","sticky":false,"template":"","format":"standard","meta":{"_coblocks_attr":"","_coblocks_dimensions":"","_coblocks_responsive_height":"","_coblocks_accordion_ie_support":"","_monsterinsights_skip_tracking":false,"_monsterinsights_sitenote_active":false,"_monsterinsights_sitenote_note":"","_monsterinsights_sitenote_category":0,"_uf_show_specific_survey":0,"_uf_disable_surveys":false,"footnotes":""},"categories":[2,10,14,1],"tags":[1375,41,1373,149,1374,1376,147,1372],"class_list":["post-27361","post","type-post","status-publish","format-standard","has-post-thumbnail","hentry","category-blog","category-destacados","category-noticias","category-sin-categoria","tag-corazon","tag-historia","tag-leyenda","tag-parque","tag-piedra","tag-replica","tag-santa-teresa","tag-temporada-2024"],"aioseo_notices":[],"_links":{"self":[{"href":"https:\/\/www.ejercito.mil.uy\/index.php\/wp-json\/wp\/v2\/posts\/27361","targetHints":{"allow":["GET"]}}],"collection":[{"href":"https:\/\/www.ejercito.mil.uy\/index.php\/wp-json\/wp\/v2\/posts"}],"about":[{"href":"https:\/\/www.ejercito.mil.uy\/index.php\/wp-json\/wp\/v2\/types\/post"}],"author":[{"embeddable":true,"href":"https:\/\/www.ejercito.mil.uy\/index.php\/wp-json\/wp\/v2\/users\/14"}],"replies":[{"embeddable":true,"href":"https:\/\/www.ejercito.mil.uy\/index.php\/wp-json\/wp\/v2\/comments?post=27361"}],"version-history":[{"count":5,"href":"https:\/\/www.ejercito.mil.uy\/index.php\/wp-json\/wp\/v2\/posts\/27361\/revisions"}],"predecessor-version":[{"id":38490,"href":"https:\/\/www.ejercito.mil.uy\/index.php\/wp-json\/wp\/v2\/posts\/27361\/revisions\/38490"}],"wp:featuredmedia":[{"embeddable":true,"href":"https:\/\/www.ejercito.mil.uy\/index.php\/wp-json\/wp\/v2\/media\/27362"}],"wp:attachment":[{"href":"https:\/\/www.ejercito.mil.uy\/index.php\/wp-json\/wp\/v2\/media?parent=27361"}],"wp:term":[{"taxonomy":"category","embeddable":true,"href":"https:\/\/www.ejercito.mil.uy\/index.php\/wp-json\/wp\/v2\/categories?post=27361"},{"taxonomy":"post_tag","embeddable":true,"href":"https:\/\/www.ejercito.mil.uy\/index.php\/wp-json\/wp\/v2\/tags?post=27361"}],"curies":[{"name":"wp","href":"https:\/\/api.w.org\/{rel}","templated":true}]}}