{"id":27592,"date":"2023-12-15T10:59:10","date_gmt":"2023-12-15T13:59:10","guid":{"rendered":"https:\/\/www.ejercito.mil.uy\/?p=27592"},"modified":"2023-12-20T12:34:30","modified_gmt":"2023-12-20T15:34:30","slug":"curso-de-capitan-de-maniobra-2","status":"publish","type":"post","link":"https:\/\/www.ejercito.mil.uy\/index.php\/2023\/12\/15\/curso-de-capitan-de-maniobra-2\/","title":{"rendered":"Curso de Capit\u00e1n de Maniobra"},"content":{"rendered":"\n<div style=\"height:22px\" aria-hidden=\"true\" class=\"wp-block-spacer\"><\/div>\n\n\n\n<p class=\"has-black-color has-text-color has-medium-font-size\">15.12.2023 &#8211; <strong>Estados Unidos<\/strong> <\/p>\n\n\n\n<div style=\"height:33px\" aria-hidden=\"true\" class=\"wp-block-spacer\"><\/div>\n\n\n\n<p class=\"has-white-color has-text-color has-background has-medium-font-size\" style=\"background-color:#1f6728\">Durante el presente a\u00f1o el Capit\u00e1n Diego S\u00e1nchez perteneciente al Batall\u00f3n de Infanter\u00eda \u00abParacaidista\u00bb N\u00ba 14, realiz\u00f3 el <strong>curso de Capit\u00e1n de Maniobra<\/strong> en Fort Moore, Georgia, Estados Unidos.<\/p>\n\n\n\n<div style=\"height:33px\" aria-hidden=\"true\" class=\"wp-block-spacer\"><\/div>\n\n\n\n<p class=\"has-black-color has-text-color has-medium-font-size\">Fruto de su destacada actuaci\u00f3n, obtuvo el primer puesto entre los 25 cursantes internacionales y la distinci\u00f3n de Graduado de Honor, <strong>siendo el primer Capit\u00e1n del Ej\u00e9rcito Nacional en conseguir ese logro en mencionada capacitaci\u00f3n.<\/strong><\/p>\n\n\n\n<div style=\"height:33px\" aria-hidden=\"true\" class=\"wp-block-spacer\"><\/div>\n\n\n\n<figure class=\"wp-block-image size-large\"><img fetchpriority=\"high\" decoding=\"async\" width=\"1024\" height=\"683\" src=\"https:\/\/www.ejercito.mil.uy\/wp-content\/uploads\/2023\/12\/1-1-1024x683.jpg\" alt=\"\" class=\"wp-image-27595\" srcset=\"https:\/\/www.ejercito.mil.uy\/wp-content\/uploads\/2023\/12\/1-1-1024x683.jpg 1024w, https:\/\/www.ejercito.mil.uy\/wp-content\/uploads\/2023\/12\/1-1-300x200.jpg 300w, https:\/\/www.ejercito.mil.uy\/wp-content\/uploads\/2023\/12\/1-1.jpg 1200w\" sizes=\"(max-width: 1024px) 100vw, 1024px\" \/><\/figure>\n\n\n\n<div style=\"height:33px\" aria-hidden=\"true\" class=\"wp-block-spacer\"><\/div>\n\n\n\n<p class=\"has-black-color has-text-color has-medium-font-size\">Participaron 25 alumnos de diferentes pa\u00edses: Belice, Colombia, Costa Rica, Ecuador, EE.&nbsp;UU., Panam\u00e1, Paraguay, Rep\u00fablica Dominicana y Uruguay.<\/p>\n\n\n\n<div style=\"height:33px\" aria-hidden=\"true\" class=\"wp-block-spacer\"><\/div>\n\n\n\n<p class=\"has-black-color has-text-color has-medium-font-size\">El Curso tiene una duraci\u00f3n de siete meses y medio y est\u00e1 dirigido a la formaci\u00f3n de un Comandante de Compa\u00f1\u00eda dividido en tres fases: inicial, compa\u00f1\u00eda y Batall\u00f3n.<\/p>\n\n\n\n<div style=\"height:33px\" aria-hidden=\"true\" class=\"wp-block-spacer\"><\/div>\n\n\n\n<div class=\"wp-block-columns is-layout-flex wp-container-core-columns-is-layout-28f84493 wp-block-columns-is-layout-flex\">\n<div class=\"wp-block-column is-layout-flow wp-block-column-is-layout-flow\">\n<figure class=\"wp-block-image size-large\"><img decoding=\"async\" width=\"1024\" height=\"683\" src=\"https:\/\/www.ejercito.mil.uy\/wp-content\/uploads\/2023\/12\/6-2-1024x683.jpg\" alt=\"\" class=\"wp-image-27596\" srcset=\"https:\/\/www.ejercito.mil.uy\/wp-content\/uploads\/2023\/12\/6-2-1024x683.jpg 1024w, https:\/\/www.ejercito.mil.uy\/wp-content\/uploads\/2023\/12\/6-2-300x200.jpg 300w, https:\/\/www.ejercito.mil.uy\/wp-content\/uploads\/2023\/12\/6-2.jpg 1200w\" sizes=\"(max-width: 1024px) 100vw, 1024px\" \/><\/figure>\n<\/div>\n\n\n\n<div class=\"wp-block-column is-layout-flow wp-block-column-is-layout-flow\">\n<figure class=\"wp-block-image size-large\"><img decoding=\"async\" width=\"1024\" height=\"683\" src=\"https:\/\/www.ejercito.mil.uy\/wp-content\/uploads\/2023\/12\/7-1-1024x683.jpg\" alt=\"\" class=\"wp-image-27597\" srcset=\"https:\/\/www.ejercito.mil.uy\/wp-content\/uploads\/2023\/12\/7-1-1024x683.jpg 1024w, https:\/\/www.ejercito.mil.uy\/wp-content\/uploads\/2023\/12\/7-1-300x200.jpg 300w, https:\/\/www.ejercito.mil.uy\/wp-content\/uploads\/2023\/12\/7-1.jpg 1200w\" sizes=\"(max-width: 1024px) 100vw, 1024px\" \/><\/figure>\n<\/div>\n<\/div>\n\n\n\n<div style=\"height:33px\" aria-hidden=\"true\" class=\"wp-block-spacer\"><\/div>\n\n\n\n<p class=\"has-black-color has-text-color has-medium-font-size\">Inicial: nivelaci\u00f3n con una prueba de ingreso, posteriormente se desarrolla la materia \u201cMando de la Misi\u00f3n\u201d, se analiza la doctrina referente al liderazgo, comando y control, exclusivamente del Ej\u00e9rcito de los Estados Unidos.<\/p>\n\n\n\n<div style=\"height:33px\" aria-hidden=\"true\" class=\"wp-block-spacer\"><\/div>\n\n\n\n<p class=\"has-black-color has-text-color has-medium-font-size\">Compa\u00f1\u00eda: se dedica enteramente en la planificaci\u00f3n de operaciones a nivel Sub-Unidad a trav\u00e9s del proceso de conducci\u00f3n de tropas. Se ejecutan temas t\u00e1cticos y evaluaciones, donde se finaliza con la emisi\u00f3n o presentaci\u00f3n oral de la planificaci\u00f3n realizada ante una mesa de instructores.<\/p>\n\n\n\n<div style=\"height:33px\" aria-hidden=\"true\" class=\"wp-block-spacer\"><\/div>\n\n\n\n<p class=\"has-black-color has-text-color has-medium-font-size\">Batall\u00f3n: consiste en la resoluci\u00f3n de temas t\u00e1cticos a nivel Unidad aplicando el proceso de toma de decisiones, cada participante integra un elemento del Estado Mayor del Batall\u00f3n que planifica. Luego, se presenta en forma oral las respectivas ayudas gr\u00e1ficas.<\/p>\n\n\n\n<div style=\"height:33px\" aria-hidden=\"true\" class=\"wp-block-spacer\"><\/div>\n\n\n\n<div class=\"wp-block-columns is-layout-flex wp-container-core-columns-is-layout-28f84493 wp-block-columns-is-layout-flex\">\n<div class=\"wp-block-column is-layout-flow wp-block-column-is-layout-flow\">\n<figure class=\"wp-block-image size-large is-style-rounded\"><img loading=\"lazy\" decoding=\"async\" width=\"1024\" height=\"683\" src=\"https:\/\/www.ejercito.mil.uy\/wp-content\/uploads\/2023\/12\/4-3-1024x683.jpg\" alt=\"\" class=\"wp-image-27610\" srcset=\"https:\/\/www.ejercito.mil.uy\/wp-content\/uploads\/2023\/12\/4-3-1024x683.jpg 1024w, https:\/\/www.ejercito.mil.uy\/wp-content\/uploads\/2023\/12\/4-3-300x200.jpg 300w, https:\/\/www.ejercito.mil.uy\/wp-content\/uploads\/2023\/12\/4-3.jpg 1200w\" sizes=\"(max-width: 1024px) 100vw, 1024px\" \/><\/figure>\n<\/div>\n\n\n\n<div class=\"wp-block-column is-layout-flow wp-block-column-is-layout-flow\">\n<figure class=\"wp-block-image size-large is-style-rounded\"><img loading=\"lazy\" decoding=\"async\" width=\"1024\" height=\"683\" src=\"https:\/\/www.ejercito.mil.uy\/wp-content\/uploads\/2023\/12\/10-1-1024x683.jpg\" alt=\"\" class=\"wp-image-27601\" srcset=\"https:\/\/www.ejercito.mil.uy\/wp-content\/uploads\/2023\/12\/10-1-1024x683.jpg 1024w, https:\/\/www.ejercito.mil.uy\/wp-content\/uploads\/2023\/12\/10-1-300x200.jpg 300w, https:\/\/www.ejercito.mil.uy\/wp-content\/uploads\/2023\/12\/10-1.jpg 1200w\" sizes=\"(max-width: 1024px) 100vw, 1024px\" \/><\/figure>\n<\/div>\n<\/div>\n\n\n\n<div style=\"height:33px\" aria-hidden=\"true\" class=\"wp-block-spacer\"><\/div>\n\n\n\n<p class=\"has-black-color has-text-color has-medium-font-size\">En cuanto a la formaci\u00f3n adquirida, el Cap. S\u00e1nchez relata:<\/p>\n\n\n\n<div style=\"height:33px\" aria-hidden=\"true\" class=\"wp-block-spacer\"><\/div>\n\n\n\n<p class=\"has-black-color has-text-color has-medium-font-size\"><em>Como lecci\u00f3n aprendida destaco la calidad de la formaci\u00f3n de los oficiales que tiene nuestro Ej\u00e9rcito. Si bien el Ej\u00e9rcito norteamericano constantemente esta actualizando su doctrina, acorde a sus intereses nacionales en Defensa, nuestra Fuerza mantiene una base doctrinaria muy similar con los mismos principios de conducci\u00f3n y procedimientos de planificaci\u00f3n semejantes.<\/em><\/p>\n\n\n\n<div style=\"height:33px\" aria-hidden=\"true\" class=\"wp-block-spacer\"><\/div>\n\n\n\n<p class=\"has-black-color has-text-color has-medium-font-size\"><em>En lo que respecta al liderazgo, ellos poseen una gran base doctrinaria para ser aplicada, donde manejan conceptos que apuntan a mejorar la cohesi\u00f3n de la Fuerza llamado \u201cMando de la Misi\u00f3n\u201d, con an\u00e1lisis hist\u00f3ricos de ejemplos de liderazgo militar.<\/em><\/p>\n\n\n\n<div style=\"height:33px\" aria-hidden=\"true\" class=\"wp-block-spacer\"><\/div>\n\n\n\n<p class=\"has-black-color has-text-color has-medium-font-size\"><em>Cada tema t\u00e1ctico comenzaba con una llamada \u201cvi\u00f1eta hist\u00f3rica\u201d, donde se expon\u00eda un caso real de una operaci\u00f3n ofensiva, una defensa u operaci\u00f3n urbana, que ayudaba a visualizar mejor la t\u00e1ctica.<\/em><\/p>\n\n\n\n<div style=\"height:33px\" aria-hidden=\"true\" class=\"wp-block-spacer\"><\/div>\n\n\n\n<p class=\"has-black-color has-text-color has-medium-font-size\"><em>Lo m\u00e1s destacable y de suma importancia, fue la emisi\u00f3n de la orden de operaciones en forma verbal orientando la instrucci\u00f3n para el combate en el nivel t\u00e1ctico de la guerra. De esta forma innovadora se aplica el Procedimiento de Conducci\u00f3n de Tropas a nivel de un Comandante de Compa\u00f1\u00eda y el Proceso Militar de Toma de Decisiones como integrante de un Estado Mayor de nivel Unidad.<\/em><\/p>\n\n\n\n<div style=\"height:33px\" aria-hidden=\"true\" class=\"wp-block-spacer\"><\/div>\n\n\n\n<p class=\"has-black-color has-text-color has-medium-font-size\"><strong>\u00a1Felicitaciones por su desempe\u00f1o Camarada!<\/strong><\/p>\n\n\n\n<div style=\"height:33px\" aria-hidden=\"true\" class=\"wp-block-spacer\"><\/div>\n\n\n\n<div class=\"wp-block-columns is-layout-flex wp-container-core-columns-is-layout-28f84493 wp-block-columns-is-layout-flex\">\n<div class=\"wp-block-column is-layout-flow wp-block-column-is-layout-flow\">\n<figure class=\"wp-block-image size-large\"><img loading=\"lazy\" decoding=\"async\" width=\"1024\" height=\"683\" src=\"https:\/\/www.ejercito.mil.uy\/wp-content\/uploads\/2023\/12\/8-1-1024x683.jpg\" alt=\"\" class=\"wp-image-27598\" srcset=\"https:\/\/www.ejercito.mil.uy\/wp-content\/uploads\/2023\/12\/8-1-1024x683.jpg 1024w, https:\/\/www.ejercito.mil.uy\/wp-content\/uploads\/2023\/12\/8-1-300x200.jpg 300w, https:\/\/www.ejercito.mil.uy\/wp-content\/uploads\/2023\/12\/8-1.jpg 1200w\" sizes=\"(max-width: 1024px) 100vw, 1024px\" \/><\/figure>\n<\/div>\n\n\n\n<div class=\"wp-block-column is-layout-flow wp-block-column-is-layout-flow\">\n<figure class=\"wp-block-image size-large\"><img loading=\"lazy\" decoding=\"async\" width=\"1024\" height=\"683\" src=\"https:\/\/www.ejercito.mil.uy\/wp-content\/uploads\/2023\/12\/12-1-1024x683.jpg\" alt=\"\" class=\"wp-image-27599\" srcset=\"https:\/\/www.ejercito.mil.uy\/wp-content\/uploads\/2023\/12\/12-1-1024x683.jpg 1024w, https:\/\/www.ejercito.mil.uy\/wp-content\/uploads\/2023\/12\/12-1-300x200.jpg 300w, https:\/\/www.ejercito.mil.uy\/wp-content\/uploads\/2023\/12\/12-1.jpg 1200w\" sizes=\"(max-width: 1024px) 100vw, 1024px\" \/><\/figure>\n<\/div>\n<\/div>\n","protected":false},"excerpt":{"rendered":"<p>15.12.2023 &#8211; Durante el presente a\u00f1o el Capit\u00e1n Diego S\u00e1nchez perteneciente al Batall\u00f3n de Infanter\u00eda \u00abParacaidista\u00bb N\u00ba 14, realiz\u00f3 el curso de Capit\u00e1n de Maniobra en Estados Unidos.<\/p>\n","protected":false},"author":14,"featured_media":27594,"comment_status":"open","ping_status":"open","sticky":false,"template":"","format":"standard","meta":{"_coblocks_attr":"","_coblocks_dimensions":"","_coblocks_responsive_height":"","_coblocks_accordion_ie_support":"","_monsterinsights_skip_tracking":false,"_monsterinsights_sitenote_active":false,"_monsterinsights_sitenote_note":"","_monsterinsights_sitenote_category":0,"_uf_show_specific_survey":0,"_uf_disable_surveys":false,"footnotes":""},"categories":[2,14,1],"tags":[1397,70,1399,153,1398],"class_list":["post-27592","post","type-post","status-publish","format-standard","has-post-thumbnail","hentry","category-blog","category-noticias","category-sin-categoria","tag-capitan","tag-curso","tag-desempeno","tag-maniobra","tag-primer-puesto"],"aioseo_notices":[],"_links":{"self":[{"href":"https:\/\/www.ejercito.mil.uy\/index.php\/wp-json\/wp\/v2\/posts\/27592","targetHints":{"allow":["GET"]}}],"collection":[{"href":"https:\/\/www.ejercito.mil.uy\/index.php\/wp-json\/wp\/v2\/posts"}],"about":[{"href":"https:\/\/www.ejercito.mil.uy\/index.php\/wp-json\/wp\/v2\/types\/post"}],"author":[{"embeddable":true,"href":"https:\/\/www.ejercito.mil.uy\/index.php\/wp-json\/wp\/v2\/users\/14"}],"replies":[{"embeddable":true,"href":"https:\/\/www.ejercito.mil.uy\/index.php\/wp-json\/wp\/v2\/comments?post=27592"}],"version-history":[{"count":9,"href":"https:\/\/www.ejercito.mil.uy\/index.php\/wp-json\/wp\/v2\/posts\/27592\/revisions"}],"predecessor-version":[{"id":27678,"href":"https:\/\/www.ejercito.mil.uy\/index.php\/wp-json\/wp\/v2\/posts\/27592\/revisions\/27678"}],"wp:featuredmedia":[{"embeddable":true,"href":"https:\/\/www.ejercito.mil.uy\/index.php\/wp-json\/wp\/v2\/media\/27594"}],"wp:attachment":[{"href":"https:\/\/www.ejercito.mil.uy\/index.php\/wp-json\/wp\/v2\/media?parent=27592"}],"wp:term":[{"taxonomy":"category","embeddable":true,"href":"https:\/\/www.ejercito.mil.uy\/index.php\/wp-json\/wp\/v2\/categories?post=27592"},{"taxonomy":"post_tag","embeddable":true,"href":"https:\/\/www.ejercito.mil.uy\/index.php\/wp-json\/wp\/v2\/tags?post=27592"}],"curies":[{"name":"wp","href":"https:\/\/api.w.org\/{rel}","templated":true}]}}