{"id":27892,"date":"2024-01-03T13:00:00","date_gmt":"2024-01-03T16:00:00","guid":{"rendered":"https:\/\/www.ejercito.mil.uy\/?p=27892"},"modified":"2024-01-27T21:01:53","modified_gmt":"2024-01-28T00:01:53","slug":"fuertes-vientos-en-el-balneario-las-canas","status":"publish","type":"post","link":"https:\/\/www.ejercito.mil.uy\/index.php\/2024\/01\/03\/fuertes-vientos-en-el-balneario-las-canas\/","title":{"rendered":"Fuertes vientos en el Balneario \u00abLas Ca\u00f1as\u00bb"},"content":{"rendered":"\n<p class=\"has-black-color has-text-color has-medium-font-size\">03.01.2024 &#8211; <strong>R\u00edo Negro<\/strong>   <\/p>\n\n\n\n<div style=\"height:22px\" aria-hidden=\"true\" class=\"wp-block-spacer\"><\/div>\n\n\n\n<p class=\"has-white-color has-text-color has-background has-medium-font-size\" style=\"background-color:#1f6728\"><strong>Desde el 27 de diciembre, efectivos del Batall\u00f3n \u201cRinc\u00f3n\u201d de Infanter\u00eda Mecanizado N\u00ba 9 realizan corte y remoci\u00f3n de \u00e1rboles ca\u00eddos a causa de los fuertes vientos que afect\u00f3 el Balneario \u201cLas Ca\u00f1as\u201d.<\/strong><\/p>\n\n\n\n<div style=\"height:22px\" aria-hidden=\"true\" class=\"wp-block-spacer\"><\/div>\n\n\n\n<div class=\"wp-block-columns is-layout-flex wp-container-core-columns-is-layout-28f84493 wp-block-columns-is-layout-flex\">\n<div class=\"wp-block-column is-layout-flow wp-block-column-is-layout-flow\">\n<figure class=\"wp-block-image size-large\"><img fetchpriority=\"high\" decoding=\"async\" width=\"1024\" height=\"683\" src=\"https:\/\/www.ejercito.mil.uy\/wp-content\/uploads\/2024\/01\/1-1-1024x683.jpg\" alt=\"\" class=\"wp-image-27894\" srcset=\"https:\/\/www.ejercito.mil.uy\/wp-content\/uploads\/2024\/01\/1-1-1024x683.jpg 1024w, https:\/\/www.ejercito.mil.uy\/wp-content\/uploads\/2024\/01\/1-1-300x200.jpg 300w, https:\/\/www.ejercito.mil.uy\/wp-content\/uploads\/2024\/01\/1-1.jpg 1200w\" sizes=\"(max-width: 1024px) 100vw, 1024px\" \/><\/figure>\n<\/div>\n\n\n\n<div class=\"wp-block-column is-layout-flow wp-block-column-is-layout-flow\">\n<figure class=\"wp-block-image size-large\"><img decoding=\"async\" width=\"1024\" height=\"683\" src=\"https:\/\/www.ejercito.mil.uy\/wp-content\/uploads\/2024\/01\/2-1-1024x683.jpg\" alt=\"\" class=\"wp-image-27895\" srcset=\"https:\/\/www.ejercito.mil.uy\/wp-content\/uploads\/2024\/01\/2-1-1024x683.jpg 1024w, https:\/\/www.ejercito.mil.uy\/wp-content\/uploads\/2024\/01\/2-1-300x200.jpg 300w, https:\/\/www.ejercito.mil.uy\/wp-content\/uploads\/2024\/01\/2-1.jpg 1200w\" sizes=\"(max-width: 1024px) 100vw, 1024px\" \/><\/figure>\n<\/div>\n<\/div>\n\n\n\n<div style=\"height:22px\" aria-hidden=\"true\" class=\"wp-block-spacer\"><\/div>\n\n\n\n<p class=\"has-black-color has-text-color has-medium-font-size\">Los \u00e1rboles obstruyen la circulaci\u00f3n del tr\u00e1nsito, por lo cual el personal trabaja arduamente para retirarlos y as\u00ed prevenir cualquier peligro.<\/p>\n\n\n\n<div style=\"height:22px\" aria-hidden=\"true\" class=\"wp-block-spacer\"><\/div>\n\n\n\n<div class=\"wp-block-columns is-layout-flex wp-container-core-columns-is-layout-28f84493 wp-block-columns-is-layout-flex\">\n<div class=\"wp-block-column is-layout-flow wp-block-column-is-layout-flow\">\n<figure class=\"wp-block-image size-large\"><img decoding=\"async\" width=\"1024\" height=\"683\" src=\"https:\/\/www.ejercito.mil.uy\/wp-content\/uploads\/2024\/01\/5-1-1024x683.jpg\" alt=\"\" class=\"wp-image-27896\" srcset=\"https:\/\/www.ejercito.mil.uy\/wp-content\/uploads\/2024\/01\/5-1-1024x683.jpg 1024w, https:\/\/www.ejercito.mil.uy\/wp-content\/uploads\/2024\/01\/5-1-300x200.jpg 300w, https:\/\/www.ejercito.mil.uy\/wp-content\/uploads\/2024\/01\/5-1.jpg 1200w\" sizes=\"(max-width: 1024px) 100vw, 1024px\" \/><\/figure>\n<\/div>\n\n\n\n<div class=\"wp-block-column is-layout-flow wp-block-column-is-layout-flow\">\n<figure class=\"wp-block-image size-large\"><img loading=\"lazy\" decoding=\"async\" width=\"1024\" height=\"683\" src=\"https:\/\/www.ejercito.mil.uy\/wp-content\/uploads\/2024\/01\/6-1-1024x683.jpg\" alt=\"\" class=\"wp-image-27897\" srcset=\"https:\/\/www.ejercito.mil.uy\/wp-content\/uploads\/2024\/01\/6-1-1024x683.jpg 1024w, https:\/\/www.ejercito.mil.uy\/wp-content\/uploads\/2024\/01\/6-1-300x200.jpg 300w, https:\/\/www.ejercito.mil.uy\/wp-content\/uploads\/2024\/01\/6-1.jpg 1200w\" sizes=\"(max-width: 1024px) 100vw, 1024px\" \/><\/figure>\n<\/div>\n<\/div>\n\n\n\n<div style=\"height:22px\" aria-hidden=\"true\" class=\"wp-block-spacer\"><\/div>\n\n\n\n<p class=\"has-text-align-center has-black-color has-text-color has-medium-font-size\">\u00a1Muchas gracias camaradas por tender una mano solidaria!<\/p>\n","protected":false},"excerpt":{"rendered":"<p>03.01.2024 &#8211; Desde el 27 de diciembre, efectivos del Batall\u00f3n \u201cRinc\u00f3n\u201d de Infanter\u00eda Mecanizado N\u00ba 9 realizan corte y remoci\u00f3n de \u00e1rboles ca\u00eddos a causa de los fuertes vientos que afect\u00f3 el Balneario \u201cLas Ca\u00f1as\u201d.<\/p>\n","protected":false},"author":4,"featured_media":27898,"comment_status":"open","ping_status":"open","sticky":false,"template":"","format":"standard","meta":{"_coblocks_attr":"","_coblocks_dimensions":"","_coblocks_responsive_height":"","_coblocks_accordion_ie_support":"","_monsterinsights_skip_tracking":false,"_monsterinsights_sitenote_active":false,"_monsterinsights_sitenote_note":"","_monsterinsights_sitenote_category":0,"_uf_show_specific_survey":0,"_uf_disable_surveys":false,"footnotes":""},"categories":[2,14,1],"tags":[27,444,176,808,1390,71,481,1392,1391],"class_list":["post-27892","post","type-post","status-publish","format-standard","has-post-thumbnail","hentry","category-blog","category-noticias","category-sin-categoria","tag-apoyo","tag-arboles","tag-cecoed","tag-emergencias","tag-fuertes-vientos","tag-infanteria","tag-sae","tag-techos","tag-trinidad"],"aioseo_notices":[],"_links":{"self":[{"href":"https:\/\/www.ejercito.mil.uy\/index.php\/wp-json\/wp\/v2\/posts\/27892","targetHints":{"allow":["GET"]}}],"collection":[{"href":"https:\/\/www.ejercito.mil.uy\/index.php\/wp-json\/wp\/v2\/posts"}],"about":[{"href":"https:\/\/www.ejercito.mil.uy\/index.php\/wp-json\/wp\/v2\/types\/post"}],"author":[{"embeddable":true,"href":"https:\/\/www.ejercito.mil.uy\/index.php\/wp-json\/wp\/v2\/users\/4"}],"replies":[{"embeddable":true,"href":"https:\/\/www.ejercito.mil.uy\/index.php\/wp-json\/wp\/v2\/comments?post=27892"}],"version-history":[{"count":2,"href":"https:\/\/www.ejercito.mil.uy\/index.php\/wp-json\/wp\/v2\/posts\/27892\/revisions"}],"predecessor-version":[{"id":27902,"href":"https:\/\/www.ejercito.mil.uy\/index.php\/wp-json\/wp\/v2\/posts\/27892\/revisions\/27902"}],"wp:featuredmedia":[{"embeddable":true,"href":"https:\/\/www.ejercito.mil.uy\/index.php\/wp-json\/wp\/v2\/media\/27898"}],"wp:attachment":[{"href":"https:\/\/www.ejercito.mil.uy\/index.php\/wp-json\/wp\/v2\/media?parent=27892"}],"wp:term":[{"taxonomy":"category","embeddable":true,"href":"https:\/\/www.ejercito.mil.uy\/index.php\/wp-json\/wp\/v2\/categories?post=27892"},{"taxonomy":"post_tag","embeddable":true,"href":"https:\/\/www.ejercito.mil.uy\/index.php\/wp-json\/wp\/v2\/tags?post=27892"}],"curies":[{"name":"wp","href":"https:\/\/api.w.org\/{rel}","templated":true}]}}