{"id":27903,"date":"2024-01-04T12:02:26","date_gmt":"2024-01-04T15:02:26","guid":{"rendered":"https:\/\/www.ejercito.mil.uy\/?p=27903"},"modified":"2024-01-04T12:03:00","modified_gmt":"2024-01-04T15:03:00","slug":"1er-concurso-nacional-de-equitacion-adaptada","status":"publish","type":"post","link":"https:\/\/www.ejercito.mil.uy\/index.php\/2024\/01\/04\/1er-concurso-nacional-de-equitacion-adaptada\/","title":{"rendered":"1er Concurso Nacional de Equitaci\u00f3n Adaptada"},"content":{"rendered":"\n<p class=\"has-black-color has-text-color has-medium-font-size\">04.01.2024 &#8211; <strong>Trinidad<\/strong>  <\/p>\n\n\n\n<div style=\"height:22px\" aria-hidden=\"true\" class=\"wp-block-spacer\"><\/div>\n\n\n\n<p class=\"has-white-color has-vivid-red-background-color has-text-color has-background has-medium-font-size\">Se realiz\u00f3 el <strong>1er Concurso Nacional de Equitaci\u00f3n Adaptada<\/strong> en el Grupo \u00ab\u00c9xodo del Pueblo Oriental\u00bb de Artiller\u00eda AP 122mm N\u00ba2.<\/p>\n\n\n\n<div style=\"height:22px\" aria-hidden=\"true\" class=\"wp-block-spacer\"><\/div>\n\n\n\n<p class=\"has-black-color has-text-color has-medium-font-size\">El concurso fue organizado por el Centro de Equinoterapia \u00abSanta B\u00e1rbara\u00bb ubicado en la ciudad de Trinidad, que depende de la Unidad.<\/p>\n\n\n\n<div style=\"height:22px\" aria-hidden=\"true\" class=\"wp-block-spacer\"><\/div>\n\n\n\n<figure class=\"wp-block-image size-large\"><img fetchpriority=\"high\" decoding=\"async\" width=\"1024\" height=\"683\" src=\"https:\/\/www.ejercito.mil.uy\/wp-content\/uploads\/2024\/01\/1er-Concurso-Nacional-de-Equitacion-Adaptada-4-1024x683.jpg\" alt=\"\" class=\"wp-image-27905\" srcset=\"https:\/\/www.ejercito.mil.uy\/wp-content\/uploads\/2024\/01\/1er-Concurso-Nacional-de-Equitacion-Adaptada-4-1024x683.jpg 1024w, https:\/\/www.ejercito.mil.uy\/wp-content\/uploads\/2024\/01\/1er-Concurso-Nacional-de-Equitacion-Adaptada-4-300x200.jpg 300w, https:\/\/www.ejercito.mil.uy\/wp-content\/uploads\/2024\/01\/1er-Concurso-Nacional-de-Equitacion-Adaptada-4.jpg 1200w\" sizes=\"(max-width: 1024px) 100vw, 1024px\" \/><\/figure>\n\n\n\n<div style=\"height:22px\" aria-hidden=\"true\" class=\"wp-block-spacer\"><\/div>\n\n\n\n<p class=\"has-black-color has-text-color has-medium-font-size\">Consisti\u00f3 en tres modalidades: \u00abAl paso\u00bb, \u00abAl trote\u00bb y \u00abAl trote\/galope\u00bb. Participaron m\u00e1s de 100 competidores de todo el pa\u00eds.<\/p>\n\n\n\n<div style=\"height:22px\" aria-hidden=\"true\" class=\"wp-block-spacer\"><\/div>\n\n\n\n<p class=\"has-black-color has-text-color has-medium-font-size\">Varios Centros de Rehabilitaci\u00f3n Ecuestres de la Fuerza se hicieron presentes, entre ellos se destaca la alumna Stephanie Smereka del Centro de Rehabilitaci\u00f3n Ecuestre N\u00b0 18 perteneciente al Batall\u00f3n \u00abGral. Leandro G\u00f3mez\u00bb de Infanter\u00eda Mecanizado N\u00b0 8.<\/p>\n\n\n\n<div style=\"height:22px\" aria-hidden=\"true\" class=\"wp-block-spacer\"><\/div>\n\n\n\n<figure class=\"wp-block-image size-large\"><img decoding=\"async\" width=\"1024\" height=\"683\" src=\"https:\/\/www.ejercito.mil.uy\/wp-content\/uploads\/2024\/01\/1er-Concurso-Nacional-de-Equitacion-Adaptada-7-1024x683.jpg\" alt=\"\" class=\"wp-image-27906\" srcset=\"https:\/\/www.ejercito.mil.uy\/wp-content\/uploads\/2024\/01\/1er-Concurso-Nacional-de-Equitacion-Adaptada-7-1024x683.jpg 1024w, https:\/\/www.ejercito.mil.uy\/wp-content\/uploads\/2024\/01\/1er-Concurso-Nacional-de-Equitacion-Adaptada-7-300x200.jpg 300w, https:\/\/www.ejercito.mil.uy\/wp-content\/uploads\/2024\/01\/1er-Concurso-Nacional-de-Equitacion-Adaptada-7.jpg 1200w\" sizes=\"(max-width: 1024px) 100vw, 1024px\" \/><\/figure>\n\n\n\n<p class=\"has-black-color has-text-color has-small-font-size\"><em><strong>Stephanie Smereka montando a \u00abCamila\u00bb &#8211; yegua tordilla<\/strong><\/em><\/p>\n\n\n\n<div style=\"height:22px\" aria-hidden=\"true\" class=\"wp-block-spacer\"><\/div>\n\n\n\n<div class=\"wp-block-columns is-layout-flex wp-container-core-columns-is-layout-28f84493 wp-block-columns-is-layout-flex\">\n<div class=\"wp-block-column is-layout-flow wp-block-column-is-layout-flow\">\n<figure class=\"wp-block-image size-large\"><img decoding=\"async\" width=\"1024\" height=\"683\" src=\"https:\/\/www.ejercito.mil.uy\/wp-content\/uploads\/2024\/01\/1er-Concurso-Nacional-de-Equitacion-Adaptada-1-1024x683.jpg\" alt=\"\" class=\"wp-image-27910\" srcset=\"https:\/\/www.ejercito.mil.uy\/wp-content\/uploads\/2024\/01\/1er-Concurso-Nacional-de-Equitacion-Adaptada-1-1024x683.jpg 1024w, https:\/\/www.ejercito.mil.uy\/wp-content\/uploads\/2024\/01\/1er-Concurso-Nacional-de-Equitacion-Adaptada-1-300x200.jpg 300w, https:\/\/www.ejercito.mil.uy\/wp-content\/uploads\/2024\/01\/1er-Concurso-Nacional-de-Equitacion-Adaptada-1.jpg 1200w\" sizes=\"(max-width: 1024px) 100vw, 1024px\" \/><\/figure>\n<\/div>\n\n\n\n<div class=\"wp-block-column is-layout-flow wp-block-column-is-layout-flow\">\n<figure class=\"wp-block-image size-large\"><img loading=\"lazy\" decoding=\"async\" width=\"1024\" height=\"683\" src=\"https:\/\/www.ejercito.mil.uy\/wp-content\/uploads\/2024\/01\/1er-Concurso-Nacional-de-Equitacion-Adaptada-3-1024x683.jpg\" alt=\"\" class=\"wp-image-27911\" srcset=\"https:\/\/www.ejercito.mil.uy\/wp-content\/uploads\/2024\/01\/1er-Concurso-Nacional-de-Equitacion-Adaptada-3-1024x683.jpg 1024w, https:\/\/www.ejercito.mil.uy\/wp-content\/uploads\/2024\/01\/1er-Concurso-Nacional-de-Equitacion-Adaptada-3-300x200.jpg 300w, https:\/\/www.ejercito.mil.uy\/wp-content\/uploads\/2024\/01\/1er-Concurso-Nacional-de-Equitacion-Adaptada-3.jpg 1200w\" sizes=\"(max-width: 1024px) 100vw, 1024px\" \/><\/figure>\n<\/div>\n<\/div>\n\n\n\n<div style=\"height:22px\" aria-hidden=\"true\" class=\"wp-block-spacer\"><\/div>\n\n\n\n<p class=\"has-black-color has-text-color has-medium-font-size\">Compiti\u00f3 en la modalidad \u00abAl trote\u00bb logrando el primer lugar, montando a \u00abCamila\u00bb, una yegua tordilla, cedida por el Sr. Comandante en Jefe del Ej\u00e9rcito, Gral. de Ej\u00e9rcito Mario Stevenazzi.<\/p>\n\n\n\n<div style=\"height:22px\" aria-hidden=\"true\" class=\"wp-block-spacer\"><\/div>\n\n\n\n<div class=\"wp-block-columns is-layout-flex wp-container-core-columns-is-layout-28f84493 wp-block-columns-is-layout-flex\">\n<div class=\"wp-block-column is-layout-flow wp-block-column-is-layout-flow\">\n<figure class=\"wp-block-image size-large\"><img loading=\"lazy\" decoding=\"async\" width=\"1024\" height=\"683\" src=\"https:\/\/www.ejercito.mil.uy\/wp-content\/uploads\/2024\/01\/1er-Concurso-Nacional-de-Equitacion-Adaptada-6-1024x683.jpg\" alt=\"\" class=\"wp-image-27907\" srcset=\"https:\/\/www.ejercito.mil.uy\/wp-content\/uploads\/2024\/01\/1er-Concurso-Nacional-de-Equitacion-Adaptada-6-1024x683.jpg 1024w, https:\/\/www.ejercito.mil.uy\/wp-content\/uploads\/2024\/01\/1er-Concurso-Nacional-de-Equitacion-Adaptada-6-300x200.jpg 300w, https:\/\/www.ejercito.mil.uy\/wp-content\/uploads\/2024\/01\/1er-Concurso-Nacional-de-Equitacion-Adaptada-6.jpg 1200w\" sizes=\"(max-width: 1024px) 100vw, 1024px\" \/><\/figure>\n<\/div>\n\n\n\n<div class=\"wp-block-column is-layout-flow wp-block-column-is-layout-flow\">\n<figure class=\"wp-block-image size-large\"><img loading=\"lazy\" decoding=\"async\" width=\"1024\" height=\"683\" src=\"https:\/\/www.ejercito.mil.uy\/wp-content\/uploads\/2024\/01\/1er-Concurso-Nacional-de-Equitacion-Adaptada-2-1024x683.jpg\" alt=\"\" class=\"wp-image-27908\" srcset=\"https:\/\/www.ejercito.mil.uy\/wp-content\/uploads\/2024\/01\/1er-Concurso-Nacional-de-Equitacion-Adaptada-2-1024x683.jpg 1024w, https:\/\/www.ejercito.mil.uy\/wp-content\/uploads\/2024\/01\/1er-Concurso-Nacional-de-Equitacion-Adaptada-2-300x200.jpg 300w, https:\/\/www.ejercito.mil.uy\/wp-content\/uploads\/2024\/01\/1er-Concurso-Nacional-de-Equitacion-Adaptada-2.jpg 1200w\" sizes=\"(max-width: 1024px) 100vw, 1024px\" \/><\/figure>\n<\/div>\n<\/div>\n\n\n\n<div style=\"height:22px\" aria-hidden=\"true\" class=\"wp-block-spacer\"><\/div>\n\n\n\n<p class=\"has-black-color has-text-color has-medium-font-size\">La equitaci\u00f3n adaptada es una actividad ecuestre destinada a personas con limitaciones o discapacidad, pero cuyo objetivo es deportivo y de ocio, donde el jinete ejerce mando o control sobre el caballo. <\/p>\n\n\n\n<div style=\"height:22px\" aria-hidden=\"true\" class=\"wp-block-spacer\"><\/div>\n\n\n\n<p class=\"has-black-color has-text-color has-medium-font-size\">Los beneficios f\u00edsicos son: la mejora del equilibrio, la coordinaci\u00f3n, la postura; el aumento del control de habilidades motoras, favorecimiento de la adquisici\u00f3n de la lateralidad; la regulaci\u00f3n del tono muscular, aumento de la fuerza, la flexibilidad muscular, entre otros.<\/p>\n","protected":false},"excerpt":{"rendered":"<p>04.01.2024 &#8211; El concurso fue organizado por el Centro de Equinoterapia \u00abSanta B\u00e1rbara\u00bb ubicado en la ciudad de Trinidad y consisti\u00f3 en tres modalidades: \u00abAl paso\u00bb, \u00abAl trote\u00bb y \u00abAl trote\/galope\u00bb. <\/p>\n","protected":false},"author":4,"featured_media":27904,"comment_status":"open","ping_status":"open","sticky":false,"template":"","format":"standard","meta":{"_coblocks_attr":"","_coblocks_dimensions":"","_coblocks_responsive_height":"","_coblocks_accordion_ie_support":"","_monsterinsights_skip_tracking":false,"_monsterinsights_sitenote_active":false,"_monsterinsights_sitenote_note":"","_monsterinsights_sitenote_category":0,"_uf_show_specific_survey":0,"_uf_disable_surveys":false,"footnotes":""},"categories":[2,14,1],"tags":[1422,1424,1425,522,74,1423],"class_list":["post-27903","post","type-post","status-publish","format-standard","has-post-thumbnail","hentry","category-blog","category-noticias","category-sin-categoria","tag-adaptada","tag-binomios","tag-caballo","tag-concurso","tag-equinoterapia","tag-rehabilitacion-ecuestre"],"aioseo_notices":[],"_links":{"self":[{"href":"https:\/\/www.ejercito.mil.uy\/index.php\/wp-json\/wp\/v2\/posts\/27903","targetHints":{"allow":["GET"]}}],"collection":[{"href":"https:\/\/www.ejercito.mil.uy\/index.php\/wp-json\/wp\/v2\/posts"}],"about":[{"href":"https:\/\/www.ejercito.mil.uy\/index.php\/wp-json\/wp\/v2\/types\/post"}],"author":[{"embeddable":true,"href":"https:\/\/www.ejercito.mil.uy\/index.php\/wp-json\/wp\/v2\/users\/4"}],"replies":[{"embeddable":true,"href":"https:\/\/www.ejercito.mil.uy\/index.php\/wp-json\/wp\/v2\/comments?post=27903"}],"version-history":[{"count":3,"href":"https:\/\/www.ejercito.mil.uy\/index.php\/wp-json\/wp\/v2\/posts\/27903\/revisions"}],"predecessor-version":[{"id":27914,"href":"https:\/\/www.ejercito.mil.uy\/index.php\/wp-json\/wp\/v2\/posts\/27903\/revisions\/27914"}],"wp:featuredmedia":[{"embeddable":true,"href":"https:\/\/www.ejercito.mil.uy\/index.php\/wp-json\/wp\/v2\/media\/27904"}],"wp:attachment":[{"href":"https:\/\/www.ejercito.mil.uy\/index.php\/wp-json\/wp\/v2\/media?parent=27903"}],"wp:term":[{"taxonomy":"category","embeddable":true,"href":"https:\/\/www.ejercito.mil.uy\/index.php\/wp-json\/wp\/v2\/categories?post=27903"},{"taxonomy":"post_tag","embeddable":true,"href":"https:\/\/www.ejercito.mil.uy\/index.php\/wp-json\/wp\/v2\/tags?post=27903"}],"curies":[{"name":"wp","href":"https:\/\/api.w.org\/{rel}","templated":true}]}}