{"id":27939,"date":"2024-01-11T14:46:59","date_gmt":"2024-01-11T17:46:59","guid":{"rendered":"https:\/\/www.ejercito.mil.uy\/?p=27939"},"modified":"2024-01-22T11:40:29","modified_gmt":"2024-01-22T14:40:29","slug":"musicos-militares-presentes-en-el-gran-premio-jose-pedro-ramirez","status":"publish","type":"post","link":"https:\/\/www.ejercito.mil.uy\/index.php\/2024\/01\/11\/musicos-militares-presentes-en-el-gran-premio-jose-pedro-ramirez\/","title":{"rendered":"M\u00fasicos militares presentes en el Gran Premio \u00abJos\u00e9 Pedro Ram\u00edrez\u00bb"},"content":{"rendered":"\n<p class=\"has-medium-font-size\">11.01.2024 &#8211; <strong>Montevideo <\/strong><\/p>\n\n\n\n<div style=\"height:50px\" aria-hidden=\"true\" class=\"wp-block-spacer\"><\/div>\n\n\n\n<p class=\"has-white-color has-text-color has-background has-medium-font-size\" style=\"background-color:#5f021f\">El 6 de enero, la Charanga \u00abGrito de Asencio\u00bb perteneciente al Regimiento \u00abBlandengues de Artigas\u00bb de Caballer\u00eda N\u00b0 1 particip\u00f3 del <strong>Gran Premio \u00abJos\u00e9 Pedro Ram\u00edrez\u00bb<\/strong>. <\/p>\n\n\n\n<div style=\"height:50px\" aria-hidden=\"true\" class=\"wp-block-spacer\"><\/div>\n\n\n\n<figure class=\"wp-block-image size-large\"><img fetchpriority=\"high\" decoding=\"async\" width=\"1024\" height=\"683\" src=\"https:\/\/www.ejercito.mil.uy\/wp-content\/uploads\/2024\/01\/419056765_782775630546905_1679228364850490826_n-1024x683.jpg\" alt=\"\" class=\"wp-image-27943\" srcset=\"https:\/\/www.ejercito.mil.uy\/wp-content\/uploads\/2024\/01\/419056765_782775630546905_1679228364850490826_n-1024x683.jpg 1024w, https:\/\/www.ejercito.mil.uy\/wp-content\/uploads\/2024\/01\/419056765_782775630546905_1679228364850490826_n-300x200.jpg 300w, https:\/\/www.ejercito.mil.uy\/wp-content\/uploads\/2024\/01\/419056765_782775630546905_1679228364850490826_n.jpg 1200w\" sizes=\"(max-width: 1024px) 100vw, 1024px\" \/><\/figure>\n\n\n\n<div style=\"height:50px\" aria-hidden=\"true\" class=\"wp-block-spacer\"><\/div>\n\n\n\n<p class=\"has-black-color has-text-color has-medium-font-size\">Se desarroll\u00f3 en el Hip\u00f3dromo de Maro\u00f1as y es el m\u00e1ximo evento del turf en Uruguay, y uno de los m\u00e1s antiguos en la h\u00edpica sudamericana.<\/p>\n\n\n\n<div style=\"height:50px\" aria-hidden=\"true\" class=\"wp-block-spacer\"><\/div>\n\n\n\n<p class=\"has-black-color has-text-color has-medium-font-size\">Con las instalaciones colmadas con m\u00e1s de 12.000 personas, la jornada tuvo varios shows musicales y art\u00edsticos que crearon un ambiente de entretenimiento para toda la familia.<\/p>\n\n\n\n<div style=\"height:50px\" aria-hidden=\"true\" class=\"wp-block-spacer\"><\/div>\n\n\n\n<figure class=\"wp-block-image size-large\"><img decoding=\"async\" width=\"1024\" height=\"683\" src=\"https:\/\/www.ejercito.mil.uy\/wp-content\/uploads\/2024\/01\/418954249_782775653880236_7757539979969836879_n-1024x683.jpg\" alt=\"\" class=\"wp-image-27941\" srcset=\"https:\/\/www.ejercito.mil.uy\/wp-content\/uploads\/2024\/01\/418954249_782775653880236_7757539979969836879_n-1024x683.jpg 1024w, https:\/\/www.ejercito.mil.uy\/wp-content\/uploads\/2024\/01\/418954249_782775653880236_7757539979969836879_n-300x200.jpg 300w, https:\/\/www.ejercito.mil.uy\/wp-content\/uploads\/2024\/01\/418954249_782775653880236_7757539979969836879_n.jpg 1200w\" sizes=\"(max-width: 1024px) 100vw, 1024px\" \/><\/figure>\n\n\n\n<div style=\"height:50px\" aria-hidden=\"true\" class=\"wp-block-spacer\"><\/div>\n\n\n\n<p class=\"has-black-color has-text-color has-medium-font-size\">Cont\u00f3 con la presencia del Sr. Presidente de la Rep\u00fablica, Dr. Luis Lacalle Pou, el cual particip\u00f3 en la ceremonia de premiaci\u00f3n a los ganadores.<\/p>\n\n\n\n<div style=\"height:50px\" aria-hidden=\"true\" class=\"wp-block-spacer\"><\/div>\n\n\n\n<figure class=\"wp-block-image size-large\"><img decoding=\"async\" width=\"1024\" height=\"683\" src=\"https:\/\/www.ejercito.mil.uy\/wp-content\/uploads\/2024\/01\/419057026_782775640546904_242178141178159651_n-1024x683.jpg\" alt=\"\" class=\"wp-image-27942\" srcset=\"https:\/\/www.ejercito.mil.uy\/wp-content\/uploads\/2024\/01\/419057026_782775640546904_242178141178159651_n-1024x683.jpg 1024w, https:\/\/www.ejercito.mil.uy\/wp-content\/uploads\/2024\/01\/419057026_782775640546904_242178141178159651_n-300x200.jpg 300w, https:\/\/www.ejercito.mil.uy\/wp-content\/uploads\/2024\/01\/419057026_782775640546904_242178141178159651_n.jpg 1200w\" sizes=\"(max-width: 1024px) 100vw, 1024px\" \/><\/figure>\n\n\n\n<div style=\"height:50px\" aria-hidden=\"true\" class=\"wp-block-spacer\"><\/div>\n\n\n\n<p class=\"has-black-color has-text-color has-medium-font-size\"><em><strong>\u00a1Nuestros m\u00fasicos militares deleitaron a los presentes con sus acordes! <\/strong><\/em><\/p>\n","protected":false},"excerpt":{"rendered":"<p>11.01.2024 &#8211; El 6 de enero, la Charanga \u00abGrito de Asencio\u00bb perteneciente al Regimiento \u00abBlandengues de Artigas\u00bb de Caballer\u00eda N\u00b0 1 particip\u00f3 del Gran Premio \u00abJos\u00e9 Pedro Ram\u00edrez\u00bb.<\/p>\n","protected":false},"author":15,"featured_media":27940,"comment_status":"open","ping_status":"open","sticky":false,"template":"","format":"standard","meta":{"_coblocks_attr":"","_coblocks_dimensions":"","_coblocks_responsive_height":"","_coblocks_accordion_ie_support":"","_monsterinsights_skip_tracking":false,"_monsterinsights_sitenote_active":false,"_monsterinsights_sitenote_note":"","_monsterinsights_sitenote_category":0,"_uf_show_specific_survey":0,"_uf_disable_surveys":false,"footnotes":""},"categories":[2,14],"tags":[1430,216,1427,1428,1426,158,1429],"class_list":["post-27939","post","type-post","status-publish","format-standard","has-post-thumbnail","hentry","category-blog","category-noticias","tag-acordes","tag-charanga","tag-gran-premio","tag-hipodromo","tag-maronas","tag-musicos","tag-turf"],"aioseo_notices":[],"_links":{"self":[{"href":"https:\/\/www.ejercito.mil.uy\/index.php\/wp-json\/wp\/v2\/posts\/27939","targetHints":{"allow":["GET"]}}],"collection":[{"href":"https:\/\/www.ejercito.mil.uy\/index.php\/wp-json\/wp\/v2\/posts"}],"about":[{"href":"https:\/\/www.ejercito.mil.uy\/index.php\/wp-json\/wp\/v2\/types\/post"}],"author":[{"embeddable":true,"href":"https:\/\/www.ejercito.mil.uy\/index.php\/wp-json\/wp\/v2\/users\/15"}],"replies":[{"embeddable":true,"href":"https:\/\/www.ejercito.mil.uy\/index.php\/wp-json\/wp\/v2\/comments?post=27939"}],"version-history":[{"count":5,"href":"https:\/\/www.ejercito.mil.uy\/index.php\/wp-json\/wp\/v2\/posts\/27939\/revisions"}],"predecessor-version":[{"id":27949,"href":"https:\/\/www.ejercito.mil.uy\/index.php\/wp-json\/wp\/v2\/posts\/27939\/revisions\/27949"}],"wp:featuredmedia":[{"embeddable":true,"href":"https:\/\/www.ejercito.mil.uy\/index.php\/wp-json\/wp\/v2\/media\/27940"}],"wp:attachment":[{"href":"https:\/\/www.ejercito.mil.uy\/index.php\/wp-json\/wp\/v2\/media?parent=27939"}],"wp:term":[{"taxonomy":"category","embeddable":true,"href":"https:\/\/www.ejercito.mil.uy\/index.php\/wp-json\/wp\/v2\/categories?post=27939"},{"taxonomy":"post_tag","embeddable":true,"href":"https:\/\/www.ejercito.mil.uy\/index.php\/wp-json\/wp\/v2\/tags?post=27939"}],"curies":[{"name":"wp","href":"https:\/\/api.w.org\/{rel}","templated":true}]}}