{"id":27991,"date":"2024-01-24T13:16:34","date_gmt":"2024-01-24T16:16:34","guid":{"rendered":"https:\/\/www.ejercito.mil.uy\/?p=27991"},"modified":"2024-01-24T13:30:18","modified_gmt":"2024-01-24T16:30:18","slug":"condecoracion-a-agregado-militar","status":"publish","type":"post","link":"https:\/\/www.ejercito.mil.uy\/index.php\/2024\/01\/24\/condecoracion-a-agregado-militar\/","title":{"rendered":"Condecoraci\u00f3n a Agregado Militar"},"content":{"rendered":"\n<p class=\"has-small-font-size\">24.01.2024 &#8211; Montevideo<\/p>\n\n\n\n<div style=\"height:64px\" aria-hidden=\"true\" class=\"wp-block-spacer\"><\/div>\n\n\n\n<p class=\"has-black-color has-text-color has-background has-medium-font-size\" style=\"background-color:#d4af37\">Esta ma\u00f1ana, el Sr. Comandante en Jefe del Ej\u00e9rcito, Gral. de Ej\u00e9rcito Mario Stevenazzi, entreg\u00f3 la \ud835\udc26\ud835\udc1e\ud835\udc1d\ud835\udc1a\ud835\udc25\ud835\udc25\ud835\udc1a \u00ab\ud835\udfcf\ud835\udfd6 \ud835\udc1d\ud835\udc1e \ud835\udc0c\ud835\udc1a\ud835\udc32\ud835\udc28 \ud835\udc1d\ud835\udc1e \ud835\udfcf\ud835\udfd6\ud835\udfcf\ud835\udfcf\u00bb \ud835\udc1d\ud835\udc1e \ud835\udc12\ud835\udc1e\ud835\udc20\ud835\udc2e\ud835\udc27\ud835\udc1d\ud835\udc28 \ud835\udc06\ud835\udc2b\ud835\udc1a\ud835\udc1d\ud835\udc28 en la jerarqu\u00eda de Oficiales Superiores al Sr. Agregado Militar, Naval y Aeron\u00e1utico a la Embajada de la Rep\u00fablica Popular China (RPC) en la Rep\u00fablica Oriental del Uruguay, Coronel Superior Gao Feng.<\/p>\n\n\n\n<div style=\"height:83px\" aria-hidden=\"true\" class=\"wp-block-spacer\"><\/div>\n\n\n\n<figure class=\"wp-block-image size-large\"><img fetchpriority=\"high\" decoding=\"async\" width=\"1024\" height=\"683\" src=\"https:\/\/www.ejercito.mil.uy\/wp-content\/uploads\/2024\/01\/Condecoracion-AgreMil_2-1-1024x683.jpg\" alt=\"\" class=\"wp-image-27993\" srcset=\"https:\/\/www.ejercito.mil.uy\/wp-content\/uploads\/2024\/01\/Condecoracion-AgreMil_2-1-1024x683.jpg 1024w, https:\/\/www.ejercito.mil.uy\/wp-content\/uploads\/2024\/01\/Condecoracion-AgreMil_2-1-300x200.jpg 300w, https:\/\/www.ejercito.mil.uy\/wp-content\/uploads\/2024\/01\/Condecoracion-AgreMil_2-1.jpg 1200w\" sizes=\"(max-width: 1024px) 100vw, 1024px\" \/><\/figure>\n\n\n\n<div style=\"height:42px\" aria-hidden=\"true\" class=\"wp-block-spacer\"><\/div>\n\n\n\n<p class=\"has-black-color has-text-color has-medium-font-size\">Esta distinci\u00f3n es cedida por sus valiosos y significativos aportes al Ej\u00e9rcito Nacional.<\/p>\n\n\n\n<div style=\"height:33px\" aria-hidden=\"true\" class=\"wp-block-spacer\"><\/div>\n\n\n\n<div aria-label=\"Carousel Gallery\" class=\"wp-block-coblocks-gallery-carousel\"><div class=\"coblocks-gallery-carousel-swiper-container is-cropped coblocks-gallery has-no-alignment has-caption-style-dark has-no-thumbnails\"><div class=\"has-carousel has-carousel-xlrg swiper-container\" data-swiper=\"{&quot;alignCells&quot;:false,&quot;autoPlay&quot;:true,&quot;autoPlaySpeed&quot;:&quot;8000&quot;,&quot;draggable&quot;:true,&quot;freeMode&quot;:false,&quot;loop&quot;:true,&quot;navigation&quot;:true,&quot;pageDots&quot;:false,&quot;pauseHover&quot;:false,&quot;responsiveHeight&quot;:false,&quot;slidesPerView&quot;:1,&quot;thumbnails&quot;:false,&quot;uuid&quot;:&quot;12345&quot;}\" style=\"height:500px\"><div class=\"swiper-wrapper\"><div class=\"swiper-slide\"><div class=\"coblocks-gallery--item\" role=\"button\" tabindex=\"0\"><figure class=\"coblocks-gallery--figure\"><img decoding=\"async\" width=\"1024\" height=\"683\" alt=\"\" class=\"wp-image-28006\" data-id=\"28006\" data-link=\"https:\/\/www.ejercito.mil.uy\/index.php\/2024\/01\/24\/condecoracion-a-agregado-militar\/condecoracion-agremil_1-2\/\" src=\"https:\/\/www.ejercito.mil.uy\/wp-content\/uploads\/2024\/01\/Condecoracion-AgreMil_1-2-1024x683.jpg\" srcset=\"https:\/\/www.ejercito.mil.uy\/wp-content\/uploads\/2024\/01\/Condecoracion-AgreMil_1-2-1024x683.jpg 1024w, https:\/\/www.ejercito.mil.uy\/wp-content\/uploads\/2024\/01\/Condecoracion-AgreMil_1-2-300x200.jpg 300w, https:\/\/www.ejercito.mil.uy\/wp-content\/uploads\/2024\/01\/Condecoracion-AgreMil_1-2.jpg 1200w\" sizes=\"(max-width: 1024px) 100vw, 1024px\" \/><\/figure><figcaption class=\"coblocks-gallery--caption coblocks-gallery--primary-caption\"><\/figcaption><\/div><\/div><div class=\"swiper-slide\"><div class=\"coblocks-gallery--item\" role=\"button\" tabindex=\"1\"><figure class=\"coblocks-gallery--figure\"><img decoding=\"async\" width=\"1024\" height=\"683\" alt=\"\" class=\"wp-image-28007\" data-id=\"28007\" data-link=\"https:\/\/www.ejercito.mil.uy\/index.php\/2024\/01\/24\/condecoracion-a-agregado-militar\/condecoracion-agremil_2-3\/\" src=\"https:\/\/www.ejercito.mil.uy\/wp-content\/uploads\/2024\/01\/Condecoracion-AgreMil_2-3-1024x683.jpg\" srcset=\"https:\/\/www.ejercito.mil.uy\/wp-content\/uploads\/2024\/01\/Condecoracion-AgreMil_2-3-1024x683.jpg 1024w, https:\/\/www.ejercito.mil.uy\/wp-content\/uploads\/2024\/01\/Condecoracion-AgreMil_2-3-300x200.jpg 300w, https:\/\/www.ejercito.mil.uy\/wp-content\/uploads\/2024\/01\/Condecoracion-AgreMil_2-3.jpg 1200w\" sizes=\"(max-width: 1024px) 100vw, 1024px\" \/><\/figure><figcaption class=\"coblocks-gallery--caption coblocks-gallery--primary-caption\"><\/figcaption><\/div><\/div><div class=\"swiper-slide\"><div class=\"coblocks-gallery--item\" role=\"button\" tabindex=\"2\"><figure class=\"coblocks-gallery--figure\"><img loading=\"lazy\" decoding=\"async\" width=\"1024\" height=\"683\" alt=\"\" class=\"wp-image-28009\" data-id=\"28009\" data-link=\"https:\/\/www.ejercito.mil.uy\/index.php\/2024\/01\/24\/condecoracion-a-agregado-militar\/condecoracion-agremil_3-2\/\" src=\"https:\/\/www.ejercito.mil.uy\/wp-content\/uploads\/2024\/01\/Condecoracion-AgreMil_3-2-1024x683.jpg\" srcset=\"https:\/\/www.ejercito.mil.uy\/wp-content\/uploads\/2024\/01\/Condecoracion-AgreMil_3-2-1024x683.jpg 1024w, https:\/\/www.ejercito.mil.uy\/wp-content\/uploads\/2024\/01\/Condecoracion-AgreMil_3-2-300x200.jpg 300w, https:\/\/www.ejercito.mil.uy\/wp-content\/uploads\/2024\/01\/Condecoracion-AgreMil_3-2.jpg 1200w\" sizes=\"(max-width: 1024px) 100vw, 1024px\" \/><\/figure><figcaption class=\"coblocks-gallery--caption coblocks-gallery--primary-caption\"><\/figcaption><\/div><\/div><div class=\"swiper-slide\"><div class=\"coblocks-gallery--item\" role=\"button\" tabindex=\"3\"><figure class=\"coblocks-gallery--figure\"><img loading=\"lazy\" decoding=\"async\" width=\"1024\" height=\"683\" alt=\"\" class=\"wp-image-28010\" data-id=\"28010\" data-link=\"https:\/\/www.ejercito.mil.uy\/index.php\/2024\/01\/24\/condecoracion-a-agregado-militar\/condecoracion-agremil_4-2\/\" src=\"https:\/\/www.ejercito.mil.uy\/wp-content\/uploads\/2024\/01\/Condecoracion-AgreMil_4-2-1024x683.jpg\" srcset=\"https:\/\/www.ejercito.mil.uy\/wp-content\/uploads\/2024\/01\/Condecoracion-AgreMil_4-2-1024x683.jpg 1024w, https:\/\/www.ejercito.mil.uy\/wp-content\/uploads\/2024\/01\/Condecoracion-AgreMil_4-2-300x200.jpg 300w, https:\/\/www.ejercito.mil.uy\/wp-content\/uploads\/2024\/01\/Condecoracion-AgreMil_4-2.jpg 1200w\" sizes=\"(max-width: 1024px) 100vw, 1024px\" \/><\/figure><figcaption class=\"coblocks-gallery--caption coblocks-gallery--primary-caption\"><\/figcaption><\/div><\/div><div class=\"swiper-slide\"><div class=\"coblocks-gallery--item\" role=\"button\" tabindex=\"4\"><figure class=\"coblocks-gallery--figure\"><img loading=\"lazy\" decoding=\"async\" width=\"1024\" height=\"683\" alt=\"\" class=\"wp-image-28022\" data-id=\"28022\" data-link=\"https:\/\/www.ejercito.mil.uy\/index.php\/2024\/01\/24\/condecoracion-a-agregado-militar\/condecoracion_agremil_6\/\" src=\"https:\/\/www.ejercito.mil.uy\/wp-content\/uploads\/2024\/01\/Condecoracion_AgreMil_6-1024x683.jpg\" srcset=\"https:\/\/www.ejercito.mil.uy\/wp-content\/uploads\/2024\/01\/Condecoracion_AgreMil_6-1024x683.jpg 1024w, https:\/\/www.ejercito.mil.uy\/wp-content\/uploads\/2024\/01\/Condecoracion_AgreMil_6-300x200.jpg 300w, https:\/\/www.ejercito.mil.uy\/wp-content\/uploads\/2024\/01\/Condecoracion_AgreMil_6.jpg 1200w\" sizes=\"(max-width: 1024px) 100vw, 1024px\" \/><\/figure><figcaption class=\"coblocks-gallery--caption coblocks-gallery--primary-caption\"><\/figcaption><\/div><\/div><\/div><button class=\"nav-button__prev\" id=\"12345-prev\"><svg class=\"icon\" style=\"transform:rotate(180deg)\"><\/svg><\/button><button class=\"nav-button__next\" id=\"12345-next\"><svg class=\"icon\"><\/svg><\/button><\/div><\/div><\/div>\n\n\n\n<div style=\"height:50px\" aria-hidden=\"true\" class=\"wp-block-spacer\"><\/div>\n\n\n\n<p class=\"has-black-color has-text-color has-medium-font-size\">Asistieron a la ceremonia el Excelent\u00edsimo Sr. Embajador de la RPC, Huang Yazhong, el Sr. Jefe del Estado Mayor del Ej\u00e9rcito, Gral. Omar Carabajal, Oficiales Superiores, la esposa del homenajeado e invitados especiales.<\/p>\n\n\n\n<p><\/p>\n\n\n\n<div style=\"height:123px\" aria-hidden=\"true\" class=\"wp-block-spacer\"><\/div>\n","protected":false},"excerpt":{"rendered":"<p>24.01.2024 &#8211; El Comandante en Jefe del Ej\u00e9rcito entreg\u00f3 la medalla \u00ab18 de Mayo de 1811\u00bb de Segundo Grado en la jerarqu\u00eda de Oficiales Superiores al Agregado Militar, Naval y Aeron\u00e1utico a la Embajada de China en Uruguay.<\/p>\n","protected":false},"author":11,"featured_media":27992,"comment_status":"open","ping_status":"open","sticky":false,"template":"","format":"standard","meta":{"_coblocks_attr":"","_coblocks_dimensions":"","_coblocks_responsive_height":"","_coblocks_accordion_ie_support":"","_monsterinsights_skip_tracking":false,"_monsterinsights_sitenote_active":false,"_monsterinsights_sitenote_note":"","_monsterinsights_sitenote_category":0,"_uf_show_specific_survey":0,"_uf_disable_surveys":false,"footnotes":""},"categories":[2,10,14,1],"tags":[1005,1438,156,157,255,1379],"class_list":["post-27991","post","type-post","status-publish","format-standard","has-post-thumbnail","hentry","category-blog","category-destacados","category-noticias","category-sin-categoria","tag-agregados","tag-china","tag-condecoracion","tag-medalla","tag-reconocimiento","tag-unidos"],"aioseo_notices":[],"_links":{"self":[{"href":"https:\/\/www.ejercito.mil.uy\/index.php\/wp-json\/wp\/v2\/posts\/27991","targetHints":{"allow":["GET"]}}],"collection":[{"href":"https:\/\/www.ejercito.mil.uy\/index.php\/wp-json\/wp\/v2\/posts"}],"about":[{"href":"https:\/\/www.ejercito.mil.uy\/index.php\/wp-json\/wp\/v2\/types\/post"}],"author":[{"embeddable":true,"href":"https:\/\/www.ejercito.mil.uy\/index.php\/wp-json\/wp\/v2\/users\/11"}],"replies":[{"embeddable":true,"href":"https:\/\/www.ejercito.mil.uy\/index.php\/wp-json\/wp\/v2\/comments?post=27991"}],"version-history":[{"count":10,"href":"https:\/\/www.ejercito.mil.uy\/index.php\/wp-json\/wp\/v2\/posts\/27991\/revisions"}],"predecessor-version":[{"id":28024,"href":"https:\/\/www.ejercito.mil.uy\/index.php\/wp-json\/wp\/v2\/posts\/27991\/revisions\/28024"}],"wp:featuredmedia":[{"embeddable":true,"href":"https:\/\/www.ejercito.mil.uy\/index.php\/wp-json\/wp\/v2\/media\/27992"}],"wp:attachment":[{"href":"https:\/\/www.ejercito.mil.uy\/index.php\/wp-json\/wp\/v2\/media?parent=27991"}],"wp:term":[{"taxonomy":"category","embeddable":true,"href":"https:\/\/www.ejercito.mil.uy\/index.php\/wp-json\/wp\/v2\/categories?post=27991"},{"taxonomy":"post_tag","embeddable":true,"href":"https:\/\/www.ejercito.mil.uy\/index.php\/wp-json\/wp\/v2\/tags?post=27991"}],"curies":[{"name":"wp","href":"https:\/\/api.w.org\/{rel}","templated":true}]}}