{"id":28281,"date":"2024-02-08T09:00:42","date_gmt":"2024-02-08T12:00:42","guid":{"rendered":"https:\/\/www.ejercito.mil.uy\/?p=28281"},"modified":"2024-02-08T09:00:43","modified_gmt":"2024-02-08T12:00:43","slug":"el-desempeno-de-nuestros-efectivos-nos-llena-de-orgullo","status":"publish","type":"post","link":"https:\/\/www.ejercito.mil.uy\/index.php\/2024\/02\/08\/el-desempeno-de-nuestros-efectivos-nos-llena-de-orgullo\/","title":{"rendered":"El desempe\u00f1o de nuestros efectivos nos llena de orgullo"},"content":{"rendered":"\n<p class=\"has-small-font-size\">08.02.2024 &#8211; Mercedes, Soriano<\/p>\n\n\n\n<div style=\"height:33px\" aria-hidden=\"true\" class=\"wp-block-spacer\"><\/div>\n\n\n\n<p class=\"has-white-color has-text-color has-background has-medium-font-size\" style=\"background-color:#1f6728\"><strong>El d\u00eda 6 de febrero, en circunstancias en que una ciudadana se encontraba ba\u00f1ando en la playa el \u00abRaviol\u00bb de la Ciudad de Mercedes, sufre una convulsi\u00f3n y comienza a ahogarse.<\/strong><\/p>\n\n\n\n<div style=\"height:33px\" aria-hidden=\"true\" class=\"wp-block-spacer\"><\/div>\n\n\n\n<figure class=\"wp-block-image size-large\"><img fetchpriority=\"high\" decoding=\"async\" width=\"1024\" height=\"683\" src=\"https:\/\/www.ejercito.mil.uy\/wp-content\/uploads\/2024\/02\/solidario2-1024x683.jpg\" alt=\"\" class=\"wp-image-28283\" srcset=\"https:\/\/www.ejercito.mil.uy\/wp-content\/uploads\/2024\/02\/solidario2-1024x683.jpg 1024w, https:\/\/www.ejercito.mil.uy\/wp-content\/uploads\/2024\/02\/solidario2-300x200.jpg 300w, https:\/\/www.ejercito.mil.uy\/wp-content\/uploads\/2024\/02\/solidario2.jpg 1200w\" sizes=\"(max-width: 1024px) 100vw, 1024px\" \/><\/figure>\n\n\n\n<div style=\"height:33px\" aria-hidden=\"true\" class=\"wp-block-spacer\"><\/div>\n\n\n\n<p><strong>Tres integrantes del Batall\u00f3n \u201cAsencio\u201d de Infanter\u00eda N\u00ba 5, Cabo 1ra. Jonathan Tab\u00e1rez, Sdo. 1ra. Rodrigo S\u00e1nchez y Sdo. 1ra. Isaac P\u00e9rez, que se encontraban en el lugar, se percataron de la situaci\u00f3n y r\u00e1pidamente la auxilian.<\/strong><\/p>\n\n\n\n<div style=\"height:33px\" aria-hidden=\"true\" class=\"wp-block-spacer\"><\/div>\n\n\n\n<p>Al sacarla del agua constatan que estaba inconsciente, no tenia pulso y estaba morada. Comienzan a realizar un trabajo de reanimaci\u00f3n hasta que logra recuperar el pulso y expulsar el agua que ten\u00eda en sus pulmones.<\/p>\n\n\n\n<div style=\"height:45px\" aria-hidden=\"true\" class=\"wp-block-spacer\"><\/div>\n\n\n\n<p>Posteriormente, la trasladan en un veh\u00edculo particular hasta el Sanatorio, en donde es atendida por el personal M\u00e9dico.<\/p>\n\n\n\n<div style=\"height:45px\" aria-hidden=\"true\" class=\"wp-block-spacer\"><\/div>\n\n\n\n<p>El d\u00eda 7 de febrero, ya fuera de peligro, la ciudadana se puso en contacto con el personal militar y los convoc\u00f3 para poder saludarlos personalmente. \u00a1Muchas gracias!<\/p>\n\n\n\n<div style=\"height:99px\" aria-hidden=\"true\" class=\"wp-block-spacer\"><\/div>\n","protected":false},"excerpt":{"rendered":"<p>08.02.2024 &#8211; El d\u00eda 6 de febrero, en circunstancias en que una ciudadana se encontraba ba\u00f1ando en la playa el \u00abRaviol\u00bb de la Ciudad de Mercedes, sufre una convulsi\u00f3n y comienza a ahogarse.<\/p>\n","protected":false},"author":4,"featured_media":28284,"comment_status":"open","ping_status":"open","sticky":false,"template":"","format":"standard","meta":{"_coblocks_attr":"","_coblocks_dimensions":"","_coblocks_responsive_height":"","_coblocks_accordion_ie_support":"","_monsterinsights_skip_tracking":false,"_monsterinsights_sitenote_active":false,"_monsterinsights_sitenote_note":"","_monsterinsights_sitenote_category":0,"_uf_show_specific_survey":0,"_uf_disable_surveys":false,"footnotes":""},"categories":[2,10,14,1],"tags":[71,1446,754,255,1338,1244],"class_list":["post-28281","post","type-post","status-publish","format-standard","has-post-thumbnail","hentry","category-blog","category-destacados","category-noticias","category-sin-categoria","tag-infanteria","tag-mercedes","tag-playa","tag-reconocimiento","tag-rescate","tag-soriano"],"aioseo_notices":[],"_links":{"self":[{"href":"https:\/\/www.ejercito.mil.uy\/index.php\/wp-json\/wp\/v2\/posts\/28281","targetHints":{"allow":["GET"]}}],"collection":[{"href":"https:\/\/www.ejercito.mil.uy\/index.php\/wp-json\/wp\/v2\/posts"}],"about":[{"href":"https:\/\/www.ejercito.mil.uy\/index.php\/wp-json\/wp\/v2\/types\/post"}],"author":[{"embeddable":true,"href":"https:\/\/www.ejercito.mil.uy\/index.php\/wp-json\/wp\/v2\/users\/4"}],"replies":[{"embeddable":true,"href":"https:\/\/www.ejercito.mil.uy\/index.php\/wp-json\/wp\/v2\/comments?post=28281"}],"version-history":[{"count":2,"href":"https:\/\/www.ejercito.mil.uy\/index.php\/wp-json\/wp\/v2\/posts\/28281\/revisions"}],"predecessor-version":[{"id":28285,"href":"https:\/\/www.ejercito.mil.uy\/index.php\/wp-json\/wp\/v2\/posts\/28281\/revisions\/28285"}],"wp:featuredmedia":[{"embeddable":true,"href":"https:\/\/www.ejercito.mil.uy\/index.php\/wp-json\/wp\/v2\/media\/28284"}],"wp:attachment":[{"href":"https:\/\/www.ejercito.mil.uy\/index.php\/wp-json\/wp\/v2\/media?parent=28281"}],"wp:term":[{"taxonomy":"category","embeddable":true,"href":"https:\/\/www.ejercito.mil.uy\/index.php\/wp-json\/wp\/v2\/categories?post=28281"},{"taxonomy":"post_tag","embeddable":true,"href":"https:\/\/www.ejercito.mil.uy\/index.php\/wp-json\/wp\/v2\/tags?post=28281"}],"curies":[{"name":"wp","href":"https:\/\/api.w.org\/{rel}","templated":true}]}}