{"id":2848,"date":"2021-05-13T16:37:20","date_gmt":"2021-05-13T19:37:20","guid":{"rendered":"https:\/\/www.ejercito.mil.uy\/?p=2848"},"modified":"2026-02-24T10:32:35","modified_gmt":"2026-02-24T13:32:35","slug":"servicio-de-guardia-de-carcel","status":"publish","type":"post","link":"https:\/\/www.ejercito.mil.uy\/index.php\/2021\/05\/13\/servicio-de-guardia-de-carcel\/","title":{"rendered":"Servicio de Guardia de C\u00e1rcel"},"content":{"rendered":"\n<p class=\"wp-block-paragraph\" style=\"font-size:14px\">13.05.2021 \u2013 Maldonado<\/p>\n\n\n\n<div style=\"height:24px\" aria-hidden=\"true\" class=\"wp-block-spacer\"><\/div>\n\n\n\n<p class=\"wp-block-paragraph\">Durante 12 d\u00edas, 65 efectivos del <a rel=\"noreferrer noopener\" href=\"https:\/\/www.facebook.com\/BatallondeInfateriaN10Uy\/?__cft__[0]=AZU4ZfcgmSm0DFQnO7FH2Yw0tHsjECQD5az0KMaLZHmC0nDQIp8y10MuNuhvrUpfvRsZ7k9hKlaDZpws7uN2eFTnCI33pNeaH8gT9ak4naaR1Q0UiW24W5LPtGTjaTrNBARC6CkXjixHLrFUoJziuDAB19GemraJOt5D526w-1AWe_LB1UJxgaQqUYnb99RY-9Y&amp;__tn__=kK-R\" target=\"_blank\">Batall\u00f3n \u00abTreinta y Tres Orientales\u00bb de Infanter\u00eda Mecanizado N\u00b0 10<\/a> cumplieron con un nuevo periodo de <strong>Servicio de Guardia de C\u00e1rcel<\/strong>, custodiando el per\u00edmetro del <strong>Instituto Nacional de Rehabilitaci\u00f3n N\u00ba 13 \u201cLas Rosas\u201d<\/strong>, ubicado en el departamento de Maldonado.<\/p>\n\n\n\n<div style=\"height:33px\" aria-hidden=\"true\" class=\"wp-block-spacer\"><\/div>\n\n\n\n<div aria-label=\"Carousel Gallery\" class=\"wp-block-coblocks-gallery-carousel\"><div class=\"coblocks-gallery-carousel-swiper-container is-cropped coblocks-gallery has-no-alignment has-caption-style-dark has-horizontal-gutter has-lightbox has-no-thumbnails\"><div class=\"has-carousel has-carousel-xlrg swiper-container\" data-swiper=\"{&quot;alignCells&quot;:false,&quot;autoPlay&quot;:true,&quot;autoPlaySpeed&quot;:3000,&quot;draggable&quot;:true,&quot;freeMode&quot;:false,&quot;loop&quot;:false,&quot;navigation&quot;:true,&quot;pageDots&quot;:false,&quot;pauseHover&quot;:false,&quot;responsiveHeight&quot;:false,&quot;slidesPerView&quot;:1,&quot;thumbnails&quot;:false,&quot;uuid&quot;:&quot;12345&quot;}\" style=\"height:555px\"><div class=\"swiper-wrapper\"><div class=\"swiper-slide\"><div class=\"coblocks-gallery--item\" role=\"button\" tabindex=\"0\"><figure class=\"coblocks-gallery--figure has-margin-left-10 has-margin-left-mobile-5 has-margin-right-10 has-margin-right-mobile-5\"><img loading=\"lazy\" decoding=\"async\" width=\"1024\" height=\"683\" alt=\"\" class=\"wp-image-2851\" data-id=\"2851\" data-link=\"https:\/\/www.ejercito.mil.uy\/index.php\/2021\/05\/13\/servicio-de-guardia-de-carcel\/vigilancia-4\/\" src=\"https:\/\/www.ejercito.mil.uy\/wp-content\/uploads\/2021\/05\/Vigilancia-4-1024x683.jpg\" srcset=\"https:\/\/www.ejercito.mil.uy\/wp-content\/uploads\/2021\/05\/Vigilancia-4-1024x683.jpg 1024w, https:\/\/www.ejercito.mil.uy\/wp-content\/uploads\/2021\/05\/Vigilancia-4-300x200.jpg 300w, https:\/\/www.ejercito.mil.uy\/wp-content\/uploads\/2021\/05\/Vigilancia-4.jpg 1200w\" sizes=\"auto, (max-width: 1024px) 100vw, 1024px\" \/><\/figure><figcaption class=\"coblocks-gallery--caption coblocks-gallery--primary-caption\"><\/figcaption><\/div><\/div><\/div><button class=\"nav-button__prev\" id=\"12345-prev\"><svg class=\"icon\" style=\"transform:rotate(180deg)\"><\/svg><\/button><button class=\"nav-button__next\" id=\"12345-next\"><svg class=\"icon\"><\/svg><\/button><\/div><\/div><\/div>\n\n\n\n<p class=\"wp-block-paragraph\"><\/p>\n","protected":false},"excerpt":{"rendered":"<p>13.05.2021 \u2013 Maldonado Durante 12 d\u00edas, 65 efectivos del Batall\u00f3n \u00abTreinta y Tres Orientales\u00bb de Infanter\u00eda Mecanizado N\u00b0 10 cumplieron con un nuevo periodo de Servicio de Guardia de C\u00e1rcel, custodiando el per\u00edmetro del Instituto Nacional de Rehabilitaci\u00f3n N\u00ba 13 \u201cLas Rosas\u201d, ubicado en el departamento de Maldonado.<\/p>\n","protected":false},"author":4,"featured_media":2852,"comment_status":"open","ping_status":"open","sticky":false,"template":"","format":"standard","meta":{"_coblocks_attr":"","_coblocks_dimensions":"","_coblocks_responsive_height":"","_coblocks_accordion_ie_support":"","_monsterinsights_skip_tracking":false,"_uf_show_specific_survey":0,"_uf_disable_surveys":false,"footnotes":""},"categories":[2,14],"tags":[111,110],"class_list":["post-2848","post","type-post","status-publish","format-standard","has-post-thumbnail","hentry","category-blog","category-noticias","tag-carcel","tag-guardiadecarcel"],"aioseo_notices":[],"aioseo_head":"\n\t\t<!-- All in One SEO 5.0.1.1 - aioseo.com -->\n\t<meta name=\"description\" content=\"13.05.2021 \u2013 Maldonado Durante 12 d\u00edas, 65 efectivos del Batall\u00f3n &quot;Treinta y Tres Orientales&quot; de Infanter\u00eda Mecanizado N\u00b0 10 cumplieron con un nuevo periodo de Servicio de Guardia de C\u00e1rcel, custodiando el per\u00edmetro del Instituto Nacional de Rehabilitaci\u00f3n N\u00ba 13 \u201cLas Rosas\u201d, ubicado en el departamento de Maldonado.\" \/>\n\t<meta name=\"robots\" content=\"max-image-preview:large\" \/>\n\t<meta name=\"author\" content=\"Alejandro Castro\"\/>\n\t<link rel=\"canonical\" href=\"https:\/\/www.ejercito.mil.uy\/index.php\/2021\/05\/13\/servicio-de-guardia-de-carcel\/\" \/>\n\t<meta name=\"generator\" content=\"All in One SEO (AIOSEO) 5.0.1.1\" \/>\n\t\t<meta property=\"og:locale\" content=\"es_ES\" \/>\n\t\t<meta property=\"og:site_name\" content=\"Ej\u00e9rcito Nacional - La Fuerza de todos\" \/>\n\t\t<meta property=\"og:type\" content=\"article\" \/>\n\t\t<meta property=\"og:title\" content=\"Servicio de Guardia de C\u00e1rcel - Ej\u00e9rcito Nacional\" \/>\n\t\t<meta property=\"og:description\" content=\"13.05.2021 \u2013 Maldonado Durante 12 d\u00edas, 65 efectivos del Batall\u00f3n &quot;Treinta y Tres Orientales&quot; de Infanter\u00eda Mecanizado N\u00b0 10 cumplieron con un nuevo periodo de Servicio de Guardia de C\u00e1rcel, custodiando el per\u00edmetro del Instituto Nacional de Rehabilitaci\u00f3n N\u00ba 13 \u201cLas Rosas\u201d, ubicado en el departamento de Maldonado.\" \/>\n\t\t<meta property=\"og:url\" content=\"https:\/\/www.ejercito.mil.uy\/index.php\/2021\/05\/13\/servicio-de-guardia-de-carcel\/\" \/>\n\t\t<meta property=\"og:image\" content=\"https:\/\/www.ejercito.mil.uy\/wp-content\/uploads\/2022\/01\/Escudo_EN_URUGUAY.png\" \/>\n\t\t<meta property=\"og:image:secure_url\" content=\"https:\/\/www.ejercito.mil.uy\/wp-content\/uploads\/2022\/01\/Escudo_EN_URUGUAY.png\" \/>\n\t\t<meta property=\"og:image:width\" content=\"134\" \/>\n\t\t<meta property=\"og:image:height\" content=\"119\" \/>\n\t\t<meta property=\"article:published_time\" content=\"2021-05-13T19:37:20+00:00\" \/>\n\t\t<meta property=\"article:modified_time\" content=\"2026-02-24T13:32:35+00:00\" \/>\n\t\t<meta name=\"twitter:card\" content=\"summary_large_image\" \/>\n\t\t<meta name=\"twitter:title\" content=\"Servicio de Guardia de C\u00e1rcel - Ej\u00e9rcito Nacional\" \/>\n\t\t<meta name=\"twitter:description\" content=\"13.05.2021 \u2013 Maldonado Durante 12 d\u00edas, 65 efectivos del Batall\u00f3n &quot;Treinta y Tres Orientales&quot; de Infanter\u00eda Mecanizado N\u00b0 10 cumplieron con un nuevo periodo de Servicio de Guardia de C\u00e1rcel, custodiando el per\u00edmetro del Instituto Nacional de Rehabilitaci\u00f3n N\u00ba 13 \u201cLas Rosas\u201d, ubicado en el departamento de Maldonado.\" \/>\n\t\t<meta name=\"twitter:image\" content=\"https:\/\/www.ejercito.mil.uy\/wp-content\/uploads\/2022\/01\/Escudo_EN_URUGUAY.png\" \/>\n\t\t<script type=\"application\/ld+json\" class=\"aioseo-schema\">\n\t\t\t{\"@context\":\"https:\\\/\\\/schema.org\",\"@graph\":[{\"@type\":\"BlogPosting\",\"@id\":\"https:\\\/\\\/www.ejercito.mil.uy\\\/index.php\\\/2021\\\/05\\\/13\\\/servicio-de-guardia-de-carcel\\\/#blogposting\",\"name\":\"Servicio de Guardia de C\\u00e1rcel - Ej\\u00e9rcito Nacional\",\"headline\":\"Servicio de Guardia de C\\u00e1rcel\",\"author\":{\"@id\":\"https:\\\/\\\/www.ejercito.mil.uy\\\/index.php\\\/author\\\/acastro\\\/#author\"},\"publisher\":{\"@id\":\"https:\\\/\\\/www.ejercito.mil.uy\\\/#organization\"},\"image\":{\"@type\":\"ImageObject\",\"url\":\"https:\\\/\\\/www.ejercito.mil.uy\\\/wp-content\\\/uploads\\\/2021\\\/05\\\/Vigilancia-3.jpg\",\"width\":1200,\"height\":800,\"caption\":\"Vigilancia\"},\"datePublished\":\"2021-05-13T16:37:20-03:00\",\"dateModified\":\"2026-02-24T10:32:35-03:00\",\"inLanguage\":\"es-UY\",\"mainEntityOfPage\":{\"@id\":\"https:\\\/\\\/www.ejercito.mil.uy\\\/index.php\\\/2021\\\/05\\\/13\\\/servicio-de-guardia-de-carcel\\\/#webpage\"},\"isPartOf\":{\"@id\":\"https:\\\/\\\/www.ejercito.mil.uy\\\/index.php\\\/2021\\\/05\\\/13\\\/servicio-de-guardia-de-carcel\\\/#webpage\"},\"articleSection\":\"Blog, Noticias, C\\u00e1rcel, guardiadecarcel\"},{\"@type\":\"BreadcrumbList\",\"@id\":\"https:\\\/\\\/www.ejercito.mil.uy\\\/index.php\\\/2021\\\/05\\\/13\\\/servicio-de-guardia-de-carcel\\\/#breadcrumblist\",\"itemListElement\":[{\"@type\":\"ListItem\",\"@id\":\"https:\\\/\\\/www.ejercito.mil.uy#listItem\",\"position\":1,\"name\":\"Home\",\"item\":\"https:\\\/\\\/www.ejercito.mil.uy\",\"nextItem\":{\"@type\":\"ListItem\",\"@id\":\"https:\\\/\\\/www.ejercito.mil.uy\\\/index.php\\\/category\\\/destacados\\\/#listItem\",\"name\":\"Destacados\"}},{\"@type\":\"ListItem\",\"@id\":\"https:\\\/\\\/www.ejercito.mil.uy\\\/index.php\\\/category\\\/destacados\\\/#listItem\",\"position\":2,\"name\":\"Destacados\",\"item\":\"https:\\\/\\\/www.ejercito.mil.uy\\\/index.php\\\/category\\\/destacados\\\/\",\"nextItem\":{\"@type\":\"ListItem\",\"@id\":\"https:\\\/\\\/www.ejercito.mil.uy\\\/index.php\\\/category\\\/destacados\\\/noticias\\\/#listItem\",\"name\":\"Noticias\"},\"previousItem\":{\"@type\":\"ListItem\",\"@id\":\"https:\\\/\\\/www.ejercito.mil.uy#listItem\",\"name\":\"Home\"}},{\"@type\":\"ListItem\",\"@id\":\"https:\\\/\\\/www.ejercito.mil.uy\\\/index.php\\\/category\\\/destacados\\\/noticias\\\/#listItem\",\"position\":3,\"name\":\"Noticias\",\"item\":\"https:\\\/\\\/www.ejercito.mil.uy\\\/index.php\\\/category\\\/destacados\\\/noticias\\\/\",\"nextItem\":{\"@type\":\"ListItem\",\"@id\":\"https:\\\/\\\/www.ejercito.mil.uy\\\/index.php\\\/2021\\\/05\\\/13\\\/servicio-de-guardia-de-carcel\\\/#listItem\",\"name\":\"Servicio de Guardia de C\\u00e1rcel\"},\"previousItem\":{\"@type\":\"ListItem\",\"@id\":\"https:\\\/\\\/www.ejercito.mil.uy\\\/index.php\\\/category\\\/destacados\\\/#listItem\",\"name\":\"Destacados\"}},{\"@type\":\"ListItem\",\"@id\":\"https:\\\/\\\/www.ejercito.mil.uy\\\/index.php\\\/2021\\\/05\\\/13\\\/servicio-de-guardia-de-carcel\\\/#listItem\",\"position\":4,\"name\":\"Servicio de Guardia de C\\u00e1rcel\",\"previousItem\":{\"@type\":\"ListItem\",\"@id\":\"https:\\\/\\\/www.ejercito.mil.uy\\\/index.php\\\/category\\\/destacados\\\/noticias\\\/#listItem\",\"name\":\"Noticias\"}}]},{\"@type\":\"Organization\",\"@id\":\"https:\\\/\\\/www.ejercito.mil.uy\\\/#organization\",\"name\":\"Ej\\u00e9rcito Nacional\",\"description\":\"La Fuerza de todos\",\"url\":\"https:\\\/\\\/www.ejercito.mil.uy\\\/\",\"logo\":{\"@type\":\"ImageObject\",\"url\":\"https:\\\/\\\/www.ejercito.mil.uy\\\/wp-content\\\/uploads\\\/2022\\\/01\\\/Escudo_EN_URUGUAY.png\",\"@id\":\"https:\\\/\\\/www.ejercito.mil.uy\\\/index.php\\\/2021\\\/05\\\/13\\\/servicio-de-guardia-de-carcel\\\/#organizationLogo\",\"width\":134,\"height\":119},\"image\":{\"@id\":\"https:\\\/\\\/www.ejercito.mil.uy\\\/index.php\\\/2021\\\/05\\\/13\\\/servicio-de-guardia-de-carcel\\\/#organizationLogo\"}},{\"@type\":\"Person\",\"@id\":\"https:\\\/\\\/www.ejercito.mil.uy\\\/index.php\\\/author\\\/acastro\\\/#author\",\"url\":\"https:\\\/\\\/www.ejercito.mil.uy\\\/index.php\\\/author\\\/acastro\\\/\",\"name\":\"Alejandro Castro\",\"image\":{\"@type\":\"ImageObject\",\"@id\":\"https:\\\/\\\/www.ejercito.mil.uy\\\/index.php\\\/2021\\\/05\\\/13\\\/servicio-de-guardia-de-carcel\\\/#authorImage\",\"url\":\"https:\\\/\\\/secure.gravatar.com\\\/avatar\\\/89bb77d4bf696501dd94ca89e6794e1787eaffba7c7197528d249e15bd099f68?s=96&d=mm&r=g\",\"width\":96,\"height\":96,\"caption\":\"Alejandro Castro\"}},{\"@type\":\"WebPage\",\"@id\":\"https:\\\/\\\/www.ejercito.mil.uy\\\/index.php\\\/2021\\\/05\\\/13\\\/servicio-de-guardia-de-carcel\\\/#webpage\",\"url\":\"https:\\\/\\\/www.ejercito.mil.uy\\\/index.php\\\/2021\\\/05\\\/13\\\/servicio-de-guardia-de-carcel\\\/\",\"name\":\"Servicio de Guardia de C\\u00e1rcel - Ej\\u00e9rcito Nacional\",\"description\":\"13.05.2021 \\u2013 Maldonado Durante 12 d\\u00edas, 65 efectivos del Batall\\u00f3n \\\"Treinta y Tres Orientales\\\" de Infanter\\u00eda Mecanizado N\\u00b0 10 cumplieron con un nuevo periodo de Servicio de Guardia de C\\u00e1rcel, custodiando el per\\u00edmetro del Instituto Nacional de Rehabilitaci\\u00f3n N\\u00ba 13 \\u201cLas Rosas\\u201d, ubicado en el departamento de Maldonado.\",\"inLanguage\":\"es-UY\",\"isPartOf\":{\"@id\":\"https:\\\/\\\/www.ejercito.mil.uy\\\/#website\"},\"breadcrumb\":{\"@id\":\"https:\\\/\\\/www.ejercito.mil.uy\\\/index.php\\\/2021\\\/05\\\/13\\\/servicio-de-guardia-de-carcel\\\/#breadcrumblist\"},\"author\":{\"@id\":\"https:\\\/\\\/www.ejercito.mil.uy\\\/index.php\\\/author\\\/acastro\\\/#author\"},\"creator\":{\"@id\":\"https:\\\/\\\/www.ejercito.mil.uy\\\/index.php\\\/author\\\/acastro\\\/#author\"},\"image\":{\"@type\":\"ImageObject\",\"url\":\"https:\\\/\\\/www.ejercito.mil.uy\\\/wp-content\\\/uploads\\\/2021\\\/05\\\/Vigilancia-3.jpg\",\"@id\":\"https:\\\/\\\/www.ejercito.mil.uy\\\/index.php\\\/2021\\\/05\\\/13\\\/servicio-de-guardia-de-carcel\\\/#mainImage\",\"width\":1200,\"height\":800,\"caption\":\"Vigilancia\"},\"primaryImageOfPage\":{\"@id\":\"https:\\\/\\\/www.ejercito.mil.uy\\\/index.php\\\/2021\\\/05\\\/13\\\/servicio-de-guardia-de-carcel\\\/#mainImage\"},\"datePublished\":\"2021-05-13T16:37:20-03:00\",\"dateModified\":\"2026-02-24T10:32:35-03:00\"},{\"@type\":\"WebSite\",\"@id\":\"https:\\\/\\\/www.ejercito.mil.uy\\\/#website\",\"url\":\"https:\\\/\\\/www.ejercito.mil.uy\\\/\",\"name\":\"Ej\\u00e9rcito Nacional\",\"description\":\"La Fuerza de todos\",\"inLanguage\":\"es-UY\",\"publisher\":{\"@id\":\"https:\\\/\\\/www.ejercito.mil.uy\\\/#organization\"}}]}\n\t\t<\/script>\n\t\t<!-- All in One SEO -->\n\n","aioseo_head_json":{"title":"Servicio de Guardia de C\u00e1rcel - Ej\u00e9rcito Nacional","description":"13.05.2021 \u2013 Maldonado Durante 12 d\u00edas, 65 efectivos del Batall\u00f3n \"Treinta y Tres Orientales\" de Infanter\u00eda Mecanizado N\u00b0 10 cumplieron con un nuevo periodo de Servicio de Guardia de C\u00e1rcel, custodiando el per\u00edmetro del Instituto Nacional de Rehabilitaci\u00f3n N\u00ba 13 \u201cLas Rosas\u201d, ubicado en el departamento de Maldonado.","canonical_url":"https:\/\/www.ejercito.mil.uy\/index.php\/2021\/05\/13\/servicio-de-guardia-de-carcel\/","robots":"max-image-preview:large","keywords":"","webmasterTools":{"miscellaneous":""},"schema":{"@context":"https:\/\/schema.org","@graph":[{"@type":"BlogPosting","@id":"https:\/\/www.ejercito.mil.uy\/index.php\/2021\/05\/13\/servicio-de-guardia-de-carcel\/#blogposting","name":"Servicio de Guardia de C\u00e1rcel - Ej\u00e9rcito Nacional","headline":"Servicio de Guardia de C\u00e1rcel","author":{"@id":"https:\/\/www.ejercito.mil.uy\/index.php\/author\/acastro\/#author"},"publisher":{"@id":"https:\/\/www.ejercito.mil.uy\/#organization"},"image":{"@type":"ImageObject","url":"https:\/\/www.ejercito.mil.uy\/wp-content\/uploads\/2021\/05\/Vigilancia-3.jpg","width":1200,"height":800,"caption":"Vigilancia"},"datePublished":"2021-05-13T16:37:20-03:00","dateModified":"2026-02-24T10:32:35-03:00","inLanguage":"es-UY","mainEntityOfPage":{"@id":"https:\/\/www.ejercito.mil.uy\/index.php\/2021\/05\/13\/servicio-de-guardia-de-carcel\/#webpage"},"isPartOf":{"@id":"https:\/\/www.ejercito.mil.uy\/index.php\/2021\/05\/13\/servicio-de-guardia-de-carcel\/#webpage"},"articleSection":"Blog, Noticias, C\u00e1rcel, guardiadecarcel"},{"@type":"BreadcrumbList","@id":"https:\/\/www.ejercito.mil.uy\/index.php\/2021\/05\/13\/servicio-de-guardia-de-carcel\/#breadcrumblist","itemListElement":[{"@type":"ListItem","@id":"https:\/\/www.ejercito.mil.uy#listItem","position":1,"name":"Home","item":"https:\/\/www.ejercito.mil.uy","nextItem":{"@type":"ListItem","@id":"https:\/\/www.ejercito.mil.uy\/index.php\/category\/destacados\/#listItem","name":"Destacados"}},{"@type":"ListItem","@id":"https:\/\/www.ejercito.mil.uy\/index.php\/category\/destacados\/#listItem","position":2,"name":"Destacados","item":"https:\/\/www.ejercito.mil.uy\/index.php\/category\/destacados\/","nextItem":{"@type":"ListItem","@id":"https:\/\/www.ejercito.mil.uy\/index.php\/category\/destacados\/noticias\/#listItem","name":"Noticias"},"previousItem":{"@type":"ListItem","@id":"https:\/\/www.ejercito.mil.uy#listItem","name":"Home"}},{"@type":"ListItem","@id":"https:\/\/www.ejercito.mil.uy\/index.php\/category\/destacados\/noticias\/#listItem","position":3,"name":"Noticias","item":"https:\/\/www.ejercito.mil.uy\/index.php\/category\/destacados\/noticias\/","nextItem":{"@type":"ListItem","@id":"https:\/\/www.ejercito.mil.uy\/index.php\/2021\/05\/13\/servicio-de-guardia-de-carcel\/#listItem","name":"Servicio de Guardia de C\u00e1rcel"},"previousItem":{"@type":"ListItem","@id":"https:\/\/www.ejercito.mil.uy\/index.php\/category\/destacados\/#listItem","name":"Destacados"}},{"@type":"ListItem","@id":"https:\/\/www.ejercito.mil.uy\/index.php\/2021\/05\/13\/servicio-de-guardia-de-carcel\/#listItem","position":4,"name":"Servicio de Guardia de C\u00e1rcel","previousItem":{"@type":"ListItem","@id":"https:\/\/www.ejercito.mil.uy\/index.php\/category\/destacados\/noticias\/#listItem","name":"Noticias"}}]},{"@type":"Organization","@id":"https:\/\/www.ejercito.mil.uy\/#organization","name":"Ej\u00e9rcito Nacional","description":"La Fuerza de todos","url":"https:\/\/www.ejercito.mil.uy\/","logo":{"@type":"ImageObject","url":"https:\/\/www.ejercito.mil.uy\/wp-content\/uploads\/2022\/01\/Escudo_EN_URUGUAY.png","@id":"https:\/\/www.ejercito.mil.uy\/index.php\/2021\/05\/13\/servicio-de-guardia-de-carcel\/#organizationLogo","width":134,"height":119},"image":{"@id":"https:\/\/www.ejercito.mil.uy\/index.php\/2021\/05\/13\/servicio-de-guardia-de-carcel\/#organizationLogo"}},{"@type":"Person","@id":"https:\/\/www.ejercito.mil.uy\/index.php\/author\/acastro\/#author","url":"https:\/\/www.ejercito.mil.uy\/index.php\/author\/acastro\/","name":"Alejandro Castro","image":{"@type":"ImageObject","@id":"https:\/\/www.ejercito.mil.uy\/index.php\/2021\/05\/13\/servicio-de-guardia-de-carcel\/#authorImage","url":"https:\/\/secure.gravatar.com\/avatar\/89bb77d4bf696501dd94ca89e6794e1787eaffba7c7197528d249e15bd099f68?s=96&d=mm&r=g","width":96,"height":96,"caption":"Alejandro Castro"}},{"@type":"WebPage","@id":"https:\/\/www.ejercito.mil.uy\/index.php\/2021\/05\/13\/servicio-de-guardia-de-carcel\/#webpage","url":"https:\/\/www.ejercito.mil.uy\/index.php\/2021\/05\/13\/servicio-de-guardia-de-carcel\/","name":"Servicio de Guardia de C\u00e1rcel - Ej\u00e9rcito Nacional","description":"13.05.2021 \u2013 Maldonado Durante 12 d\u00edas, 65 efectivos del Batall\u00f3n \"Treinta y Tres Orientales\" de Infanter\u00eda Mecanizado N\u00b0 10 cumplieron con un nuevo periodo de Servicio de Guardia de C\u00e1rcel, custodiando el per\u00edmetro del Instituto Nacional de Rehabilitaci\u00f3n N\u00ba 13 \u201cLas Rosas\u201d, ubicado en el departamento de Maldonado.","inLanguage":"es-UY","isPartOf":{"@id":"https:\/\/www.ejercito.mil.uy\/#website"},"breadcrumb":{"@id":"https:\/\/www.ejercito.mil.uy\/index.php\/2021\/05\/13\/servicio-de-guardia-de-carcel\/#breadcrumblist"},"author":{"@id":"https:\/\/www.ejercito.mil.uy\/index.php\/author\/acastro\/#author"},"creator":{"@id":"https:\/\/www.ejercito.mil.uy\/index.php\/author\/acastro\/#author"},"image":{"@type":"ImageObject","url":"https:\/\/www.ejercito.mil.uy\/wp-content\/uploads\/2021\/05\/Vigilancia-3.jpg","@id":"https:\/\/www.ejercito.mil.uy\/index.php\/2021\/05\/13\/servicio-de-guardia-de-carcel\/#mainImage","width":1200,"height":800,"caption":"Vigilancia"},"primaryImageOfPage":{"@id":"https:\/\/www.ejercito.mil.uy\/index.php\/2021\/05\/13\/servicio-de-guardia-de-carcel\/#mainImage"},"datePublished":"2021-05-13T16:37:20-03:00","dateModified":"2026-02-24T10:32:35-03:00"},{"@type":"WebSite","@id":"https:\/\/www.ejercito.mil.uy\/#website","url":"https:\/\/www.ejercito.mil.uy\/","name":"Ej\u00e9rcito Nacional","description":"La Fuerza de todos","inLanguage":"es-UY","publisher":{"@id":"https:\/\/www.ejercito.mil.uy\/#organization"}}]},"og:locale":"es_ES","og:site_name":"Ej\u00e9rcito Nacional - La Fuerza de todos","og:type":"article","og:title":"Servicio de Guardia de C\u00e1rcel - Ej\u00e9rcito Nacional","og:description":"13.05.2021 \u2013 Maldonado Durante 12 d\u00edas, 65 efectivos del Batall\u00f3n &quot;Treinta y Tres Orientales&quot; de Infanter\u00eda Mecanizado N\u00b0 10 cumplieron con un nuevo periodo de Servicio de Guardia de C\u00e1rcel, custodiando el per\u00edmetro del Instituto Nacional de Rehabilitaci\u00f3n N\u00ba 13 \u201cLas Rosas\u201d, ubicado en el departamento de Maldonado.","og:url":"https:\/\/www.ejercito.mil.uy\/index.php\/2021\/05\/13\/servicio-de-guardia-de-carcel\/","og:image":"https:\/\/www.ejercito.mil.uy\/wp-content\/uploads\/2022\/01\/Escudo_EN_URUGUAY.png","og:image:secure_url":"https:\/\/www.ejercito.mil.uy\/wp-content\/uploads\/2022\/01\/Escudo_EN_URUGUAY.png","og:image:width":134,"og:image:height":119,"article:published_time":"2021-05-13T19:37:20+00:00","article:modified_time":"2026-02-24T13:32:35+00:00","twitter:card":"summary_large_image","twitter:title":"Servicio de Guardia de C\u00e1rcel - Ej\u00e9rcito Nacional","twitter:description":"13.05.2021 \u2013 Maldonado Durante 12 d\u00edas, 65 efectivos del Batall\u00f3n &quot;Treinta y Tres Orientales&quot; de Infanter\u00eda Mecanizado N\u00b0 10 cumplieron con un nuevo periodo de Servicio de Guardia de C\u00e1rcel, custodiando el per\u00edmetro del Instituto Nacional de Rehabilitaci\u00f3n N\u00ba 13 \u201cLas Rosas\u201d, ubicado en el departamento de Maldonado.","twitter:image":"https:\/\/www.ejercito.mil.uy\/wp-content\/uploads\/2022\/01\/Escudo_EN_URUGUAY.png"},"aioseo_meta_data":{"post_id":"2848","title":null,"description":null,"keywords":null,"keyphrases":{"focus":{"keyphrase":"","score":0,"analysis":{"keyphraseInTitle":{"score":0,"maxScore":9,"error":1}}},"additional":[]},"primary_term":null,"canonical_url":null,"og_title":null,"og_description":null,"og_object_type":"default","og_image_type":"default","og_image_url":null,"og_image_width":null,"og_image_height":null,"og_image_custom_url":null,"og_image_custom_fields":null,"og_video":"","og_custom_url":null,"og_article_section":null,"og_article_tags":null,"twitter_use_og":false,"twitter_card":"default","twitter_image_type":"default","twitter_image_url":null,"twitter_image_custom_url":null,"twitter_image_custom_fields":null,"twitter_title":null,"twitter_description":null,"schema":{"blockGraphs":[],"customGraphs":[],"default":{"data":{"Article":[],"Course":[],"Dataset":[],"FAQPage":[],"Movie":[],"Person":[],"Product":[],"ProductReview":[],"Car":[],"Recipe":[],"Service":[],"SoftwareApplication":[],"WebPage":[]},"graphName":"BlogPosting","isEnabled":true},"graphs":[]},"schema_type":"default","schema_type_options":null,"pillar_content":false,"robots_default":true,"robots_noindex":false,"robots_noarchive":false,"robots_nosnippet":false,"robots_nofollow":false,"robots_noimageindex":false,"robots_noodp":false,"robots_notranslate":false,"robots_max_snippet":"-1","robots_max_videopreview":"-1","robots_max_imagepreview":"large","priority":null,"frequency":"default","local_seo":null,"breadcrumb_settings":null,"limit_modified_date":false,"ai":{"faqs":[],"keyPoints":[],"titles":[],"descriptions":[],"socialPosts":{"email":[],"linkedin":[],"twitter":[],"facebook":[],"instagram":[]}},"created":"2025-08-30 01:51:39","updated":"2026-02-24 13:38:55","seo_analyzer_scan_date":null,"focus_keyword":null,"additional_keywords":null,"truseo_locale":null},"aioseo_breadcrumb":"<div class=\"aioseo-breadcrumbs\"><span class=\"aioseo-breadcrumb\">\n\t\t\t<a href=\"https:\/\/www.ejercito.mil.uy\" title=\"Home\">Home<\/a>\n\t\t<\/span><span class=\"aioseo-breadcrumb-separator\">&raquo;<\/span><span class=\"aioseo-breadcrumb\">\n\t\t\t<a href=\"https:\/\/www.ejercito.mil.uy\/index.php\/category\/destacados\/\" title=\"Destacados\">Destacados<\/a>\n\t\t<\/span><span class=\"aioseo-breadcrumb-separator\">&raquo;<\/span><span class=\"aioseo-breadcrumb\">\n\t\t\t<a href=\"https:\/\/www.ejercito.mil.uy\/index.php\/category\/destacados\/noticias\/\" title=\"Noticias\">Noticias<\/a>\n\t\t<\/span><span class=\"aioseo-breadcrumb-separator\">&raquo;<\/span><span class=\"aioseo-breadcrumb\">\n\t\t\tServicio de Guardia de C\u00e1rcel\n\t\t<\/span><\/div>","aioseo_breadcrumb_json":[{"label":"Home","link":"https:\/\/www.ejercito.mil.uy"},{"label":"Destacados","link":"https:\/\/www.ejercito.mil.uy\/index.php\/category\/destacados\/"},{"label":"Noticias","link":"https:\/\/www.ejercito.mil.uy\/index.php\/category\/destacados\/noticias\/"},{"label":"Servicio de Guardia de C\u00e1rcel","link":"https:\/\/www.ejercito.mil.uy\/index.php\/2021\/05\/13\/servicio-de-guardia-de-carcel\/"}],"_links":{"self":[{"href":"https:\/\/www.ejercito.mil.uy\/index.php\/wp-json\/wp\/v2\/posts\/2848","targetHints":{"allow":["GET"]}}],"collection":[{"href":"https:\/\/www.ejercito.mil.uy\/index.php\/wp-json\/wp\/v2\/posts"}],"about":[{"href":"https:\/\/www.ejercito.mil.uy\/index.php\/wp-json\/wp\/v2\/types\/post"}],"author":[{"embeddable":true,"href":"https:\/\/www.ejercito.mil.uy\/index.php\/wp-json\/wp\/v2\/users\/4"}],"replies":[{"embeddable":true,"href":"https:\/\/www.ejercito.mil.uy\/index.php\/wp-json\/wp\/v2\/comments?post=2848"}],"version-history":[{"count":3,"href":"https:\/\/www.ejercito.mil.uy\/index.php\/wp-json\/wp\/v2\/posts\/2848\/revisions"}],"predecessor-version":[{"id":55124,"href":"https:\/\/www.ejercito.mil.uy\/index.php\/wp-json\/wp\/v2\/posts\/2848\/revisions\/55124"}],"wp:featuredmedia":[{"embeddable":true,"href":"https:\/\/www.ejercito.mil.uy\/index.php\/wp-json\/wp\/v2\/media\/2852"}],"wp:attachment":[{"href":"https:\/\/www.ejercito.mil.uy\/index.php\/wp-json\/wp\/v2\/media?parent=2848"}],"wp:term":[{"taxonomy":"category","embeddable":true,"href":"https:\/\/www.ejercito.mil.uy\/index.php\/wp-json\/wp\/v2\/categories?post=2848"},{"taxonomy":"post_tag","embeddable":true,"href":"https:\/\/www.ejercito.mil.uy\/index.php\/wp-json\/wp\/v2\/tags?post=2848"}],"curies":[{"name":"wp","href":"https:\/\/api.w.org\/{rel}","templated":true}]}}