{"id":28583,"date":"2024-03-01T00:03:33","date_gmt":"2024-03-01T03:03:33","guid":{"rendered":"https:\/\/www.ejercito.mil.uy\/?p=28583"},"modified":"2024-03-01T12:55:44","modified_gmt":"2024-03-01T15:55:44","slug":"ceremonia-de-egreso-y-colacion-de-grado-de-alfereces-de-la-promocion-cnel-alberto-schweizer","status":"publish","type":"post","link":"https:\/\/www.ejercito.mil.uy\/index.php\/2024\/03\/01\/ceremonia-de-egreso-y-colacion-de-grado-de-alfereces-de-la-promocion-cnel-alberto-schweizer\/","title":{"rendered":"Ceremonia de Egreso y Colaci\u00f3n de Grado de  Alf\u00e9reces de la Promoci\u00f3n \u00abCnel. Alberto Schweizer\u00bb"},"content":{"rendered":"\n<p class=\"has-black-color has-text-color has-medium-font-size\">01.03.2024 &#8211; <strong>Canelones (Toledo)<\/strong><\/p>\n\n\n\n<div style=\"height:50px\" aria-hidden=\"true\" class=\"wp-block-spacer\"><\/div>\n\n\n\n<p class=\"has-white-color has-text-color has-background has-medium-font-size\" style=\"background-color:#0c1550\">En la ma\u00f1ana de hoy, con la presencia del Sr. Comandante en Jefe del Ej\u00e9rcito, Gral. de Ej\u00e9rcito Mario Stevenazzi, se realiz\u00f3 la <strong>Ceremonia de Egreso y Colaci\u00f3n de Grado de 3 Alf\u00e9reces de la Promoci\u00f3n \u201cCnel. Alberto Schweizer\u201d<\/strong>.<\/p>\n\n\n\n<div style=\"height:50px\" aria-hidden=\"true\" class=\"wp-block-spacer\"><\/div>\n\n\n\n<figure class=\"wp-block-image size-large is-style-default\"><img fetchpriority=\"high\" decoding=\"async\" width=\"1024\" height=\"683\" src=\"https:\/\/www.ejercito.mil.uy\/wp-content\/uploads\/2024\/03\/Ceremonia-de-Egreso-y-Colacion-de-Grado-de-Alfereces-de-la-Promocion-Cnel.-Alberto-Schweizer-5-1024x683.jpg\" alt=\"\" class=\"wp-image-28608\" srcset=\"https:\/\/www.ejercito.mil.uy\/wp-content\/uploads\/2024\/03\/Ceremonia-de-Egreso-y-Colacion-de-Grado-de-Alfereces-de-la-Promocion-Cnel.-Alberto-Schweizer-5-1024x683.jpg 1024w, https:\/\/www.ejercito.mil.uy\/wp-content\/uploads\/2024\/03\/Ceremonia-de-Egreso-y-Colacion-de-Grado-de-Alfereces-de-la-Promocion-Cnel.-Alberto-Schweizer-5-300x200.jpg 300w, https:\/\/www.ejercito.mil.uy\/wp-content\/uploads\/2024\/03\/Ceremonia-de-Egreso-y-Colacion-de-Grado-de-Alfereces-de-la-Promocion-Cnel.-Alberto-Schweizer-5.jpg 1200w\" sizes=\"(max-width: 1024px) 100vw, 1024px\" \/><\/figure>\n\n\n\n<div style=\"height:50px\" aria-hidden=\"true\" class=\"wp-block-spacer\"><\/div>\n\n\n\n<p class=\"has-black-color has-text-color has-medium-font-size\">En primer lugar, el Sr. Ministro de Defensa Nacional, Dr. Javier Garc\u00eda acompa\u00f1ado del Sr. Director de la Escuela Militar (EM), Gral. Pablo Gonz\u00e1lez, pasaron revista de los efectivos formados.<\/p>\n\n\n\n<div style=\"height:50px\" aria-hidden=\"true\" class=\"wp-block-spacer\"><\/div>\n\n\n\n<p class=\"has-black-color has-text-color has-medium-font-size\">La Banda de M\u00fasicos de la EM ejecut\u00f3 el Himno Nacional invitando a los presentes a entonar sus estrofas. Posteriormente, se hizo una rese\u00f1a hist\u00f3rica del Cnel. Schewizer.<\/p>\n\n\n\n<div style=\"height:50px\" aria-hidden=\"true\" class=\"wp-block-spacer\"><\/div>\n\n\n\n<figure class=\"wp-block-image size-large\"><img decoding=\"async\" width=\"1024\" height=\"683\" src=\"https:\/\/www.ejercito.mil.uy\/wp-content\/uploads\/2024\/03\/Ceremonia-de-Egreso-y-Colacion-de-Grado-de-Alfereces-de-la-Promocion-Cnel.-Alberto-Schweizer-3-1024x683.jpg\" alt=\"\" class=\"wp-image-28609\" srcset=\"https:\/\/www.ejercito.mil.uy\/wp-content\/uploads\/2024\/03\/Ceremonia-de-Egreso-y-Colacion-de-Grado-de-Alfereces-de-la-Promocion-Cnel.-Alberto-Schweizer-3-1024x683.jpg 1024w, https:\/\/www.ejercito.mil.uy\/wp-content\/uploads\/2024\/03\/Ceremonia-de-Egreso-y-Colacion-de-Grado-de-Alfereces-de-la-Promocion-Cnel.-Alberto-Schweizer-3-300x200.jpg 300w, https:\/\/www.ejercito.mil.uy\/wp-content\/uploads\/2024\/03\/Ceremonia-de-Egreso-y-Colacion-de-Grado-de-Alfereces-de-la-Promocion-Cnel.-Alberto-Schweizer-3.jpg 1200w\" sizes=\"(max-width: 1024px) 100vw, 1024px\" \/><\/figure>\n\n\n\n<div style=\"height:50px\" aria-hidden=\"true\" class=\"wp-block-spacer\"><\/div>\n\n\n\n<p class=\"has-black-color has-text-color has-medium-font-size\">Los nuevos Oficiales recibieron los sables de manos del Ministro de Defensa Nacional, s\u00edmbolo de mando y representaci\u00f3n del legado de nuestro m\u00e1ximo h\u00e9roe, el Gral. Jos\u00e9 Gervasio Artigas.<\/p>\n\n\n\n<div style=\"height:50px\" aria-hidden=\"true\" class=\"wp-block-spacer\"><\/div>\n\n\n\n<figure class=\"wp-block-image size-large\"><img decoding=\"async\" width=\"1024\" height=\"683\" src=\"https:\/\/www.ejercito.mil.uy\/wp-content\/uploads\/2024\/03\/Ceremonia-de-Egreso-y-Colacion-de-Grado-de-Alfereces-de-la-Promocion-Cnel.-Alberto-Schweizer-13-1024x683.jpg\" alt=\"\" class=\"wp-image-28622\" srcset=\"https:\/\/www.ejercito.mil.uy\/wp-content\/uploads\/2024\/03\/Ceremonia-de-Egreso-y-Colacion-de-Grado-de-Alfereces-de-la-Promocion-Cnel.-Alberto-Schweizer-13-1024x683.jpg 1024w, https:\/\/www.ejercito.mil.uy\/wp-content\/uploads\/2024\/03\/Ceremonia-de-Egreso-y-Colacion-de-Grado-de-Alfereces-de-la-Promocion-Cnel.-Alberto-Schweizer-13-300x200.jpg 300w, https:\/\/www.ejercito.mil.uy\/wp-content\/uploads\/2024\/03\/Ceremonia-de-Egreso-y-Colacion-de-Grado-de-Alfereces-de-la-Promocion-Cnel.-Alberto-Schweizer-13.jpg 1200w\" sizes=\"(max-width: 1024px) 100vw, 1024px\" \/><\/figure>\n\n\n\n<div style=\"height:50px\" aria-hidden=\"true\" class=\"wp-block-spacer\"><\/div>\n\n\n\n<div aria-label=\"Carousel Gallery\" class=\"wp-block-coblocks-gallery-carousel\"><div class=\"coblocks-gallery-carousel-swiper-container is-cropped coblocks-gallery has-no-alignment has-caption-style-dark has-no-thumbnails\"><div class=\"has-carousel has-carousel-xlrg swiper-container\" data-swiper=\"{&quot;alignCells&quot;:false,&quot;autoPlay&quot;:false,&quot;autoPlaySpeed&quot;:3000,&quot;draggable&quot;:true,&quot;freeMode&quot;:false,&quot;loop&quot;:true,&quot;navigation&quot;:true,&quot;pageDots&quot;:false,&quot;pauseHover&quot;:false,&quot;responsiveHeight&quot;:false,&quot;slidesPerView&quot;:1,&quot;thumbnails&quot;:false,&quot;uuid&quot;:&quot;12345&quot;}\" style=\"height:550px\"><div class=\"swiper-wrapper\"><div class=\"swiper-slide\"><div class=\"coblocks-gallery--item\" role=\"button\" tabindex=\"0\"><figure class=\"coblocks-gallery--figure\"><img loading=\"lazy\" decoding=\"async\" width=\"1024\" height=\"683\" alt=\"\" class=\"wp-image-28612\" data-id=\"28612\" data-link=\"https:\/\/www.ejercito.mil.uy\/index.php\/2024\/03\/01\/inicio-del-periodo-de-adaptacion-en-la-escuela-militar\/ceremonia-de-egreso-y-colacion-de-grado-de-alfereces-de-la-promocion-cnel-alberto-schweizer-15\/\" src=\"https:\/\/www.ejercito.mil.uy\/wp-content\/uploads\/2024\/03\/Ceremonia-de-Egreso-y-Colacion-de-Grado-de-Alfereces-de-la-Promocion-Cnel.-Alberto-Schweizer-15-1024x683.jpg\" srcset=\"https:\/\/www.ejercito.mil.uy\/wp-content\/uploads\/2024\/03\/Ceremonia-de-Egreso-y-Colacion-de-Grado-de-Alfereces-de-la-Promocion-Cnel.-Alberto-Schweizer-15-1024x683.jpg 1024w, https:\/\/www.ejercito.mil.uy\/wp-content\/uploads\/2024\/03\/Ceremonia-de-Egreso-y-Colacion-de-Grado-de-Alfereces-de-la-Promocion-Cnel.-Alberto-Schweizer-15-300x200.jpg 300w, https:\/\/www.ejercito.mil.uy\/wp-content\/uploads\/2024\/03\/Ceremonia-de-Egreso-y-Colacion-de-Grado-de-Alfereces-de-la-Promocion-Cnel.-Alberto-Schweizer-15.jpg 1200w\" sizes=\"(max-width: 1024px) 100vw, 1024px\" \/><\/figure><figcaption class=\"coblocks-gallery--caption coblocks-gallery--primary-caption\"><\/figcaption><\/div><\/div><div class=\"swiper-slide\"><div class=\"coblocks-gallery--item\" role=\"button\" tabindex=\"1\"><figure class=\"coblocks-gallery--figure\"><img loading=\"lazy\" decoding=\"async\" width=\"1024\" height=\"683\" alt=\"\" class=\"wp-image-28613\" data-id=\"28613\" data-link=\"https:\/\/www.ejercito.mil.uy\/index.php\/2024\/03\/01\/inicio-del-periodo-de-adaptacion-en-la-escuela-militar\/ceremonia-de-egreso-y-colacion-de-grado-de-alfereces-de-la-promocion-cnel-alberto-schweizer-16\/\" src=\"https:\/\/www.ejercito.mil.uy\/wp-content\/uploads\/2024\/03\/Ceremonia-de-Egreso-y-Colacion-de-Grado-de-Alfereces-de-la-Promocion-Cnel.-Alberto-Schweizer-16-1024x683.jpg\" srcset=\"https:\/\/www.ejercito.mil.uy\/wp-content\/uploads\/2024\/03\/Ceremonia-de-Egreso-y-Colacion-de-Grado-de-Alfereces-de-la-Promocion-Cnel.-Alberto-Schweizer-16-1024x683.jpg 1024w, https:\/\/www.ejercito.mil.uy\/wp-content\/uploads\/2024\/03\/Ceremonia-de-Egreso-y-Colacion-de-Grado-de-Alfereces-de-la-Promocion-Cnel.-Alberto-Schweizer-16-300x200.jpg 300w, https:\/\/www.ejercito.mil.uy\/wp-content\/uploads\/2024\/03\/Ceremonia-de-Egreso-y-Colacion-de-Grado-de-Alfereces-de-la-Promocion-Cnel.-Alberto-Schweizer-16.jpg 1200w\" sizes=\"(max-width: 1024px) 100vw, 1024px\" \/><\/figure><figcaption class=\"coblocks-gallery--caption coblocks-gallery--primary-caption\"><\/figcaption><\/div><\/div><div class=\"swiper-slide\"><div class=\"coblocks-gallery--item\" role=\"button\" tabindex=\"2\"><figure class=\"coblocks-gallery--figure\"><img loading=\"lazy\" decoding=\"async\" width=\"1024\" height=\"683\" alt=\"\" class=\"wp-image-28614\" data-id=\"28614\" data-link=\"https:\/\/www.ejercito.mil.uy\/index.php\/2024\/03\/01\/inicio-del-periodo-de-adaptacion-en-la-escuela-militar\/ceremonia-de-egreso-y-colacion-de-grado-de-alfereces-de-la-promocion-cnel-alberto-schweizer-17\/\" src=\"https:\/\/www.ejercito.mil.uy\/wp-content\/uploads\/2024\/03\/Ceremonia-de-Egreso-y-Colacion-de-Grado-de-Alfereces-de-la-Promocion-Cnel.-Alberto-Schweizer-17-1024x683.jpg\" srcset=\"https:\/\/www.ejercito.mil.uy\/wp-content\/uploads\/2024\/03\/Ceremonia-de-Egreso-y-Colacion-de-Grado-de-Alfereces-de-la-Promocion-Cnel.-Alberto-Schweizer-17-1024x683.jpg 1024w, https:\/\/www.ejercito.mil.uy\/wp-content\/uploads\/2024\/03\/Ceremonia-de-Egreso-y-Colacion-de-Grado-de-Alfereces-de-la-Promocion-Cnel.-Alberto-Schweizer-17-300x200.jpg 300w, https:\/\/www.ejercito.mil.uy\/wp-content\/uploads\/2024\/03\/Ceremonia-de-Egreso-y-Colacion-de-Grado-de-Alfereces-de-la-Promocion-Cnel.-Alberto-Schweizer-17.jpg 1200w\" sizes=\"(max-width: 1024px) 100vw, 1024px\" \/><\/figure><figcaption class=\"coblocks-gallery--caption coblocks-gallery--primary-caption\"><\/figcaption><\/div><\/div><\/div><button class=\"nav-button__prev\" id=\"12345-prev\"><svg class=\"icon\" style=\"transform:rotate(180deg)\"><\/svg><\/button><button class=\"nav-button__next\" id=\"12345-next\"><svg class=\"icon\"><\/svg><\/button><\/div><\/div><\/div>\n\n\n\n<div style=\"height:50px\" aria-hidden=\"true\" class=\"wp-block-spacer\"><\/div>\n\n\n\n<p class=\"has-black-color has-text-color has-medium-font-size\">A su vez, el Cte. en Jefe del Ej\u00e9rcito le entreg\u00f3 los despachos, quien luego tom\u00f3 el juramento de honor a los Alf\u00e9reces que egresaron:<\/p>\n\n\n\n<div style=\"height:50px\" aria-hidden=\"true\" class=\"wp-block-spacer\"><\/div>\n\n\n\n<ul class=\"wp-block-list\" style=\"color:#000000\">\n<li style=\"font-size:27px\">&#8211; Alf. Jhon Casta\u00f1o<\/li>\n\n\n\n<li style=\"font-size:27px\">&#8211; Alf. Michael Su\u00e1rez<\/li>\n\n\n\n<li style=\"font-size:27px\">&#8211; Alf. Rodrigo Saravia<\/li>\n<\/ul>\n\n\n\n<div style=\"height:50px\" aria-hidden=\"true\" class=\"wp-block-spacer\"><\/div>\n\n\n\n<div aria-label=\"Carousel Gallery\" class=\"wp-block-coblocks-gallery-carousel\"><div class=\"coblocks-gallery-carousel-swiper-container is-cropped coblocks-gallery has-no-alignment has-caption-style-dark has-no-thumbnails\"><div class=\"has-carousel has-carousel-xlrg swiper-container\" data-swiper=\"{&quot;alignCells&quot;:false,&quot;autoPlay&quot;:false,&quot;autoPlaySpeed&quot;:3000,&quot;draggable&quot;:true,&quot;freeMode&quot;:false,&quot;loop&quot;:true,&quot;navigation&quot;:true,&quot;pageDots&quot;:false,&quot;pauseHover&quot;:false,&quot;responsiveHeight&quot;:false,&quot;slidesPerView&quot;:1,&quot;thumbnails&quot;:false,&quot;uuid&quot;:&quot;12345&quot;}\" style=\"height:550px\"><div class=\"swiper-wrapper\"><div class=\"swiper-slide\"><div class=\"coblocks-gallery--item\" role=\"button\" tabindex=\"0\"><figure class=\"coblocks-gallery--figure\"><img loading=\"lazy\" decoding=\"async\" width=\"1024\" height=\"683\" alt=\"\" class=\"wp-image-28615\" data-id=\"28615\" data-link=\"https:\/\/www.ejercito.mil.uy\/index.php\/2024\/03\/01\/inicio-del-periodo-de-adaptacion-en-la-escuela-militar\/ceremonia-de-egreso-y-colacion-de-grado-de-alfereces-de-la-promocion-cnel-alberto-schweizer-8\/\" src=\"https:\/\/www.ejercito.mil.uy\/wp-content\/uploads\/2024\/03\/Ceremonia-de-Egreso-y-Colacion-de-Grado-de-Alfereces-de-la-Promocion-Cnel.-Alberto-Schweizer-8-1024x683.jpg\" srcset=\"https:\/\/www.ejercito.mil.uy\/wp-content\/uploads\/2024\/03\/Ceremonia-de-Egreso-y-Colacion-de-Grado-de-Alfereces-de-la-Promocion-Cnel.-Alberto-Schweizer-8-1024x683.jpg 1024w, https:\/\/www.ejercito.mil.uy\/wp-content\/uploads\/2024\/03\/Ceremonia-de-Egreso-y-Colacion-de-Grado-de-Alfereces-de-la-Promocion-Cnel.-Alberto-Schweizer-8-300x200.jpg 300w, https:\/\/www.ejercito.mil.uy\/wp-content\/uploads\/2024\/03\/Ceremonia-de-Egreso-y-Colacion-de-Grado-de-Alfereces-de-la-Promocion-Cnel.-Alberto-Schweizer-8.jpg 1200w\" sizes=\"(max-width: 1024px) 100vw, 1024px\" \/><\/figure><figcaption class=\"coblocks-gallery--caption coblocks-gallery--primary-caption\"><\/figcaption><\/div><\/div><div class=\"swiper-slide\"><div class=\"coblocks-gallery--item\" role=\"button\" tabindex=\"1\"><figure class=\"coblocks-gallery--figure\"><img loading=\"lazy\" decoding=\"async\" width=\"1024\" height=\"683\" alt=\"\" class=\"wp-image-28616\" data-id=\"28616\" data-link=\"https:\/\/www.ejercito.mil.uy\/index.php\/2024\/03\/01\/inicio-del-periodo-de-adaptacion-en-la-escuela-militar\/ceremonia-de-egreso-y-colacion-de-grado-de-alfereces-de-la-promocion-cnel-alberto-schweizer-18\/\" src=\"https:\/\/www.ejercito.mil.uy\/wp-content\/uploads\/2024\/03\/Ceremonia-de-Egreso-y-Colacion-de-Grado-de-Alfereces-de-la-Promocion-Cnel.-Alberto-Schweizer-18-1024x683.jpg\" srcset=\"https:\/\/www.ejercito.mil.uy\/wp-content\/uploads\/2024\/03\/Ceremonia-de-Egreso-y-Colacion-de-Grado-de-Alfereces-de-la-Promocion-Cnel.-Alberto-Schweizer-18-1024x683.jpg 1024w, https:\/\/www.ejercito.mil.uy\/wp-content\/uploads\/2024\/03\/Ceremonia-de-Egreso-y-Colacion-de-Grado-de-Alfereces-de-la-Promocion-Cnel.-Alberto-Schweizer-18-300x200.jpg 300w, https:\/\/www.ejercito.mil.uy\/wp-content\/uploads\/2024\/03\/Ceremonia-de-Egreso-y-Colacion-de-Grado-de-Alfereces-de-la-Promocion-Cnel.-Alberto-Schweizer-18.jpg 1200w\" sizes=\"(max-width: 1024px) 100vw, 1024px\" \/><\/figure><figcaption class=\"coblocks-gallery--caption coblocks-gallery--primary-caption\"><\/figcaption><\/div><\/div><div class=\"swiper-slide\"><div class=\"coblocks-gallery--item\" role=\"button\" tabindex=\"2\"><figure class=\"coblocks-gallery--figure\"><img loading=\"lazy\" decoding=\"async\" width=\"1024\" height=\"683\" alt=\"\" class=\"wp-image-28617\" data-id=\"28617\" data-link=\"https:\/\/www.ejercito.mil.uy\/index.php\/2024\/03\/01\/inicio-del-periodo-de-adaptacion-en-la-escuela-militar\/ceremonia-de-egreso-y-colacion-de-grado-de-alfereces-de-la-promocion-cnel-alberto-schweizer-20\/\" src=\"https:\/\/www.ejercito.mil.uy\/wp-content\/uploads\/2024\/03\/Ceremonia-de-Egreso-y-Colacion-de-Grado-de-Alfereces-de-la-Promocion-Cnel.-Alberto-Schweizer-20-1024x683.jpg\" srcset=\"https:\/\/www.ejercito.mil.uy\/wp-content\/uploads\/2024\/03\/Ceremonia-de-Egreso-y-Colacion-de-Grado-de-Alfereces-de-la-Promocion-Cnel.-Alberto-Schweizer-20-1024x683.jpg 1024w, https:\/\/www.ejercito.mil.uy\/wp-content\/uploads\/2024\/03\/Ceremonia-de-Egreso-y-Colacion-de-Grado-de-Alfereces-de-la-Promocion-Cnel.-Alberto-Schweizer-20-300x200.jpg 300w, https:\/\/www.ejercito.mil.uy\/wp-content\/uploads\/2024\/03\/Ceremonia-de-Egreso-y-Colacion-de-Grado-de-Alfereces-de-la-Promocion-Cnel.-Alberto-Schweizer-20.jpg 1200w\" sizes=\"(max-width: 1024px) 100vw, 1024px\" \/><\/figure><figcaption class=\"coblocks-gallery--caption coblocks-gallery--primary-caption\"><\/figcaption><\/div><\/div><\/div><button class=\"nav-button__prev\" id=\"12345-prev\"><svg class=\"icon\" style=\"transform:rotate(180deg)\"><\/svg><\/button><button class=\"nav-button__next\" id=\"12345-next\"><svg class=\"icon\"><\/svg><\/button><\/div><\/div><\/div>\n\n\n\n<div style=\"height:50px\" aria-hidden=\"true\" class=\"wp-block-spacer\"><\/div>\n\n\n\n<figure class=\"wp-block-image size-large is-style-rounded\"><img loading=\"lazy\" decoding=\"async\" width=\"1024\" height=\"683\" src=\"https:\/\/www.ejercito.mil.uy\/wp-content\/uploads\/2024\/03\/Ceremonia-de-Egreso-y-Colacion-de-Grado-de-Alfereces-de-la-Promocion-Cnel.-Alberto-Schweizer-1-1024x683.jpg\" alt=\"\" class=\"wp-image-28610\" srcset=\"https:\/\/www.ejercito.mil.uy\/wp-content\/uploads\/2024\/03\/Ceremonia-de-Egreso-y-Colacion-de-Grado-de-Alfereces-de-la-Promocion-Cnel.-Alberto-Schweizer-1-1024x683.jpg 1024w, https:\/\/www.ejercito.mil.uy\/wp-content\/uploads\/2024\/03\/Ceremonia-de-Egreso-y-Colacion-de-Grado-de-Alfereces-de-la-Promocion-Cnel.-Alberto-Schweizer-1-300x200.jpg 300w, https:\/\/www.ejercito.mil.uy\/wp-content\/uploads\/2024\/03\/Ceremonia-de-Egreso-y-Colacion-de-Grado-de-Alfereces-de-la-Promocion-Cnel.-Alberto-Schweizer-1.jpg 1200w\" sizes=\"(max-width: 1024px) 100vw, 1024px\" \/><\/figure>\n\n\n\n<div style=\"height:50px\" aria-hidden=\"true\" class=\"wp-block-spacer\"><\/div>\n\n\n\n<p class=\"has-black-color has-text-color has-medium-font-size\">Para finalizar, la Fuerza de Parada desfil\u00f3 rindiendo honores a las autoridades presentes.<\/p>\n\n\n\n<div style=\"height:50px\" aria-hidden=\"true\" class=\"wp-block-spacer\"><\/div>\n\n\n\n<div class=\"wp-block-columns is-layout-flex wp-container-core-columns-is-layout-28f84493 wp-block-columns-is-layout-flex\">\n<div class=\"wp-block-column is-layout-flow wp-block-column-is-layout-flow\">\n<figure class=\"wp-block-image size-large is-style-default\"><img loading=\"lazy\" decoding=\"async\" width=\"1024\" height=\"683\" src=\"https:\/\/www.ejercito.mil.uy\/wp-content\/uploads\/2024\/03\/Ceremonia-de-Egreso-y-Colacion-de-Grado-de-Alfereces-de-la-Promocion-Cnel.-Alberto-Schweizer-7-1024x683.jpg\" alt=\"\" class=\"wp-image-28607\" srcset=\"https:\/\/www.ejercito.mil.uy\/wp-content\/uploads\/2024\/03\/Ceremonia-de-Egreso-y-Colacion-de-Grado-de-Alfereces-de-la-Promocion-Cnel.-Alberto-Schweizer-7-1024x683.jpg 1024w, https:\/\/www.ejercito.mil.uy\/wp-content\/uploads\/2024\/03\/Ceremonia-de-Egreso-y-Colacion-de-Grado-de-Alfereces-de-la-Promocion-Cnel.-Alberto-Schweizer-7-300x200.jpg 300w, https:\/\/www.ejercito.mil.uy\/wp-content\/uploads\/2024\/03\/Ceremonia-de-Egreso-y-Colacion-de-Grado-de-Alfereces-de-la-Promocion-Cnel.-Alberto-Schweizer-7.jpg 1200w\" sizes=\"(max-width: 1024px) 100vw, 1024px\" \/><\/figure>\n<\/div>\n\n\n\n<div class=\"wp-block-column is-layout-flow wp-block-column-is-layout-flow\">\n<figure class=\"wp-block-image size-large is-style-default\"><img loading=\"lazy\" decoding=\"async\" width=\"1024\" height=\"683\" src=\"https:\/\/www.ejercito.mil.uy\/wp-content\/uploads\/2024\/03\/Ceremonia-de-Egreso-y-Colacion-de-Grado-de-Alfereces-de-la-Promocion-Cnel.-Alberto-Schweizer-4-1-1024x683.jpg\" alt=\"\" class=\"wp-image-28606\" srcset=\"https:\/\/www.ejercito.mil.uy\/wp-content\/uploads\/2024\/03\/Ceremonia-de-Egreso-y-Colacion-de-Grado-de-Alfereces-de-la-Promocion-Cnel.-Alberto-Schweizer-4-1-1024x683.jpg 1024w, https:\/\/www.ejercito.mil.uy\/wp-content\/uploads\/2024\/03\/Ceremonia-de-Egreso-y-Colacion-de-Grado-de-Alfereces-de-la-Promocion-Cnel.-Alberto-Schweizer-4-1-300x200.jpg 300w, https:\/\/www.ejercito.mil.uy\/wp-content\/uploads\/2024\/03\/Ceremonia-de-Egreso-y-Colacion-de-Grado-de-Alfereces-de-la-Promocion-Cnel.-Alberto-Schweizer-4-1.jpg 1200w\" sizes=\"(max-width: 1024px) 100vw, 1024px\" \/><\/figure>\n<\/div>\n<\/div>\n\n\n\n<div style=\"height:50px\" aria-hidden=\"true\" class=\"wp-block-spacer\"><\/div>\n\n\n\n<p class=\"has-black-color has-text-color has-medium-font-size\">Asistieron al acto, autoridades militares en actividad y retiro, docentes de la Escuela, personal militar y familiares.<\/p>\n\n\n\n<div style=\"height:50px\" aria-hidden=\"true\" class=\"wp-block-spacer\"><\/div>\n\n\n\n<div aria-label=\"Carousel Gallery\" class=\"wp-block-coblocks-gallery-carousel\"><div class=\"coblocks-gallery-carousel-swiper-container is-cropped coblocks-gallery has-no-alignment has-caption-style-dark has-no-thumbnails\"><div class=\"has-carousel has-carousel-xlrg swiper-container\" data-swiper=\"{&quot;alignCells&quot;:false,&quot;autoPlay&quot;:false,&quot;autoPlaySpeed&quot;:3000,&quot;draggable&quot;:true,&quot;freeMode&quot;:false,&quot;loop&quot;:true,&quot;navigation&quot;:true,&quot;pageDots&quot;:false,&quot;pauseHover&quot;:false,&quot;responsiveHeight&quot;:false,&quot;slidesPerView&quot;:1,&quot;thumbnails&quot;:false,&quot;uuid&quot;:&quot;12345&quot;}\" style=\"height:550px\"><div class=\"swiper-wrapper\"><div class=\"swiper-slide\"><div class=\"coblocks-gallery--item\" role=\"button\" tabindex=\"0\"><figure class=\"coblocks-gallery--figure\"><img loading=\"lazy\" decoding=\"async\" width=\"1024\" height=\"683\" alt=\"\" class=\"wp-image-28618\" data-id=\"28618\" data-link=\"https:\/\/www.ejercito.mil.uy\/index.php\/2024\/03\/01\/inicio-del-periodo-de-adaptacion-en-la-escuela-militar\/ceremonia-de-egreso-y-colacion-de-grado-de-alfereces-de-la-promocion-cnel-alberto-schweizer-9\/\" src=\"https:\/\/www.ejercito.mil.uy\/wp-content\/uploads\/2024\/03\/Ceremonia-de-Egreso-y-Colacion-de-Grado-de-Alfereces-de-la-Promocion-Cnel.-Alberto-Schweizer-9-1024x683.jpg\" srcset=\"https:\/\/www.ejercito.mil.uy\/wp-content\/uploads\/2024\/03\/Ceremonia-de-Egreso-y-Colacion-de-Grado-de-Alfereces-de-la-Promocion-Cnel.-Alberto-Schweizer-9-1024x683.jpg 1024w, https:\/\/www.ejercito.mil.uy\/wp-content\/uploads\/2024\/03\/Ceremonia-de-Egreso-y-Colacion-de-Grado-de-Alfereces-de-la-Promocion-Cnel.-Alberto-Schweizer-9-300x200.jpg 300w, https:\/\/www.ejercito.mil.uy\/wp-content\/uploads\/2024\/03\/Ceremonia-de-Egreso-y-Colacion-de-Grado-de-Alfereces-de-la-Promocion-Cnel.-Alberto-Schweizer-9.jpg 1200w\" sizes=\"(max-width: 1024px) 100vw, 1024px\" \/><\/figure><figcaption class=\"coblocks-gallery--caption coblocks-gallery--primary-caption\"><\/figcaption><\/div><\/div><div class=\"swiper-slide\"><div class=\"coblocks-gallery--item\" role=\"button\" tabindex=\"1\"><figure class=\"coblocks-gallery--figure\"><img loading=\"lazy\" decoding=\"async\" width=\"1024\" height=\"683\" alt=\"\" class=\"wp-image-28621\" data-id=\"28621\" data-link=\"https:\/\/www.ejercito.mil.uy\/index.php\/2024\/03\/01\/inicio-del-periodo-de-adaptacion-en-la-escuela-militar\/ceremonia-de-egreso-y-colacion-de-grado-de-alfereces-de-la-promocion-cnel-alberto-schweizer-12\/\" src=\"https:\/\/www.ejercito.mil.uy\/wp-content\/uploads\/2024\/03\/Ceremonia-de-Egreso-y-Colacion-de-Grado-de-Alfereces-de-la-Promocion-Cnel.-Alberto-Schweizer-12-1024x683.jpg\" srcset=\"https:\/\/www.ejercito.mil.uy\/wp-content\/uploads\/2024\/03\/Ceremonia-de-Egreso-y-Colacion-de-Grado-de-Alfereces-de-la-Promocion-Cnel.-Alberto-Schweizer-12-1024x683.jpg 1024w, https:\/\/www.ejercito.mil.uy\/wp-content\/uploads\/2024\/03\/Ceremonia-de-Egreso-y-Colacion-de-Grado-de-Alfereces-de-la-Promocion-Cnel.-Alberto-Schweizer-12-300x200.jpg 300w, https:\/\/www.ejercito.mil.uy\/wp-content\/uploads\/2024\/03\/Ceremonia-de-Egreso-y-Colacion-de-Grado-de-Alfereces-de-la-Promocion-Cnel.-Alberto-Schweizer-12.jpg 1200w\" sizes=\"(max-width: 1024px) 100vw, 1024px\" \/><\/figure><figcaption class=\"coblocks-gallery--caption coblocks-gallery--primary-caption\"><\/figcaption><\/div><\/div><div class=\"swiper-slide\"><div class=\"coblocks-gallery--item\" role=\"button\" tabindex=\"2\"><figure class=\"coblocks-gallery--figure\"><img loading=\"lazy\" decoding=\"async\" width=\"1024\" height=\"683\" alt=\"\" class=\"wp-image-28619\" data-id=\"28619\" data-link=\"https:\/\/www.ejercito.mil.uy\/index.php\/2024\/03\/01\/inicio-del-periodo-de-adaptacion-en-la-escuela-militar\/ceremonia-de-egreso-y-colacion-de-grado-de-alfereces-de-la-promocion-cnel-alberto-schweizer-10\/\" src=\"https:\/\/www.ejercito.mil.uy\/wp-content\/uploads\/2024\/03\/Ceremonia-de-Egreso-y-Colacion-de-Grado-de-Alfereces-de-la-Promocion-Cnel.-Alberto-Schweizer-10-1024x683.jpg\" srcset=\"https:\/\/www.ejercito.mil.uy\/wp-content\/uploads\/2024\/03\/Ceremonia-de-Egreso-y-Colacion-de-Grado-de-Alfereces-de-la-Promocion-Cnel.-Alberto-Schweizer-10-1024x683.jpg 1024w, https:\/\/www.ejercito.mil.uy\/wp-content\/uploads\/2024\/03\/Ceremonia-de-Egreso-y-Colacion-de-Grado-de-Alfereces-de-la-Promocion-Cnel.-Alberto-Schweizer-10-300x200.jpg 300w, https:\/\/www.ejercito.mil.uy\/wp-content\/uploads\/2024\/03\/Ceremonia-de-Egreso-y-Colacion-de-Grado-de-Alfereces-de-la-Promocion-Cnel.-Alberto-Schweizer-10.jpg 1200w\" sizes=\"(max-width: 1024px) 100vw, 1024px\" \/><\/figure><figcaption class=\"coblocks-gallery--caption coblocks-gallery--primary-caption\"><\/figcaption><\/div><\/div><div class=\"swiper-slide\"><div class=\"coblocks-gallery--item\" role=\"button\" tabindex=\"3\"><figure class=\"coblocks-gallery--figure\"><img loading=\"lazy\" decoding=\"async\" width=\"1024\" height=\"683\" alt=\"\" class=\"wp-image-28620\" data-id=\"28620\" data-link=\"https:\/\/www.ejercito.mil.uy\/index.php\/2024\/03\/01\/inicio-del-periodo-de-adaptacion-en-la-escuela-militar\/ceremonia-de-egreso-y-colacion-de-grado-de-alfereces-de-la-promocion-cnel-alberto-schweizer-11\/\" src=\"https:\/\/www.ejercito.mil.uy\/wp-content\/uploads\/2024\/03\/Ceremonia-de-Egreso-y-Colacion-de-Grado-de-Alfereces-de-la-Promocion-Cnel.-Alberto-Schweizer-11-1024x683.jpg\" srcset=\"https:\/\/www.ejercito.mil.uy\/wp-content\/uploads\/2024\/03\/Ceremonia-de-Egreso-y-Colacion-de-Grado-de-Alfereces-de-la-Promocion-Cnel.-Alberto-Schweizer-11-1024x683.jpg 1024w, https:\/\/www.ejercito.mil.uy\/wp-content\/uploads\/2024\/03\/Ceremonia-de-Egreso-y-Colacion-de-Grado-de-Alfereces-de-la-Promocion-Cnel.-Alberto-Schweizer-11-300x200.jpg 300w, https:\/\/www.ejercito.mil.uy\/wp-content\/uploads\/2024\/03\/Ceremonia-de-Egreso-y-Colacion-de-Grado-de-Alfereces-de-la-Promocion-Cnel.-Alberto-Schweizer-11.jpg 1200w\" sizes=\"(max-width: 1024px) 100vw, 1024px\" \/><\/figure><figcaption class=\"coblocks-gallery--caption coblocks-gallery--primary-caption\"><\/figcaption><\/div><\/div><\/div><button class=\"nav-button__prev\" id=\"12345-prev\"><svg class=\"icon\" style=\"transform:rotate(180deg)\"><\/svg><\/button><button class=\"nav-button__next\" id=\"12345-next\"><svg class=\"icon\"><\/svg><\/button><\/div><\/div><\/div>\n","protected":false},"excerpt":{"rendered":"<p>01.03.2024 &#8211; El 01 de marzo, los nuevos Oficiales recibieron los sables de manos del Ministro de Defensa Nacional y el Cte. en Jefe del Ej\u00e9rcito le entreg\u00f3 los despachos, quien luego tom\u00f3 el juramento de honor.<\/p>\n","protected":false},"author":4,"featured_media":28624,"comment_status":"open","ping_status":"open","sticky":false,"template":"","format":"standard","meta":{"_coblocks_attr":"","_coblocks_dimensions":"","_coblocks_responsive_height":"","_coblocks_accordion_ie_support":"","_monsterinsights_skip_tracking":false,"_monsterinsights_sitenote_active":false,"_monsterinsights_sitenote_note":"","_monsterinsights_sitenote_category":0,"_uf_show_specific_survey":0,"_uf_disable_surveys":false,"footnotes":""},"categories":[2,10,14],"tags":[1394,44,1465,406,876,1393,1466,1395,1467,1468],"class_list":["post-28583","post","type-post","status-publish","format-standard","has-post-thumbnail","hentry","category-blog","category-destacados","category-noticias","tag-alfereces","tag-ceremonia","tag-colocacion","tag-desfile","tag-despacho","tag-egreso","tag-grado","tag-juramento","tag-promocion","tag-sables"],"aioseo_notices":[],"_links":{"self":[{"href":"https:\/\/www.ejercito.mil.uy\/index.php\/wp-json\/wp\/v2\/posts\/28583","targetHints":{"allow":["GET"]}}],"collection":[{"href":"https:\/\/www.ejercito.mil.uy\/index.php\/wp-json\/wp\/v2\/posts"}],"about":[{"href":"https:\/\/www.ejercito.mil.uy\/index.php\/wp-json\/wp\/v2\/types\/post"}],"author":[{"embeddable":true,"href":"https:\/\/www.ejercito.mil.uy\/index.php\/wp-json\/wp\/v2\/users\/4"}],"replies":[{"embeddable":true,"href":"https:\/\/www.ejercito.mil.uy\/index.php\/wp-json\/wp\/v2\/comments?post=28583"}],"version-history":[{"count":10,"href":"https:\/\/www.ejercito.mil.uy\/index.php\/wp-json\/wp\/v2\/posts\/28583\/revisions"}],"predecessor-version":[{"id":28631,"href":"https:\/\/www.ejercito.mil.uy\/index.php\/wp-json\/wp\/v2\/posts\/28583\/revisions\/28631"}],"wp:featuredmedia":[{"embeddable":true,"href":"https:\/\/www.ejercito.mil.uy\/index.php\/wp-json\/wp\/v2\/media\/28624"}],"wp:attachment":[{"href":"https:\/\/www.ejercito.mil.uy\/index.php\/wp-json\/wp\/v2\/media?parent=28583"}],"wp:term":[{"taxonomy":"category","embeddable":true,"href":"https:\/\/www.ejercito.mil.uy\/index.php\/wp-json\/wp\/v2\/categories?post=28583"},{"taxonomy":"post_tag","embeddable":true,"href":"https:\/\/www.ejercito.mil.uy\/index.php\/wp-json\/wp\/v2\/tags?post=28583"}],"curies":[{"name":"wp","href":"https:\/\/api.w.org\/{rel}","templated":true}]}}