{"id":28643,"date":"2024-03-02T10:25:36","date_gmt":"2024-03-02T13:25:36","guid":{"rendered":"https:\/\/www.ejercito.mil.uy\/?p=28643"},"modified":"2024-03-02T10:31:09","modified_gmt":"2024-03-02T13:31:09","slug":"apertura-de-camaras-del-quinto-periodo-ordinario-de-sesiones-de-la-xlixa-legislatura","status":"publish","type":"post","link":"https:\/\/www.ejercito.mil.uy\/index.php\/2024\/03\/02\/apertura-de-camaras-del-quinto-periodo-ordinario-de-sesiones-de-la-xlixa-legislatura\/","title":{"rendered":"Apertura de C\u00e1maras del Quinto Periodo Ordinario de Sesiones de la XLIX\u00aa Legislatura"},"content":{"rendered":"\n<p class=\"has-small-font-size\">01.03.2023 &#8211; Montevideo<\/p>\n\n\n\n<div style=\"height:22px\" aria-hidden=\"true\" class=\"wp-block-spacer\"><\/div>\n\n\n\n<p class=\"has-white-color has-text-color has-background has-medium-font-size\" style=\"background-color:#1f6728\"><strong>En la tarde del 1ro de marzo, se realiz\u00f3 la ceremonia de apertura de C\u00e1maras del Quinto per\u00edodo de la XLIX\u00aa del Poder Legislativo, en la explanada del Palacio Legislativo.<\/strong><\/p>\n\n\n\n<div style=\"height:50px\" aria-hidden=\"true\" class=\"wp-block-spacer\"><\/div>\n\n\n\n<div aria-label=\"Carousel Gallery\" class=\"wp-block-coblocks-gallery-carousel\"><div class=\"coblocks-gallery-carousel-swiper-container is-cropped coblocks-gallery has-no-alignment has-caption-style-dark has-no-thumbnails\"><div class=\"has-carousel has-carousel-xlrg swiper-container\" data-swiper=\"{&quot;alignCells&quot;:false,&quot;autoPlay&quot;:false,&quot;autoPlaySpeed&quot;:&quot;5000&quot;,&quot;draggable&quot;:true,&quot;freeMode&quot;:false,&quot;loop&quot;:false,&quot;navigation&quot;:true,&quot;pageDots&quot;:false,&quot;pauseHover&quot;:false,&quot;responsiveHeight&quot;:false,&quot;slidesPerView&quot;:1,&quot;thumbnails&quot;:false,&quot;uuid&quot;:&quot;12345&quot;}\" style=\"height:550px\"><div class=\"swiper-wrapper\"><div class=\"swiper-slide\"><div class=\"coblocks-gallery--item\" role=\"button\" tabindex=\"0\"><figure class=\"coblocks-gallery--figure\"><img fetchpriority=\"high\" decoding=\"async\" width=\"1024\" height=\"683\" alt=\"\" class=\"wp-image-28650\" data-id=\"28650\" data-link=\"https:\/\/www.ejercito.mil.uy\/index.php\/2024\/03\/02\/apertura-de-camaras-del-quinto-periodo-ordinario-de-sesiones-de-la-xlixa-legislatura\/florida-2-2\/\" src=\"https:\/\/www.ejercito.mil.uy\/wp-content\/uploads\/2024\/03\/FLORIDA-2-1024x683.jpg\" srcset=\"https:\/\/www.ejercito.mil.uy\/wp-content\/uploads\/2024\/03\/FLORIDA-2-1024x683.jpg 1024w, https:\/\/www.ejercito.mil.uy\/wp-content\/uploads\/2024\/03\/FLORIDA-2-300x200.jpg 300w, https:\/\/www.ejercito.mil.uy\/wp-content\/uploads\/2024\/03\/FLORIDA-2.jpg 1200w\" sizes=\"(max-width: 1024px) 100vw, 1024px\" \/><\/figure><figcaption class=\"coblocks-gallery--caption coblocks-gallery--primary-caption\"><\/figcaption><\/div><\/div><div class=\"swiper-slide\"><div class=\"coblocks-gallery--item\" role=\"button\" tabindex=\"1\"><figure class=\"coblocks-gallery--figure\"><img decoding=\"async\" width=\"1024\" height=\"683\" alt=\"\" class=\"wp-image-28651\" data-id=\"28651\" data-link=\"https:\/\/www.ejercito.mil.uy\/index.php\/2024\/03\/02\/apertura-de-camaras-del-quinto-periodo-ordinario-de-sesiones-de-la-xlixa-legislatura\/florida-5-2\/\" src=\"https:\/\/www.ejercito.mil.uy\/wp-content\/uploads\/2024\/03\/FLORIDA-5-1024x683.jpg\" srcset=\"https:\/\/www.ejercito.mil.uy\/wp-content\/uploads\/2024\/03\/FLORIDA-5-1024x683.jpg 1024w, https:\/\/www.ejercito.mil.uy\/wp-content\/uploads\/2024\/03\/FLORIDA-5-300x200.jpg 300w, https:\/\/www.ejercito.mil.uy\/wp-content\/uploads\/2024\/03\/FLORIDA-5.jpg 1200w\" sizes=\"(max-width: 1024px) 100vw, 1024px\" \/><\/figure><figcaption class=\"coblocks-gallery--caption coblocks-gallery--primary-caption\"><\/figcaption><\/div><\/div><div class=\"swiper-slide\"><div class=\"coblocks-gallery--item\" role=\"button\" tabindex=\"2\"><figure class=\"coblocks-gallery--figure\"><img decoding=\"async\" width=\"1024\" height=\"683\" alt=\"\" class=\"wp-image-28649\" data-id=\"28649\" data-link=\"https:\/\/www.ejercito.mil.uy\/index.php\/2024\/03\/02\/apertura-de-camaras-del-quinto-periodo-ordinario-de-sesiones-de-la-xlixa-legislatura\/florida-1-2\/\" src=\"https:\/\/www.ejercito.mil.uy\/wp-content\/uploads\/2024\/03\/FLORIDA-1-1024x683.jpg\" srcset=\"https:\/\/www.ejercito.mil.uy\/wp-content\/uploads\/2024\/03\/FLORIDA-1-1024x683.jpg 1024w, https:\/\/www.ejercito.mil.uy\/wp-content\/uploads\/2024\/03\/FLORIDA-1-300x200.jpg 300w, https:\/\/www.ejercito.mil.uy\/wp-content\/uploads\/2024\/03\/FLORIDA-1.jpg 1200w\" sizes=\"(max-width: 1024px) 100vw, 1024px\" \/><\/figure><figcaption class=\"coblocks-gallery--caption coblocks-gallery--primary-caption\"><\/figcaption><\/div><\/div><div class=\"swiper-slide\"><div class=\"coblocks-gallery--item\" role=\"button\" tabindex=\"3\"><figure class=\"coblocks-gallery--figure\"><img loading=\"lazy\" decoding=\"async\" width=\"1024\" height=\"683\" alt=\"\" class=\"wp-image-28663\" data-id=\"28663\" data-link=\"https:\/\/www.ejercito.mil.uy\/index.php\/2024\/03\/02\/apertura-de-camaras-del-quinto-periodo-ordinario-de-sesiones-de-la-xlixa-legislatura\/florida-4\/\" src=\"https:\/\/www.ejercito.mil.uy\/wp-content\/uploads\/2024\/03\/FLORIDA-4-1024x683.jpg\" srcset=\"https:\/\/www.ejercito.mil.uy\/wp-content\/uploads\/2024\/03\/FLORIDA-4-1024x683.jpg 1024w, https:\/\/www.ejercito.mil.uy\/wp-content\/uploads\/2024\/03\/FLORIDA-4-300x200.jpg 300w, https:\/\/www.ejercito.mil.uy\/wp-content\/uploads\/2024\/03\/FLORIDA-4.jpg 1200w\" sizes=\"(max-width: 1024px) 100vw, 1024px\" \/><\/figure><figcaption class=\"coblocks-gallery--caption coblocks-gallery--primary-caption\"><\/figcaption><\/div><\/div><\/div><button class=\"nav-button__prev\" id=\"12345-prev\"><svg class=\"icon\" style=\"transform:rotate(180deg)\"><\/svg><\/button><button class=\"nav-button__next\" id=\"12345-next\"><svg class=\"icon\"><\/svg><\/button><\/div><\/div><\/div>\n\n\n\n<div style=\"height:50px\" aria-hidden=\"true\" class=\"wp-block-spacer\"><\/div>\n\n\n\n<p style=\"font-size:18px\">Con la presencia de la Sra. Presidente de la Asamblea General, Esc. Beatriz Argim\u00f3n y la Sra. Presidente de la C\u00e1mara de Representantes, Diputada Ana Olivera, acompa\u00f1adas por el <strong>Jefe del Batall\u00f3n \u201cFlorida\u201d de Infanter\u00eda N\u00ba 1, Tte. Cnel. Federico Silva<\/strong>, pasaron revista a los integrantes del Batall\u00f3n, Unidad custodia y protocolar del Poder Legislativo.<\/p>\n\n\n\n<div style=\"height:50px\" aria-hidden=\"true\" class=\"wp-block-spacer\"><\/div>\n\n\n\n<div aria-label=\"Carousel Gallery\" class=\"wp-block-coblocks-gallery-carousel\"><div class=\"coblocks-gallery-carousel-swiper-container is-cropped coblocks-gallery has-no-alignment has-caption-style-dark has-no-thumbnails\"><div class=\"has-carousel has-carousel-xlrg swiper-container\" data-swiper=\"{&quot;alignCells&quot;:false,&quot;autoPlay&quot;:false,&quot;autoPlaySpeed&quot;:&quot;5000&quot;,&quot;draggable&quot;:true,&quot;freeMode&quot;:false,&quot;loop&quot;:false,&quot;navigation&quot;:true,&quot;pageDots&quot;:false,&quot;pauseHover&quot;:false,&quot;responsiveHeight&quot;:false,&quot;slidesPerView&quot;:1,&quot;thumbnails&quot;:false,&quot;uuid&quot;:&quot;12345&quot;}\" style=\"height:550px\"><div class=\"swiper-wrapper\"><div class=\"swiper-slide\"><div class=\"coblocks-gallery--item\" role=\"button\" tabindex=\"0\"><figure class=\"coblocks-gallery--figure\"><img loading=\"lazy\" decoding=\"async\" width=\"1024\" height=\"683\" alt=\"\" class=\"wp-image-28661\" data-id=\"28661\" data-link=\"https:\/\/www.ejercito.mil.uy\/index.php\/2024\/03\/02\/apertura-de-camaras-del-quinto-periodo-ordinario-de-sesiones-de-la-xlixa-legislatura\/florida-8-1\/\" src=\"https:\/\/www.ejercito.mil.uy\/wp-content\/uploads\/2024\/03\/FLORIDA-8-1-1024x683.jpg\" srcset=\"https:\/\/www.ejercito.mil.uy\/wp-content\/uploads\/2024\/03\/FLORIDA-8-1-1024x683.jpg 1024w, https:\/\/www.ejercito.mil.uy\/wp-content\/uploads\/2024\/03\/FLORIDA-8-1-300x200.jpg 300w, https:\/\/www.ejercito.mil.uy\/wp-content\/uploads\/2024\/03\/FLORIDA-8-1.jpg 1200w\" sizes=\"(max-width: 1024px) 100vw, 1024px\" \/><\/figure><figcaption class=\"coblocks-gallery--caption coblocks-gallery--primary-caption\"><\/figcaption><\/div><\/div><div class=\"swiper-slide\"><div class=\"coblocks-gallery--item\" role=\"button\" tabindex=\"1\"><figure class=\"coblocks-gallery--figure\"><img loading=\"lazy\" decoding=\"async\" width=\"1024\" height=\"683\" alt=\"\" class=\"wp-image-28662\" data-id=\"28662\" data-link=\"https:\/\/www.ejercito.mil.uy\/index.php\/2024\/03\/02\/apertura-de-camaras-del-quinto-periodo-ordinario-de-sesiones-de-la-xlixa-legislatura\/legislativo-1-1\/\" src=\"https:\/\/www.ejercito.mil.uy\/wp-content\/uploads\/2024\/03\/Legislativo-1-1-1024x683.jpg\" srcset=\"https:\/\/www.ejercito.mil.uy\/wp-content\/uploads\/2024\/03\/Legislativo-1-1-1024x683.jpg 1024w, https:\/\/www.ejercito.mil.uy\/wp-content\/uploads\/2024\/03\/Legislativo-1-1-300x200.jpg 300w, https:\/\/www.ejercito.mil.uy\/wp-content\/uploads\/2024\/03\/Legislativo-1-1.jpg 1200w\" sizes=\"(max-width: 1024px) 100vw, 1024px\" \/><\/figure><figcaption class=\"coblocks-gallery--caption coblocks-gallery--primary-caption\"><\/figcaption><\/div><\/div><\/div><button class=\"nav-button__prev\" id=\"12345-prev\"><svg class=\"icon\" style=\"transform:rotate(180deg)\"><\/svg><\/button><button class=\"nav-button__next\" id=\"12345-next\"><svg class=\"icon\"><\/svg><\/button><\/div><\/div><\/div>\n\n\n\n<div style=\"height:50px\" aria-hidden=\"true\" class=\"wp-block-spacer\"><\/div>\n\n\n\n<p style=\"font-size:18px\">Los efectivos formados, junto con la Banda de M\u00fasicos de la Brigada \u201cGral. Eugenio Garz\u00f3n\u201d de Infanter\u00eda N\u00b0 1, desfilaron rindiendo honores a las autoridades presentes, entonando las estrofas de la marcha \u201cMi Bandera\u201d.<\/p>\n\n\n\n<div style=\"height:50px\" aria-hidden=\"true\" class=\"wp-block-spacer\"><\/div>\n\n\n\n<div aria-label=\"Carousel Gallery\" class=\"wp-block-coblocks-gallery-carousel\"><div class=\"coblocks-gallery-carousel-swiper-container is-cropped coblocks-gallery has-no-alignment has-caption-style-dark has-no-thumbnails\"><div class=\"has-carousel has-carousel-xlrg swiper-container\" data-swiper=\"{&quot;alignCells&quot;:false,&quot;autoPlay&quot;:true,&quot;autoPlaySpeed&quot;:&quot;5000&quot;,&quot;draggable&quot;:true,&quot;freeMode&quot;:false,&quot;loop&quot;:true,&quot;navigation&quot;:true,&quot;pageDots&quot;:false,&quot;pauseHover&quot;:false,&quot;responsiveHeight&quot;:false,&quot;slidesPerView&quot;:1,&quot;thumbnails&quot;:false,&quot;uuid&quot;:&quot;12345&quot;}\" style=\"height:550px\"><div class=\"swiper-wrapper\"><div class=\"swiper-slide\"><div class=\"coblocks-gallery--item\" role=\"button\" tabindex=\"0\"><figure class=\"coblocks-gallery--figure\"><img loading=\"lazy\" decoding=\"async\" width=\"1024\" height=\"683\" alt=\"\" class=\"wp-image-19521\" data-id=\"19521\" data-link=\"https:\/\/www.ejercito.mil.uy\/index.php\/2023\/03\/02\/apertura-de-camaras-del-cuarto-periodo-ordinario-de-sesiones-de-la-xlixa-legislatura\/apertura-de-camaras-del-cuarto-periodo-ordinario-de-sesiones-de-la-xlixa-legislatura-3\/\" src=\"https:\/\/www.ejercito.mil.uy\/wp-content\/uploads\/2023\/03\/Apertura-de-Camaras-del-Cuarto-Periodo-Ordinario-de-Sesiones-de-la-XLIXa-Legislatura-3-1024x683.jpg\" srcset=\"https:\/\/www.ejercito.mil.uy\/wp-content\/uploads\/2023\/03\/Apertura-de-Camaras-del-Cuarto-Periodo-Ordinario-de-Sesiones-de-la-XLIXa-Legislatura-3-1024x683.jpg 1024w, https:\/\/www.ejercito.mil.uy\/wp-content\/uploads\/2023\/03\/Apertura-de-Camaras-del-Cuarto-Periodo-Ordinario-de-Sesiones-de-la-XLIXa-Legislatura-3-300x200.jpg 300w, https:\/\/www.ejercito.mil.uy\/wp-content\/uploads\/2023\/03\/Apertura-de-Camaras-del-Cuarto-Periodo-Ordinario-de-Sesiones-de-la-XLIXa-Legislatura-3.jpg 1200w\" sizes=\"(max-width: 1024px) 100vw, 1024px\" \/><\/figure><figcaption class=\"coblocks-gallery--caption coblocks-gallery--primary-caption\"><\/figcaption><\/div><\/div><div class=\"swiper-slide\"><div class=\"coblocks-gallery--item\" role=\"button\" tabindex=\"1\"><figure class=\"coblocks-gallery--figure\"><img loading=\"lazy\" decoding=\"async\" width=\"1024\" height=\"683\" alt=\"\" class=\"wp-image-28657\" data-id=\"28657\" data-link=\"https:\/\/www.ejercito.mil.uy\/index.php\/2024\/03\/02\/apertura-de-camaras-del-quinto-periodo-ordinario-de-sesiones-de-la-xlixa-legislatura\/florida-7-2\/\" src=\"https:\/\/www.ejercito.mil.uy\/wp-content\/uploads\/2024\/03\/FLORIDA-7-1024x683.jpg\" srcset=\"https:\/\/www.ejercito.mil.uy\/wp-content\/uploads\/2024\/03\/FLORIDA-7-1024x683.jpg 1024w, https:\/\/www.ejercito.mil.uy\/wp-content\/uploads\/2024\/03\/FLORIDA-7-300x200.jpg 300w, https:\/\/www.ejercito.mil.uy\/wp-content\/uploads\/2024\/03\/FLORIDA-7.jpg 1200w\" sizes=\"(max-width: 1024px) 100vw, 1024px\" \/><\/figure><figcaption class=\"coblocks-gallery--caption coblocks-gallery--primary-caption\"><\/figcaption><\/div><\/div><div class=\"swiper-slide\"><div class=\"coblocks-gallery--item\" role=\"button\" tabindex=\"2\"><figure class=\"coblocks-gallery--figure\"><img loading=\"lazy\" decoding=\"async\" width=\"1024\" height=\"683\" alt=\"\" class=\"wp-image-28656\" data-id=\"28656\" data-link=\"https:\/\/www.ejercito.mil.uy\/index.php\/2024\/03\/02\/apertura-de-camaras-del-quinto-periodo-ordinario-de-sesiones-de-la-xlixa-legislatura\/florida-6-2\/\" src=\"https:\/\/www.ejercito.mil.uy\/wp-content\/uploads\/2024\/03\/FLORIDA-6-1024x683.jpg\" srcset=\"https:\/\/www.ejercito.mil.uy\/wp-content\/uploads\/2024\/03\/FLORIDA-6-1024x683.jpg 1024w, https:\/\/www.ejercito.mil.uy\/wp-content\/uploads\/2024\/03\/FLORIDA-6-300x200.jpg 300w, https:\/\/www.ejercito.mil.uy\/wp-content\/uploads\/2024\/03\/FLORIDA-6.jpg 1200w\" sizes=\"(max-width: 1024px) 100vw, 1024px\" \/><\/figure><figcaption class=\"coblocks-gallery--caption coblocks-gallery--primary-caption\"><\/figcaption><\/div><\/div><div class=\"swiper-slide\"><div class=\"coblocks-gallery--item\" role=\"button\" tabindex=\"3\"><figure class=\"coblocks-gallery--figure\"><img loading=\"lazy\" decoding=\"async\" width=\"1024\" height=\"683\" alt=\"\" class=\"wp-image-28658\" data-id=\"28658\" data-link=\"https:\/\/www.ejercito.mil.uy\/index.php\/2024\/03\/02\/apertura-de-camaras-del-quinto-periodo-ordinario-de-sesiones-de-la-xlixa-legislatura\/legislativo-2\/\" src=\"https:\/\/www.ejercito.mil.uy\/wp-content\/uploads\/2024\/03\/Legislativo-2-1024x683.jpg\" srcset=\"https:\/\/www.ejercito.mil.uy\/wp-content\/uploads\/2024\/03\/Legislativo-2-1024x683.jpg 1024w, https:\/\/www.ejercito.mil.uy\/wp-content\/uploads\/2024\/03\/Legislativo-2-300x200.jpg 300w, https:\/\/www.ejercito.mil.uy\/wp-content\/uploads\/2024\/03\/Legislativo-2.jpg 1200w\" sizes=\"(max-width: 1024px) 100vw, 1024px\" \/><\/figure><figcaption class=\"coblocks-gallery--caption coblocks-gallery--primary-caption\"><\/figcaption><\/div><\/div><div class=\"swiper-slide\"><div class=\"coblocks-gallery--item\" role=\"button\" tabindex=\"4\"><figure class=\"coblocks-gallery--figure\"><img loading=\"lazy\" decoding=\"async\" width=\"1024\" height=\"683\" alt=\"\" class=\"wp-image-28655\" data-id=\"28655\" data-link=\"https:\/\/www.ejercito.mil.uy\/index.php\/2024\/03\/02\/apertura-de-camaras-del-quinto-periodo-ordinario-de-sesiones-de-la-xlixa-legislatura\/florida-3-2\/\" src=\"https:\/\/www.ejercito.mil.uy\/wp-content\/uploads\/2024\/03\/FLORIDA-3-1024x683.jpg\" srcset=\"https:\/\/www.ejercito.mil.uy\/wp-content\/uploads\/2024\/03\/FLORIDA-3-1024x683.jpg 1024w, https:\/\/www.ejercito.mil.uy\/wp-content\/uploads\/2024\/03\/FLORIDA-3-300x200.jpg 300w, https:\/\/www.ejercito.mil.uy\/wp-content\/uploads\/2024\/03\/FLORIDA-3.jpg 1200w\" sizes=\"(max-width: 1024px) 100vw, 1024px\" \/><\/figure><figcaption class=\"coblocks-gallery--caption coblocks-gallery--primary-caption\"><\/figcaption><\/div><\/div><div class=\"swiper-slide\"><div class=\"coblocks-gallery--item\" role=\"button\" tabindex=\"5\"><figure class=\"coblocks-gallery--figure\"><img loading=\"lazy\" decoding=\"async\" width=\"1024\" height=\"683\" alt=\"\" class=\"wp-image-28659\" data-id=\"28659\" data-link=\"https:\/\/www.ejercito.mil.uy\/index.php\/2024\/03\/02\/apertura-de-camaras-del-quinto-periodo-ordinario-de-sesiones-de-la-xlixa-legislatura\/legislativo-3\/\" src=\"https:\/\/www.ejercito.mil.uy\/wp-content\/uploads\/2024\/03\/Legislativo-3-1024x683.jpg\" srcset=\"https:\/\/www.ejercito.mil.uy\/wp-content\/uploads\/2024\/03\/Legislativo-3-1024x683.jpg 1024w, https:\/\/www.ejercito.mil.uy\/wp-content\/uploads\/2024\/03\/Legislativo-3-300x200.jpg 300w, https:\/\/www.ejercito.mil.uy\/wp-content\/uploads\/2024\/03\/Legislativo-3.jpg 1200w\" sizes=\"(max-width: 1024px) 100vw, 1024px\" \/><\/figure><figcaption class=\"coblocks-gallery--caption coblocks-gallery--primary-caption\"><\/figcaption><\/div><\/div><div class=\"swiper-slide\"><div class=\"coblocks-gallery--item\" role=\"button\" tabindex=\"6\"><figure class=\"coblocks-gallery--figure\"><img loading=\"lazy\" decoding=\"async\" width=\"1024\" height=\"683\" alt=\"\" class=\"wp-image-28660\" data-id=\"28660\" data-link=\"https:\/\/www.ejercito.mil.uy\/index.php\/2024\/03\/02\/apertura-de-camaras-del-quinto-periodo-ordinario-de-sesiones-de-la-xlixa-legislatura\/legislativo-7\/\" src=\"https:\/\/www.ejercito.mil.uy\/wp-content\/uploads\/2024\/03\/Legislativo-7-1024x683.jpg\" srcset=\"https:\/\/www.ejercito.mil.uy\/wp-content\/uploads\/2024\/03\/Legislativo-7-1024x683.jpg 1024w, https:\/\/www.ejercito.mil.uy\/wp-content\/uploads\/2024\/03\/Legislativo-7-300x200.jpg 300w, https:\/\/www.ejercito.mil.uy\/wp-content\/uploads\/2024\/03\/Legislativo-7.jpg 1200w\" sizes=\"(max-width: 1024px) 100vw, 1024px\" \/><\/figure><figcaption class=\"coblocks-gallery--caption coblocks-gallery--primary-caption\"><\/figcaption><\/div><\/div><\/div><button class=\"nav-button__prev\" id=\"12345-prev\"><svg class=\"icon\" style=\"transform:rotate(180deg)\"><\/svg><\/button><button class=\"nav-button__next\" id=\"12345-next\"><svg class=\"icon\"><\/svg><\/button><\/div><\/div><\/div>\n\n\n\n<div style=\"height:50px\" aria-hidden=\"true\" class=\"wp-block-spacer\"><\/div>\n\n\n\n<p style=\"font-size:18px\">Los Jefes y Oficiales de la Unidad, presentaron sus saludos a la Presidente de la Asamblea General en ejercicio y dem\u00e1s autoridades en el Sal\u00f3n de los Pasos Perdidos.<\/p>\n\n\n\n<div style=\"height:50px\" aria-hidden=\"true\" class=\"wp-block-spacer\"><\/div>\n\n\n\n<div aria-label=\"Carousel Gallery\" class=\"wp-block-coblocks-gallery-carousel\"><div class=\"coblocks-gallery-carousel-swiper-container is-cropped coblocks-gallery has-no-alignment has-caption-style-dark has-no-thumbnails\"><div class=\"has-carousel has-carousel-xlrg swiper-container\" data-swiper=\"{&quot;alignCells&quot;:false,&quot;autoPlay&quot;:false,&quot;autoPlaySpeed&quot;:3000,&quot;draggable&quot;:true,&quot;freeMode&quot;:false,&quot;loop&quot;:false,&quot;navigation&quot;:true,&quot;pageDots&quot;:false,&quot;pauseHover&quot;:false,&quot;responsiveHeight&quot;:false,&quot;slidesPerView&quot;:1,&quot;thumbnails&quot;:false,&quot;uuid&quot;:&quot;12345&quot;}\" style=\"height:555px\"><div class=\"swiper-wrapper\"><div class=\"swiper-slide\"><div class=\"coblocks-gallery--item\" role=\"button\" tabindex=\"0\"><figure class=\"coblocks-gallery--figure has-margin-left-mobile-5 has-margin-right-mobile-5\"><img loading=\"lazy\" decoding=\"async\" width=\"1024\" height=\"683\" alt=\"\" class=\"wp-image-28645\" data-id=\"28645\" data-link=\"https:\/\/www.ejercito.mil.uy\/?attachment_id=28645\" src=\"https:\/\/www.ejercito.mil.uy\/wp-content\/uploads\/2024\/03\/Legislativo-4-1024x683.jpg\" srcset=\"https:\/\/www.ejercito.mil.uy\/wp-content\/uploads\/2024\/03\/Legislativo-4-1024x683.jpg 1024w, https:\/\/www.ejercito.mil.uy\/wp-content\/uploads\/2024\/03\/Legislativo-4-300x200.jpg 300w, https:\/\/www.ejercito.mil.uy\/wp-content\/uploads\/2024\/03\/Legislativo-4.jpg 1200w\" sizes=\"(max-width: 1024px) 100vw, 1024px\" \/><\/figure><figcaption class=\"coblocks-gallery--caption coblocks-gallery--primary-caption\"><\/figcaption><\/div><\/div><div class=\"swiper-slide\"><div class=\"coblocks-gallery--item\" role=\"button\" tabindex=\"1\"><figure class=\"coblocks-gallery--figure has-margin-left-mobile-5 has-margin-right-mobile-5\"><img loading=\"lazy\" decoding=\"async\" width=\"1024\" height=\"683\" alt=\"\" class=\"wp-image-28646\" data-id=\"28646\" data-link=\"https:\/\/www.ejercito.mil.uy\/?attachment_id=28646\" src=\"https:\/\/www.ejercito.mil.uy\/wp-content\/uploads\/2024\/03\/Legislativo-5-1024x683.jpg\" srcset=\"https:\/\/www.ejercito.mil.uy\/wp-content\/uploads\/2024\/03\/Legislativo-5-1024x683.jpg 1024w, https:\/\/www.ejercito.mil.uy\/wp-content\/uploads\/2024\/03\/Legislativo-5-300x200.jpg 300w, https:\/\/www.ejercito.mil.uy\/wp-content\/uploads\/2024\/03\/Legislativo-5.jpg 1200w\" sizes=\"(max-width: 1024px) 100vw, 1024px\" \/><\/figure><figcaption class=\"coblocks-gallery--caption coblocks-gallery--primary-caption\"><\/figcaption><\/div><\/div><div class=\"swiper-slide\"><div class=\"coblocks-gallery--item\" role=\"button\" tabindex=\"2\"><figure class=\"coblocks-gallery--figure has-margin-left-mobile-5 has-margin-right-mobile-5\"><img loading=\"lazy\" decoding=\"async\" width=\"1024\" height=\"683\" alt=\"\" class=\"wp-image-28647\" data-id=\"28647\" data-link=\"https:\/\/www.ejercito.mil.uy\/?attachment_id=28647\" src=\"https:\/\/www.ejercito.mil.uy\/wp-content\/uploads\/2024\/03\/Legislativo-6-1024x683.jpg\" srcset=\"https:\/\/www.ejercito.mil.uy\/wp-content\/uploads\/2024\/03\/Legislativo-6-1024x683.jpg 1024w, https:\/\/www.ejercito.mil.uy\/wp-content\/uploads\/2024\/03\/Legislativo-6-300x200.jpg 300w, https:\/\/www.ejercito.mil.uy\/wp-content\/uploads\/2024\/03\/Legislativo-6.jpg 1200w\" sizes=\"(max-width: 1024px) 100vw, 1024px\" \/><\/figure><figcaption class=\"coblocks-gallery--caption coblocks-gallery--primary-caption\"><\/figcaption><\/div><\/div><\/div><button class=\"nav-button__prev\" id=\"12345-prev\"><svg class=\"icon\" style=\"transform:rotate(180deg)\"><\/svg><\/button><button class=\"nav-button__next\" id=\"12345-next\"><svg class=\"icon\"><\/svg><\/button><\/div><\/div><\/div>\n\n\n\n<div style=\"height:22px\" aria-hidden=\"true\" class=\"wp-block-spacer\"><\/div>\n\n\n\n<p><a href=\"https:\/\/www.facebook.com\/BatallonFlorida?__cft__[0]=AZV8txU65vwgil2QdwMmHtUr_jirXweo1EhzEqCBsDWCw_ONy6kqTcWwhUdY66o1fcbfyCNY1Y6C1IIEgKaYwuEL3qKQ5TMroksoWBEogn8n96GBYm4DqrO_OkqvOiEzzmejrgATw4_Jq_MteywUyPXMCEXQpNzU1ARwLGGzBWwWK7h5A3x9s-tr1PitPhIJz64&amp;__tn__=-]K-R\" target=\"_blank\" rel=\"noreferrer noopener\">Batall\u00f3n Florida<\/a> <\/p>\n\n\n\n<div style=\"height:100px\" aria-hidden=\"true\" class=\"wp-block-spacer\"><\/div>\n","protected":false},"excerpt":{"rendered":"<p>01.03.2023 &#8211; En la tarde del 1ro de marzo, se realiz\u00f3 la ceremonia de apertura de C\u00e1maras del Quinto per\u00edodo de la XLIX\u00aa del Poder Legislativo, en la explanada del Palacio Legislativo.<\/p>\n","protected":false},"author":4,"featured_media":28650,"comment_status":"open","ping_status":"open","sticky":false,"template":"","format":"standard","meta":{"_coblocks_attr":"","_coblocks_dimensions":"","_coblocks_responsive_height":"","_coblocks_accordion_ie_support":"","_monsterinsights_skip_tracking":false,"_monsterinsights_sitenote_active":false,"_monsterinsights_sitenote_note":"","_monsterinsights_sitenote_category":0,"_uf_show_specific_survey":0,"_uf_disable_surveys":false,"footnotes":""},"categories":[2,10,14,1],"tags":[189,832,44,406,834,105,833,291,835,836],"class_list":["post-28643","post","type-post","status-publish","format-standard","has-post-thumbnail","hentry","category-blog","category-destacados","category-noticias","category-sin-categoria","tag-apertura","tag-camaras","tag-ceremonia","tag-desfile","tag-explanada","tag-florida","tag-legislatura","tag-palacio","tag-periodo","tag-sesiones"],"aioseo_notices":[],"_links":{"self":[{"href":"https:\/\/www.ejercito.mil.uy\/index.php\/wp-json\/wp\/v2\/posts\/28643","targetHints":{"allow":["GET"]}}],"collection":[{"href":"https:\/\/www.ejercito.mil.uy\/index.php\/wp-json\/wp\/v2\/posts"}],"about":[{"href":"https:\/\/www.ejercito.mil.uy\/index.php\/wp-json\/wp\/v2\/types\/post"}],"author":[{"embeddable":true,"href":"https:\/\/www.ejercito.mil.uy\/index.php\/wp-json\/wp\/v2\/users\/4"}],"replies":[{"embeddable":true,"href":"https:\/\/www.ejercito.mil.uy\/index.php\/wp-json\/wp\/v2\/comments?post=28643"}],"version-history":[{"count":3,"href":"https:\/\/www.ejercito.mil.uy\/index.php\/wp-json\/wp\/v2\/posts\/28643\/revisions"}],"predecessor-version":[{"id":28664,"href":"https:\/\/www.ejercito.mil.uy\/index.php\/wp-json\/wp\/v2\/posts\/28643\/revisions\/28664"}],"wp:featuredmedia":[{"embeddable":true,"href":"https:\/\/www.ejercito.mil.uy\/index.php\/wp-json\/wp\/v2\/media\/28650"}],"wp:attachment":[{"href":"https:\/\/www.ejercito.mil.uy\/index.php\/wp-json\/wp\/v2\/media?parent=28643"}],"wp:term":[{"taxonomy":"category","embeddable":true,"href":"https:\/\/www.ejercito.mil.uy\/index.php\/wp-json\/wp\/v2\/categories?post=28643"},{"taxonomy":"post_tag","embeddable":true,"href":"https:\/\/www.ejercito.mil.uy\/index.php\/wp-json\/wp\/v2\/tags?post=28643"}],"curies":[{"name":"wp","href":"https:\/\/api.w.org\/{rel}","templated":true}]}}