{"id":28722,"date":"2024-03-06T14:41:42","date_gmt":"2024-03-06T17:41:42","guid":{"rendered":"https:\/\/www.ejercito.mil.uy\/?p=28722"},"modified":"2024-03-08T11:31:07","modified_gmt":"2024-03-08T14:31:07","slug":"curso-operacion-y-mantenimiento-de-rpz-condor-4x4","status":"publish","type":"post","link":"https:\/\/www.ejercito.mil.uy\/index.php\/2024\/03\/06\/curso-operacion-y-mantenimiento-de-rpz-condor-4x4\/","title":{"rendered":"Curso Operaci\u00f3n y Mantenimiento de RPZ C\u00f3ndor 4&#215;4"},"content":{"rendered":"\n<div style=\"height:22px\" aria-hidden=\"true\" class=\"wp-block-spacer\"><\/div>\n\n\n\n<p class=\"has-black-color has-text-color has-medium-font-size\">06.03.2024 &#8211; <strong>San Jos\u00e9 <\/strong><\/p>\n\n\n\n<div style=\"height:33px\" aria-hidden=\"true\" class=\"wp-block-spacer\"><\/div>\n\n\n\n<p class=\"has-white-color has-text-color has-background has-medium-font-size\" style=\"background-color:#1f6728\">Desde el 19 de febrero al 06 de marzo, se realiz\u00f3 el <strong>Curso Operaci\u00f3n y Mantenimiento de RPZ C\u00f3ndor 4&#215;4 <\/strong>en el Batall\u00f3n \u00abCapit\u00e1n Manuel Artigas\u00bb de Infanter\u00eda Mecanizado N\u00b0 6.<\/p>\n\n\n\n<div style=\"height:33px\" aria-hidden=\"true\" class=\"wp-block-spacer\"><\/div>\n\n\n\n<p class=\"has-black-color has-text-color has-medium-font-size\">El curso consta de clases te\u00f3ricas y pr\u00e1cticas sobre conceptos b\u00e1sicos de mec\u00e1nica, funcionamiento, operaci\u00f3n y conducci\u00f3n del veh\u00edculo.<\/p>\n\n\n\n<div style=\"height:33px\" aria-hidden=\"true\" class=\"wp-block-spacer\"><\/div>\n\n\n\n<p class=\"has-black-color has-text-color has-medium-font-size\">Se busca despertar en los alumnos la responsabilidad sobre el mantenimiento del veh\u00edculo.<\/p>\n\n\n\n<div style=\"height:33px\" aria-hidden=\"true\" class=\"wp-block-spacer\"><\/div>\n\n\n\n<div aria-label=\"Carousel Gallery\" class=\"wp-block-coblocks-gallery-carousel\"><div class=\"coblocks-gallery-carousel-swiper-container is-cropped coblocks-gallery has-no-alignment has-caption-style-dark has-no-thumbnails\"><div class=\"has-carousel has-carousel-xlrg swiper-container\" data-swiper=\"{&quot;alignCells&quot;:false,&quot;autoPlay&quot;:false,&quot;autoPlaySpeed&quot;:3000,&quot;draggable&quot;:true,&quot;freeMode&quot;:false,&quot;loop&quot;:true,&quot;navigation&quot;:true,&quot;pageDots&quot;:false,&quot;pauseHover&quot;:false,&quot;responsiveHeight&quot;:false,&quot;slidesPerView&quot;:1,&quot;thumbnails&quot;:false,&quot;uuid&quot;:&quot;12345&quot;}\" style=\"height:550px\"><div class=\"swiper-wrapper\"><div class=\"swiper-slide\"><div class=\"coblocks-gallery--item\" role=\"button\"><figure class=\"coblocks-gallery--figure\"><img fetchpriority=\"high\" decoding=\"async\" width=\"1200\" height=\"800\" alt=\"\" class=\"wp-image-28726\" data-id=\"28726\" data-link=\"https:\/\/www.ejercito.mil.uy\/?attachment_id=28726\" src=\"https:\/\/www.ejercito.mil.uy\/wp-content\/uploads\/2024\/03\/3-1024x683.jpg\" srcset=\"https:\/\/www.ejercito.mil.uy\/wp-content\/uploads\/2024\/03\/3-1024x683.jpg 1024w, https:\/\/www.ejercito.mil.uy\/wp-content\/uploads\/2024\/03\/3-300x200.jpg 300w, https:\/\/www.ejercito.mil.uy\/wp-content\/uploads\/2024\/03\/3.jpg 1200w\" sizes=\"(max-width: 1200px) 100vw, 1200px\" \/><\/figure><figcaption class=\"coblocks-gallery--caption coblocks-gallery--primary-caption\"><\/figcaption><\/div><\/div><div class=\"swiper-slide\"><div class=\"coblocks-gallery--item\" role=\"button\"><figure class=\"coblocks-gallery--figure\"><img decoding=\"async\" width=\"1024\" height=\"683\" alt=\"\" class=\"wp-image-28727\" data-id=\"28727\" data-link=\"https:\/\/www.ejercito.mil.uy\/?attachment_id=28727\" src=\"https:\/\/www.ejercito.mil.uy\/wp-content\/uploads\/2024\/03\/4-1024x683.jpg\" srcset=\"https:\/\/www.ejercito.mil.uy\/wp-content\/uploads\/2024\/03\/4-1024x683.jpg 1024w, https:\/\/www.ejercito.mil.uy\/wp-content\/uploads\/2024\/03\/4-300x200.jpg 300w, https:\/\/www.ejercito.mil.uy\/wp-content\/uploads\/2024\/03\/4.jpg 1200w\" sizes=\"(max-width: 1024px) 100vw, 1024px\" \/><\/figure><figcaption class=\"coblocks-gallery--caption coblocks-gallery--primary-caption\"><\/figcaption><\/div><\/div><div class=\"swiper-slide\"><div class=\"coblocks-gallery--item\" role=\"button\"><figure class=\"coblocks-gallery--figure\"><img decoding=\"async\" width=\"1024\" height=\"683\" alt=\"\" class=\"wp-image-28725\" data-id=\"28725\" data-link=\"https:\/\/www.ejercito.mil.uy\/?attachment_id=28725\" src=\"https:\/\/www.ejercito.mil.uy\/wp-content\/uploads\/2024\/03\/1-1024x683.jpg\" srcset=\"https:\/\/www.ejercito.mil.uy\/wp-content\/uploads\/2024\/03\/1-1024x683.jpg 1024w, https:\/\/www.ejercito.mil.uy\/wp-content\/uploads\/2024\/03\/1-300x200.jpg 300w, https:\/\/www.ejercito.mil.uy\/wp-content\/uploads\/2024\/03\/1.jpg 1200w\" sizes=\"(max-width: 1024px) 100vw, 1024px\" \/><\/figure><figcaption class=\"coblocks-gallery--caption coblocks-gallery--primary-caption\"><\/figcaption><\/div><\/div><div class=\"swiper-slide\"><div class=\"coblocks-gallery--item\" role=\"button\"><figure class=\"coblocks-gallery--figure\"><img loading=\"lazy\" decoding=\"async\" width=\"1024\" height=\"683\" alt=\"\" class=\"wp-image-28728\" data-id=\"28728\" data-link=\"https:\/\/www.ejercito.mil.uy\/?attachment_id=28728\" src=\"https:\/\/www.ejercito.mil.uy\/wp-content\/uploads\/2024\/03\/7-1024x683.jpg\" srcset=\"https:\/\/www.ejercito.mil.uy\/wp-content\/uploads\/2024\/03\/7-1024x683.jpg 1024w, https:\/\/www.ejercito.mil.uy\/wp-content\/uploads\/2024\/03\/7-300x200.jpg 300w, https:\/\/www.ejercito.mil.uy\/wp-content\/uploads\/2024\/03\/7.jpg 1200w\" sizes=\"(max-width: 1024px) 100vw, 1024px\" \/><\/figure><figcaption class=\"coblocks-gallery--caption coblocks-gallery--primary-caption\"><\/figcaption><\/div><\/div><\/div><button class=\"nav-button__prev\" id=\"12345-prev\"><\/button><button class=\"nav-button__next\" id=\"12345-next\"><\/button><\/div><\/div><\/div>\n\n\n\n<div style=\"height:33px\" aria-hidden=\"true\" class=\"wp-block-spacer\"><\/div>\n\n\n\n<p class=\"has-black-color has-text-color has-medium-font-size\">El C\u00f3ndor es un ic\u00f3nico veh\u00edculo que cuenta con m\u00e1s de 40 a\u00f1os a disposici\u00f3n de la Fuerza, de los cuales m\u00e1s de la mitad estuvieron desplegados en operaciones de paz en el continente africano. Fabricados por la empresa alemana Thyssen Henschel, lo moviliza su motor Mercedes-Benz OM 352A di\u00e9sel turboalimentado y una caja de cambios manual de 8 marchas, la tripulaci\u00f3n est\u00e1 constituida por conductor, Jefe de Carro y un radio operador.<\/p>\n\n\n\n<div style=\"height:33px\" aria-hidden=\"true\" class=\"wp-block-spacer\"><\/div>\n\n\n\n<figure class=\"wp-block-image size-large\"><img loading=\"lazy\" decoding=\"async\" width=\"1024\" height=\"683\" src=\"https:\/\/www.ejercito.mil.uy\/wp-content\/uploads\/2024\/03\/5-1-1024x683.jpg\" alt=\"\" class=\"wp-image-28724\" srcset=\"https:\/\/www.ejercito.mil.uy\/wp-content\/uploads\/2024\/03\/5-1-1024x683.jpg 1024w, https:\/\/www.ejercito.mil.uy\/wp-content\/uploads\/2024\/03\/5-1-300x200.jpg 300w, https:\/\/www.ejercito.mil.uy\/wp-content\/uploads\/2024\/03\/5-1.jpg 1200w\" sizes=\"(max-width: 1024px) 100vw, 1024px\" \/><\/figure>\n\n\n\n<div style=\"height:33px\" aria-hidden=\"true\" class=\"wp-block-spacer\"><\/div>\n\n\n\n<p class=\"has-medium-font-size\"><a href=\"https:\/\/www.facebook.com\/profile.php?id=100072217787952&amp;__cft__[0]=AZUagw8LhulKSS2RP2f3Gv0SHOVMFcj2GOat4CetgjlpyPtOfrJu9pkMkOE8jaT4jMKtRCAdMVUfWo5AnMAwlpdE2RIX_2ksPsuY4rNDjPkO95bVLSBdTS9W_lTCYSHO33E&amp;__tn__=-]K-R\" target=\"_blank\" rel=\"noreferrer noopener\">Batall\u00f3n de Infanter\u00eda Mecanizado N\u00ba6 Uy<\/a><\/p>\n","protected":false},"excerpt":{"rendered":"<p>06.03.2024 &#8211; Desde el 19 de febrero al 06 de marzo, los alumnos realizaron clases te\u00f3ricas y pr\u00e1cticas sobre conceptos b\u00e1sicos de mec\u00e1nica, funcionamiento, operaci\u00f3n y conducci\u00f3n del veh\u00edculo.<\/p>\n","protected":false},"author":14,"featured_media":28723,"comment_status":"open","ping_status":"open","sticky":false,"template":"","format":"standard","meta":{"_coblocks_attr":"","_coblocks_dimensions":"","_coblocks_responsive_height":"","_coblocks_accordion_ie_support":"","_monsterinsights_skip_tracking":false,"_monsterinsights_sitenote_active":false,"_monsterinsights_sitenote_note":"","_monsterinsights_sitenote_category":0,"_uf_show_specific_survey":0,"_uf_disable_surveys":false,"footnotes":""},"categories":[2,10,14,1],"tags":[1474,314,929,70,292,891,88,1475],"class_list":["post-28722","post","type-post","status-publish","format-standard","has-post-thumbnail","hentry","category-blog","category-destacados","category-noticias","category-sin-categoria","tag-4x4","tag-capacitacion","tag-condor","tag-curso","tag-mantenimiento","tag-operador","tag-vehiculos","tag-vehiculos-militares"],"aioseo_notices":[],"_links":{"self":[{"href":"https:\/\/www.ejercito.mil.uy\/index.php\/wp-json\/wp\/v2\/posts\/28722","targetHints":{"allow":["GET"]}}],"collection":[{"href":"https:\/\/www.ejercito.mil.uy\/index.php\/wp-json\/wp\/v2\/posts"}],"about":[{"href":"https:\/\/www.ejercito.mil.uy\/index.php\/wp-json\/wp\/v2\/types\/post"}],"author":[{"embeddable":true,"href":"https:\/\/www.ejercito.mil.uy\/index.php\/wp-json\/wp\/v2\/users\/14"}],"replies":[{"embeddable":true,"href":"https:\/\/www.ejercito.mil.uy\/index.php\/wp-json\/wp\/v2\/comments?post=28722"}],"version-history":[{"count":3,"href":"https:\/\/www.ejercito.mil.uy\/index.php\/wp-json\/wp\/v2\/posts\/28722\/revisions"}],"predecessor-version":[{"id":28731,"href":"https:\/\/www.ejercito.mil.uy\/index.php\/wp-json\/wp\/v2\/posts\/28722\/revisions\/28731"}],"wp:featuredmedia":[{"embeddable":true,"href":"https:\/\/www.ejercito.mil.uy\/index.php\/wp-json\/wp\/v2\/media\/28723"}],"wp:attachment":[{"href":"https:\/\/www.ejercito.mil.uy\/index.php\/wp-json\/wp\/v2\/media?parent=28722"}],"wp:term":[{"taxonomy":"category","embeddable":true,"href":"https:\/\/www.ejercito.mil.uy\/index.php\/wp-json\/wp\/v2\/categories?post=28722"},{"taxonomy":"post_tag","embeddable":true,"href":"https:\/\/www.ejercito.mil.uy\/index.php\/wp-json\/wp\/v2\/tags?post=28722"}],"curies":[{"name":"wp","href":"https:\/\/api.w.org\/{rel}","templated":true}]}}