{"id":29067,"date":"2024-03-14T17:00:00","date_gmt":"2024-03-14T20:00:00","guid":{"rendered":"https:\/\/www.ejercito.mil.uy\/?p=29067"},"modified":"2024-09-10T10:51:29","modified_gmt":"2024-09-10T13:51:29","slug":"lucha-contra-la-depresion","status":"publish","type":"post","link":"https:\/\/www.ejercito.mil.uy\/index.php\/2024\/03\/14\/lucha-contra-la-depresion\/","title":{"rendered":"Campa\u00f1a de Prevenci\u00f3n del Suicidio"},"content":{"rendered":"\n<p class=\"has-black-color has-text-color has-small-font-size\">14.03.2024  <\/p>\n\n\n\n<div style=\"height:33px\" aria-hidden=\"true\" class=\"wp-block-spacer\"><\/div>\n\n\n\n<p class=\"has-black-color has-text-color has-background has-medium-font-size\" style=\"background-color:#e5b530\"><strong>El Ej\u00e9rcito Nacional se adhiere a la prevenci\u00f3n del suicidio. <\/strong><\/p>\n\n\n\n<div style=\"height:33px\" aria-hidden=\"true\" class=\"wp-block-spacer\"><\/div>\n\n\n\n<p class=\"has-black-color has-text-color has-medium-font-size\">Recordamos las l\u00edneas gratuitas de comunicaci\u00f3n abiertas las 24 h del d\u00eda, para recibir apoyo psicol\u00f3gico: <strong>0800 0767<\/strong> y <strong>*0767<\/strong> (desde tel\u00e9fono celular).<\/p>\n\n\n\n<div style=\"height:50px\" aria-hidden=\"true\" class=\"wp-block-spacer\"><\/div>\n\n\n\n<figure class=\"wp-block-embed is-type-video is-provider-youtube wp-block-embed-youtube wp-embed-aspect-16-9 wp-has-aspect-ratio\"><div class=\"wp-block-embed__wrapper\">\n<iframe title=\"10 de Setiembre: D\u00eda Mundial para la Prevenci\u00f3n del Suicidio\" width=\"1778\" height=\"1000\" src=\"https:\/\/www.youtube.com\/embed\/FSjJPRbBNOE?feature=oembed\" frameborder=\"0\" allow=\"accelerometer; autoplay; clipboard-write; encrypted-media; gyroscope; picture-in-picture; web-share\" referrerpolicy=\"strict-origin-when-cross-origin\" allowfullscreen><\/iframe>\n<\/div><\/figure>\n\n\n\n<div style=\"height:100px\" aria-hidden=\"true\" class=\"wp-block-spacer\"><\/div>\n","protected":false},"excerpt":{"rendered":"<p>14.03.2024 &#8211; El Ej\u00e9rcito Nacional se adhiere a la prevenci\u00f3n del suicidio. <\/p>\n","protected":false},"author":4,"featured_media":16069,"comment_status":"open","ping_status":"open","sticky":false,"template":"","format":"standard","meta":{"_coblocks_attr":"","_coblocks_dimensions":"","_coblocks_responsive_height":"","_coblocks_accordion_ie_support":"","_monsterinsights_skip_tracking":false,"_monsterinsights_sitenote_active":false,"_monsterinsights_sitenote_note":"","_monsterinsights_sitenote_category":0,"_uf_show_specific_survey":0,"_uf_disable_surveys":false,"footnotes":""},"categories":[2,10,14,1],"tags":[1480,557,300,655],"class_list":["post-29067","post","type-post","status-publish","format-standard","has-post-thumbnail","hentry","category-blog","category-destacados","category-noticias","category-sin-categoria","tag-depresion","tag-ejercito","tag-prevencion","tag-suicidio"],"aioseo_notices":[],"_links":{"self":[{"href":"https:\/\/www.ejercito.mil.uy\/index.php\/wp-json\/wp\/v2\/posts\/29067","targetHints":{"allow":["GET"]}}],"collection":[{"href":"https:\/\/www.ejercito.mil.uy\/index.php\/wp-json\/wp\/v2\/posts"}],"about":[{"href":"https:\/\/www.ejercito.mil.uy\/index.php\/wp-json\/wp\/v2\/types\/post"}],"author":[{"embeddable":true,"href":"https:\/\/www.ejercito.mil.uy\/index.php\/wp-json\/wp\/v2\/users\/4"}],"replies":[{"embeddable":true,"href":"https:\/\/www.ejercito.mil.uy\/index.php\/wp-json\/wp\/v2\/comments?post=29067"}],"version-history":[{"count":11,"href":"https:\/\/www.ejercito.mil.uy\/index.php\/wp-json\/wp\/v2\/posts\/29067\/revisions"}],"predecessor-version":[{"id":34401,"href":"https:\/\/www.ejercito.mil.uy\/index.php\/wp-json\/wp\/v2\/posts\/29067\/revisions\/34401"}],"wp:featuredmedia":[{"embeddable":true,"href":"https:\/\/www.ejercito.mil.uy\/index.php\/wp-json\/wp\/v2\/media\/16069"}],"wp:attachment":[{"href":"https:\/\/www.ejercito.mil.uy\/index.php\/wp-json\/wp\/v2\/media?parent=29067"}],"wp:term":[{"taxonomy":"category","embeddable":true,"href":"https:\/\/www.ejercito.mil.uy\/index.php\/wp-json\/wp\/v2\/categories?post=29067"},{"taxonomy":"post_tag","embeddable":true,"href":"https:\/\/www.ejercito.mil.uy\/index.php\/wp-json\/wp\/v2\/tags?post=29067"}],"curies":[{"name":"wp","href":"https:\/\/api.w.org\/{rel}","templated":true}]}}