{"id":29491,"date":"2024-03-27T17:53:26","date_gmt":"2024-03-27T20:53:26","guid":{"rendered":"https:\/\/www.ejercito.mil.uy\/?p=29491"},"modified":"2024-03-27T19:56:18","modified_gmt":"2024-03-27T22:56:18","slug":"marcha-caballo","status":"publish","type":"post","link":"https:\/\/www.ejercito.mil.uy\/index.php\/2024\/03\/27\/marcha-caballo\/","title":{"rendered":"Marcha a caballo"},"content":{"rendered":"\n<p class=\"has-black-color has-text-color has-medium-font-size\">26.03.2024<\/p>\n\n\n\n<div style=\"height:22px\" aria-hidden=\"true\" class=\"wp-block-spacer\"><\/div>\n\n\n\n<p class=\"has-white-color has-text-color has-background has-medium-font-size\" style=\"background-color:#5f021f\"><strong>En el d\u00eda de ayer, martes 26 de marzo, efectivos del Regimiento \u00abBlandengues de Artigas\u00bb de Caballer\u00eda N\u00b01 comenzaron una marcha a caballo hacia la Escuela \u00abSolar de Artigas\u00bb de la Rep\u00fablica de Paraguay, junto a otros compatriotas. <\/strong><\/p>\n\n\n\n<div style=\"height:22px\" aria-hidden=\"true\" class=\"wp-block-spacer\"><\/div>\n\n\n\n<p class=\"has-black-color has-text-color has-medium-font-size\">Con motivo de cumplirse el Centenario de la Escuela en el mes de abril, ellos transitar\u00e1n el \u00faltimo camino que nuestro m\u00e1ximo h\u00e9roe, el Gral. Jos\u00e9 Gervasio Artigas recorri\u00f3 rumbo al pa\u00eds guaran\u00ed.<\/p>\n\n\n\n<div style=\"height:22px\" aria-hidden=\"true\" class=\"wp-block-spacer\"><\/div>\n\n\n\n<figure class=\"wp-block-image size-large\"><img fetchpriority=\"high\" decoding=\"async\" width=\"1024\" height=\"683\" src=\"https:\/\/www.ejercito.mil.uy\/wp-content\/uploads\/2024\/03\/FB_IMG_1711571516967-1024x683.jpg\" alt=\"\" class=\"wp-image-29485\" srcset=\"https:\/\/www.ejercito.mil.uy\/wp-content\/uploads\/2024\/03\/FB_IMG_1711571516967-1024x683.jpg 1024w, https:\/\/www.ejercito.mil.uy\/wp-content\/uploads\/2024\/03\/FB_IMG_1711571516967-300x200.jpg 300w, https:\/\/www.ejercito.mil.uy\/wp-content\/uploads\/2024\/03\/FB_IMG_1711571516967.jpg 1080w\" sizes=\"(max-width: 1024px) 100vw, 1024px\" \/><\/figure>\n\n\n\n<div style=\"height:22px\" aria-hidden=\"true\" class=\"wp-block-spacer\"><\/div>\n\n\n\n<p class=\"has-black-color has-text-color has-medium-font-size\">El Tte. 2\u00b0 Ignacio Gra\u00f1a y el Sgto. Fernando Rodr\u00edguez representan a los Blandengues de todos los tiempos.<\/p>\n\n\n\n<div style=\"height:22px\" aria-hidden=\"true\" class=\"wp-block-spacer\"><\/div>\n\n\n\n<figure class=\"wp-block-image size-large\"><img decoding=\"async\" width=\"1024\" height=\"683\" src=\"https:\/\/www.ejercito.mil.uy\/wp-content\/uploads\/2024\/03\/FB_IMG_1711571510691-1024x683.jpg\" alt=\"\" class=\"wp-image-29487\" srcset=\"https:\/\/www.ejercito.mil.uy\/wp-content\/uploads\/2024\/03\/FB_IMG_1711571510691-1024x683.jpg 1024w, https:\/\/www.ejercito.mil.uy\/wp-content\/uploads\/2024\/03\/FB_IMG_1711571510691-300x200.jpg 300w, https:\/\/www.ejercito.mil.uy\/wp-content\/uploads\/2024\/03\/FB_IMG_1711571510691.jpg 1080w\" sizes=\"(max-width: 1024px) 100vw, 1024px\" \/><\/figure>\n\n\n\n<div style=\"height:22px\" aria-hidden=\"true\" class=\"wp-block-spacer\"><\/div>\n\n\n\n<figure class=\"wp-block-image size-large\"><img decoding=\"async\" width=\"1024\" height=\"683\" src=\"https:\/\/www.ejercito.mil.uy\/wp-content\/uploads\/2024\/03\/FB_IMG_1711571514091-1024x683.jpg\" alt=\"\" class=\"wp-image-29488\" srcset=\"https:\/\/www.ejercito.mil.uy\/wp-content\/uploads\/2024\/03\/FB_IMG_1711571514091-1024x683.jpg 1024w, https:\/\/www.ejercito.mil.uy\/wp-content\/uploads\/2024\/03\/FB_IMG_1711571514091-300x200.jpg 300w, https:\/\/www.ejercito.mil.uy\/wp-content\/uploads\/2024\/03\/FB_IMG_1711571514091.jpg 1080w\" sizes=\"(max-width: 1024px) 100vw, 1024px\" \/><\/figure>\n\n\n\n<div style=\"height:22px\" aria-hidden=\"true\" class=\"wp-block-spacer\"><\/div>\n\n\n\n<figure class=\"wp-block-image size-large\"><img loading=\"lazy\" decoding=\"async\" width=\"1024\" height=\"683\" src=\"https:\/\/www.ejercito.mil.uy\/wp-content\/uploads\/2024\/03\/FB_IMG_1711571519695-1024x683.jpg\" alt=\"\" class=\"wp-image-29489\" srcset=\"https:\/\/www.ejercito.mil.uy\/wp-content\/uploads\/2024\/03\/FB_IMG_1711571519695-1024x683.jpg 1024w, https:\/\/www.ejercito.mil.uy\/wp-content\/uploads\/2024\/03\/FB_IMG_1711571519695-300x200.jpg 300w, https:\/\/www.ejercito.mil.uy\/wp-content\/uploads\/2024\/03\/FB_IMG_1711571519695.jpg 1080w\" sizes=\"(max-width: 1024px) 100vw, 1024px\" \/><\/figure>\n\n\n\n<div style=\"height:22px\" aria-hidden=\"true\" class=\"wp-block-spacer\"><\/div>\n\n\n\n<figure class=\"wp-block-image size-large\"><img loading=\"lazy\" decoding=\"async\" width=\"1024\" height=\"683\" src=\"https:\/\/www.ejercito.mil.uy\/wp-content\/uploads\/2024\/03\/FB_IMG_1711571522260-1024x683.jpg\" alt=\"\" class=\"wp-image-29490\" srcset=\"https:\/\/www.ejercito.mil.uy\/wp-content\/uploads\/2024\/03\/FB_IMG_1711571522260-1024x683.jpg 1024w, https:\/\/www.ejercito.mil.uy\/wp-content\/uploads\/2024\/03\/FB_IMG_1711571522260-300x200.jpg 300w, https:\/\/www.ejercito.mil.uy\/wp-content\/uploads\/2024\/03\/FB_IMG_1711571522260.jpg 1080w\" sizes=\"(max-width: 1024px) 100vw, 1024px\" \/><\/figure>\n\n\n\n<div style=\"height:22px\" aria-hidden=\"true\" class=\"wp-block-spacer\"><\/div>\n\n\n\n<figure class=\"wp-block-image size-large\"><img loading=\"lazy\" decoding=\"async\" width=\"1024\" height=\"683\" src=\"https:\/\/www.ejercito.mil.uy\/wp-content\/uploads\/2024\/03\/5ed4f59a-c3fa-4a64-8b52-4fe88c468da1-1024x683.png\" alt=\"\" class=\"wp-image-29493\" srcset=\"https:\/\/www.ejercito.mil.uy\/wp-content\/uploads\/2024\/03\/5ed4f59a-c3fa-4a64-8b52-4fe88c468da1-1024x683.png 1024w, https:\/\/www.ejercito.mil.uy\/wp-content\/uploads\/2024\/03\/5ed4f59a-c3fa-4a64-8b52-4fe88c468da1-300x200.png 300w, https:\/\/www.ejercito.mil.uy\/wp-content\/uploads\/2024\/03\/5ed4f59a-c3fa-4a64-8b52-4fe88c468da1.png 1200w\" sizes=\"(max-width: 1024px) 100vw, 1024px\" \/><\/figure>\n\n\n\n<div style=\"height:22px\" aria-hidden=\"true\" class=\"wp-block-spacer\"><\/div>\n\n\n\n<figure class=\"wp-block-image size-large\"><img loading=\"lazy\" decoding=\"async\" width=\"1024\" height=\"683\" src=\"https:\/\/www.ejercito.mil.uy\/wp-content\/uploads\/2024\/03\/382fed5e-1062-4ba2-9b99-dbc50b56d772-1024x683.png\" alt=\"\" class=\"wp-image-29494\" srcset=\"https:\/\/www.ejercito.mil.uy\/wp-content\/uploads\/2024\/03\/382fed5e-1062-4ba2-9b99-dbc50b56d772-1024x683.png 1024w, https:\/\/www.ejercito.mil.uy\/wp-content\/uploads\/2024\/03\/382fed5e-1062-4ba2-9b99-dbc50b56d772-300x200.png 300w, https:\/\/www.ejercito.mil.uy\/wp-content\/uploads\/2024\/03\/382fed5e-1062-4ba2-9b99-dbc50b56d772.png 1200w\" sizes=\"(max-width: 1024px) 100vw, 1024px\" \/><\/figure>\n\n\n\n<div style=\"height:30px\" aria-hidden=\"true\" class=\"wp-block-spacer\"><\/div>\n\n\n\n<p><\/p>\n","protected":false},"excerpt":{"rendered":"<p>26.03.2024 &#8211; Efectivos del Regimiento \u00abBlandengues de Artigas\u00bb de Caballer\u00eda N\u00b01 comenzaron una marcha a caballo hacia la Escuela \u00abSolar de Artigas\u00bb de la Rep\u00fablica de Paraguay.<\/p>\n","protected":false},"author":4,"featured_media":29486,"comment_status":"open","ping_status":"open","sticky":false,"template":"","format":"standard","meta":{"_coblocks_attr":"","_coblocks_dimensions":"","_coblocks_responsive_height":"","_coblocks_accordion_ie_support":"","_monsterinsights_skip_tracking":false,"_monsterinsights_sitenote_active":false,"_monsterinsights_sitenote_note":"","_monsterinsights_sitenote_category":0,"_uf_show_specific_survey":0,"_uf_disable_surveys":false,"footnotes":""},"categories":[2,10,14],"tags":[210,767,141,1425,131,115,227],"class_list":["post-29491","post","type-post","status-publish","format-standard","has-post-thumbnail","hentry","category-blog","category-destacados","category-noticias","tag-artigas","tag-blandengues","tag-caballeria","tag-caballo","tag-marcha","tag-paraguay","tag-procer"],"aioseo_notices":[],"_links":{"self":[{"href":"https:\/\/www.ejercito.mil.uy\/index.php\/wp-json\/wp\/v2\/posts\/29491","targetHints":{"allow":["GET"]}}],"collection":[{"href":"https:\/\/www.ejercito.mil.uy\/index.php\/wp-json\/wp\/v2\/posts"}],"about":[{"href":"https:\/\/www.ejercito.mil.uy\/index.php\/wp-json\/wp\/v2\/types\/post"}],"author":[{"embeddable":true,"href":"https:\/\/www.ejercito.mil.uy\/index.php\/wp-json\/wp\/v2\/users\/4"}],"replies":[{"embeddable":true,"href":"https:\/\/www.ejercito.mil.uy\/index.php\/wp-json\/wp\/v2\/comments?post=29491"}],"version-history":[{"count":2,"href":"https:\/\/www.ejercito.mil.uy\/index.php\/wp-json\/wp\/v2\/posts\/29491\/revisions"}],"predecessor-version":[{"id":29495,"href":"https:\/\/www.ejercito.mil.uy\/index.php\/wp-json\/wp\/v2\/posts\/29491\/revisions\/29495"}],"wp:featuredmedia":[{"embeddable":true,"href":"https:\/\/www.ejercito.mil.uy\/index.php\/wp-json\/wp\/v2\/media\/29486"}],"wp:attachment":[{"href":"https:\/\/www.ejercito.mil.uy\/index.php\/wp-json\/wp\/v2\/media?parent=29491"}],"wp:term":[{"taxonomy":"category","embeddable":true,"href":"https:\/\/www.ejercito.mil.uy\/index.php\/wp-json\/wp\/v2\/categories?post=29491"},{"taxonomy":"post_tag","embeddable":true,"href":"https:\/\/www.ejercito.mil.uy\/index.php\/wp-json\/wp\/v2\/tags?post=29491"}],"curies":[{"name":"wp","href":"https:\/\/api.w.org\/{rel}","templated":true}]}}