{"id":2962,"date":"2021-05-18T07:42:55","date_gmt":"2021-05-18T10:42:55","guid":{"rendered":"https:\/\/www.ejercito.mil.uy\/?p=2962"},"modified":"2021-05-18T07:55:38","modified_gmt":"2021-05-18T10:55:38","slug":"spot-institucional-por-un-nuevo-dia-del-ejercito-nacional","status":"publish","type":"post","link":"https:\/\/www.ejercito.mil.uy\/index.php\/2021\/05\/18\/spot-institucional-por-un-nuevo-dia-del-ejercito-nacional\/","title":{"rendered":"Spot institucional por un nuevo D\u00eda del Ej\u00e9rcito Nacional"},"content":{"rendered":"\n<p class=\"wp-block-paragraph\">18 de Mayo &#8211; <\/p>\n\n\n\n<div style=\"height:48px\" aria-hidden=\"true\" class=\"wp-block-spacer\"><\/div>\n\n\n\n<p class=\"wp-block-paragraph\">El Ej\u00e9rcito Nacional saluda en un nuevo aniversario, a todos los que son parte de La Fuerza de todos.<\/p>\n\n\n\n<figure class=\"wp-block-embed is-type-video is-provider-youtube wp-block-embed-youtube wp-embed-aspect-16-9 wp-has-aspect-ratio\"><div class=\"wp-block-embed__wrapper\">\n<iframe loading=\"lazy\" title=\"Spot Institucional del Ej\u00e9rcito Nacional - 18 de mayo 2021\" width=\"1778\" height=\"1000\" src=\"https:\/\/www.youtube.com\/embed\/2xq7INoFQ54?feature=oembed\" frameborder=\"0\" allow=\"accelerometer; autoplay; clipboard-write; encrypted-media; gyroscope; picture-in-picture\" allowfullscreen><\/iframe>\n<\/div><figcaption>18 de Mayo 2021<\/figcaption><\/figure>\n","protected":false},"excerpt":{"rendered":"<p>18 de Mayo &#8211; El Ej\u00e9rcito Nacional saluda en un nuevo aniversario, a todos los que son parte de La Fuerza de todos.<\/p>\n","protected":false},"author":3,"featured_media":2971,"comment_status":"open","ping_status":"open","sticky":false,"template":"","format":"standard","meta":{"_coblocks_attr":"","_coblocks_dimensions":"","_coblocks_responsive_height":"","_coblocks_accordion_ie_support":"","_monsterinsights_skip_tracking":false,"_uf_show_specific_survey":0,"_uf_disable_surveys":false,"footnotes":""},"categories":[10,1],"tags":[],"class_list":["post-2962","post","type-post","status-publish","format-standard","has-post-thumbnail","hentry","category-destacados","category-sin-categoria"],"aioseo_notices":[],"aioseo_head":"\n\t\t<!-- All in One SEO 5.0.1.1 - aioseo.com -->\n\t<meta name=\"description\" content=\"18 de Mayo - 18 de Mayo 2021\" \/>\n\t<meta name=\"robots\" content=\"max-image-preview:large\" \/>\n\t<meta name=\"author\" content=\"Mariana Meza\"\/>\n\t<link rel=\"canonical\" href=\"https:\/\/www.ejercito.mil.uy\/index.php\/2021\/05\/18\/spot-institucional-por-un-nuevo-dia-del-ejercito-nacional\/\" \/>\n\t<meta name=\"generator\" content=\"All in One SEO (AIOSEO) 5.0.1.1\" \/>\n\t\t<meta property=\"og:locale\" content=\"es_ES\" \/>\n\t\t<meta property=\"og:site_name\" content=\"Ej\u00e9rcito Nacional - La Fuerza de todos\" \/>\n\t\t<meta property=\"og:type\" content=\"article\" \/>\n\t\t<meta property=\"og:title\" content=\"Spot institucional por un nuevo D\u00eda del Ej\u00e9rcito Nacional - Ej\u00e9rcito Nacional\" \/>\n\t\t<meta property=\"og:description\" content=\"18 de Mayo - 18 de Mayo 2021\" \/>\n\t\t<meta property=\"og:url\" content=\"https:\/\/www.ejercito.mil.uy\/index.php\/2021\/05\/18\/spot-institucional-por-un-nuevo-dia-del-ejercito-nacional\/\" \/>\n\t\t<meta property=\"og:image\" content=\"https:\/\/www.ejercito.mil.uy\/wp-content\/uploads\/2022\/01\/Escudo_EN_URUGUAY.png\" \/>\n\t\t<meta property=\"og:image:secure_url\" content=\"https:\/\/www.ejercito.mil.uy\/wp-content\/uploads\/2022\/01\/Escudo_EN_URUGUAY.png\" \/>\n\t\t<meta property=\"og:image:width\" content=\"134\" \/>\n\t\t<meta property=\"og:image:height\" content=\"119\" \/>\n\t\t<meta property=\"article:published_time\" content=\"2021-05-18T10:42:55+00:00\" \/>\n\t\t<meta property=\"article:modified_time\" content=\"2021-05-18T10:55:38+00:00\" \/>\n\t\t<meta name=\"twitter:card\" content=\"summary_large_image\" \/>\n\t\t<meta name=\"twitter:title\" content=\"Spot institucional por un nuevo D\u00eda del Ej\u00e9rcito Nacional - Ej\u00e9rcito Nacional\" \/>\n\t\t<meta name=\"twitter:description\" content=\"18 de Mayo - 18 de Mayo 2021\" \/>\n\t\t<meta name=\"twitter:image\" content=\"https:\/\/www.ejercito.mil.uy\/wp-content\/uploads\/2022\/01\/Escudo_EN_URUGUAY.png\" \/>\n\t\t<script type=\"application\/ld+json\" class=\"aioseo-schema\">\n\t\t\t{\"@context\":\"https:\\\/\\\/schema.org\",\"@graph\":[{\"@type\":\"BlogPosting\",\"@id\":\"https:\\\/\\\/www.ejercito.mil.uy\\\/index.php\\\/2021\\\/05\\\/18\\\/spot-institucional-por-un-nuevo-dia-del-ejercito-nacional\\\/#blogposting\",\"name\":\"Spot institucional por un nuevo D\\u00eda del Ej\\u00e9rcito Nacional - Ej\\u00e9rcito Nacional\",\"headline\":\"Spot institucional por un nuevo D\\u00eda del Ej\\u00e9rcito Nacional\",\"author\":{\"@id\":\"https:\\\/\\\/www.ejercito.mil.uy\\\/index.php\\\/author\\\/mmeza\\\/#author\"},\"publisher\":{\"@id\":\"https:\\\/\\\/www.ejercito.mil.uy\\\/#organization\"},\"image\":{\"@type\":\"ImageObject\",\"url\":\"https:\\\/\\\/www.ejercito.mil.uy\\\/wp-content\\\/uploads\\\/2021\\\/05\\\/miniatura_web.jpg\",\"width\":1620,\"height\":1080},\"datePublished\":\"2021-05-18T07:42:55-03:00\",\"dateModified\":\"2021-05-18T07:55:38-03:00\",\"inLanguage\":\"es-UY\",\"mainEntityOfPage\":{\"@id\":\"https:\\\/\\\/www.ejercito.mil.uy\\\/index.php\\\/2021\\\/05\\\/18\\\/spot-institucional-por-un-nuevo-dia-del-ejercito-nacional\\\/#webpage\"},\"isPartOf\":{\"@id\":\"https:\\\/\\\/www.ejercito.mil.uy\\\/index.php\\\/2021\\\/05\\\/18\\\/spot-institucional-por-un-nuevo-dia-del-ejercito-nacional\\\/#webpage\"},\"articleSection\":\"Destacados, Sin categor\\u00eda\"},{\"@type\":\"BreadcrumbList\",\"@id\":\"https:\\\/\\\/www.ejercito.mil.uy\\\/index.php\\\/2021\\\/05\\\/18\\\/spot-institucional-por-un-nuevo-dia-del-ejercito-nacional\\\/#breadcrumblist\",\"itemListElement\":[{\"@type\":\"ListItem\",\"@id\":\"https:\\\/\\\/www.ejercito.mil.uy#listItem\",\"position\":1,\"name\":\"Home\",\"item\":\"https:\\\/\\\/www.ejercito.mil.uy\",\"nextItem\":{\"@type\":\"ListItem\",\"@id\":\"https:\\\/\\\/www.ejercito.mil.uy\\\/index.php\\\/category\\\/sin-categoria\\\/#listItem\",\"name\":\"Sin categor\\u00eda\"}},{\"@type\":\"ListItem\",\"@id\":\"https:\\\/\\\/www.ejercito.mil.uy\\\/index.php\\\/category\\\/sin-categoria\\\/#listItem\",\"position\":2,\"name\":\"Sin categor\\u00eda\",\"item\":\"https:\\\/\\\/www.ejercito.mil.uy\\\/index.php\\\/category\\\/sin-categoria\\\/\",\"nextItem\":{\"@type\":\"ListItem\",\"@id\":\"https:\\\/\\\/www.ejercito.mil.uy\\\/index.php\\\/2021\\\/05\\\/18\\\/spot-institucional-por-un-nuevo-dia-del-ejercito-nacional\\\/#listItem\",\"name\":\"Spot institucional por un nuevo D\\u00eda del Ej\\u00e9rcito Nacional\"},\"previousItem\":{\"@type\":\"ListItem\",\"@id\":\"https:\\\/\\\/www.ejercito.mil.uy#listItem\",\"name\":\"Home\"}},{\"@type\":\"ListItem\",\"@id\":\"https:\\\/\\\/www.ejercito.mil.uy\\\/index.php\\\/2021\\\/05\\\/18\\\/spot-institucional-por-un-nuevo-dia-del-ejercito-nacional\\\/#listItem\",\"position\":3,\"name\":\"Spot institucional por un nuevo D\\u00eda del Ej\\u00e9rcito Nacional\",\"previousItem\":{\"@type\":\"ListItem\",\"@id\":\"https:\\\/\\\/www.ejercito.mil.uy\\\/index.php\\\/category\\\/sin-categoria\\\/#listItem\",\"name\":\"Sin categor\\u00eda\"}}]},{\"@type\":\"Organization\",\"@id\":\"https:\\\/\\\/www.ejercito.mil.uy\\\/#organization\",\"name\":\"Ej\\u00e9rcito Nacional\",\"description\":\"La Fuerza de todos\",\"url\":\"https:\\\/\\\/www.ejercito.mil.uy\\\/\",\"logo\":{\"@type\":\"ImageObject\",\"url\":\"https:\\\/\\\/www.ejercito.mil.uy\\\/wp-content\\\/uploads\\\/2022\\\/01\\\/Escudo_EN_URUGUAY.png\",\"@id\":\"https:\\\/\\\/www.ejercito.mil.uy\\\/index.php\\\/2021\\\/05\\\/18\\\/spot-institucional-por-un-nuevo-dia-del-ejercito-nacional\\\/#organizationLogo\",\"width\":134,\"height\":119},\"image\":{\"@id\":\"https:\\\/\\\/www.ejercito.mil.uy\\\/index.php\\\/2021\\\/05\\\/18\\\/spot-institucional-por-un-nuevo-dia-del-ejercito-nacional\\\/#organizationLogo\"}},{\"@type\":\"Person\",\"@id\":\"https:\\\/\\\/www.ejercito.mil.uy\\\/index.php\\\/author\\\/mmeza\\\/#author\",\"url\":\"https:\\\/\\\/www.ejercito.mil.uy\\\/index.php\\\/author\\\/mmeza\\\/\",\"name\":\"Mariana Meza\",\"image\":{\"@type\":\"ImageObject\",\"@id\":\"https:\\\/\\\/www.ejercito.mil.uy\\\/index.php\\\/2021\\\/05\\\/18\\\/spot-institucional-por-un-nuevo-dia-del-ejercito-nacional\\\/#authorImage\",\"url\":\"https:\\\/\\\/secure.gravatar.com\\\/avatar\\\/79e768dc57d102ec38976296e749735b00f1ef94f745be0e6d1c7d2aa34e7a0e?s=96&d=mm&r=g\",\"width\":96,\"height\":96,\"caption\":\"Mariana Meza\"}},{\"@type\":\"WebPage\",\"@id\":\"https:\\\/\\\/www.ejercito.mil.uy\\\/index.php\\\/2021\\\/05\\\/18\\\/spot-institucional-por-un-nuevo-dia-del-ejercito-nacional\\\/#webpage\",\"url\":\"https:\\\/\\\/www.ejercito.mil.uy\\\/index.php\\\/2021\\\/05\\\/18\\\/spot-institucional-por-un-nuevo-dia-del-ejercito-nacional\\\/\",\"name\":\"Spot institucional por un nuevo D\\u00eda del Ej\\u00e9rcito Nacional - Ej\\u00e9rcito Nacional\",\"description\":\"18 de Mayo - 18 de Mayo 2021\",\"inLanguage\":\"es-UY\",\"isPartOf\":{\"@id\":\"https:\\\/\\\/www.ejercito.mil.uy\\\/#website\"},\"breadcrumb\":{\"@id\":\"https:\\\/\\\/www.ejercito.mil.uy\\\/index.php\\\/2021\\\/05\\\/18\\\/spot-institucional-por-un-nuevo-dia-del-ejercito-nacional\\\/#breadcrumblist\"},\"author\":{\"@id\":\"https:\\\/\\\/www.ejercito.mil.uy\\\/index.php\\\/author\\\/mmeza\\\/#author\"},\"creator\":{\"@id\":\"https:\\\/\\\/www.ejercito.mil.uy\\\/index.php\\\/author\\\/mmeza\\\/#author\"},\"image\":{\"@type\":\"ImageObject\",\"url\":\"https:\\\/\\\/www.ejercito.mil.uy\\\/wp-content\\\/uploads\\\/2021\\\/05\\\/miniatura_web.jpg\",\"@id\":\"https:\\\/\\\/www.ejercito.mil.uy\\\/index.php\\\/2021\\\/05\\\/18\\\/spot-institucional-por-un-nuevo-dia-del-ejercito-nacional\\\/#mainImage\",\"width\":1620,\"height\":1080},\"primaryImageOfPage\":{\"@id\":\"https:\\\/\\\/www.ejercito.mil.uy\\\/index.php\\\/2021\\\/05\\\/18\\\/spot-institucional-por-un-nuevo-dia-del-ejercito-nacional\\\/#mainImage\"},\"datePublished\":\"2021-05-18T07:42:55-03:00\",\"dateModified\":\"2021-05-18T07:55:38-03:00\"},{\"@type\":\"WebSite\",\"@id\":\"https:\\\/\\\/www.ejercito.mil.uy\\\/#website\",\"url\":\"https:\\\/\\\/www.ejercito.mil.uy\\\/\",\"name\":\"Ej\\u00e9rcito Nacional\",\"description\":\"La Fuerza de todos\",\"inLanguage\":\"es-UY\",\"publisher\":{\"@id\":\"https:\\\/\\\/www.ejercito.mil.uy\\\/#organization\"}}]}\n\t\t<\/script>\n\t\t<!-- All in One SEO -->\n\n","aioseo_head_json":{"title":"Spot institucional por un nuevo D\u00eda del Ej\u00e9rcito Nacional - Ej\u00e9rcito Nacional","description":"18 de Mayo - 18 de Mayo 2021","canonical_url":"https:\/\/www.ejercito.mil.uy\/index.php\/2021\/05\/18\/spot-institucional-por-un-nuevo-dia-del-ejercito-nacional\/","robots":"max-image-preview:large","keywords":"","webmasterTools":{"miscellaneous":""},"schema":{"@context":"https:\/\/schema.org","@graph":[{"@type":"BlogPosting","@id":"https:\/\/www.ejercito.mil.uy\/index.php\/2021\/05\/18\/spot-institucional-por-un-nuevo-dia-del-ejercito-nacional\/#blogposting","name":"Spot institucional por un nuevo D\u00eda del Ej\u00e9rcito Nacional - Ej\u00e9rcito Nacional","headline":"Spot institucional por un nuevo D\u00eda del Ej\u00e9rcito Nacional","author":{"@id":"https:\/\/www.ejercito.mil.uy\/index.php\/author\/mmeza\/#author"},"publisher":{"@id":"https:\/\/www.ejercito.mil.uy\/#organization"},"image":{"@type":"ImageObject","url":"https:\/\/www.ejercito.mil.uy\/wp-content\/uploads\/2021\/05\/miniatura_web.jpg","width":1620,"height":1080},"datePublished":"2021-05-18T07:42:55-03:00","dateModified":"2021-05-18T07:55:38-03:00","inLanguage":"es-UY","mainEntityOfPage":{"@id":"https:\/\/www.ejercito.mil.uy\/index.php\/2021\/05\/18\/spot-institucional-por-un-nuevo-dia-del-ejercito-nacional\/#webpage"},"isPartOf":{"@id":"https:\/\/www.ejercito.mil.uy\/index.php\/2021\/05\/18\/spot-institucional-por-un-nuevo-dia-del-ejercito-nacional\/#webpage"},"articleSection":"Destacados, Sin categor\u00eda"},{"@type":"BreadcrumbList","@id":"https:\/\/www.ejercito.mil.uy\/index.php\/2021\/05\/18\/spot-institucional-por-un-nuevo-dia-del-ejercito-nacional\/#breadcrumblist","itemListElement":[{"@type":"ListItem","@id":"https:\/\/www.ejercito.mil.uy#listItem","position":1,"name":"Home","item":"https:\/\/www.ejercito.mil.uy","nextItem":{"@type":"ListItem","@id":"https:\/\/www.ejercito.mil.uy\/index.php\/category\/sin-categoria\/#listItem","name":"Sin categor\u00eda"}},{"@type":"ListItem","@id":"https:\/\/www.ejercito.mil.uy\/index.php\/category\/sin-categoria\/#listItem","position":2,"name":"Sin categor\u00eda","item":"https:\/\/www.ejercito.mil.uy\/index.php\/category\/sin-categoria\/","nextItem":{"@type":"ListItem","@id":"https:\/\/www.ejercito.mil.uy\/index.php\/2021\/05\/18\/spot-institucional-por-un-nuevo-dia-del-ejercito-nacional\/#listItem","name":"Spot institucional por un nuevo D\u00eda del Ej\u00e9rcito Nacional"},"previousItem":{"@type":"ListItem","@id":"https:\/\/www.ejercito.mil.uy#listItem","name":"Home"}},{"@type":"ListItem","@id":"https:\/\/www.ejercito.mil.uy\/index.php\/2021\/05\/18\/spot-institucional-por-un-nuevo-dia-del-ejercito-nacional\/#listItem","position":3,"name":"Spot institucional por un nuevo D\u00eda del Ej\u00e9rcito Nacional","previousItem":{"@type":"ListItem","@id":"https:\/\/www.ejercito.mil.uy\/index.php\/category\/sin-categoria\/#listItem","name":"Sin categor\u00eda"}}]},{"@type":"Organization","@id":"https:\/\/www.ejercito.mil.uy\/#organization","name":"Ej\u00e9rcito Nacional","description":"La Fuerza de todos","url":"https:\/\/www.ejercito.mil.uy\/","logo":{"@type":"ImageObject","url":"https:\/\/www.ejercito.mil.uy\/wp-content\/uploads\/2022\/01\/Escudo_EN_URUGUAY.png","@id":"https:\/\/www.ejercito.mil.uy\/index.php\/2021\/05\/18\/spot-institucional-por-un-nuevo-dia-del-ejercito-nacional\/#organizationLogo","width":134,"height":119},"image":{"@id":"https:\/\/www.ejercito.mil.uy\/index.php\/2021\/05\/18\/spot-institucional-por-un-nuevo-dia-del-ejercito-nacional\/#organizationLogo"}},{"@type":"Person","@id":"https:\/\/www.ejercito.mil.uy\/index.php\/author\/mmeza\/#author","url":"https:\/\/www.ejercito.mil.uy\/index.php\/author\/mmeza\/","name":"Mariana Meza","image":{"@type":"ImageObject","@id":"https:\/\/www.ejercito.mil.uy\/index.php\/2021\/05\/18\/spot-institucional-por-un-nuevo-dia-del-ejercito-nacional\/#authorImage","url":"https:\/\/secure.gravatar.com\/avatar\/79e768dc57d102ec38976296e749735b00f1ef94f745be0e6d1c7d2aa34e7a0e?s=96&d=mm&r=g","width":96,"height":96,"caption":"Mariana Meza"}},{"@type":"WebPage","@id":"https:\/\/www.ejercito.mil.uy\/index.php\/2021\/05\/18\/spot-institucional-por-un-nuevo-dia-del-ejercito-nacional\/#webpage","url":"https:\/\/www.ejercito.mil.uy\/index.php\/2021\/05\/18\/spot-institucional-por-un-nuevo-dia-del-ejercito-nacional\/","name":"Spot institucional por un nuevo D\u00eda del Ej\u00e9rcito Nacional - Ej\u00e9rcito Nacional","description":"18 de Mayo - 18 de Mayo 2021","inLanguage":"es-UY","isPartOf":{"@id":"https:\/\/www.ejercito.mil.uy\/#website"},"breadcrumb":{"@id":"https:\/\/www.ejercito.mil.uy\/index.php\/2021\/05\/18\/spot-institucional-por-un-nuevo-dia-del-ejercito-nacional\/#breadcrumblist"},"author":{"@id":"https:\/\/www.ejercito.mil.uy\/index.php\/author\/mmeza\/#author"},"creator":{"@id":"https:\/\/www.ejercito.mil.uy\/index.php\/author\/mmeza\/#author"},"image":{"@type":"ImageObject","url":"https:\/\/www.ejercito.mil.uy\/wp-content\/uploads\/2021\/05\/miniatura_web.jpg","@id":"https:\/\/www.ejercito.mil.uy\/index.php\/2021\/05\/18\/spot-institucional-por-un-nuevo-dia-del-ejercito-nacional\/#mainImage","width":1620,"height":1080},"primaryImageOfPage":{"@id":"https:\/\/www.ejercito.mil.uy\/index.php\/2021\/05\/18\/spot-institucional-por-un-nuevo-dia-del-ejercito-nacional\/#mainImage"},"datePublished":"2021-05-18T07:42:55-03:00","dateModified":"2021-05-18T07:55:38-03:00"},{"@type":"WebSite","@id":"https:\/\/www.ejercito.mil.uy\/#website","url":"https:\/\/www.ejercito.mil.uy\/","name":"Ej\u00e9rcito Nacional","description":"La Fuerza de todos","inLanguage":"es-UY","publisher":{"@id":"https:\/\/www.ejercito.mil.uy\/#organization"}}]},"og:locale":"es_ES","og:site_name":"Ej\u00e9rcito Nacional - La Fuerza de todos","og:type":"article","og:title":"Spot institucional por un nuevo D\u00eda del Ej\u00e9rcito Nacional - Ej\u00e9rcito Nacional","og:description":"18 de Mayo - 18 de Mayo 2021","og:url":"https:\/\/www.ejercito.mil.uy\/index.php\/2021\/05\/18\/spot-institucional-por-un-nuevo-dia-del-ejercito-nacional\/","og:image":"https:\/\/www.ejercito.mil.uy\/wp-content\/uploads\/2022\/01\/Escudo_EN_URUGUAY.png","og:image:secure_url":"https:\/\/www.ejercito.mil.uy\/wp-content\/uploads\/2022\/01\/Escudo_EN_URUGUAY.png","og:image:width":134,"og:image:height":119,"article:published_time":"2021-05-18T10:42:55+00:00","article:modified_time":"2021-05-18T10:55:38+00:00","twitter:card":"summary_large_image","twitter:title":"Spot institucional por un nuevo D\u00eda del Ej\u00e9rcito Nacional - Ej\u00e9rcito Nacional","twitter:description":"18 de Mayo - 18 de Mayo 2021","twitter:image":"https:\/\/www.ejercito.mil.uy\/wp-content\/uploads\/2022\/01\/Escudo_EN_URUGUAY.png"},"aioseo_meta_data":{"post_id":"2962","title":null,"description":null,"keywords":null,"keyphrases":null,"primary_term":null,"canonical_url":null,"og_title":null,"og_description":null,"og_object_type":"default","og_image_type":"default","og_image_url":null,"og_image_width":null,"og_image_height":null,"og_image_custom_url":null,"og_image_custom_fields":null,"og_video":null,"og_custom_url":null,"og_article_section":null,"og_article_tags":null,"twitter_use_og":false,"twitter_card":"default","twitter_image_type":"default","twitter_image_url":null,"twitter_image_custom_url":null,"twitter_image_custom_fields":null,"twitter_title":null,"twitter_description":null,"schema":{"blockGraphs":[],"customGraphs":[],"default":{"data":{"Article":[],"Course":[],"Dataset":[],"FAQPage":[],"Movie":[],"Person":[],"Product":[],"ProductReview":[],"Car":[],"Recipe":[],"Service":[],"SoftwareApplication":[],"WebPage":[]},"graphName":"","isEnabled":true},"graphs":[]},"schema_type":"default","schema_type_options":null,"pillar_content":false,"robots_default":true,"robots_noindex":false,"robots_noarchive":false,"robots_nosnippet":false,"robots_nofollow":false,"robots_noimageindex":false,"robots_noodp":false,"robots_notranslate":false,"robots_max_snippet":null,"robots_max_videopreview":null,"robots_max_imagepreview":"large","priority":null,"frequency":null,"local_seo":null,"breadcrumb_settings":null,"limit_modified_date":false,"ai":null,"created":"2025-08-30 01:52:32","updated":"2025-08-30 01:52:32","seo_analyzer_scan_date":null,"focus_keyword":null,"additional_keywords":null,"truseo_locale":null},"aioseo_breadcrumb":"<div class=\"aioseo-breadcrumbs\"><span class=\"aioseo-breadcrumb\">\n\t\t\t<a href=\"https:\/\/www.ejercito.mil.uy\" title=\"Home\">Home<\/a>\n\t\t<\/span><span class=\"aioseo-breadcrumb-separator\">&raquo;<\/span><span class=\"aioseo-breadcrumb\">\n\t\t\t<a href=\"https:\/\/www.ejercito.mil.uy\/index.php\/category\/sin-categoria\/\" title=\"Sin categor\u00eda\">Sin categor\u00eda<\/a>\n\t\t<\/span><span class=\"aioseo-breadcrumb-separator\">&raquo;<\/span><span class=\"aioseo-breadcrumb\">\n\t\t\tSpot institucional por un nuevo D\u00eda del Ej\u00e9rcito Nacional\n\t\t<\/span><\/div>","aioseo_breadcrumb_json":[{"label":"Home","link":"https:\/\/www.ejercito.mil.uy"},{"label":"Sin categor\u00eda","link":"https:\/\/www.ejercito.mil.uy\/index.php\/category\/sin-categoria\/"},{"label":"Spot institucional por un nuevo D\u00eda del Ej\u00e9rcito Nacional","link":"https:\/\/www.ejercito.mil.uy\/index.php\/2021\/05\/18\/spot-institucional-por-un-nuevo-dia-del-ejercito-nacional\/"}],"_links":{"self":[{"href":"https:\/\/www.ejercito.mil.uy\/index.php\/wp-json\/wp\/v2\/posts\/2962","targetHints":{"allow":["GET"]}}],"collection":[{"href":"https:\/\/www.ejercito.mil.uy\/index.php\/wp-json\/wp\/v2\/posts"}],"about":[{"href":"https:\/\/www.ejercito.mil.uy\/index.php\/wp-json\/wp\/v2\/types\/post"}],"author":[{"embeddable":true,"href":"https:\/\/www.ejercito.mil.uy\/index.php\/wp-json\/wp\/v2\/users\/3"}],"replies":[{"embeddable":true,"href":"https:\/\/www.ejercito.mil.uy\/index.php\/wp-json\/wp\/v2\/comments?post=2962"}],"version-history":[{"count":7,"href":"https:\/\/www.ejercito.mil.uy\/index.php\/wp-json\/wp\/v2\/posts\/2962\/revisions"}],"predecessor-version":[{"id":2973,"href":"https:\/\/www.ejercito.mil.uy\/index.php\/wp-json\/wp\/v2\/posts\/2962\/revisions\/2973"}],"wp:featuredmedia":[{"embeddable":true,"href":"https:\/\/www.ejercito.mil.uy\/index.php\/wp-json\/wp\/v2\/media\/2971"}],"wp:attachment":[{"href":"https:\/\/www.ejercito.mil.uy\/index.php\/wp-json\/wp\/v2\/media?parent=2962"}],"wp:term":[{"taxonomy":"category","embeddable":true,"href":"https:\/\/www.ejercito.mil.uy\/index.php\/wp-json\/wp\/v2\/categories?post=2962"},{"taxonomy":"post_tag","embeddable":true,"href":"https:\/\/www.ejercito.mil.uy\/index.php\/wp-json\/wp\/v2\/tags?post=2962"}],"curies":[{"name":"wp","href":"https:\/\/api.w.org\/{rel}","templated":true}]}}