{"id":29681,"date":"2024-03-24T16:34:05","date_gmt":"2024-03-24T19:34:05","guid":{"rendered":"https:\/\/www.ejercito.mil.uy\/?p=29681"},"modified":"2024-04-05T11:21:51","modified_gmt":"2024-04-05T14:21:51","slug":"el-ejercito-continua-con-el-apoyo-a-ose","status":"publish","type":"post","link":"https:\/\/www.ejercito.mil.uy\/index.php\/2024\/03\/24\/el-ejercito-continua-con-el-apoyo-a-ose\/","title":{"rendered":"El Ej\u00e9rcito contin\u00faa con el apoyo a OSE"},"content":{"rendered":"\n<div style=\"height:22px\" aria-hidden=\"true\" class=\"wp-block-spacer\"><\/div>\n\n\n\n<p class=\"has-black-color has-text-color has-small-font-size\">21.03.2024 \u2013&nbsp;<strong>Florida, San Jos\u00e9 y Canelones<\/strong><\/p>\n\n\n\n<div style=\"height:22px\" aria-hidden=\"true\" class=\"wp-block-spacer\"><\/div>\n\n\n\n<p style=\"font-size:20px\"><strong>Nuestros efectivos colaboran en el llenado y colocaci\u00f3n de sacos terreros y bolsas de arena, para limitar el acceso a determinados puntos marcados por OSE, para evitar que se generen situaciones comprometidas en el suministro de agua para la zona metropolitana.<\/strong><\/p>\n\n\n\n<div style=\"height:44px\" aria-hidden=\"true\" class=\"wp-block-spacer\"><\/div>\n\n\n\n<div aria-label=\"Carousel Gallery\" class=\"wp-block-coblocks-gallery-carousel alignfull\"><div class=\"coblocks-gallery-carousel-swiper-container is-cropped coblocks-gallery has-caption-style-dark has-horizontal-gutter has-no-thumbnails\"><div class=\"has-carousel has-carousel-xlrg swiper-container has-aligned-cells has-responsive-height\" data-swiper=\"{&quot;alignCells&quot;:true,&quot;autoPlay&quot;:false,&quot;autoPlaySpeed&quot;:3000,&quot;draggable&quot;:true,&quot;freeMode&quot;:false,&quot;loop&quot;:false,&quot;navigation&quot;:true,&quot;pageDots&quot;:false,&quot;pauseHover&quot;:true,&quot;responsiveHeight&quot;:true,&quot;slidesPerView&quot;:1,&quot;thumbnails&quot;:false,&quot;uuid&quot;:&quot;12345&quot;}\" style=\"height:400px\"><div class=\"swiper-wrapper\"><div class=\"swiper-slide\"><div class=\"coblocks-gallery--item\" role=\"button\" tabindex=\"0\"><figure class=\"coblocks-gallery--figure has-margin-left-5 has-margin-left-mobile-5 has-margin-right-5 has-margin-right-mobile-5\"><img fetchpriority=\"high\" decoding=\"async\" width=\"1024\" height=\"683\" alt=\"\" class=\"wp-image-29708\" data-id=\"29708\" data-link=\"https:\/\/www.ejercito.mil.uy\/index.php\/2024\/03\/24\/el-ejercito-continua-con-el-apoyo-a-ose\/2024-03-22-aguas-corrientes-53\/\" src=\"https:\/\/www.ejercito.mil.uy\/wp-content\/uploads\/2024\/04\/2024-03-22-Aguas-Corrientes-53-1024x683.jpg\" srcset=\"https:\/\/www.ejercito.mil.uy\/wp-content\/uploads\/2024\/04\/2024-03-22-Aguas-Corrientes-53-1024x683.jpg 1024w, https:\/\/www.ejercito.mil.uy\/wp-content\/uploads\/2024\/04\/2024-03-22-Aguas-Corrientes-53-300x200.jpg 300w, https:\/\/www.ejercito.mil.uy\/wp-content\/uploads\/2024\/04\/2024-03-22-Aguas-Corrientes-53.jpg 1200w\" sizes=\"(max-width: 1024px) 100vw, 1024px\" \/><\/figure><figcaption class=\"coblocks-gallery--caption coblocks-gallery--primary-caption\"><\/figcaption><\/div><\/div><div class=\"swiper-slide\"><div class=\"coblocks-gallery--item\" role=\"button\" tabindex=\"1\"><figure class=\"coblocks-gallery--figure has-margin-left-5 has-margin-left-mobile-5 has-margin-right-5 has-margin-right-mobile-5\"><img decoding=\"async\" width=\"1024\" height=\"683\" alt=\"\" class=\"wp-image-29707\" data-id=\"29707\" data-link=\"https:\/\/www.ejercito.mil.uy\/index.php\/2024\/03\/24\/el-ejercito-continua-con-el-apoyo-a-ose\/2024-03-22-aguas-corrientes-40\/\" src=\"https:\/\/www.ejercito.mil.uy\/wp-content\/uploads\/2024\/04\/2024-03-22-Aguas-Corrientes-40-1024x683.jpg\" srcset=\"https:\/\/www.ejercito.mil.uy\/wp-content\/uploads\/2024\/04\/2024-03-22-Aguas-Corrientes-40-1024x683.jpg 1024w, https:\/\/www.ejercito.mil.uy\/wp-content\/uploads\/2024\/04\/2024-03-22-Aguas-Corrientes-40-300x200.jpg 300w, https:\/\/www.ejercito.mil.uy\/wp-content\/uploads\/2024\/04\/2024-03-22-Aguas-Corrientes-40.jpg 1200w\" sizes=\"(max-width: 1024px) 100vw, 1024px\" \/><\/figure><figcaption class=\"coblocks-gallery--caption coblocks-gallery--primary-caption\"><\/figcaption><\/div><\/div><div class=\"swiper-slide\"><div class=\"coblocks-gallery--item\" role=\"button\" tabindex=\"2\"><figure class=\"coblocks-gallery--figure has-margin-left-5 has-margin-left-mobile-5 has-margin-right-5 has-margin-right-mobile-5\"><img decoding=\"async\" width=\"1024\" height=\"683\" alt=\"\" class=\"wp-image-29709\" data-id=\"29709\" data-link=\"https:\/\/www.ejercito.mil.uy\/index.php\/2024\/03\/24\/el-ejercito-continua-con-el-apoyo-a-ose\/2024-03-22-aguas-corrientes-62\/\" src=\"https:\/\/www.ejercito.mil.uy\/wp-content\/uploads\/2024\/04\/2024-03-22-Aguas-Corrientes-62-1024x683.jpg\" srcset=\"https:\/\/www.ejercito.mil.uy\/wp-content\/uploads\/2024\/04\/2024-03-22-Aguas-Corrientes-62-1024x683.jpg 1024w, https:\/\/www.ejercito.mil.uy\/wp-content\/uploads\/2024\/04\/2024-03-22-Aguas-Corrientes-62-300x200.jpg 300w, https:\/\/www.ejercito.mil.uy\/wp-content\/uploads\/2024\/04\/2024-03-22-Aguas-Corrientes-62.jpg 1200w\" sizes=\"(max-width: 1024px) 100vw, 1024px\" \/><\/figure><figcaption class=\"coblocks-gallery--caption coblocks-gallery--primary-caption\"><\/figcaption><\/div><\/div><div class=\"swiper-slide\"><div class=\"coblocks-gallery--item\" role=\"button\" tabindex=\"3\"><figure class=\"coblocks-gallery--figure has-margin-left-5 has-margin-left-mobile-5 has-margin-right-5 has-margin-right-mobile-5\"><img loading=\"lazy\" decoding=\"async\" width=\"1024\" height=\"683\" alt=\"\" class=\"wp-image-29710\" data-id=\"29710\" data-link=\"https:\/\/www.ejercito.mil.uy\/index.php\/2024\/03\/24\/el-ejercito-continua-con-el-apoyo-a-ose\/2024-03-22-aguas-corrientes-70\/\" src=\"https:\/\/www.ejercito.mil.uy\/wp-content\/uploads\/2024\/04\/2024-03-22-Aguas-Corrientes-70-1024x683.jpg\" srcset=\"https:\/\/www.ejercito.mil.uy\/wp-content\/uploads\/2024\/04\/2024-03-22-Aguas-Corrientes-70-1024x683.jpg 1024w, https:\/\/www.ejercito.mil.uy\/wp-content\/uploads\/2024\/04\/2024-03-22-Aguas-Corrientes-70-300x200.jpg 300w, https:\/\/www.ejercito.mil.uy\/wp-content\/uploads\/2024\/04\/2024-03-22-Aguas-Corrientes-70.jpg 1200w\" sizes=\"(max-width: 1024px) 100vw, 1024px\" \/><\/figure><figcaption class=\"coblocks-gallery--caption coblocks-gallery--primary-caption\"><\/figcaption><\/div><\/div><div class=\"swiper-slide\"><div class=\"coblocks-gallery--item\" role=\"button\" tabindex=\"4\"><figure class=\"coblocks-gallery--figure has-margin-left-5 has-margin-left-mobile-5 has-margin-right-5 has-margin-right-mobile-5\"><img loading=\"lazy\" decoding=\"async\" width=\"1024\" height=\"683\" alt=\"\" class=\"wp-image-29711\" data-id=\"29711\" data-link=\"https:\/\/www.ejercito.mil.uy\/index.php\/2024\/03\/24\/el-ejercito-continua-con-el-apoyo-a-ose\/2024-03-22-aguas-corrientes-94\/\" src=\"https:\/\/www.ejercito.mil.uy\/wp-content\/uploads\/2024\/04\/2024-03-22-Aguas-Corrientes-94-1024x683.jpg\" srcset=\"https:\/\/www.ejercito.mil.uy\/wp-content\/uploads\/2024\/04\/2024-03-22-Aguas-Corrientes-94-1024x683.jpg 1024w, https:\/\/www.ejercito.mil.uy\/wp-content\/uploads\/2024\/04\/2024-03-22-Aguas-Corrientes-94-300x200.jpg 300w, https:\/\/www.ejercito.mil.uy\/wp-content\/uploads\/2024\/04\/2024-03-22-Aguas-Corrientes-94.jpg 1200w\" sizes=\"(max-width: 1024px) 100vw, 1024px\" \/><\/figure><figcaption class=\"coblocks-gallery--caption coblocks-gallery--primary-caption\"><\/figcaption><\/div><\/div><\/div><button class=\"nav-button__prev\" id=\"12345-prev\"><svg class=\"icon\" style=\"transform:rotate(180deg)\"><\/svg><\/button><button class=\"nav-button__next\" id=\"12345-next\"><svg class=\"icon\"><\/svg><\/button><\/div><\/div><\/div>\n\n\n\n<div style=\"height:44px\" aria-hidden=\"true\" class=\"wp-block-spacer\"><\/div>\n\n\n<div class=\"wp-block-image\">\n<figure class=\"aligncenter size-full is-resized\"><img loading=\"lazy\" decoding=\"async\" width=\"843\" height=\"843\" src=\"https:\/\/www.ejercito.mil.uy\/wp-content\/uploads\/2024\/04\/ose.jpeg\" alt=\"\" class=\"wp-image-29694\" style=\"aspect-ratio:1;object-fit:cover;width:700px\" srcset=\"https:\/\/www.ejercito.mil.uy\/wp-content\/uploads\/2024\/04\/ose.jpeg 843w, https:\/\/www.ejercito.mil.uy\/wp-content\/uploads\/2024\/04\/ose-300x300.jpeg 300w, https:\/\/www.ejercito.mil.uy\/wp-content\/uploads\/2024\/04\/ose-150x150.jpeg 150w\" sizes=\"(max-width: 843px) 100vw, 843px\" \/><\/figure>\n<\/div>\n\n\n<div style=\"height:55px\" aria-hidden=\"true\" class=\"wp-block-spacer\"><\/div>\n\n\n\n<p class=\"has-black-color has-text-color\">Con respecto a la situaci\u00f3n en San Jos\u00e9, el Batall\u00f3n \u00abCapit\u00e1n Manuel Artigas\u00bb de Infanter\u00eda Mecanizado N\u00b0 6 apoya con personal a la Divisi\u00f3n de Ej\u00e9rcito I, para <strong>construir una contenci\u00f3n en la Planta Potabilizadora de Aguas Corrientes de OSE<\/strong> y la impermeabilizaci\u00f3n de puertas y ventanas.<\/p>\n\n\n\n<div style=\"height:44px\" aria-hidden=\"true\" class=\"wp-block-spacer\"><\/div>\n\n\n\n<div aria-label=\"Carousel Gallery\" class=\"wp-block-coblocks-gallery-carousel alignfull\"><div class=\"coblocks-gallery-carousel-swiper-container is-cropped coblocks-gallery has-caption-style-dark has-horizontal-gutter has-no-thumbnails\"><div class=\"has-carousel has-carousel-xlrg swiper-container has-aligned-cells has-responsive-height\" data-swiper=\"{&quot;alignCells&quot;:true,&quot;autoPlay&quot;:false,&quot;autoPlaySpeed&quot;:3000,&quot;draggable&quot;:true,&quot;freeMode&quot;:false,&quot;loop&quot;:false,&quot;navigation&quot;:true,&quot;pageDots&quot;:false,&quot;pauseHover&quot;:true,&quot;responsiveHeight&quot;:true,&quot;slidesPerView&quot;:1,&quot;thumbnails&quot;:false,&quot;uuid&quot;:&quot;12345&quot;}\" style=\"height:400px\"><div class=\"swiper-wrapper\"><div class=\"swiper-slide\"><div class=\"coblocks-gallery--item\" role=\"button\" tabindex=\"0\"><figure class=\"coblocks-gallery--figure has-margin-left-5 has-margin-left-mobile-5 has-margin-right-5 has-margin-right-mobile-5\"><img loading=\"lazy\" decoding=\"async\" width=\"1024\" height=\"683\" alt=\"\" class=\"wp-image-29730\" data-id=\"29730\" data-link=\"https:\/\/www.ejercito.mil.uy\/index.php\/2024\/03\/24\/el-ejercito-continua-con-el-apoyo-a-ose\/default-34\/\" src=\"https:\/\/www.ejercito.mil.uy\/wp-content\/uploads\/2024\/04\/OSE01-1-1024x683.jpg\" srcset=\"https:\/\/www.ejercito.mil.uy\/wp-content\/uploads\/2024\/04\/OSE01-1-1024x683.jpg 1024w, https:\/\/www.ejercito.mil.uy\/wp-content\/uploads\/2024\/04\/OSE01-1-300x200.jpg 300w, https:\/\/www.ejercito.mil.uy\/wp-content\/uploads\/2024\/04\/OSE01-1.jpg 1200w\" sizes=\"(max-width: 1024px) 100vw, 1024px\" \/><\/figure><figcaption class=\"coblocks-gallery--caption coblocks-gallery--primary-caption\">default<\/figcaption><\/div><\/div><div class=\"swiper-slide\"><div class=\"coblocks-gallery--item\" role=\"button\" tabindex=\"1\"><figure class=\"coblocks-gallery--figure has-margin-left-5 has-margin-left-mobile-5 has-margin-right-5 has-margin-right-mobile-5\"><img loading=\"lazy\" decoding=\"async\" width=\"1024\" height=\"683\" alt=\"\" class=\"wp-image-29731\" data-id=\"29731\" data-link=\"https:\/\/www.ejercito.mil.uy\/index.php\/2024\/03\/24\/el-ejercito-continua-con-el-apoyo-a-ose\/default-35\/\" src=\"https:\/\/www.ejercito.mil.uy\/wp-content\/uploads\/2024\/04\/OSE02-1-1024x683.jpg\" srcset=\"https:\/\/www.ejercito.mil.uy\/wp-content\/uploads\/2024\/04\/OSE02-1-1024x683.jpg 1024w, https:\/\/www.ejercito.mil.uy\/wp-content\/uploads\/2024\/04\/OSE02-1-300x200.jpg 300w, https:\/\/www.ejercito.mil.uy\/wp-content\/uploads\/2024\/04\/OSE02-1.jpg 1200w\" sizes=\"(max-width: 1024px) 100vw, 1024px\" \/><\/figure><figcaption class=\"coblocks-gallery--caption coblocks-gallery--primary-caption\">default<\/figcaption><\/div><\/div><div class=\"swiper-slide\"><div class=\"coblocks-gallery--item\" role=\"button\" tabindex=\"2\"><figure class=\"coblocks-gallery--figure has-margin-left-5 has-margin-left-mobile-5 has-margin-right-5 has-margin-right-mobile-5\"><img loading=\"lazy\" decoding=\"async\" width=\"1024\" height=\"683\" alt=\"\" class=\"wp-image-29732\" data-id=\"29732\" data-link=\"https:\/\/www.ejercito.mil.uy\/index.php\/2024\/03\/24\/el-ejercito-continua-con-el-apoyo-a-ose\/default-36\/\" src=\"https:\/\/www.ejercito.mil.uy\/wp-content\/uploads\/2024\/04\/OSE03-1-1024x683.jpg\" srcset=\"https:\/\/www.ejercito.mil.uy\/wp-content\/uploads\/2024\/04\/OSE03-1-1024x683.jpg 1024w, https:\/\/www.ejercito.mil.uy\/wp-content\/uploads\/2024\/04\/OSE03-1-300x200.jpg 300w, https:\/\/www.ejercito.mil.uy\/wp-content\/uploads\/2024\/04\/OSE03-1.jpg 1200w\" sizes=\"(max-width: 1024px) 100vw, 1024px\" \/><\/figure><figcaption class=\"coblocks-gallery--caption coblocks-gallery--primary-caption\">default<\/figcaption><\/div><\/div><div class=\"swiper-slide\"><div class=\"coblocks-gallery--item\" role=\"button\" tabindex=\"3\"><figure class=\"coblocks-gallery--figure has-margin-left-5 has-margin-left-mobile-5 has-margin-right-5 has-margin-right-mobile-5\"><img loading=\"lazy\" decoding=\"async\" width=\"1024\" height=\"683\" alt=\"\" class=\"wp-image-29733\" data-id=\"29733\" data-link=\"https:\/\/www.ejercito.mil.uy\/index.php\/2024\/03\/24\/el-ejercito-continua-con-el-apoyo-a-ose\/default-37\/\" src=\"https:\/\/www.ejercito.mil.uy\/wp-content\/uploads\/2024\/04\/OSE04-1-1024x683.jpg\" srcset=\"https:\/\/www.ejercito.mil.uy\/wp-content\/uploads\/2024\/04\/OSE04-1-1024x683.jpg 1024w, https:\/\/www.ejercito.mil.uy\/wp-content\/uploads\/2024\/04\/OSE04-1-300x200.jpg 300w, https:\/\/www.ejercito.mil.uy\/wp-content\/uploads\/2024\/04\/OSE04-1.jpg 1200w\" sizes=\"(max-width: 1024px) 100vw, 1024px\" \/><\/figure><figcaption class=\"coblocks-gallery--caption coblocks-gallery--primary-caption\">default<\/figcaption><\/div><\/div><div class=\"swiper-slide\"><div class=\"coblocks-gallery--item\" role=\"button\" tabindex=\"4\"><figure class=\"coblocks-gallery--figure has-margin-left-5 has-margin-left-mobile-5 has-margin-right-5 has-margin-right-mobile-5\"><img loading=\"lazy\" decoding=\"async\" width=\"1024\" height=\"683\" alt=\"\" class=\"wp-image-29734\" data-id=\"29734\" data-link=\"https:\/\/www.ejercito.mil.uy\/index.php\/2024\/03\/24\/el-ejercito-continua-con-el-apoyo-a-ose\/default-38\/\" src=\"https:\/\/www.ejercito.mil.uy\/wp-content\/uploads\/2024\/04\/OSE05-1-1024x683.jpg\" srcset=\"https:\/\/www.ejercito.mil.uy\/wp-content\/uploads\/2024\/04\/OSE05-1-1024x683.jpg 1024w, https:\/\/www.ejercito.mil.uy\/wp-content\/uploads\/2024\/04\/OSE05-1-300x200.jpg 300w, https:\/\/www.ejercito.mil.uy\/wp-content\/uploads\/2024\/04\/OSE05-1.jpg 1200w\" sizes=\"(max-width: 1024px) 100vw, 1024px\" \/><\/figure><figcaption class=\"coblocks-gallery--caption coblocks-gallery--primary-caption\">default<\/figcaption><\/div><\/div><\/div><button class=\"nav-button__prev\" id=\"12345-prev\"><svg class=\"icon\" style=\"transform:rotate(180deg)\"><\/svg><\/button><button class=\"nav-button__next\" id=\"12345-next\"><svg class=\"icon\"><\/svg><\/button><\/div><\/div><\/div>\n\n\n\n<div style=\"height:55px\" aria-hidden=\"true\" class=\"wp-block-spacer\"><\/div>\n\n\n\n<p class=\"has-black-color has-text-color\" style=\"font-size:18px\">Adem\u00e1s, el Sr. Ministro de Defensa Nacional, <strong>Dr. Armando Castaingdebat<\/strong>, visit\u00f3 el Centro de Operaciones del Ej\u00e9rcito, para interiorizarse sobre el seguimiento que realiza la Fuerza ante las inundaciones.<\/p>\n\n\n\n<div style=\"height:22px\" aria-hidden=\"true\" class=\"wp-block-spacer\"><\/div>\n\n\n\n<p class=\"has-black-color has-text-color\" style=\"font-size:18px\"><a><\/a>Este Centro tiene la responsabilidad de centralizar y supervisar las operaciones durante las 24 horas del d\u00eda.<\/p>\n\n\n\n<div style=\"height:44px\" aria-hidden=\"true\" class=\"wp-block-spacer\"><\/div>\n\n\n\n<div aria-label=\"Carousel Gallery\" class=\"wp-block-coblocks-gallery-carousel alignfull\"><div class=\"coblocks-gallery-carousel-swiper-container is-cropped coblocks-gallery has-caption-style-dark has-horizontal-gutter has-no-thumbnails\"><div class=\"has-carousel has-carousel-xlrg swiper-container has-aligned-cells has-responsive-height\" data-swiper=\"{&quot;alignCells&quot;:true,&quot;autoPlay&quot;:false,&quot;autoPlaySpeed&quot;:3000,&quot;draggable&quot;:true,&quot;freeMode&quot;:false,&quot;loop&quot;:false,&quot;navigation&quot;:true,&quot;pageDots&quot;:false,&quot;pauseHover&quot;:true,&quot;responsiveHeight&quot;:true,&quot;slidesPerView&quot;:1,&quot;thumbnails&quot;:false,&quot;uuid&quot;:&quot;12345&quot;}\" style=\"height:400px\"><div class=\"swiper-wrapper\"><div class=\"swiper-slide\"><div class=\"coblocks-gallery--item\" role=\"button\" tabindex=\"0\"><figure class=\"coblocks-gallery--figure has-margin-left-5 has-margin-left-mobile-5 has-margin-right-5 has-margin-right-mobile-5\"><img loading=\"lazy\" decoding=\"async\" width=\"1024\" height=\"683\" alt=\"\" class=\"wp-image-29715\" data-id=\"29715\" data-link=\"https:\/\/www.ejercito.mil.uy\/index.php\/2024\/03\/24\/el-ejercito-continua-con-el-apoyo-a-ose\/code-1\/\" src=\"https:\/\/www.ejercito.mil.uy\/wp-content\/uploads\/2024\/04\/CODE-1-1024x683.jpg\" srcset=\"https:\/\/www.ejercito.mil.uy\/wp-content\/uploads\/2024\/04\/CODE-1-1024x683.jpg 1024w, https:\/\/www.ejercito.mil.uy\/wp-content\/uploads\/2024\/04\/CODE-1-300x200.jpg 300w, https:\/\/www.ejercito.mil.uy\/wp-content\/uploads\/2024\/04\/CODE-1.jpg 1200w\" sizes=\"(max-width: 1024px) 100vw, 1024px\" \/><\/figure><figcaption class=\"coblocks-gallery--caption coblocks-gallery--primary-caption\"><\/figcaption><\/div><\/div><div class=\"swiper-slide\"><div class=\"coblocks-gallery--item\" role=\"button\" tabindex=\"1\"><figure class=\"coblocks-gallery--figure has-margin-left-5 has-margin-left-mobile-5 has-margin-right-5 has-margin-right-mobile-5\"><img loading=\"lazy\" decoding=\"async\" width=\"1024\" height=\"683\" alt=\"\" class=\"wp-image-29716\" data-id=\"29716\" data-link=\"https:\/\/www.ejercito.mil.uy\/index.php\/2024\/03\/24\/el-ejercito-continua-con-el-apoyo-a-ose\/code-2\/\" src=\"https:\/\/www.ejercito.mil.uy\/wp-content\/uploads\/2024\/04\/CODE-2-1024x683.jpg\" srcset=\"https:\/\/www.ejercito.mil.uy\/wp-content\/uploads\/2024\/04\/CODE-2-1024x683.jpg 1024w, https:\/\/www.ejercito.mil.uy\/wp-content\/uploads\/2024\/04\/CODE-2-300x200.jpg 300w, https:\/\/www.ejercito.mil.uy\/wp-content\/uploads\/2024\/04\/CODE-2.jpg 1200w\" sizes=\"(max-width: 1024px) 100vw, 1024px\" \/><\/figure><figcaption class=\"coblocks-gallery--caption coblocks-gallery--primary-caption\"><\/figcaption><\/div><\/div><div class=\"swiper-slide\"><div class=\"coblocks-gallery--item\" role=\"button\" tabindex=\"2\"><figure class=\"coblocks-gallery--figure has-margin-left-5 has-margin-left-mobile-5 has-margin-right-5 has-margin-right-mobile-5\"><img loading=\"lazy\" decoding=\"async\" width=\"1024\" height=\"683\" alt=\"\" class=\"wp-image-29717\" data-id=\"29717\" data-link=\"https:\/\/www.ejercito.mil.uy\/index.php\/2024\/03\/24\/el-ejercito-continua-con-el-apoyo-a-ose\/code-4\/\" src=\"https:\/\/www.ejercito.mil.uy\/wp-content\/uploads\/2024\/04\/CODE-4-1024x683.jpg\" srcset=\"https:\/\/www.ejercito.mil.uy\/wp-content\/uploads\/2024\/04\/CODE-4-1024x683.jpg 1024w, https:\/\/www.ejercito.mil.uy\/wp-content\/uploads\/2024\/04\/CODE-4-300x200.jpg 300w, https:\/\/www.ejercito.mil.uy\/wp-content\/uploads\/2024\/04\/CODE-4.jpg 1200w\" sizes=\"(max-width: 1024px) 100vw, 1024px\" \/><\/figure><figcaption class=\"coblocks-gallery--caption coblocks-gallery--primary-caption\"><\/figcaption><\/div><\/div><div class=\"swiper-slide\"><div class=\"coblocks-gallery--item\" role=\"button\" tabindex=\"3\"><figure class=\"coblocks-gallery--figure has-margin-left-5 has-margin-left-mobile-5 has-margin-right-5 has-margin-right-mobile-5\"><img loading=\"lazy\" decoding=\"async\" width=\"1024\" height=\"683\" alt=\"\" class=\"wp-image-29718\" data-id=\"29718\" data-link=\"https:\/\/www.ejercito.mil.uy\/index.php\/2024\/03\/24\/el-ejercito-continua-con-el-apoyo-a-ose\/code-5\/\" src=\"https:\/\/www.ejercito.mil.uy\/wp-content\/uploads\/2024\/04\/CODE-5-1024x683.jpg\" srcset=\"https:\/\/www.ejercito.mil.uy\/wp-content\/uploads\/2024\/04\/CODE-5-1024x683.jpg 1024w, https:\/\/www.ejercito.mil.uy\/wp-content\/uploads\/2024\/04\/CODE-5-300x200.jpg 300w, https:\/\/www.ejercito.mil.uy\/wp-content\/uploads\/2024\/04\/CODE-5.jpg 1200w\" sizes=\"(max-width: 1024px) 100vw, 1024px\" \/><\/figure><figcaption class=\"coblocks-gallery--caption coblocks-gallery--primary-caption\"><\/figcaption><\/div><\/div><\/div><button class=\"nav-button__prev\" id=\"12345-prev\"><svg class=\"icon\" style=\"transform:rotate(180deg)\"><\/svg><\/button><button class=\"nav-button__next\" id=\"12345-next\"><svg class=\"icon\"><\/svg><\/button><\/div><\/div><\/div>\n\n\n\n<div style=\"height:55px\" aria-hidden=\"true\" class=\"wp-block-spacer\"><\/div>\n\n\n\n<p class=\"has-black-color has-text-color\">Tambi\u00e9n se encuentran trabajando en <strong>apoyo en la Planta Potabilizadora de Canelones<\/strong>, personal del Batall\u00f3n \u00abOriental\u00bb de Infanter\u00eda Mecanizado N\u00b0 4 de Colonia y del&nbsp;<a href=\"https:\/\/www.facebook.com\/GrupoArtilleria2\">Grupo \u00ab\u00c9xodo del Pueblo Oriental\u00bb de Artiller\u00eda (AP) 122 mm N\u00b0 2<\/a>&nbsp;de Trinidad.<\/p>\n\n\n\n<div style=\"height:44px\" aria-hidden=\"true\" class=\"wp-block-spacer\"><\/div>\n\n\n\n<div aria-label=\"Carousel Gallery\" class=\"wp-block-coblocks-gallery-carousel alignfull\"><div class=\"coblocks-gallery-carousel-swiper-container is-cropped coblocks-gallery has-caption-style-dark has-horizontal-gutter has-no-thumbnails\"><div class=\"has-carousel has-carousel-xlrg swiper-container\" data-swiper=\"{&quot;alignCells&quot;:false,&quot;autoPlay&quot;:false,&quot;autoPlaySpeed&quot;:3000,&quot;draggable&quot;:false,&quot;freeMode&quot;:false,&quot;loop&quot;:false,&quot;navigation&quot;:true,&quot;pageDots&quot;:false,&quot;pauseHover&quot;:false,&quot;responsiveHeight&quot;:false,&quot;slidesPerView&quot;:1,&quot;thumbnails&quot;:false,&quot;uuid&quot;:&quot;12345&quot;}\" style=\"height:555px\"><div class=\"swiper-wrapper\"><div class=\"swiper-slide\"><div class=\"coblocks-gallery--item\" role=\"button\" tabindex=\"0\"><figure class=\"coblocks-gallery--figure has-margin-left-5 has-margin-left-mobile-5 has-margin-right-5 has-margin-right-mobile-5\"><img loading=\"lazy\" decoding=\"async\" width=\"1024\" height=\"683\" alt=\"\" class=\"wp-image-29277\" data-id=\"29277\" data-link=\"https:\/\/www.ejercito.mil.uy\/index.php\/2024\/03\/21\/apoyo-a-compatriotas-inundados\/3-24\/\" src=\"https:\/\/www.ejercito.mil.uy\/wp-content\/uploads\/2024\/03\/3-4-1024x683.jpg\" srcset=\"https:\/\/www.ejercito.mil.uy\/wp-content\/uploads\/2024\/03\/3-4-1024x683.jpg 1024w, https:\/\/www.ejercito.mil.uy\/wp-content\/uploads\/2024\/03\/3-4-300x200.jpg 300w, https:\/\/www.ejercito.mil.uy\/wp-content\/uploads\/2024\/03\/3-4.jpg 1200w\" sizes=\"(max-width: 1024px) 100vw, 1024px\" \/><\/figure><figcaption class=\"coblocks-gallery--caption coblocks-gallery--primary-caption\"><\/figcaption><\/div><\/div><div class=\"swiper-slide\"><div class=\"coblocks-gallery--item\" role=\"button\" tabindex=\"1\"><figure class=\"coblocks-gallery--figure has-margin-left-5 has-margin-left-mobile-5 has-margin-right-5 has-margin-right-mobile-5\"><img loading=\"lazy\" decoding=\"async\" width=\"1024\" height=\"683\" alt=\"\" class=\"wp-image-29276\" data-id=\"29276\" data-link=\"https:\/\/www.ejercito.mil.uy\/index.php\/2024\/03\/21\/apoyo-a-compatriotas-inundados\/2-23\/\" src=\"https:\/\/www.ejercito.mil.uy\/wp-content\/uploads\/2024\/03\/2-4-1024x683.jpg\" srcset=\"https:\/\/www.ejercito.mil.uy\/wp-content\/uploads\/2024\/03\/2-4-1024x683.jpg 1024w, https:\/\/www.ejercito.mil.uy\/wp-content\/uploads\/2024\/03\/2-4-300x200.jpg 300w, https:\/\/www.ejercito.mil.uy\/wp-content\/uploads\/2024\/03\/2-4.jpg 1200w\" sizes=\"(max-width: 1024px) 100vw, 1024px\" \/><\/figure><figcaption class=\"coblocks-gallery--caption coblocks-gallery--primary-caption\"><\/figcaption><\/div><\/div><div class=\"swiper-slide\"><div class=\"coblocks-gallery--item\" role=\"button\" tabindex=\"2\"><figure class=\"coblocks-gallery--figure has-margin-left-5 has-margin-left-mobile-5 has-margin-right-5 has-margin-right-mobile-5\"><img loading=\"lazy\" decoding=\"async\" width=\"1024\" height=\"683\" alt=\"\" class=\"wp-image-29275\" data-id=\"29275\" data-link=\"https:\/\/www.ejercito.mil.uy\/index.php\/2024\/03\/21\/apoyo-a-compatriotas-inundados\/1-25\/\" src=\"https:\/\/www.ejercito.mil.uy\/wp-content\/uploads\/2024\/03\/1-9-1024x683.jpg\" srcset=\"https:\/\/www.ejercito.mil.uy\/wp-content\/uploads\/2024\/03\/1-9-1024x683.jpg 1024w, https:\/\/www.ejercito.mil.uy\/wp-content\/uploads\/2024\/03\/1-9-300x200.jpg 300w, https:\/\/www.ejercito.mil.uy\/wp-content\/uploads\/2024\/03\/1-9.jpg 1200w\" sizes=\"(max-width: 1024px) 100vw, 1024px\" \/><\/figure><figcaption class=\"coblocks-gallery--caption coblocks-gallery--primary-caption\"><\/figcaption><\/div><\/div><\/div><button class=\"nav-button__prev\" id=\"12345-prev\"><svg class=\"icon\" style=\"transform:rotate(180deg)\"><\/svg><\/button><button class=\"nav-button__next\" id=\"12345-next\"><svg class=\"icon\"><\/svg><\/button><\/div><\/div><\/div>\n\n\n\n<div style=\"height:55px\" aria-hidden=\"true\" class=\"wp-block-spacer\"><\/div>\n\n\n\n<hr class=\"wp-block-separator has-text-color has-black-color has-alpha-channel-opacity has-black-background-color has-background\"\/>\n\n\n\n<div style=\"height:33px\" aria-hidden=\"true\" class=\"wp-block-spacer\"><\/div>\n\n\n\n<p class=\"has-black-color has-text-color has-small-font-size\">22.03.2024 \u2013&nbsp;<strong>Florida<\/strong><\/p>\n\n\n\n<div style=\"height:22px\" aria-hidden=\"true\" class=\"wp-block-spacer\"><\/div>\n\n\n\n<p class=\"has-black-color has-text-color\">Debido al corte de suministro de agua potable en Florida, el Batall\u00f3n \u00abSarand\u00ed\u00bb de Ingenieros de Combate N\u00b0 2 apoya desde ayer 21 de marzo a OSE con 2 conductores que manejan un cami\u00f3n cisterna con capacidad de 30.000 litros de agua. Realizaron dos viajes, uno desde Melilla y otro de Durazno.<\/p>\n\n\n\n<div style=\"height:44px\" aria-hidden=\"true\" class=\"wp-block-spacer\"><\/div>\n\n\n\n<div aria-label=\"Carousel Gallery\" class=\"wp-block-coblocks-gallery-carousel alignfull\"><div class=\"coblocks-gallery-carousel-swiper-container is-cropped coblocks-gallery has-caption-style-dark has-horizontal-gutter has-no-thumbnails\"><div class=\"has-carousel has-carousel-xlrg swiper-container\" data-swiper=\"{&quot;alignCells&quot;:false,&quot;autoPlay&quot;:false,&quot;autoPlaySpeed&quot;:3000,&quot;draggable&quot;:false,&quot;freeMode&quot;:false,&quot;loop&quot;:false,&quot;navigation&quot;:true,&quot;pageDots&quot;:false,&quot;pauseHover&quot;:false,&quot;responsiveHeight&quot;:false,&quot;slidesPerView&quot;:1,&quot;thumbnails&quot;:false,&quot;uuid&quot;:&quot;12345&quot;}\" style=\"height:555px\"><div class=\"swiper-wrapper\"><div class=\"swiper-slide\"><div class=\"coblocks-gallery--item\" role=\"button\" tabindex=\"0\"><figure class=\"coblocks-gallery--figure has-margin-left-5 has-margin-left-mobile-5 has-margin-right-5 has-margin-right-mobile-5\"><img loading=\"lazy\" decoding=\"async\" width=\"1024\" height=\"683\" alt=\"\" class=\"wp-image-29406\" data-id=\"29406\" data-link=\"https:\/\/www.ejercito.mil.uy\/index.php\/2024\/03\/21\/apoyo-a-compatriotas-inundados\/apoyo-a-compatriotas-inundados-3-1\/\" src=\"https:\/\/www.ejercito.mil.uy\/wp-content\/uploads\/2024\/03\/Apoyo-a-compatriotas-inundados-3-1-1024x683.jpg\" srcset=\"https:\/\/www.ejercito.mil.uy\/wp-content\/uploads\/2024\/03\/Apoyo-a-compatriotas-inundados-3-1-1024x683.jpg 1024w, https:\/\/www.ejercito.mil.uy\/wp-content\/uploads\/2024\/03\/Apoyo-a-compatriotas-inundados-3-1-300x200.jpg 300w, https:\/\/www.ejercito.mil.uy\/wp-content\/uploads\/2024\/03\/Apoyo-a-compatriotas-inundados-3-1.jpg 1200w\" sizes=\"(max-width: 1024px) 100vw, 1024px\" \/><\/figure><figcaption class=\"coblocks-gallery--caption coblocks-gallery--primary-caption\"><\/figcaption><\/div><\/div><div class=\"swiper-slide\"><div class=\"coblocks-gallery--item\" role=\"button\" tabindex=\"1\"><figure class=\"coblocks-gallery--figure has-margin-left-5 has-margin-left-mobile-5 has-margin-right-5 has-margin-right-mobile-5\"><img loading=\"lazy\" decoding=\"async\" width=\"1024\" height=\"683\" alt=\"\" class=\"wp-image-29408\" data-id=\"29408\" data-link=\"https:\/\/www.ejercito.mil.uy\/index.php\/2024\/03\/21\/apoyo-a-compatriotas-inundados\/apoyo-a-compatriotas-inundados-1-2-2\/\" src=\"https:\/\/www.ejercito.mil.uy\/wp-content\/uploads\/2024\/03\/Apoyo-a-compatriotas-inundados-1-2-1024x683.jpg\" srcset=\"https:\/\/www.ejercito.mil.uy\/wp-content\/uploads\/2024\/03\/Apoyo-a-compatriotas-inundados-1-2-1024x683.jpg 1024w, https:\/\/www.ejercito.mil.uy\/wp-content\/uploads\/2024\/03\/Apoyo-a-compatriotas-inundados-1-2-300x200.jpg 300w, https:\/\/www.ejercito.mil.uy\/wp-content\/uploads\/2024\/03\/Apoyo-a-compatriotas-inundados-1-2.jpg 1200w\" sizes=\"(max-width: 1024px) 100vw, 1024px\" \/><\/figure><figcaption class=\"coblocks-gallery--caption coblocks-gallery--primary-caption\"><\/figcaption><\/div><\/div><div class=\"swiper-slide\"><div class=\"coblocks-gallery--item\" role=\"button\" tabindex=\"2\"><figure class=\"coblocks-gallery--figure has-margin-left-5 has-margin-left-mobile-5 has-margin-right-5 has-margin-right-mobile-5\"><img loading=\"lazy\" decoding=\"async\" width=\"1024\" height=\"683\" alt=\"\" class=\"wp-image-29407\" data-id=\"29407\" data-link=\"https:\/\/www.ejercito.mil.uy\/index.php\/2024\/03\/21\/apoyo-a-compatriotas-inundados\/apoyo-a-compatriotas-inundados-4-2\/\" src=\"https:\/\/www.ejercito.mil.uy\/wp-content\/uploads\/2024\/03\/Apoyo-a-compatriotas-inundados-4-1024x683.jpg\" srcset=\"https:\/\/www.ejercito.mil.uy\/wp-content\/uploads\/2024\/03\/Apoyo-a-compatriotas-inundados-4-1024x683.jpg 1024w, https:\/\/www.ejercito.mil.uy\/wp-content\/uploads\/2024\/03\/Apoyo-a-compatriotas-inundados-4-300x200.jpg 300w, https:\/\/www.ejercito.mil.uy\/wp-content\/uploads\/2024\/03\/Apoyo-a-compatriotas-inundados-4.jpg 1200w\" sizes=\"(max-width: 1024px) 100vw, 1024px\" \/><\/figure><figcaption class=\"coblocks-gallery--caption coblocks-gallery--primary-caption\"><\/figcaption><\/div><\/div><div class=\"swiper-slide\"><div class=\"coblocks-gallery--item\" role=\"button\" tabindex=\"3\"><figure class=\"coblocks-gallery--figure has-margin-left-5 has-margin-left-mobile-5 has-margin-right-5 has-margin-right-mobile-5\"><img loading=\"lazy\" decoding=\"async\" width=\"1024\" height=\"683\" alt=\"\" class=\"wp-image-29405\" data-id=\"29405\" data-link=\"https:\/\/www.ejercito.mil.uy\/index.php\/2024\/03\/21\/apoyo-a-compatriotas-inundados\/apoyo-a-compatriotas-inundados-2-1\/\" src=\"https:\/\/www.ejercito.mil.uy\/wp-content\/uploads\/2024\/03\/Apoyo-a-compatriotas-inundados-2-1-1024x683.jpg\" srcset=\"https:\/\/www.ejercito.mil.uy\/wp-content\/uploads\/2024\/03\/Apoyo-a-compatriotas-inundados-2-1-1024x683.jpg 1024w, https:\/\/www.ejercito.mil.uy\/wp-content\/uploads\/2024\/03\/Apoyo-a-compatriotas-inundados-2-1-300x200.jpg 300w, https:\/\/www.ejercito.mil.uy\/wp-content\/uploads\/2024\/03\/Apoyo-a-compatriotas-inundados-2-1.jpg 1200w\" sizes=\"(max-width: 1024px) 100vw, 1024px\" \/><\/figure><figcaption class=\"coblocks-gallery--caption coblocks-gallery--primary-caption\"><\/figcaption><\/div><\/div><\/div><button class=\"nav-button__prev\" id=\"12345-prev\"><svg class=\"icon\" style=\"transform:rotate(180deg)\"><\/svg><\/button><button class=\"nav-button__next\" id=\"12345-next\"><svg class=\"icon\"><\/svg><\/button><\/div><\/div><\/div>\n\n\n\n<div style=\"height:55px\" aria-hidden=\"true\" class=\"wp-block-spacer\"><\/div>\n\n\n\n<hr class=\"wp-block-separator has-text-color has-black-color has-alpha-channel-opacity has-black-background-color has-background\"\/>\n\n\n\n<div style=\"height:22px\" aria-hidden=\"true\" class=\"wp-block-spacer\"><\/div>\n\n\n\n<p class=\"has-black-color has-text-color has-small-font-size\">23.03.2024 &#8211; <strong>Durazno <\/strong><\/p>\n\n\n\n<div style=\"height:22px\" aria-hidden=\"true\" class=\"wp-block-spacer\"><\/div>\n\n\n\n<p class=\"has-black-color has-text-color\" style=\"font-size:18px\">Efectivos del Regimiento \u00abTte. Gral. Pablo Galarza\u00bb de Caballer\u00eda Blindado N\u00b0 2 y del Batall\u00f3n de Infanter\u00eda Blindado N\u00ba 13 apoyaron a OSE, con la colocaci\u00f3n de una nueva bomba de agua en la ciudad de Durazno, que en caso de ser empleada, servir\u00e1 de respaldo a la que ya se encuentra en uso.<\/p>\n\n\n\n<div style=\"height:44px\" aria-hidden=\"true\" class=\"wp-block-spacer\"><\/div>\n\n\n\n<figure class=\"wp-block-gallery has-nested-images columns-default is-cropped wp-block-gallery-1 is-layout-flex wp-block-gallery-is-layout-flex\">\n<figure class=\"wp-block-image size-large\"><img loading=\"lazy\" decoding=\"async\" width=\"960\" height=\"640\" data-id=\"29374\" src=\"https:\/\/www.ejercito.mil.uy\/wp-content\/uploads\/2024\/03\/FB_IMG_1711245044638.jpg\" alt=\"\" class=\"wp-image-29374\" srcset=\"https:\/\/www.ejercito.mil.uy\/wp-content\/uploads\/2024\/03\/FB_IMG_1711245044638.jpg 960w, https:\/\/www.ejercito.mil.uy\/wp-content\/uploads\/2024\/03\/FB_IMG_1711245044638-300x200.jpg 300w\" sizes=\"(max-width: 960px) 100vw, 960px\" \/><\/figure>\n\n\n\n<figure class=\"wp-block-image size-large\"><img loading=\"lazy\" decoding=\"async\" width=\"960\" height=\"640\" data-id=\"29373\" src=\"https:\/\/www.ejercito.mil.uy\/wp-content\/uploads\/2024\/03\/FB_IMG_1711245040053.jpg\" alt=\"\" class=\"wp-image-29373\" srcset=\"https:\/\/www.ejercito.mil.uy\/wp-content\/uploads\/2024\/03\/FB_IMG_1711245040053.jpg 960w, https:\/\/www.ejercito.mil.uy\/wp-content\/uploads\/2024\/03\/FB_IMG_1711245040053-300x200.jpg 300w\" sizes=\"(max-width: 960px) 100vw, 960px\" \/><\/figure>\n<\/figure>\n\n\n\n<div style=\"height:55px\" aria-hidden=\"true\" class=\"wp-block-spacer\"><\/div>\n\n\n\n<hr class=\"wp-block-separator has-alpha-channel-opacity\"\/>\n\n\n\n<p class=\"has-black-color has-text-color has-small-font-size\">24.03.2024<\/p>\n\n\n\n<div style=\"height:22px\" aria-hidden=\"true\" class=\"wp-block-spacer\"><\/div>\n\n\n\n<p class=\"has-black-color has-text-color\" style=\"font-size:18px\">En la ma\u00f1ana del 24 de marzo, efectivos del <a href=\"http:\/\/Batall\u00f3n de Infanter\u00eda Blindado N\u00ba13 Uy\">Batall\u00f3n de Infanter\u00eda Blindado N\u00ba 13<\/a> de Durazno, continuaron con el apoyo a OSE.<\/p>\n\n\n\n<div style=\"height:33px\" aria-hidden=\"true\" class=\"wp-block-spacer\"><\/div>\n\n\n\n<p class=\"has-black-color has-text-color\" style=\"font-size:18px\">Realizaron el traslado de ca\u00f1os de 12 metros de longitud, para que finalmente en caso de ser necesaria, la nueva bomba de agua pueda funcionar.<\/p>\n\n\n\n<div style=\"height:44px\" aria-hidden=\"true\" class=\"wp-block-spacer\"><\/div>\n\n\n\n<div aria-label=\"Carousel Gallery\" class=\"wp-block-coblocks-gallery-carousel\"><div class=\"coblocks-gallery-carousel-swiper-container is-cropped coblocks-gallery has-no-alignment has-caption-style-dark has-no-thumbnails\"><div class=\"has-carousel has-carousel-xlrg swiper-container\" data-swiper=\"{&quot;alignCells&quot;:false,&quot;autoPlay&quot;:false,&quot;autoPlaySpeed&quot;:3000,&quot;draggable&quot;:true,&quot;freeMode&quot;:false,&quot;loop&quot;:true,&quot;navigation&quot;:true,&quot;pageDots&quot;:false,&quot;pauseHover&quot;:false,&quot;responsiveHeight&quot;:false,&quot;slidesPerView&quot;:1,&quot;thumbnails&quot;:false,&quot;uuid&quot;:&quot;12345&quot;}\" style=\"height:550px\"><div class=\"swiper-wrapper\"><div class=\"swiper-slide\"><div class=\"coblocks-gallery--item\" role=\"button\" tabindex=\"0\"><figure class=\"coblocks-gallery--figure\"><img loading=\"lazy\" decoding=\"async\" width=\"1024\" height=\"683\" alt=\"\" class=\"wp-image-29385\" data-id=\"29385\" data-link=\"https:\/\/www.ejercito.mil.uy\/b03adba8-8558-4af3-a32f-2adb43f56ad8-png-2\/\" src=\"https:\/\/www.ejercito.mil.uy\/wp-content\/uploads\/2024\/03\/b03adba8-8558-4af3-a32f-2adb43f56ad8-1-1024x683.png\" srcset=\"https:\/\/www.ejercito.mil.uy\/wp-content\/uploads\/2024\/03\/b03adba8-8558-4af3-a32f-2adb43f56ad8-1-1024x683.png 1024w, https:\/\/www.ejercito.mil.uy\/wp-content\/uploads\/2024\/03\/b03adba8-8558-4af3-a32f-2adb43f56ad8-1-300x200.png 300w, https:\/\/www.ejercito.mil.uy\/wp-content\/uploads\/2024\/03\/b03adba8-8558-4af3-a32f-2adb43f56ad8-1.png 1200w\" sizes=\"(max-width: 1024px) 100vw, 1024px\" \/><\/figure><figcaption class=\"coblocks-gallery--caption coblocks-gallery--primary-caption\"><\/figcaption><\/div><\/div><div class=\"swiper-slide\"><div class=\"coblocks-gallery--item\" role=\"button\" tabindex=\"1\"><figure class=\"coblocks-gallery--figure\"><img loading=\"lazy\" decoding=\"async\" width=\"1024\" height=\"683\" alt=\"\" class=\"wp-image-29384\" data-id=\"29384\" data-link=\"https:\/\/www.ejercito.mil.uy\/index.php\/2024\/03\/23\/apoyo-a-compatriotas\/90edaa8e-2cb2-4503-9df3-cea0802d7870-png\/\" src=\"https:\/\/www.ejercito.mil.uy\/wp-content\/uploads\/2024\/03\/90edaa8e-2cb2-4503-9df3-cea0802d7870-1024x683.png\" srcset=\"https:\/\/www.ejercito.mil.uy\/wp-content\/uploads\/2024\/03\/90edaa8e-2cb2-4503-9df3-cea0802d7870-1024x683.png 1024w, https:\/\/www.ejercito.mil.uy\/wp-content\/uploads\/2024\/03\/90edaa8e-2cb2-4503-9df3-cea0802d7870-300x200.png 300w, https:\/\/www.ejercito.mil.uy\/wp-content\/uploads\/2024\/03\/90edaa8e-2cb2-4503-9df3-cea0802d7870.png 1200w\" sizes=\"(max-width: 1024px) 100vw, 1024px\" \/><\/figure><figcaption class=\"coblocks-gallery--caption coblocks-gallery--primary-caption\"><\/figcaption><\/div><\/div><div class=\"swiper-slide\"><div class=\"coblocks-gallery--item\" role=\"button\" tabindex=\"2\"><figure class=\"coblocks-gallery--figure\"><img loading=\"lazy\" decoding=\"async\" width=\"1024\" height=\"768\" alt=\"\" class=\"wp-image-29383\" data-id=\"29383\" data-link=\"https:\/\/www.ejercito.mil.uy\/index.php\/2024\/03\/23\/apoyo-a-compatriotas\/img-20240324-wa0000-jpg\/\" src=\"https:\/\/www.ejercito.mil.uy\/wp-content\/uploads\/2024\/03\/IMG-20240324-WA0000-1024x768.jpg\" srcset=\"https:\/\/www.ejercito.mil.uy\/wp-content\/uploads\/2024\/03\/IMG-20240324-WA0000-1024x768.jpg 1024w, https:\/\/www.ejercito.mil.uy\/wp-content\/uploads\/2024\/03\/IMG-20240324-WA0000-300x225.jpg 300w, https:\/\/www.ejercito.mil.uy\/wp-content\/uploads\/2024\/03\/IMG-20240324-WA0000.jpg 1600w\" sizes=\"(max-width: 1024px) 100vw, 1024px\" \/><\/figure><figcaption class=\"coblocks-gallery--caption coblocks-gallery--primary-caption\"><\/figcaption><\/div><\/div><\/div><button class=\"nav-button__prev\" id=\"12345-prev\"><svg class=\"icon\" style=\"transform:rotate(180deg)\"><\/svg><\/button><button class=\"nav-button__next\" id=\"12345-next\"><svg class=\"icon\"><\/svg><\/button><\/div><\/div><\/div>\n\n\n\n<div style=\"height:99px\" aria-hidden=\"true\" class=\"wp-block-spacer\"><\/div>\n","protected":false},"excerpt":{"rendered":"<p>26.03.2024 &#8211; El Ej\u00e9rcito Nacional contin\u00faa apoyando a OSE por consecuencia de las inundaciones.<\/p>\n","protected":false},"author":4,"featured_media":29704,"comment_status":"open","ping_status":"open","sticky":false,"template":"","format":"standard","meta":{"_coblocks_attr":"","_coblocks_dimensions":"","_coblocks_responsive_height":"","_coblocks_accordion_ie_support":"","_monsterinsights_skip_tracking":false,"_monsterinsights_sitenote_active":false,"_monsterinsights_sitenote_note":"","_monsterinsights_sitenote_category":0,"_uf_show_specific_survey":0,"_uf_disable_surveys":false,"footnotes":""},"categories":[2,10,14,1],"tags":[1490,27,1497,808,1495,49,872],"class_list":["post-29681","post","type-post","status-publish","format-standard","has-post-thumbnail","hentry","category-blog","category-destacados","category-noticias","category-sin-categoria","tag-afectados","tag-apoyo","tag-compatriotas","tag-emergencias","tag-fumigacion","tag-inundaciones","tag-ose"],"aioseo_notices":[],"_links":{"self":[{"href":"https:\/\/www.ejercito.mil.uy\/index.php\/wp-json\/wp\/v2\/posts\/29681","targetHints":{"allow":["GET"]}}],"collection":[{"href":"https:\/\/www.ejercito.mil.uy\/index.php\/wp-json\/wp\/v2\/posts"}],"about":[{"href":"https:\/\/www.ejercito.mil.uy\/index.php\/wp-json\/wp\/v2\/types\/post"}],"author":[{"embeddable":true,"href":"https:\/\/www.ejercito.mil.uy\/index.php\/wp-json\/wp\/v2\/users\/4"}],"replies":[{"embeddable":true,"href":"https:\/\/www.ejercito.mil.uy\/index.php\/wp-json\/wp\/v2\/comments?post=29681"}],"version-history":[{"count":10,"href":"https:\/\/www.ejercito.mil.uy\/index.php\/wp-json\/wp\/v2\/posts\/29681\/revisions"}],"predecessor-version":[{"id":29735,"href":"https:\/\/www.ejercito.mil.uy\/index.php\/wp-json\/wp\/v2\/posts\/29681\/revisions\/29735"}],"wp:featuredmedia":[{"embeddable":true,"href":"https:\/\/www.ejercito.mil.uy\/index.php\/wp-json\/wp\/v2\/media\/29704"}],"wp:attachment":[{"href":"https:\/\/www.ejercito.mil.uy\/index.php\/wp-json\/wp\/v2\/media?parent=29681"}],"wp:term":[{"taxonomy":"category","embeddable":true,"href":"https:\/\/www.ejercito.mil.uy\/index.php\/wp-json\/wp\/v2\/categories?post=29681"},{"taxonomy":"post_tag","embeddable":true,"href":"https:\/\/www.ejercito.mil.uy\/index.php\/wp-json\/wp\/v2\/tags?post=29681"}],"curies":[{"name":"wp","href":"https:\/\/api.w.org\/{rel}","templated":true}]}}