{"id":30047,"date":"2024-04-16T12:37:42","date_gmt":"2024-04-16T15:37:42","guid":{"rendered":"https:\/\/www.ejercito.mil.uy\/?p=30047"},"modified":"2024-05-04T15:44:13","modified_gmt":"2024-05-04T18:44:13","slug":"marcha-a-caballo-a-tierras-paraguayas","status":"publish","type":"post","link":"https:\/\/www.ejercito.mil.uy\/index.php\/2024\/04\/16\/marcha-a-caballo-a-tierras-paraguayas\/","title":{"rendered":"Marcha a caballo a tierras paraguayas"},"content":{"rendered":"\n<p class=\"has-black-color has-text-color has-medium-font-size\">16.04.2024 &#8211; <strong>Rep\u00fablica de Paraguay <\/strong><\/p>\n\n\n\n<div style=\"height:22px\" aria-hidden=\"true\" class=\"wp-block-spacer\"><\/div>\n\n\n\n<p class=\"has-white-color has-text-color has-background has-medium-font-size\" style=\"background-color:#5f021f\">Nuestros jinetes uruguayos que conforman la marcha a caballo hacia la Escuela \u00abSolar de Artigas\u00bb de la Rep\u00fablica de Paraguay, <strong>llegaron a tierras paraguayas<\/strong> a trav\u00e9s del puente San Roque Gonz\u00e1lez.<\/p>\n\n\n\n<div style=\"height:22px\" aria-hidden=\"true\" class=\"wp-block-spacer\"><\/div>\n\n\n\n<p class=\"has-black-color has-text-color has-medium-font-size\">Esta marcha comenz\u00f3 el 26 de marzo, rinde homenaje al Centenario de la Escuela que se celebrar\u00e1 el domingo 28 de abril.<\/p>\n\n\n\n<div style=\"height:22px\" aria-hidden=\"true\" class=\"wp-block-spacer\"><\/div>\n\n\n\n<figure class=\"wp-block-image size-large\"><img fetchpriority=\"high\" decoding=\"async\" width=\"1024\" height=\"683\" src=\"https:\/\/www.ejercito.mil.uy\/wp-content\/uploads\/2024\/04\/Marcha-a-caballo-a-tierras-paraguayas-3-1024x683.jpg\" alt=\"\" class=\"wp-image-30051\" srcset=\"https:\/\/www.ejercito.mil.uy\/wp-content\/uploads\/2024\/04\/Marcha-a-caballo-a-tierras-paraguayas-3-1024x683.jpg 1024w, https:\/\/www.ejercito.mil.uy\/wp-content\/uploads\/2024\/04\/Marcha-a-caballo-a-tierras-paraguayas-3-300x200.jpg 300w, https:\/\/www.ejercito.mil.uy\/wp-content\/uploads\/2024\/04\/Marcha-a-caballo-a-tierras-paraguayas-3.jpg 1200w\" sizes=\"(max-width: 1024px) 100vw, 1024px\" \/><\/figure>\n\n\n\n<div style=\"height:22px\" aria-hidden=\"true\" class=\"wp-block-spacer\"><\/div>\n\n\n\n<p class=\"has-black-color has-text-color has-medium-font-size\">Nuestros compatriotas transitar\u00e1n el \u00faltimo camino que nuestro m\u00e1ximo h\u00e9roe, el Gral. Jos\u00e9 Gervasio Artigas recorri\u00f3 rumbo al pa\u00eds guaran\u00ed.<\/p>\n\n\n\n<div style=\"height:22px\" aria-hidden=\"true\" class=\"wp-block-spacer\"><\/div>\n\n\n\n<p class=\"has-black-color has-text-color has-medium-font-size\">Llevan recorridos m\u00e1s de 720 km, restan aproximadamente 290 km para llegar a destino. Prev\u00e9n su arribo a Asunci\u00f3n el 26 de abril.<\/p>\n\n\n\n<div style=\"height:22px\" aria-hidden=\"true\" class=\"wp-block-spacer\"><\/div>\n\n\n\n<div class=\"wp-block-columns is-layout-flex wp-container-core-columns-is-layout-28f84493 wp-block-columns-is-layout-flex\">\n<div class=\"wp-block-column is-layout-flow wp-block-column-is-layout-flow\">\n<figure class=\"wp-block-image size-large\"><img decoding=\"async\" width=\"1024\" height=\"683\" src=\"https:\/\/www.ejercito.mil.uy\/wp-content\/uploads\/2024\/04\/Marcha-a-caballo-a-tierras-paraguayas-5-1024x683.jpg\" alt=\"\" class=\"wp-image-30052\" srcset=\"https:\/\/www.ejercito.mil.uy\/wp-content\/uploads\/2024\/04\/Marcha-a-caballo-a-tierras-paraguayas-5-1024x683.jpg 1024w, https:\/\/www.ejercito.mil.uy\/wp-content\/uploads\/2024\/04\/Marcha-a-caballo-a-tierras-paraguayas-5-300x200.jpg 300w, https:\/\/www.ejercito.mil.uy\/wp-content\/uploads\/2024\/04\/Marcha-a-caballo-a-tierras-paraguayas-5.jpg 1200w\" sizes=\"(max-width: 1024px) 100vw, 1024px\" \/><\/figure>\n<\/div>\n\n\n\n<div class=\"wp-block-column is-layout-flow wp-block-column-is-layout-flow\">\n<figure class=\"wp-block-image size-large\"><img decoding=\"async\" width=\"1024\" height=\"683\" src=\"https:\/\/www.ejercito.mil.uy\/wp-content\/uploads\/2024\/04\/Marcha-a-caballo-a-tierras-paraguayas-6-1024x683.jpg\" alt=\"\" class=\"wp-image-30053\" srcset=\"https:\/\/www.ejercito.mil.uy\/wp-content\/uploads\/2024\/04\/Marcha-a-caballo-a-tierras-paraguayas-6-1024x683.jpg 1024w, https:\/\/www.ejercito.mil.uy\/wp-content\/uploads\/2024\/04\/Marcha-a-caballo-a-tierras-paraguayas-6-300x200.jpg 300w, https:\/\/www.ejercito.mil.uy\/wp-content\/uploads\/2024\/04\/Marcha-a-caballo-a-tierras-paraguayas-6.jpg 1200w\" sizes=\"(max-width: 1024px) 100vw, 1024px\" \/><\/figure>\n<\/div>\n<\/div>\n\n\n\n<div style=\"height:22px\" aria-hidden=\"true\" class=\"wp-block-spacer\"><\/div>\n\n\n\n<p class=\"has-black-color has-text-color has-medium-font-size\">Cabe destacar, que fueron declarados Visitantes Ilustres de Encarnaci\u00f3n por la Junta Municipal de Encarnaci\u00f3n.<\/p>\n\n\n\n<div style=\"height:22px\" aria-hidden=\"true\" class=\"wp-block-spacer\"><\/div>\n\n\n\n<div class=\"wp-block-columns is-layout-flex wp-container-core-columns-is-layout-28f84493 wp-block-columns-is-layout-flex\">\n<div class=\"wp-block-column is-layout-flow wp-block-column-is-layout-flow\">\n<figure class=\"wp-block-image size-large is-style-default\"><img loading=\"lazy\" decoding=\"async\" width=\"1024\" height=\"683\" src=\"https:\/\/www.ejercito.mil.uy\/wp-content\/uploads\/2024\/04\/Marcha-a-caballo-a-tierras-paraguayas-1-1024x683.jpg\" alt=\"\" class=\"wp-image-30050\" srcset=\"https:\/\/www.ejercito.mil.uy\/wp-content\/uploads\/2024\/04\/Marcha-a-caballo-a-tierras-paraguayas-1-1024x683.jpg 1024w, https:\/\/www.ejercito.mil.uy\/wp-content\/uploads\/2024\/04\/Marcha-a-caballo-a-tierras-paraguayas-1-300x200.jpg 300w, https:\/\/www.ejercito.mil.uy\/wp-content\/uploads\/2024\/04\/Marcha-a-caballo-a-tierras-paraguayas-1.jpg 1200w\" sizes=\"(max-width: 1024px) 100vw, 1024px\" \/><\/figure>\n<\/div>\n\n\n\n<div class=\"wp-block-column is-layout-flow wp-block-column-is-layout-flow\">\n<figure class=\"wp-block-image size-large\"><img loading=\"lazy\" decoding=\"async\" width=\"1024\" height=\"683\" src=\"https:\/\/www.ejercito.mil.uy\/wp-content\/uploads\/2024\/04\/Marcha-a-caballo-a-tierras-paraguayas-4-1024x683.jpg\" alt=\"\" class=\"wp-image-30049\" srcset=\"https:\/\/www.ejercito.mil.uy\/wp-content\/uploads\/2024\/04\/Marcha-a-caballo-a-tierras-paraguayas-4-1024x683.jpg 1024w, https:\/\/www.ejercito.mil.uy\/wp-content\/uploads\/2024\/04\/Marcha-a-caballo-a-tierras-paraguayas-4-300x200.jpg 300w, https:\/\/www.ejercito.mil.uy\/wp-content\/uploads\/2024\/04\/Marcha-a-caballo-a-tierras-paraguayas-4.jpg 1200w\" sizes=\"(max-width: 1024px) 100vw, 1024px\" \/><\/figure>\n<\/div>\n<\/div>\n\n\n\n<div style=\"height:22px\" aria-hidden=\"true\" class=\"wp-block-spacer\"><\/div>\n\n\n\n<p class=\"has-black-color has-text-color has-medium-font-size\">Participan 2 efectivos del Ej\u00e9rcito Nacional, pertenecientes al Regimiento \u00abBlandengues de Artigas\u00bb de Caballer\u00eda N\u00b01, el Tte. 2\u00b0 Ignacio Gra\u00f1a y el Sgto. Fernando Rodr\u00edguez, quienes representan a los Blandengues de todos los tiempos.<\/p>\n","protected":false},"excerpt":{"rendered":"<p>16.04.2024 &#8211; Efectivos del Regimiento \u00abBlandengues de Artigas\u00bb de Caballer\u00eda N\u00b01 llevan recorridos m\u00e1s de 720 km, prev\u00e9n su arribo a Asunci\u00f3n el 26 de abril.<\/p>\n","protected":false},"author":4,"featured_media":30048,"comment_status":"open","ping_status":"open","sticky":false,"template":"","format":"standard","meta":{"_coblocks_attr":"","_coblocks_dimensions":"","_coblocks_responsive_height":"","_coblocks_accordion_ie_support":"","_monsterinsights_skip_tracking":false,"_monsterinsights_sitenote_active":false,"_monsterinsights_sitenote_note":"","_monsterinsights_sitenote_category":0,"_uf_show_specific_survey":0,"_uf_disable_surveys":false,"footnotes":""},"categories":[2,10,14],"tags":[210,767,141,1425,107,1509,131,115,227],"class_list":["post-30047","post","type-post","status-publish","format-standard","has-post-thumbnail","hentry","category-blog","category-destacados","category-noticias","tag-artigas","tag-blandengues","tag-caballeria","tag-caballo","tag-escuela","tag-ilustres","tag-marcha","tag-paraguay","tag-procer"],"aioseo_notices":[],"_links":{"self":[{"href":"https:\/\/www.ejercito.mil.uy\/index.php\/wp-json\/wp\/v2\/posts\/30047","targetHints":{"allow":["GET"]}}],"collection":[{"href":"https:\/\/www.ejercito.mil.uy\/index.php\/wp-json\/wp\/v2\/posts"}],"about":[{"href":"https:\/\/www.ejercito.mil.uy\/index.php\/wp-json\/wp\/v2\/types\/post"}],"author":[{"embeddable":true,"href":"https:\/\/www.ejercito.mil.uy\/index.php\/wp-json\/wp\/v2\/users\/4"}],"replies":[{"embeddable":true,"href":"https:\/\/www.ejercito.mil.uy\/index.php\/wp-json\/wp\/v2\/comments?post=30047"}],"version-history":[{"count":2,"href":"https:\/\/www.ejercito.mil.uy\/index.php\/wp-json\/wp\/v2\/posts\/30047\/revisions"}],"predecessor-version":[{"id":30070,"href":"https:\/\/www.ejercito.mil.uy\/index.php\/wp-json\/wp\/v2\/posts\/30047\/revisions\/30070"}],"wp:featuredmedia":[{"embeddable":true,"href":"https:\/\/www.ejercito.mil.uy\/index.php\/wp-json\/wp\/v2\/media\/30048"}],"wp:attachment":[{"href":"https:\/\/www.ejercito.mil.uy\/index.php\/wp-json\/wp\/v2\/media?parent=30047"}],"wp:term":[{"taxonomy":"category","embeddable":true,"href":"https:\/\/www.ejercito.mil.uy\/index.php\/wp-json\/wp\/v2\/categories?post=30047"},{"taxonomy":"post_tag","embeddable":true,"href":"https:\/\/www.ejercito.mil.uy\/index.php\/wp-json\/wp\/v2\/tags?post=30047"}],"curies":[{"name":"wp","href":"https:\/\/api.w.org\/{rel}","templated":true}]}}