{"id":30148,"date":"2024-04-23T08:00:00","date_gmt":"2024-04-23T11:00:00","guid":{"rendered":"https:\/\/www.ejercito.mil.uy\/?p=30148"},"modified":"2024-04-24T09:31:35","modified_gmt":"2024-04-24T12:31:35","slug":"dia-mundial-del-libro-y-del-derecho-de-autor","status":"publish","type":"post","link":"https:\/\/www.ejercito.mil.uy\/index.php\/2024\/04\/23\/dia-mundial-del-libro-y-del-derecho-de-autor\/","title":{"rendered":"D\u00eda Mundial del Libro y del Derecho de Autor"},"content":{"rendered":"\n<div style=\"height:22px\" aria-hidden=\"true\" class=\"wp-block-spacer\"><\/div>\n\n\n\n<p class=\"has-black-color has-text-color has-small-font-size\">23.04.2024  <\/p>\n\n\n\n<div style=\"height:33px\" aria-hidden=\"true\" class=\"wp-block-spacer\"><\/div>\n\n\n\n<p class=\"has-white-color has-text-color has-background has-medium-font-size\" style=\"background-color:#020e9d\">El Ej\u00e9rcito Nacional se une en la celebraci\u00f3n del <strong>D\u00eda Mundial del Libro y del Derecho de Autor.<\/strong><\/p>\n\n\n\n<div style=\"height:33px\" aria-hidden=\"true\" class=\"wp-block-spacer\"><\/div>\n\n\n\n<p class=\"has-black-color has-text-color\" style=\"font-size:18px\">El objetivo es fomentar la lectura, adem\u00e1s de dar a conocer el derecho de la propiedad intelectual para el autor de su propia obra literaria.<\/p>\n\n\n\n<div style=\"height:33px\" aria-hidden=\"true\" class=\"wp-block-spacer\"><\/div>\n\n\n\n<p class=\"has-black-color has-text-color\" style=\"font-size:18px\">En 1923 se propuso este d\u00eda, estableci\u00e9ndose en aquel momento el 23 de abril, por ser la fecha en la que hab\u00eda muerto Miguel de Cervantes. Tiempo despu\u00e9s, se comprueba que es una fecha que coincide con las desapariciones f\u00edsicas de varios autores de reconocimiento mundial, como William Shakespeare, entre otros. En 1995, queda aprobado por la Conferencia General de la UNESCO.<\/p>\n\n\n\n<div style=\"height:33px\" aria-hidden=\"true\" class=\"wp-block-spacer\"><\/div>\n\n\n\n<p class=\"has-black-color has-text-color\" style=\"font-size:18px\">Los libros son fuente inagotable de sabidur\u00eda, que ayudan al hombre a transformar su mundo interior y exterior. Adem\u00e1s, ejercitan nuestro cerebro, despiertan v\u00edas neuronales, activan la memoria, nos hacen recordar, conocer y aprender.<\/p>\n\n\n\n<div style=\"height:33px\" aria-hidden=\"true\" class=\"wp-block-spacer\"><\/div>\n\n\n\n<p class=\"has-black-color has-text-color\" style=\"font-size:18px\">Cabe destacar, que el Batall\u00f3n \u201cUruguay IV\u201d desplegado en la Rep\u00fablica Democr\u00e1tica del Congo, dona libros de autores uruguayos a centros educativos de la ciudad de Goma y de esa forma contribuye en pos de la Paz.<\/p>\n\n\n\n<div style=\"height:33px\" aria-hidden=\"true\" class=\"wp-block-spacer\"><\/div>\n\n\n\n<p class=\"has-black-color has-text-color\" style=\"font-size:18px\">Por otra parte, en el a\u00f1o 2023, se realiz\u00f3 la presentaci\u00f3n de la recopilaci\u00f3n de relatos y documentos de ONUMOZ: la Misi\u00f3n de Paz que Naciones Unidas llev\u00f3 a cabo en Mozambique entre 1993 y 1994. El libro fue redactado por ex integrantes de ONUMOZ. Es un trabajo en apoyo al Departamento de Estudios Hist\u00f3ricos del Ej\u00e9rcito y pretende rememorar el esfuerzo y sacrificio de nuestros camaradas en dicha misi\u00f3n.<\/p>\n\n\n\n<div style=\"height:99px\" aria-hidden=\"true\" class=\"wp-block-spacer\"><\/div>\n","protected":false},"excerpt":{"rendered":"<p>23.04.2024 &#8211; El Batall\u00f3n \u201cUruguay IV\u201d, dona libros de autores uruguayos a centros educativos de la ciudad de Goma y de esa forma contribuye en pos de la Paz.<\/p>\n","protected":false},"author":14,"featured_media":30149,"comment_status":"open","ping_status":"open","sticky":false,"template":"","format":"standard","meta":{"_coblocks_attr":"","_coblocks_dimensions":"","_coblocks_responsive_height":"","_coblocks_accordion_ie_support":"","_monsterinsights_skip_tracking":false,"_monsterinsights_sitenote_active":false,"_monsterinsights_sitenote_note":"","_monsterinsights_sitenote_category":0,"_uf_show_specific_survey":0,"_uf_disable_surveys":false,"footnotes":""},"categories":[2,14,1],"tags":[1517,1519,1518,347],"class_list":["post-30148","post","type-post","status-publish","format-standard","has-post-thumbnail","hentry","category-blog","category-noticias","category-sin-categoria","tag-derecho-de-autor","tag-dia-mundial","tag-lectura","tag-libro"],"aioseo_notices":[],"_links":{"self":[{"href":"https:\/\/www.ejercito.mil.uy\/index.php\/wp-json\/wp\/v2\/posts\/30148","targetHints":{"allow":["GET"]}}],"collection":[{"href":"https:\/\/www.ejercito.mil.uy\/index.php\/wp-json\/wp\/v2\/posts"}],"about":[{"href":"https:\/\/www.ejercito.mil.uy\/index.php\/wp-json\/wp\/v2\/types\/post"}],"author":[{"embeddable":true,"href":"https:\/\/www.ejercito.mil.uy\/index.php\/wp-json\/wp\/v2\/users\/14"}],"replies":[{"embeddable":true,"href":"https:\/\/www.ejercito.mil.uy\/index.php\/wp-json\/wp\/v2\/comments?post=30148"}],"version-history":[{"count":8,"href":"https:\/\/www.ejercito.mil.uy\/index.php\/wp-json\/wp\/v2\/posts\/30148\/revisions"}],"predecessor-version":[{"id":30213,"href":"https:\/\/www.ejercito.mil.uy\/index.php\/wp-json\/wp\/v2\/posts\/30148\/revisions\/30213"}],"wp:featuredmedia":[{"embeddable":true,"href":"https:\/\/www.ejercito.mil.uy\/index.php\/wp-json\/wp\/v2\/media\/30149"}],"wp:attachment":[{"href":"https:\/\/www.ejercito.mil.uy\/index.php\/wp-json\/wp\/v2\/media?parent=30148"}],"wp:term":[{"taxonomy":"category","embeddable":true,"href":"https:\/\/www.ejercito.mil.uy\/index.php\/wp-json\/wp\/v2\/categories?post=30148"},{"taxonomy":"post_tag","embeddable":true,"href":"https:\/\/www.ejercito.mil.uy\/index.php\/wp-json\/wp\/v2\/tags?post=30148"}],"curies":[{"name":"wp","href":"https:\/\/api.w.org\/{rel}","templated":true}]}}