{"id":30304,"date":"2024-04-26T14:00:00","date_gmt":"2024-04-26T17:00:00","guid":{"rendered":"https:\/\/www.ejercito.mil.uy\/?p=30304"},"modified":"2024-05-03T13:00:59","modified_gmt":"2024-05-03T16:00:59","slug":"taller-de-capacitacion-para-lideres-de-fracciones-en-seguridad-de-fronteras","status":"publish","type":"post","link":"https:\/\/www.ejercito.mil.uy\/index.php\/2024\/04\/26\/taller-de-capacitacion-para-lideres-de-fracciones-en-seguridad-de-fronteras\/","title":{"rendered":"Taller de Capacitaci\u00f3n para L\u00edderes de Fracciones en Seguridad de Fronteras"},"content":{"rendered":"\n<div style=\"height:22px\" aria-hidden=\"true\" class=\"wp-block-spacer\"><\/div>\n\n\n\n<p class=\"has-black-color has-text-color has-medium-font-size\">26.04.2024 &#8211; <strong>Colonia <\/strong><\/p>\n\n\n\n<div style=\"height:33px\" aria-hidden=\"true\" class=\"wp-block-spacer\"><\/div>\n\n\n\n<p class=\"has-white-color has-text-color has-background has-medium-font-size\" style=\"background-color:#1f6728\">En el marco de la instrucci\u00f3n permanente de los efectivos del Ej\u00e9rcito Nacional, se realiz\u00f3 el <strong>tercer Taller de Capacitaci\u00f3n para L\u00edderes de Fracciones en Seguridad de Fronteras<\/strong> en la Brigada \u00abGral. Jos\u00e9 de San Mart\u00edn\u00bb de Infanter\u00eda N\u00b02.<\/p>\n\n\n\n<div style=\"height:33px\" aria-hidden=\"true\" class=\"wp-block-spacer\"><\/div>\n\n\n\n<p class=\"has-black-color has-text-color has-medium-font-size\">Cont\u00f3 con instructores de Fiscal\u00eda, Migraciones, Aduanas, <a href=\"https:\/\/www.facebook.com\/Minterioruy\">Ministerio del Interior<\/a>, <a href=\"http:\/\/uruguaymgap\">Ministerio de Ganader\u00eda, Agricultura y Pesca<\/a>, <a rel=\"noreferrer noopener\" href=\"https:\/\/www.facebook.com\/profile.php?id=100069134233149&amp;__cft__[0]=AZULoIK6iNPrzLbgQT8nD4AekuOmnNC3ekQtogvmCygBr0jQrAe3CVObtPyTizkDxxwCiO3KmXCnBMp_b8dUkrU8phfVsMW0KgCUH_PgqA-rapLV0LS0qOc4g6NPj3vIl5t2WjXhVODq8oyOqDmeiz0EHO37b8ovTY3IF1Hhf_V_YQ&amp;__tn__=-]K-R\" target=\"_blank\">Armada Nacional Uruguay<\/a>, <a rel=\"noreferrer noopener\" href=\"https:\/\/www.facebook.com\/fau.mil.uy?__cft__[0]=AZULoIK6iNPrzLbgQT8nD4AekuOmnNC3ekQtogvmCygBr0jQrAe3CVObtPyTizkDxxwCiO3KmXCnBMp_b8dUkrU8phfVsMW0KgCUH_PgqA-rapLV0LS0qOc4g6NPj3vIl5t2WjXhVODq8oyOqDmeiz0EHO37b8ovTY3IF1Hhf_V_YQ&amp;__tn__=-]K-R\" target=\"_blank\">Fuerza A\u00e9rea Uruguaya<\/a> y Ej\u00e9rcito.<\/p>\n\n\n\n<div style=\"height:33px\" aria-hidden=\"true\" class=\"wp-block-spacer\"><\/div>\n\n\n\n<div aria-label=\"Carousel Gallery\" class=\"wp-block-coblocks-gallery-carousel\"><div class=\"coblocks-gallery-carousel-swiper-container is-cropped coblocks-gallery has-no-alignment has-caption-style-dark has-no-thumbnails\"><div class=\"has-carousel has-carousel-xlrg swiper-container\" data-swiper=\"{&quot;alignCells&quot;:false,&quot;autoPlay&quot;:false,&quot;autoPlaySpeed&quot;:3000,&quot;draggable&quot;:true,&quot;freeMode&quot;:false,&quot;loop&quot;:false,&quot;navigation&quot;:true,&quot;pageDots&quot;:false,&quot;pauseHover&quot;:false,&quot;responsiveHeight&quot;:false,&quot;slidesPerView&quot;:1,&quot;thumbnails&quot;:false,&quot;uuid&quot;:&quot;12345&quot;}\" style=\"height:550px\"><div class=\"swiper-wrapper\"><div class=\"swiper-slide\"><div class=\"coblocks-gallery--item\" role=\"button\" tabindex=\"0\"><figure class=\"coblocks-gallery--figure\"><img fetchpriority=\"high\" decoding=\"async\" width=\"1024\" height=\"683\" alt=\"\" class=\"wp-image-30306\" data-id=\"30306\" data-link=\"https:\/\/www.ejercito.mil.uy\/?attachment_id=30306\" src=\"https:\/\/www.ejercito.mil.uy\/wp-content\/uploads\/2024\/04\/Taller-de-Capacitacion-para-Lideres-de-Fracciones-en-Seguridad-de-Fronteras-1-1024x683.jpg\" srcset=\"https:\/\/www.ejercito.mil.uy\/wp-content\/uploads\/2024\/04\/Taller-de-Capacitacion-para-Lideres-de-Fracciones-en-Seguridad-de-Fronteras-1-1024x683.jpg 1024w, https:\/\/www.ejercito.mil.uy\/wp-content\/uploads\/2024\/04\/Taller-de-Capacitacion-para-Lideres-de-Fracciones-en-Seguridad-de-Fronteras-1-300x200.jpg 300w, https:\/\/www.ejercito.mil.uy\/wp-content\/uploads\/2024\/04\/Taller-de-Capacitacion-para-Lideres-de-Fracciones-en-Seguridad-de-Fronteras-1.jpg 1200w\" sizes=\"(max-width: 1024px) 100vw, 1024px\" \/><\/figure><figcaption class=\"coblocks-gallery--caption coblocks-gallery--primary-caption\"><\/figcaption><\/div><\/div><div class=\"swiper-slide\"><div class=\"coblocks-gallery--item\" role=\"button\" tabindex=\"1\"><figure class=\"coblocks-gallery--figure\"><img decoding=\"async\" width=\"1024\" height=\"683\" alt=\"\" class=\"wp-image-30307\" data-id=\"30307\" data-link=\"https:\/\/www.ejercito.mil.uy\/?attachment_id=30307\" src=\"https:\/\/www.ejercito.mil.uy\/wp-content\/uploads\/2024\/04\/Taller-de-Capacitacion-para-Lideres-de-Fracciones-en-Seguridad-de-Fronteras-2-1024x683.jpg\" srcset=\"https:\/\/www.ejercito.mil.uy\/wp-content\/uploads\/2024\/04\/Taller-de-Capacitacion-para-Lideres-de-Fracciones-en-Seguridad-de-Fronteras-2-1024x683.jpg 1024w, https:\/\/www.ejercito.mil.uy\/wp-content\/uploads\/2024\/04\/Taller-de-Capacitacion-para-Lideres-de-Fracciones-en-Seguridad-de-Fronteras-2-300x200.jpg 300w, https:\/\/www.ejercito.mil.uy\/wp-content\/uploads\/2024\/04\/Taller-de-Capacitacion-para-Lideres-de-Fracciones-en-Seguridad-de-Fronteras-2.jpg 1200w\" sizes=\"(max-width: 1024px) 100vw, 1024px\" \/><\/figure><figcaption class=\"coblocks-gallery--caption coblocks-gallery--primary-caption\"><\/figcaption><\/div><\/div><div class=\"swiper-slide\"><div class=\"coblocks-gallery--item\" role=\"button\" tabindex=\"2\"><figure class=\"coblocks-gallery--figure\"><img decoding=\"async\" width=\"1024\" height=\"683\" alt=\"\" class=\"wp-image-30308\" data-id=\"30308\" data-link=\"https:\/\/www.ejercito.mil.uy\/?attachment_id=30308\" src=\"https:\/\/www.ejercito.mil.uy\/wp-content\/uploads\/2024\/04\/Taller-de-Capacitacion-para-Lideres-de-Fracciones-en-Seguridad-de-Fronteras-3-1024x683.jpg\" srcset=\"https:\/\/www.ejercito.mil.uy\/wp-content\/uploads\/2024\/04\/Taller-de-Capacitacion-para-Lideres-de-Fracciones-en-Seguridad-de-Fronteras-3-1024x683.jpg 1024w, https:\/\/www.ejercito.mil.uy\/wp-content\/uploads\/2024\/04\/Taller-de-Capacitacion-para-Lideres-de-Fracciones-en-Seguridad-de-Fronteras-3-300x200.jpg 300w, https:\/\/www.ejercito.mil.uy\/wp-content\/uploads\/2024\/04\/Taller-de-Capacitacion-para-Lideres-de-Fracciones-en-Seguridad-de-Fronteras-3.jpg 1200w\" sizes=\"(max-width: 1024px) 100vw, 1024px\" \/><\/figure><figcaption class=\"coblocks-gallery--caption coblocks-gallery--primary-caption\"><\/figcaption><\/div><\/div><div class=\"swiper-slide\"><div class=\"coblocks-gallery--item\" role=\"button\" tabindex=\"3\"><figure class=\"coblocks-gallery--figure\"><img loading=\"lazy\" decoding=\"async\" width=\"1024\" height=\"683\" alt=\"\" class=\"wp-image-30309\" data-id=\"30309\" data-link=\"https:\/\/www.ejercito.mil.uy\/?attachment_id=30309\" src=\"https:\/\/www.ejercito.mil.uy\/wp-content\/uploads\/2024\/04\/Taller-de-Capacitacion-para-Lideres-de-Fracciones-en-Seguridad-de-Fronteras-6-1024x683.jpg\" srcset=\"https:\/\/www.ejercito.mil.uy\/wp-content\/uploads\/2024\/04\/Taller-de-Capacitacion-para-Lideres-de-Fracciones-en-Seguridad-de-Fronteras-6-1024x683.jpg 1024w, https:\/\/www.ejercito.mil.uy\/wp-content\/uploads\/2024\/04\/Taller-de-Capacitacion-para-Lideres-de-Fracciones-en-Seguridad-de-Fronteras-6-300x200.jpg 300w, https:\/\/www.ejercito.mil.uy\/wp-content\/uploads\/2024\/04\/Taller-de-Capacitacion-para-Lideres-de-Fracciones-en-Seguridad-de-Fronteras-6.jpg 1200w\" sizes=\"(max-width: 1024px) 100vw, 1024px\" \/><\/figure><figcaption class=\"coblocks-gallery--caption coblocks-gallery--primary-caption\"><\/figcaption><\/div><\/div><\/div><button class=\"nav-button__prev\" id=\"12345-prev\"><svg class=\"icon\" style=\"transform:rotate(180deg)\"><\/svg><\/button><button class=\"nav-button__next\" id=\"12345-next\"><svg class=\"icon\"><\/svg><\/button><\/div><\/div><\/div>\n\n\n\n<div style=\"height:33px\" aria-hidden=\"true\" class=\"wp-block-spacer\"><\/div>\n\n\n\n<p class=\"has-black-color has-text-color has-medium-font-size\">Cabe destacar, que participaron 24 alumnos pertenecientes a distintas Unidades de la Divisi\u00f3n de Ej\u00e9rcito II.<\/p>\n\n\n\n<div style=\"height:33px\" aria-hidden=\"true\" class=\"wp-block-spacer\"><\/div>\n\n\n\n<div aria-label=\"Carousel Gallery\" class=\"wp-block-coblocks-gallery-carousel\"><div class=\"coblocks-gallery-carousel-swiper-container is-cropped coblocks-gallery has-no-alignment has-caption-style-dark has-no-thumbnails\"><div class=\"has-carousel has-carousel-xlrg swiper-container\" data-swiper=\"{&quot;alignCells&quot;:false,&quot;autoPlay&quot;:false,&quot;autoPlaySpeed&quot;:3000,&quot;draggable&quot;:true,&quot;freeMode&quot;:false,&quot;loop&quot;:false,&quot;navigation&quot;:true,&quot;pageDots&quot;:false,&quot;pauseHover&quot;:false,&quot;responsiveHeight&quot;:false,&quot;slidesPerView&quot;:1,&quot;thumbnails&quot;:false,&quot;uuid&quot;:&quot;12345&quot;}\" style=\"height:550px\"><div class=\"swiper-wrapper\"><div class=\"swiper-slide\"><div class=\"coblocks-gallery--item\" role=\"button\"><figure class=\"coblocks-gallery--figure\"><img loading=\"lazy\" decoding=\"async\" width=\"1024\" height=\"683\" alt=\"\" class=\"wp-image-30312\" data-id=\"30312\" data-link=\"https:\/\/www.ejercito.mil.uy\/?attachment_id=30312\" src=\"https:\/\/www.ejercito.mil.uy\/wp-content\/uploads\/2024\/04\/Taller-de-Capacitacion-para-Lideres-de-Fracciones-en-Seguridad-de-Fronteras-8-1024x683.jpg\" srcset=\"https:\/\/www.ejercito.mil.uy\/wp-content\/uploads\/2024\/04\/Taller-de-Capacitacion-para-Lideres-de-Fracciones-en-Seguridad-de-Fronteras-8-1024x683.jpg 1024w, https:\/\/www.ejercito.mil.uy\/wp-content\/uploads\/2024\/04\/Taller-de-Capacitacion-para-Lideres-de-Fracciones-en-Seguridad-de-Fronteras-8-300x200.jpg 300w, https:\/\/www.ejercito.mil.uy\/wp-content\/uploads\/2024\/04\/Taller-de-Capacitacion-para-Lideres-de-Fracciones-en-Seguridad-de-Fronteras-8.jpg 1200w\" sizes=\"(max-width: 1024px) 100vw, 1024px\" \/><\/figure><figcaption class=\"coblocks-gallery--caption coblocks-gallery--primary-caption\"><\/figcaption><\/div><\/div><div class=\"swiper-slide\"><div class=\"coblocks-gallery--item\" role=\"button\"><figure class=\"coblocks-gallery--figure\"><img loading=\"lazy\" decoding=\"async\" width=\"1024\" height=\"683\" alt=\"\" class=\"wp-image-30310\" data-id=\"30310\" data-link=\"https:\/\/www.ejercito.mil.uy\/?attachment_id=30310\" src=\"https:\/\/www.ejercito.mil.uy\/wp-content\/uploads\/2024\/04\/Taller-de-Capacitacion-para-Lideres-de-Fracciones-en-Seguridad-de-Fronteras-4-1024x683.jpg\" srcset=\"https:\/\/www.ejercito.mil.uy\/wp-content\/uploads\/2024\/04\/Taller-de-Capacitacion-para-Lideres-de-Fracciones-en-Seguridad-de-Fronteras-4-1024x683.jpg 1024w, https:\/\/www.ejercito.mil.uy\/wp-content\/uploads\/2024\/04\/Taller-de-Capacitacion-para-Lideres-de-Fracciones-en-Seguridad-de-Fronteras-4-300x200.jpg 300w, https:\/\/www.ejercito.mil.uy\/wp-content\/uploads\/2024\/04\/Taller-de-Capacitacion-para-Lideres-de-Fracciones-en-Seguridad-de-Fronteras-4.jpg 1200w\" sizes=\"(max-width: 1024px) 100vw, 1024px\" \/><\/figure><figcaption class=\"coblocks-gallery--caption coblocks-gallery--primary-caption\"><\/figcaption><\/div><\/div><div class=\"swiper-slide\"><div class=\"coblocks-gallery--item\" role=\"button\"><figure class=\"coblocks-gallery--figure\"><img loading=\"lazy\" decoding=\"async\" width=\"1024\" height=\"683\" alt=\"\" class=\"wp-image-30311\" data-id=\"30311\" data-link=\"https:\/\/www.ejercito.mil.uy\/?attachment_id=30311\" src=\"https:\/\/www.ejercito.mil.uy\/wp-content\/uploads\/2024\/04\/Taller-de-Capacitacion-para-Lideres-de-Fracciones-en-Seguridad-de-Fronteras-5-1024x683.jpg\" srcset=\"https:\/\/www.ejercito.mil.uy\/wp-content\/uploads\/2024\/04\/Taller-de-Capacitacion-para-Lideres-de-Fracciones-en-Seguridad-de-Fronteras-5-1024x683.jpg 1024w, https:\/\/www.ejercito.mil.uy\/wp-content\/uploads\/2024\/04\/Taller-de-Capacitacion-para-Lideres-de-Fracciones-en-Seguridad-de-Fronteras-5-300x200.jpg 300w, https:\/\/www.ejercito.mil.uy\/wp-content\/uploads\/2024\/04\/Taller-de-Capacitacion-para-Lideres-de-Fracciones-en-Seguridad-de-Fronteras-5.jpg 1200w\" sizes=\"(max-width: 1024px) 100vw, 1024px\" \/><\/figure><figcaption class=\"coblocks-gallery--caption coblocks-gallery--primary-caption\"><\/figcaption><\/div><\/div><\/div><button class=\"nav-button__prev\" id=\"12345-prev\"><\/button><button class=\"nav-button__next\" id=\"12345-next\"><\/button><\/div><\/div><\/div>\n\n\n\n<div style=\"height:33px\" aria-hidden=\"true\" class=\"wp-block-spacer\"><\/div>\n","protected":false},"excerpt":{"rendered":"<p>26.04.2024 &#8211; Se realiz\u00f3 en la Brigada de Infanter\u00eda N\u00b02 y cont\u00f3 con instructores de Fiscal\u00eda, Migraciones, Aduanas, Ministerio del Interior, Ministerio de Ganader\u00eda, Agricultura y Pesca, Armada Nacional, Fuerza A\u00e9rea y Ej\u00e9rcito.<\/p>\n","protected":false},"author":14,"featured_media":30305,"comment_status":"open","ping_status":"open","sticky":false,"template":"","format":"standard","meta":{"_coblocks_attr":"","_coblocks_dimensions":"","_coblocks_responsive_height":"","_coblocks_accordion_ie_support":"","_monsterinsights_skip_tracking":false,"_monsterinsights_sitenote_active":false,"_monsterinsights_sitenote_note":"","_monsterinsights_sitenote_category":0,"_uf_show_specific_survey":0,"_uf_disable_surveys":false,"footnotes":""},"categories":[2,14,1],"tags":[314,1527,1528,1526,33,1525],"class_list":["post-30304","post","type-post","status-publish","format-standard","has-post-thumbnail","hentry","category-blog","category-noticias","category-sin-categoria","tag-capacitacion","tag-fracciones","tag-fronteras","tag-lideres","tag-seguridad","tag-talller"],"aioseo_notices":[],"_links":{"self":[{"href":"https:\/\/www.ejercito.mil.uy\/index.php\/wp-json\/wp\/v2\/posts\/30304","targetHints":{"allow":["GET"]}}],"collection":[{"href":"https:\/\/www.ejercito.mil.uy\/index.php\/wp-json\/wp\/v2\/posts"}],"about":[{"href":"https:\/\/www.ejercito.mil.uy\/index.php\/wp-json\/wp\/v2\/types\/post"}],"author":[{"embeddable":true,"href":"https:\/\/www.ejercito.mil.uy\/index.php\/wp-json\/wp\/v2\/users\/14"}],"replies":[{"embeddable":true,"href":"https:\/\/www.ejercito.mil.uy\/index.php\/wp-json\/wp\/v2\/comments?post=30304"}],"version-history":[{"count":5,"href":"https:\/\/www.ejercito.mil.uy\/index.php\/wp-json\/wp\/v2\/posts\/30304\/revisions"}],"predecessor-version":[{"id":30330,"href":"https:\/\/www.ejercito.mil.uy\/index.php\/wp-json\/wp\/v2\/posts\/30304\/revisions\/30330"}],"wp:featuredmedia":[{"embeddable":true,"href":"https:\/\/www.ejercito.mil.uy\/index.php\/wp-json\/wp\/v2\/media\/30305"}],"wp:attachment":[{"href":"https:\/\/www.ejercito.mil.uy\/index.php\/wp-json\/wp\/v2\/media?parent=30304"}],"wp:term":[{"taxonomy":"category","embeddable":true,"href":"https:\/\/www.ejercito.mil.uy\/index.php\/wp-json\/wp\/v2\/categories?post=30304"},{"taxonomy":"post_tag","embeddable":true,"href":"https:\/\/www.ejercito.mil.uy\/index.php\/wp-json\/wp\/v2\/tags?post=30304"}],"curies":[{"name":"wp","href":"https:\/\/api.w.org\/{rel}","templated":true}]}}