{"id":30315,"date":"2024-04-26T13:57:27","date_gmt":"2024-04-26T16:57:27","guid":{"rendered":"https:\/\/www.ejercito.mil.uy\/?p=30315"},"modified":"2024-05-10T14:29:19","modified_gmt":"2024-05-10T17:29:19","slug":"culmino-la-marcha-a-caballo-a-tierras-paraguayas","status":"publish","type":"post","link":"https:\/\/www.ejercito.mil.uy\/index.php\/2024\/04\/26\/culmino-la-marcha-a-caballo-a-tierras-paraguayas\/","title":{"rendered":"Culmin\u00f3 la marcha a caballo a tierras paraguayas"},"content":{"rendered":"\n<p class=\"has-black-color has-text-color has-small-font-size\">26.04.2024 &#8211; <strong>Rep\u00fablica de Paraguay <\/strong><\/p>\n\n\n\n<div style=\"height:22px\" aria-hidden=\"true\" class=\"wp-block-spacer\"><\/div>\n\n\n\n<p class=\"has-white-color has-text-color has-background has-medium-font-size\" style=\"background-color:#5f021f\"><strong>Nuestros jinetes uruguayos que conforman la marcha a caballo hacia la Escuela \u00abSolar de Artigas\u00bb de la Rep\u00fablica de Paraguay, llegaron a Asunci\u00f3n.<\/strong><\/p>\n\n\n\n<div style=\"height:44px\" aria-hidden=\"true\" class=\"wp-block-spacer\"><\/div>\n\n\n\n<figure class=\"wp-block-image size-large\"><img fetchpriority=\"high\" decoding=\"async\" width=\"1024\" height=\"683\" src=\"https:\/\/www.ejercito.mil.uy\/wp-content\/uploads\/2024\/04\/paraguay-1-1024x683.jpg\" alt=\"\" class=\"wp-image-30317\" srcset=\"https:\/\/www.ejercito.mil.uy\/wp-content\/uploads\/2024\/04\/paraguay-1-1024x683.jpg 1024w, https:\/\/www.ejercito.mil.uy\/wp-content\/uploads\/2024\/04\/paraguay-1-300x200.jpg 300w, https:\/\/www.ejercito.mil.uy\/wp-content\/uploads\/2024\/04\/paraguay-1.jpg 1200w\" sizes=\"(max-width: 1024px) 100vw, 1024px\" \/><\/figure>\n\n\n\n<div style=\"height:55px\" aria-hidden=\"true\" class=\"wp-block-spacer\"><\/div>\n\n\n\n<p class=\"has-black-color has-text-color\" style=\"font-size:18px\">Esta marcha comenz\u00f3 el 26 de marzo, rinde homenaje al Centenario de la Escuela que se celebrar\u00e1 este domingo 28 de abril.<\/p>\n\n\n\n<div style=\"height:33px\" aria-hidden=\"true\" class=\"wp-block-spacer\"><\/div>\n\n\n\n<p class=\"has-black-color has-text-color\" style=\"font-size:18px\">Nuestros compatriotas transitar\u00e1n el \u00faltimo camino que nuestro m\u00e1ximo h\u00e9roe, el Gral. Jos\u00e9 Gervasio Artigas recorri\u00f3 rumbo al pa\u00eds guaran\u00ed.<\/p>\n\n\n\n<div style=\"height:33px\" aria-hidden=\"true\" class=\"wp-block-spacer\"><\/div>\n\n\n\n<div aria-label=\"Carousel Gallery\" class=\"wp-block-coblocks-gallery-carousel alignfull\"><div class=\"coblocks-gallery-carousel-swiper-container is-cropped coblocks-gallery has-caption-style-dark has-horizontal-gutter has-no-thumbnails\"><div class=\"has-carousel has-carousel-xlrg swiper-container has-aligned-cells has-responsive-height\" data-swiper=\"{&quot;alignCells&quot;:true,&quot;autoPlay&quot;:false,&quot;autoPlaySpeed&quot;:3000,&quot;draggable&quot;:true,&quot;freeMode&quot;:false,&quot;loop&quot;:true,&quot;navigation&quot;:true,&quot;pageDots&quot;:false,&quot;pauseHover&quot;:true,&quot;responsiveHeight&quot;:true,&quot;slidesPerView&quot;:1,&quot;thumbnails&quot;:false,&quot;uuid&quot;:&quot;12345&quot;}\" style=\"height:400px\"><div class=\"swiper-wrapper\"><div class=\"swiper-slide\"><div class=\"coblocks-gallery--item\" role=\"button\" tabindex=\"0\"><figure class=\"coblocks-gallery--figure has-margin-left-5 has-margin-left-mobile-5 has-margin-right-5 has-margin-right-mobile-5\"><img decoding=\"async\" width=\"1024\" height=\"683\" alt=\"\" class=\"wp-image-30322\" data-id=\"30322\" data-link=\"https:\/\/www.ejercito.mil.uy\/?attachment_id=30322\" src=\"https:\/\/www.ejercito.mil.uy\/wp-content\/uploads\/2024\/04\/paraguay-6-1024x683.jpg\" srcset=\"https:\/\/www.ejercito.mil.uy\/wp-content\/uploads\/2024\/04\/paraguay-6-1024x683.jpg 1024w, https:\/\/www.ejercito.mil.uy\/wp-content\/uploads\/2024\/04\/paraguay-6-300x200.jpg 300w, https:\/\/www.ejercito.mil.uy\/wp-content\/uploads\/2024\/04\/paraguay-6.jpg 1200w\" sizes=\"(max-width: 1024px) 100vw, 1024px\" \/><\/figure><figcaption class=\"coblocks-gallery--caption coblocks-gallery--primary-caption\"><\/figcaption><\/div><\/div><div class=\"swiper-slide\"><div class=\"coblocks-gallery--item\" role=\"button\" tabindex=\"1\"><figure class=\"coblocks-gallery--figure has-margin-left-5 has-margin-left-mobile-5 has-margin-right-5 has-margin-right-mobile-5\"><img decoding=\"async\" width=\"1024\" height=\"683\" alt=\"\" class=\"wp-image-30319\" data-id=\"30319\" data-link=\"https:\/\/www.ejercito.mil.uy\/?attachment_id=30319\" src=\"https:\/\/www.ejercito.mil.uy\/wp-content\/uploads\/2024\/04\/paraguay-2-1024x683.jpg\" srcset=\"https:\/\/www.ejercito.mil.uy\/wp-content\/uploads\/2024\/04\/paraguay-2-1024x683.jpg 1024w, https:\/\/www.ejercito.mil.uy\/wp-content\/uploads\/2024\/04\/paraguay-2-300x200.jpg 300w, https:\/\/www.ejercito.mil.uy\/wp-content\/uploads\/2024\/04\/paraguay-2.jpg 1200w\" sizes=\"(max-width: 1024px) 100vw, 1024px\" \/><\/figure><figcaption class=\"coblocks-gallery--caption coblocks-gallery--primary-caption\"><\/figcaption><\/div><\/div><div class=\"swiper-slide\"><div class=\"coblocks-gallery--item\" role=\"button\" tabindex=\"2\"><figure class=\"coblocks-gallery--figure has-margin-left-5 has-margin-left-mobile-5 has-margin-right-5 has-margin-right-mobile-5\"><img loading=\"lazy\" decoding=\"async\" width=\"1024\" height=\"683\" alt=\"\" class=\"wp-image-30320\" data-id=\"30320\" data-link=\"https:\/\/www.ejercito.mil.uy\/?attachment_id=30320\" src=\"https:\/\/www.ejercito.mil.uy\/wp-content\/uploads\/2024\/04\/paraguay-3-1024x683.jpg\" srcset=\"https:\/\/www.ejercito.mil.uy\/wp-content\/uploads\/2024\/04\/paraguay-3-1024x683.jpg 1024w, https:\/\/www.ejercito.mil.uy\/wp-content\/uploads\/2024\/04\/paraguay-3-300x200.jpg 300w, https:\/\/www.ejercito.mil.uy\/wp-content\/uploads\/2024\/04\/paraguay-3.jpg 1200w\" sizes=\"(max-width: 1024px) 100vw, 1024px\" \/><\/figure><figcaption class=\"coblocks-gallery--caption coblocks-gallery--primary-caption\"><\/figcaption><\/div><\/div><div class=\"swiper-slide\"><div class=\"coblocks-gallery--item\" role=\"button\" tabindex=\"3\"><figure class=\"coblocks-gallery--figure has-margin-left-5 has-margin-left-mobile-5 has-margin-right-5 has-margin-right-mobile-5\"><img loading=\"lazy\" decoding=\"async\" width=\"1024\" height=\"683\" alt=\"\" class=\"wp-image-30321\" data-id=\"30321\" data-link=\"https:\/\/www.ejercito.mil.uy\/?attachment_id=30321\" src=\"https:\/\/www.ejercito.mil.uy\/wp-content\/uploads\/2024\/04\/paraguay-5-1024x683.jpg\" srcset=\"https:\/\/www.ejercito.mil.uy\/wp-content\/uploads\/2024\/04\/paraguay-5-1024x683.jpg 1024w, https:\/\/www.ejercito.mil.uy\/wp-content\/uploads\/2024\/04\/paraguay-5-300x200.jpg 300w, https:\/\/www.ejercito.mil.uy\/wp-content\/uploads\/2024\/04\/paraguay-5.jpg 1200w\" sizes=\"(max-width: 1024px) 100vw, 1024px\" \/><\/figure><figcaption class=\"coblocks-gallery--caption coblocks-gallery--primary-caption\"><\/figcaption><\/div><\/div><\/div><button class=\"nav-button__prev\" id=\"12345-prev\"><svg class=\"icon\" style=\"transform:rotate(180deg)\"><\/svg><\/button><button class=\"nav-button__next\" id=\"12345-next\"><svg class=\"icon\"><\/svg><\/button><\/div><\/div><\/div>\n\n\n\n<div style=\"height:44px\" aria-hidden=\"true\" class=\"wp-block-spacer\"><\/div>\n\n\n\n<p class=\"has-black-color has-text-color\" style=\"font-size:18px\">Participaron 2 efectivos del Ej\u00e9rcito Nacional, pertenecientes al Regimiento \u00abBlandengues de Artigas\u00bb de Caballer\u00eda N\u00b01, el Tte. 2\u00b0 Ignacio Gra\u00f1a y el Sgto. Fernando Rodr\u00edguez, quienes representaron a los Blandengues de todos los tiempos.<\/p>\n\n\n\n<div style=\"height:44px\" aria-hidden=\"true\" class=\"wp-block-spacer\"><\/div>\n\n\n\n<figure class=\"wp-block-image size-large\"><img loading=\"lazy\" decoding=\"async\" width=\"1024\" height=\"683\" src=\"https:\/\/www.ejercito.mil.uy\/wp-content\/uploads\/2024\/04\/paraguay02-1024x683.jpg\" alt=\"\" class=\"wp-image-30354\" srcset=\"https:\/\/www.ejercito.mil.uy\/wp-content\/uploads\/2024\/04\/paraguay02-1024x683.jpg 1024w, https:\/\/www.ejercito.mil.uy\/wp-content\/uploads\/2024\/04\/paraguay02-300x200.jpg 300w, https:\/\/www.ejercito.mil.uy\/wp-content\/uploads\/2024\/04\/paraguay02.jpg 1200w\" sizes=\"(max-width: 1024px) 100vw, 1024px\" \/><\/figure>\n\n\n\n<div style=\"height:100px\" aria-hidden=\"true\" class=\"wp-block-spacer\"><\/div>\n\n\n\n<p class=\"has-black-color has-text-color\" style=\"font-size:18px\">El Se\u00f1or Comandante del Ej\u00e9rcito, General de Ej\u00e9rcito Manuel Rodr\u00edguez Sosa, hizo entrega de un reconocimiento a los componentes de la comitiva, en m\u00e9rito al relevante aporte hist\u00f3rico y cultural, al rememorar la traves\u00eda del Pr\u00f3cer Oriental Gral. Jos\u00e9 G. Artigas y por promover los valores de la cultura de la paz, simbolizando los lazos de amistad y hermandad entre la Rep\u00fablica del Paraguay y la Rep\u00fablica Oriental del Uruguay.<\/p>\n\n\n\n<div style=\"height:55px\" aria-hidden=\"true\" class=\"wp-block-spacer\"><\/div>\n\n\n\n<figure class=\"wp-block-image size-large\"><img loading=\"lazy\" decoding=\"async\" width=\"1024\" height=\"683\" src=\"https:\/\/www.ejercito.mil.uy\/wp-content\/uploads\/2024\/04\/paraguay01-1024x683.jpg\" alt=\"\" class=\"wp-image-30355\" srcset=\"https:\/\/www.ejercito.mil.uy\/wp-content\/uploads\/2024\/04\/paraguay01-1024x683.jpg 1024w, https:\/\/www.ejercito.mil.uy\/wp-content\/uploads\/2024\/04\/paraguay01-300x200.jpg 300w, https:\/\/www.ejercito.mil.uy\/wp-content\/uploads\/2024\/04\/paraguay01.jpg 1200w\" sizes=\"(max-width: 1024px) 100vw, 1024px\" \/><\/figure>\n\n\n\n<div style=\"height:44px\" aria-hidden=\"true\" class=\"wp-block-spacer\"><\/div>\n\n\n\n<p class=\"has-black-color has-text-color\" style=\"font-size:18px\">Asimismo la Honorable C\u00e1mara de Diputados del Paraguay, concedi\u00f3 el premio \u00abPadres de la Patria\u00bb al grupo de jinetes compatriotas que realizaron la traves\u00eda cabalgando desde Uruguay, como mensajeros de fraternidad.<\/p>\n\n\n\n<div style=\"height:99px\" aria-hidden=\"true\" class=\"wp-block-spacer\"><\/div>\n","protected":false},"excerpt":{"rendered":"<p>26.04.2024 &#8211; Nuestros jinetes uruguayos que conforman la marcha a caballo hacia la Escuela \u00abSolar de Artigas\u00bb de la Rep\u00fablica de Paraguay, llegaron a Asunci\u00f3n.<\/p>\n","protected":false},"author":4,"featured_media":30316,"comment_status":"open","ping_status":"open","sticky":false,"template":"","format":"standard","meta":{"_coblocks_attr":"","_coblocks_dimensions":"","_coblocks_responsive_height":"","_coblocks_accordion_ie_support":"","_monsterinsights_skip_tracking":false,"_monsterinsights_sitenote_active":false,"_monsterinsights_sitenote_note":"","_monsterinsights_sitenote_category":0,"_uf_show_specific_survey":0,"_uf_disable_surveys":false,"footnotes":""},"categories":[2,14],"tags":[210,767,141,1425,107,1509,131,115,227],"class_list":["post-30315","post","type-post","status-publish","format-standard","has-post-thumbnail","hentry","category-blog","category-noticias","tag-artigas","tag-blandengues","tag-caballeria","tag-caballo","tag-escuela","tag-ilustres","tag-marcha","tag-paraguay","tag-procer"],"aioseo_notices":[],"_links":{"self":[{"href":"https:\/\/www.ejercito.mil.uy\/index.php\/wp-json\/wp\/v2\/posts\/30315","targetHints":{"allow":["GET"]}}],"collection":[{"href":"https:\/\/www.ejercito.mil.uy\/index.php\/wp-json\/wp\/v2\/posts"}],"about":[{"href":"https:\/\/www.ejercito.mil.uy\/index.php\/wp-json\/wp\/v2\/types\/post"}],"author":[{"embeddable":true,"href":"https:\/\/www.ejercito.mil.uy\/index.php\/wp-json\/wp\/v2\/users\/4"}],"replies":[{"embeddable":true,"href":"https:\/\/www.ejercito.mil.uy\/index.php\/wp-json\/wp\/v2\/comments?post=30315"}],"version-history":[{"count":2,"href":"https:\/\/www.ejercito.mil.uy\/index.php\/wp-json\/wp\/v2\/posts\/30315\/revisions"}],"predecessor-version":[{"id":30356,"href":"https:\/\/www.ejercito.mil.uy\/index.php\/wp-json\/wp\/v2\/posts\/30315\/revisions\/30356"}],"wp:featuredmedia":[{"embeddable":true,"href":"https:\/\/www.ejercito.mil.uy\/index.php\/wp-json\/wp\/v2\/media\/30316"}],"wp:attachment":[{"href":"https:\/\/www.ejercito.mil.uy\/index.php\/wp-json\/wp\/v2\/media?parent=30315"}],"wp:term":[{"taxonomy":"category","embeddable":true,"href":"https:\/\/www.ejercito.mil.uy\/index.php\/wp-json\/wp\/v2\/categories?post=30315"},{"taxonomy":"post_tag","embeddable":true,"href":"https:\/\/www.ejercito.mil.uy\/index.php\/wp-json\/wp\/v2\/tags?post=30315"}],"curies":[{"name":"wp","href":"https:\/\/api.w.org\/{rel}","templated":true}]}}