{"id":30331,"date":"2024-04-28T08:06:28","date_gmt":"2024-04-28T11:06:28","guid":{"rendered":"https:\/\/www.ejercito.mil.uy\/?p=30331"},"modified":"2024-04-29T12:04:36","modified_gmt":"2024-04-29T15:04:36","slug":"dia-mundial-de-la-seguridad-y-la-salud-en-el-trabajo","status":"publish","type":"post","link":"https:\/\/www.ejercito.mil.uy\/index.php\/2024\/04\/28\/dia-mundial-de-la-seguridad-y-la-salud-en-el-trabajo\/","title":{"rendered":"D\u00eda Mundial de la Seguridad y la Salud en el Trabajo"},"content":{"rendered":"\n<div style=\"height:22px\" aria-hidden=\"true\" class=\"wp-block-spacer\"><\/div>\n\n\n\n<p class=\"has-black-color has-text-color has-small-font-size\">28.04.2024  <\/p>\n\n\n\n<div style=\"height:33px\" aria-hidden=\"true\" class=\"wp-block-spacer\"><\/div>\n\n\n\n<p class=\"has-white-color has-text-color has-background has-medium-font-size\" style=\"background-color:#131fa5\"><strong>El Ej\u00e9rcito Nacional se une en la celebraci\u00f3n del D\u00eda Mundial de la Seguridad y la Salud en el Trabajo.<\/strong><\/p>\n\n\n\n<div style=\"height:33px\" aria-hidden=\"true\" class=\"wp-block-spacer\"><\/div>\n\n\n\n<p class=\"has-black-color has-text-color has-medium-font-size\">El origen de esta fecha, fue gracias a la iniciativa de la Organizaci\u00f3n Internacional del Trabajo, con el prop\u00f3sito de crear una conciencia social para disminuir los riesgos y da\u00f1os que puedan sufrir los empleados y profesionales en el campo laboral.<\/p>\n\n\n\n<div style=\"height:33px\" aria-hidden=\"true\" class=\"wp-block-spacer\"><\/div>\n\n\n\n<p class=\"has-black-color has-text-color has-medium-font-size\">El lema para este a\u00f1o es: \u00abLos impactos del cambio clim\u00e1tico en la seguridad y la salud en el trabajo\u00bb. El cambio clim\u00e1tico supone mayores riesgos para los trabajadores de todo el mundo. A medida que se intensifican los fen\u00f3menos clim\u00e1ticos adversos, los trabajadores corren un mayor riesgo de exposici\u00f3n a peligros como el calor excesivo, la radiaci\u00f3n ultravioleta, la contaminaci\u00f3n del aire, las enfermedades transmitidas por vectores y los agroqu\u00edmicos.<\/p>\n\n\n\n<div style=\"height:33px\" aria-hidden=\"true\" class=\"wp-block-spacer\"><\/div>\n\n\n\n<p class=\"has-black-color has-text-color has-medium-font-size\">El pasado jueves, efectivos del <a href=\"https:\/\/www.facebook.com\/profile.php?id=61557279836223\">Batall\u00f3n \u00abCharr\u00faa\u00bb de Ingenieros de Combate N\u00ba3<\/a> culminaron con la instalaci\u00f3n del puente t\u00e1ctico Bailey en Paso del Cerro, que dar\u00e1 soluci\u00f3n provisoria a los compatriotas de la zona hasta que finalicen las obras de la nueva alcantarilla sobre el arroyo Ba\u00f1ado de Rocha. Computaron m\u00e1s de 1.500 horas de trabajo a pesar de las condiciones meteorol\u00f3gicas adversas (lluvias intensas e inundaciones).<\/p>\n\n\n\n<div style=\"height:33px\" aria-hidden=\"true\" class=\"wp-block-spacer\"><\/div>\n\n\n\n<p class=\"has-black-color has-text-color has-medium-font-size\">La Fuerza de todos resguarda la seguridad y salud de su personal.<\/p>\n","protected":false},"excerpt":{"rendered":"<p>28.04.2024 &#8211; La Fuerza de todos resguarda la seguridad y salud de su personal. <\/p>\n","protected":false},"author":4,"featured_media":30332,"comment_status":"open","ping_status":"open","sticky":false,"template":"","format":"standard","meta":{"_coblocks_attr":"","_coblocks_dimensions":"","_coblocks_responsive_height":"","_coblocks_accordion_ie_support":"","_monsterinsights_skip_tracking":false,"_monsterinsights_sitenote_active":false,"_monsterinsights_sitenote_note":"","_monsterinsights_sitenote_category":0,"_uf_show_specific_survey":0,"_uf_disable_surveys":false,"footnotes":""},"categories":[2,14,1],"tags":[1519,159,33,1529],"class_list":["post-30331","post","type-post","status-publish","format-standard","has-post-thumbnail","hentry","category-blog","category-noticias","category-sin-categoria","tag-dia-mundial","tag-salud","tag-seguridad","tag-trabajo"],"aioseo_notices":[],"_links":{"self":[{"href":"https:\/\/www.ejercito.mil.uy\/index.php\/wp-json\/wp\/v2\/posts\/30331","targetHints":{"allow":["GET"]}}],"collection":[{"href":"https:\/\/www.ejercito.mil.uy\/index.php\/wp-json\/wp\/v2\/posts"}],"about":[{"href":"https:\/\/www.ejercito.mil.uy\/index.php\/wp-json\/wp\/v2\/types\/post"}],"author":[{"embeddable":true,"href":"https:\/\/www.ejercito.mil.uy\/index.php\/wp-json\/wp\/v2\/users\/4"}],"replies":[{"embeddable":true,"href":"https:\/\/www.ejercito.mil.uy\/index.php\/wp-json\/wp\/v2\/comments?post=30331"}],"version-history":[{"count":6,"href":"https:\/\/www.ejercito.mil.uy\/index.php\/wp-json\/wp\/v2\/posts\/30331\/revisions"}],"predecessor-version":[{"id":30367,"href":"https:\/\/www.ejercito.mil.uy\/index.php\/wp-json\/wp\/v2\/posts\/30331\/revisions\/30367"}],"wp:featuredmedia":[{"embeddable":true,"href":"https:\/\/www.ejercito.mil.uy\/index.php\/wp-json\/wp\/v2\/media\/30332"}],"wp:attachment":[{"href":"https:\/\/www.ejercito.mil.uy\/index.php\/wp-json\/wp\/v2\/media?parent=30331"}],"wp:term":[{"taxonomy":"category","embeddable":true,"href":"https:\/\/www.ejercito.mil.uy\/index.php\/wp-json\/wp\/v2\/categories?post=30331"},{"taxonomy":"post_tag","embeddable":true,"href":"https:\/\/www.ejercito.mil.uy\/index.php\/wp-json\/wp\/v2\/tags?post=30331"}],"curies":[{"name":"wp","href":"https:\/\/api.w.org\/{rel}","templated":true}]}}