{"id":30471,"date":"2024-05-03T14:41:53","date_gmt":"2024-05-03T17:41:53","guid":{"rendered":"https:\/\/www.ejercito.mil.uy\/?p=30471"},"modified":"2024-05-03T14:41:54","modified_gmt":"2024-05-03T17:41:54","slug":"xxxiv-viaje-de-instruccion-del-velero-escuela-capitan-miranda","status":"publish","type":"post","link":"https:\/\/www.ejercito.mil.uy\/index.php\/2024\/05\/03\/xxxiv-viaje-de-instruccion-del-velero-escuela-capitan-miranda\/","title":{"rendered":"XXXIV Viaje de Instrucci\u00f3n del Velero Escuela \u00abCapit\u00e1n Miranda\u00bb"},"content":{"rendered":"\n<p style=\"font-size:14px\">03.05.2024<\/p>\n\n\n\n<div style=\"height:33px\" aria-hidden=\"true\" class=\"wp-block-spacer\"><\/div>\n\n\n\n<p style=\"font-size:22px\"><strong>En la ma\u00f1ana de ayer, la Alf\u00e9rez Dilvina Rodr\u00edguez perteneciente al Batall\u00f3n \u00abLibertad o Muerte\u00bb de Comunicaciones N\u00b01, zarp\u00f3 del Puerto de Montevideo como parte de la tripulaci\u00f3n del Velero Escuela \u00abCapit\u00e1n Miranda\u00bb, en su XXXIV viaje de instrucci\u00f3n.<\/strong><\/p>\n\n\n\n<div style=\"height:33px\" aria-hidden=\"true\" class=\"wp-block-spacer\"><\/div>\n\n\n\n<figure class=\"wp-block-image size-large\"><img fetchpriority=\"high\" decoding=\"async\" width=\"1024\" height=\"683\" src=\"https:\/\/www.ejercito.mil.uy\/wp-content\/uploads\/2024\/05\/Miranda-7-1024x683.jpg\" alt=\"\" class=\"wp-image-30475\" srcset=\"https:\/\/www.ejercito.mil.uy\/wp-content\/uploads\/2024\/05\/Miranda-7-1024x683.jpg 1024w, https:\/\/www.ejercito.mil.uy\/wp-content\/uploads\/2024\/05\/Miranda-7-300x200.jpg 300w, https:\/\/www.ejercito.mil.uy\/wp-content\/uploads\/2024\/05\/Miranda-7.jpg 1200w\" sizes=\"(max-width: 1024px) 100vw, 1024px\" \/><\/figure>\n\n\n\n<div style=\"height:33px\" aria-hidden=\"true\" class=\"wp-block-spacer\"><\/div>\n\n\n\n<p>El viaje se extender\u00e1 por 142 d\u00edas, de los cuales 97 estar\u00e1 en el mar y 45 en puertos de ocho pa\u00edses: Brasil, Trinidad y Tobago, Colombia, M\u00e9xico, Estados Unidos de Am\u00e9rica, Portugal, Espa\u00f1a y Cabo Verde.<\/p>\n\n\n\n<div style=\"height:33px\" aria-hidden=\"true\" class=\"wp-block-spacer\"><\/div>\n\n\n\n<div aria-label=\"Carousel Gallery\" class=\"wp-block-coblocks-gallery-carousel\"><div class=\"coblocks-gallery-carousel-swiper-container is-cropped coblocks-gallery has-no-alignment has-caption-style-dark has-horizontal-gutter has-lightbox has-no-thumbnails\"><div class=\"has-carousel has-carousel-xlrg swiper-container\" data-swiper=\"{&quot;alignCells&quot;:false,&quot;autoPlay&quot;:true,&quot;autoPlaySpeed&quot;:3000,&quot;draggable&quot;:true,&quot;freeMode&quot;:false,&quot;loop&quot;:true,&quot;navigation&quot;:true,&quot;pageDots&quot;:false,&quot;pauseHover&quot;:false,&quot;responsiveHeight&quot;:false,&quot;slidesPerView&quot;:1,&quot;thumbnails&quot;:false,&quot;uuid&quot;:&quot;12345&quot;}\" style=\"height:555px\"><div class=\"swiper-wrapper\"><div class=\"swiper-slide\"><div class=\"coblocks-gallery--item\" role=\"button\" tabindex=\"0\"><figure class=\"coblocks-gallery--figure has-margin-left-10 has-margin-left-mobile-5 has-margin-right-10 has-margin-right-mobile-5\"><img decoding=\"async\" width=\"1024\" height=\"683\" alt=\"\" class=\"wp-image-30480\" data-id=\"30480\" data-link=\"https:\/\/www.ejercito.mil.uy\/?attachment_id=30480\" src=\"https:\/\/www.ejercito.mil.uy\/wp-content\/uploads\/2024\/05\/Miranda-6-1024x683.jpg\" srcset=\"https:\/\/www.ejercito.mil.uy\/wp-content\/uploads\/2024\/05\/Miranda-6-1024x683.jpg 1024w, https:\/\/www.ejercito.mil.uy\/wp-content\/uploads\/2024\/05\/Miranda-6-300x200.jpg 300w, https:\/\/www.ejercito.mil.uy\/wp-content\/uploads\/2024\/05\/Miranda-6.jpg 1200w\" sizes=\"(max-width: 1024px) 100vw, 1024px\" \/><\/figure><figcaption class=\"coblocks-gallery--caption coblocks-gallery--primary-caption\"><\/figcaption><\/div><\/div><div class=\"swiper-slide\"><div class=\"coblocks-gallery--item\" role=\"button\" tabindex=\"1\"><figure class=\"coblocks-gallery--figure has-margin-left-10 has-margin-left-mobile-5 has-margin-right-10 has-margin-right-mobile-5\"><img decoding=\"async\" width=\"1024\" height=\"683\" alt=\"\" class=\"wp-image-30476\" data-id=\"30476\" data-link=\"https:\/\/www.ejercito.mil.uy\/?attachment_id=30476\" src=\"https:\/\/www.ejercito.mil.uy\/wp-content\/uploads\/2024\/05\/Miranda-1-1024x683.jpg\" srcset=\"https:\/\/www.ejercito.mil.uy\/wp-content\/uploads\/2024\/05\/Miranda-1-1024x683.jpg 1024w, https:\/\/www.ejercito.mil.uy\/wp-content\/uploads\/2024\/05\/Miranda-1-300x200.jpg 300w, https:\/\/www.ejercito.mil.uy\/wp-content\/uploads\/2024\/05\/Miranda-1.jpg 1200w\" sizes=\"(max-width: 1024px) 100vw, 1024px\" \/><\/figure><figcaption class=\"coblocks-gallery--caption coblocks-gallery--primary-caption\"><\/figcaption><\/div><\/div><div class=\"swiper-slide\"><div class=\"coblocks-gallery--item\" role=\"button\" tabindex=\"2\"><figure class=\"coblocks-gallery--figure has-margin-left-10 has-margin-left-mobile-5 has-margin-right-10 has-margin-right-mobile-5\"><img loading=\"lazy\" decoding=\"async\" width=\"1024\" height=\"683\" alt=\"\" class=\"wp-image-30477\" data-id=\"30477\" data-link=\"https:\/\/www.ejercito.mil.uy\/?attachment_id=30477\" src=\"https:\/\/www.ejercito.mil.uy\/wp-content\/uploads\/2024\/05\/Miranda-3-1024x683.jpg\" srcset=\"https:\/\/www.ejercito.mil.uy\/wp-content\/uploads\/2024\/05\/Miranda-3-1024x683.jpg 1024w, https:\/\/www.ejercito.mil.uy\/wp-content\/uploads\/2024\/05\/Miranda-3-300x200.jpg 300w, https:\/\/www.ejercito.mil.uy\/wp-content\/uploads\/2024\/05\/Miranda-3.jpg 1200w\" sizes=\"(max-width: 1024px) 100vw, 1024px\" \/><\/figure><figcaption class=\"coblocks-gallery--caption coblocks-gallery--primary-caption\"><\/figcaption><\/div><\/div><div class=\"swiper-slide\"><div class=\"coblocks-gallery--item\" role=\"button\" tabindex=\"3\"><figure class=\"coblocks-gallery--figure has-margin-left-10 has-margin-left-mobile-5 has-margin-right-10 has-margin-right-mobile-5\"><img loading=\"lazy\" decoding=\"async\" width=\"1024\" height=\"683\" alt=\"\" class=\"wp-image-30479\" data-id=\"30479\" data-link=\"https:\/\/www.ejercito.mil.uy\/?attachment_id=30479\" src=\"https:\/\/www.ejercito.mil.uy\/wp-content\/uploads\/2024\/05\/Miranda-5-1024x683.jpg\" srcset=\"https:\/\/www.ejercito.mil.uy\/wp-content\/uploads\/2024\/05\/Miranda-5-1024x683.jpg 1024w, https:\/\/www.ejercito.mil.uy\/wp-content\/uploads\/2024\/05\/Miranda-5-300x200.jpg 300w, https:\/\/www.ejercito.mil.uy\/wp-content\/uploads\/2024\/05\/Miranda-5.jpg 1200w\" sizes=\"(max-width: 1024px) 100vw, 1024px\" \/><\/figure><figcaption class=\"coblocks-gallery--caption coblocks-gallery--primary-caption\"><\/figcaption><\/div><\/div><div class=\"swiper-slide\"><div class=\"coblocks-gallery--item\" role=\"button\" tabindex=\"4\"><figure class=\"coblocks-gallery--figure has-margin-left-10 has-margin-left-mobile-5 has-margin-right-10 has-margin-right-mobile-5\"><img loading=\"lazy\" decoding=\"async\" width=\"1024\" height=\"683\" alt=\"\" class=\"wp-image-30478\" data-id=\"30478\" data-link=\"https:\/\/www.ejercito.mil.uy\/?attachment_id=30478\" src=\"https:\/\/www.ejercito.mil.uy\/wp-content\/uploads\/2024\/05\/Miranda-4-1024x683.jpg\" srcset=\"https:\/\/www.ejercito.mil.uy\/wp-content\/uploads\/2024\/05\/Miranda-4-1024x683.jpg 1024w, https:\/\/www.ejercito.mil.uy\/wp-content\/uploads\/2024\/05\/Miranda-4-300x200.jpg 300w, https:\/\/www.ejercito.mil.uy\/wp-content\/uploads\/2024\/05\/Miranda-4.jpg 1200w\" sizes=\"(max-width: 1024px) 100vw, 1024px\" \/><\/figure><figcaption class=\"coblocks-gallery--caption coblocks-gallery--primary-caption\"><\/figcaption><\/div><\/div><\/div><button class=\"nav-button__prev\" id=\"12345-prev\"><svg class=\"icon\" style=\"transform:rotate(180deg)\"><\/svg><\/button><button class=\"nav-button__next\" id=\"12345-next\"><svg class=\"icon\"><\/svg><\/button><\/div><\/div><\/div>\n\n\n\n<div style=\"height:44px\" aria-hidden=\"true\" class=\"wp-block-spacer\"><\/div>\n\n\n\n<p>La tripulaci\u00f3n, compuesta por Guardiamarinas egresados de la <a rel=\"noreferrer noopener\" href=\"https:\/\/www.facebook.com\/EscuelaNavalUruguay?__cft__[0]=AZWUi4I1c5OziWtwrdiJEe5H05Q5eAuV-Vu3DELIfETVaLVK-qViU9BHX3xm05jgFbJk6H9qExJ0viLtHLgrZOBqs8SwsgzC5CdzKIYDX93Bn_JRftDbxhSFgbT7l8ndTHA5M-3RZO-jMD6Qz4uxKOdZ_unmmC4n42US7j0t8lZNoPGIVgFxYfxzijnz6Xs3kRQ81hn3BeJMNy2czO6zovMGYQwVr2NrJNG8reFfmpMrLQ&amp;__tn__=-]K-R\" target=\"_blank\">Escuela Naval<\/a>, asciende a 77 personas. Cada vez que est\u00e9n en tierra, se desarrollar\u00e1n actividades protocolares, que incluyen la degustaci\u00f3n de productos nacionales y promocionar\u00e1n a Uruguay.<\/p>\n\n\n\n<div style=\"height:33px\" aria-hidden=\"true\" class=\"wp-block-spacer\"><\/div>\n\n\n\n<p>Cabe destacar, que la Alf. Rodr\u00edguez del Arma de Comunicaciones, es recientemente egresada de la <a rel=\"noreferrer noopener\" href=\"https:\/\/www.facebook.com\/EscuelaMilitarUruguay?__cft__[0]=AZWUi4I1c5OziWtwrdiJEe5H05Q5eAuV-Vu3DELIfETVaLVK-qViU9BHX3xm05jgFbJk6H9qExJ0viLtHLgrZOBqs8SwsgzC5CdzKIYDX93Bn_JRftDbxhSFgbT7l8ndTHA5M-3RZO-jMD6Qz4uxKOdZ_unmmC4n42US7j0t8lZNoPGIVgFxYfxzijnz6Xs3kRQ81hn3BeJMNy2czO6zovMGYQwVr2NrJNG8reFfmpMrLQ&amp;__tn__=-]K-R\" target=\"_blank\">Escuela Militar<\/a> como parte de la Promoci\u00f3n \u00abCnel. Alberto Schweizer\u00bb.<\/p>\n\n\n\n<div style=\"height:33px\" aria-hidden=\"true\" class=\"wp-block-spacer\"><\/div>\n\n\n\n<p>El \u00abCapit\u00e1n Miranda\u00bb fue construido en 1930 en los Astilleros de Matagorda, C\u00e1diz (Espa\u00f1a). En sus or\u00edgenes, sirvi\u00f3 como buque oceanogr\u00e1fico y en 1977 fue transformado en Velero Escuela.<\/p>\n\n\n\n<div style=\"height:33px\" aria-hidden=\"true\" class=\"wp-block-spacer\"><\/div>\n\n\n\n<p>Homenajea al Capit\u00e1n de Nav\u00edo Francisco Prudencio Miranda (1869-1925), un destacado marino e hidr\u00f3grafo uruguayo. En 1987, se convirti\u00f3 en el primer buque de la Armada Nacional en dar la vuelta al mundo, lo que logr\u00f3 en 355 d\u00edas.<\/p>\n\n\n\n<div style=\"height:33px\" aria-hidden=\"true\" class=\"wp-block-spacer\"><\/div>\n\n\n\n<p>\u00a1Buenos vientos camaradas!<\/p>\n\n\n\n<div style=\"height:99px\" aria-hidden=\"true\" class=\"wp-block-spacer\"><\/div>\n","protected":false},"excerpt":{"rendered":"<p>03.05.2024 &#8211; La Alf\u00e9rez Dilvina Rodr\u00edguez, zarp\u00f3 del Puerto de Montevideo como parte de la tripulaci\u00f3n del Velero Escuela \u00abCapit\u00e1n Miranda\u00bb.<\/p>\n","protected":false},"author":4,"featured_media":30474,"comment_status":"open","ping_status":"open","sticky":false,"template":"","format":"standard","meta":{"_coblocks_attr":"","_coblocks_dimensions":"","_coblocks_responsive_height":"","_coblocks_accordion_ie_support":"","_monsterinsights_skip_tracking":false,"_monsterinsights_sitenote_active":false,"_monsterinsights_sitenote_note":"","_monsterinsights_sitenote_category":0,"_uf_show_specific_survey":0,"_uf_disable_surveys":false,"footnotes":""},"categories":[2,14],"tags":[742,13,896],"class_list":["post-30471","post","type-post","status-publish","format-standard","has-post-thumbnail","hentry","category-blog","category-noticias","tag-armada","tag-instruccion","tag-miranda"],"aioseo_notices":[],"_links":{"self":[{"href":"https:\/\/www.ejercito.mil.uy\/index.php\/wp-json\/wp\/v2\/posts\/30471","targetHints":{"allow":["GET"]}}],"collection":[{"href":"https:\/\/www.ejercito.mil.uy\/index.php\/wp-json\/wp\/v2\/posts"}],"about":[{"href":"https:\/\/www.ejercito.mil.uy\/index.php\/wp-json\/wp\/v2\/types\/post"}],"author":[{"embeddable":true,"href":"https:\/\/www.ejercito.mil.uy\/index.php\/wp-json\/wp\/v2\/users\/4"}],"replies":[{"embeddable":true,"href":"https:\/\/www.ejercito.mil.uy\/index.php\/wp-json\/wp\/v2\/comments?post=30471"}],"version-history":[{"count":1,"href":"https:\/\/www.ejercito.mil.uy\/index.php\/wp-json\/wp\/v2\/posts\/30471\/revisions"}],"predecessor-version":[{"id":30481,"href":"https:\/\/www.ejercito.mil.uy\/index.php\/wp-json\/wp\/v2\/posts\/30471\/revisions\/30481"}],"wp:featuredmedia":[{"embeddable":true,"href":"https:\/\/www.ejercito.mil.uy\/index.php\/wp-json\/wp\/v2\/media\/30474"}],"wp:attachment":[{"href":"https:\/\/www.ejercito.mil.uy\/index.php\/wp-json\/wp\/v2\/media?parent=30471"}],"wp:term":[{"taxonomy":"category","embeddable":true,"href":"https:\/\/www.ejercito.mil.uy\/index.php\/wp-json\/wp\/v2\/categories?post=30471"},{"taxonomy":"post_tag","embeddable":true,"href":"https:\/\/www.ejercito.mil.uy\/index.php\/wp-json\/wp\/v2\/tags?post=30471"}],"curies":[{"name":"wp","href":"https:\/\/api.w.org\/{rel}","templated":true}]}}