{"id":30732,"date":"2024-05-12T12:00:00","date_gmt":"2024-05-12T15:00:00","guid":{"rendered":"https:\/\/www.ejercito.mil.uy\/?p=30732"},"modified":"2024-05-13T11:56:41","modified_gmt":"2024-05-13T14:56:41","slug":"campana-de-instruccion-del-batallon-24-de-abril-de-infanteria-mecanizado-n3","status":"publish","type":"post","link":"https:\/\/www.ejercito.mil.uy\/index.php\/2024\/05\/12\/campana-de-instruccion-del-batallon-24-de-abril-de-infanteria-mecanizado-n3\/","title":{"rendered":"Campa\u00f1a de instrucci\u00f3n del Batall\u00f3n de Infanter\u00eda Mecanizado N\u00b03"},"content":{"rendered":"\n<p class=\"has-black-color has-text-color has-medium-font-size\"><strong>12.05.2024     <\/strong><\/p>\n\n\n\n<div style=\"height:33px\" aria-hidden=\"true\" class=\"wp-block-spacer\"><\/div>\n\n\n\n<p class=\"has-white-color has-text-color has-background has-medium-font-size\" style=\"background-color:#1f6728\">Continuando con la instrucci\u00f3n y entrenamiento permanente, el Batall\u00f3n \u00ab24 de Abril\u00bb de Infanter\u00eda Mecanizado N\u00b03, <strong>realiz\u00f3 una campa\u00f1a<\/strong> consistente en marchas con medios mecanizados Mowag, actividades de tiro con armamento individual y colectivo de diferentes calibres: fusil Steyr, ametralladoras MG3 y Browning.50.<\/p>\n\n\n\n<div style=\"height:33px\" aria-hidden=\"true\" class=\"wp-block-spacer\"><\/div>\n\n\n\n<div aria-label=\"Carousel Gallery\" class=\"wp-block-coblocks-gallery-carousel\"><div class=\"coblocks-gallery-carousel-swiper-container is-cropped coblocks-gallery has-no-alignment has-caption-style-dark has-no-thumbnails\"><div class=\"has-carousel has-carousel-xlrg swiper-container\" data-swiper=\"{&quot;alignCells&quot;:false,&quot;autoPlay&quot;:false,&quot;autoPlaySpeed&quot;:3000,&quot;draggable&quot;:true,&quot;freeMode&quot;:false,&quot;loop&quot;:true,&quot;navigation&quot;:true,&quot;pageDots&quot;:false,&quot;pauseHover&quot;:false,&quot;responsiveHeight&quot;:false,&quot;slidesPerView&quot;:1,&quot;thumbnails&quot;:false,&quot;uuid&quot;:&quot;12345&quot;}\" style=\"height:550px\"><div class=\"swiper-wrapper\"><div class=\"swiper-slide\"><div class=\"coblocks-gallery--item\" role=\"button\"><figure class=\"coblocks-gallery--figure\"><img fetchpriority=\"high\" decoding=\"async\" width=\"1024\" height=\"683\" alt=\"\" class=\"wp-image-30734\" data-id=\"30734\" data-link=\"https:\/\/www.ejercito.mil.uy\/?attachment_id=30734\" src=\"https:\/\/www.ejercito.mil.uy\/wp-content\/uploads\/2024\/05\/Campana-de-instruccion-del-Batallon-24-de-Abril-de-Infanteria-Mecanizado-N\u00b03-3-1024x683.jpg\" srcset=\"https:\/\/www.ejercito.mil.uy\/wp-content\/uploads\/2024\/05\/Campana-de-instruccion-del-Batallon-24-de-Abril-de-Infanteria-Mecanizado-N\u00b03-3-1024x683.jpg 1024w, https:\/\/www.ejercito.mil.uy\/wp-content\/uploads\/2024\/05\/Campana-de-instruccion-del-Batallon-24-de-Abril-de-Infanteria-Mecanizado-N\u00b03-3-300x200.jpg 300w, https:\/\/www.ejercito.mil.uy\/wp-content\/uploads\/2024\/05\/Campana-de-instruccion-del-Batallon-24-de-Abril-de-Infanteria-Mecanizado-N\u00b03-3.jpg 1200w\" sizes=\"(max-width: 1024px) 100vw, 1024px\" \/><\/figure><figcaption class=\"coblocks-gallery--caption coblocks-gallery--primary-caption\"><\/figcaption><\/div><\/div><div class=\"swiper-slide\"><div class=\"coblocks-gallery--item\" role=\"button\"><figure class=\"coblocks-gallery--figure\"><img decoding=\"async\" width=\"1024\" height=\"683\" alt=\"\" class=\"wp-image-30735\" data-id=\"30735\" data-link=\"https:\/\/www.ejercito.mil.uy\/?attachment_id=30735\" src=\"https:\/\/www.ejercito.mil.uy\/wp-content\/uploads\/2024\/05\/Campana-de-instruccion-del-Batallon-24-de-Abril-de-Infanteria-Mecanizado-N\u00b03-1-1024x683.jpg\" srcset=\"https:\/\/www.ejercito.mil.uy\/wp-content\/uploads\/2024\/05\/Campana-de-instruccion-del-Batallon-24-de-Abril-de-Infanteria-Mecanizado-N\u00b03-1-1024x683.jpg 1024w, https:\/\/www.ejercito.mil.uy\/wp-content\/uploads\/2024\/05\/Campana-de-instruccion-del-Batallon-24-de-Abril-de-Infanteria-Mecanizado-N\u00b03-1-300x200.jpg 300w, https:\/\/www.ejercito.mil.uy\/wp-content\/uploads\/2024\/05\/Campana-de-instruccion-del-Batallon-24-de-Abril-de-Infanteria-Mecanizado-N\u00b03-1.jpg 1200w\" sizes=\"(max-width: 1024px) 100vw, 1024px\" \/><\/figure><figcaption class=\"coblocks-gallery--caption coblocks-gallery--primary-caption\"><\/figcaption><\/div><\/div><div class=\"swiper-slide\"><div class=\"coblocks-gallery--item\" role=\"button\"><figure class=\"coblocks-gallery--figure\"><img decoding=\"async\" width=\"1024\" height=\"683\" alt=\"\" class=\"wp-image-30737\" data-id=\"30737\" data-link=\"https:\/\/www.ejercito.mil.uy\/?attachment_id=30737\" src=\"https:\/\/www.ejercito.mil.uy\/wp-content\/uploads\/2024\/05\/Campana-de-instruccion-del-Batallon-24-de-Abril-de-Infanteria-Mecanizado-N\u00b03-4-1024x683.jpg\" srcset=\"https:\/\/www.ejercito.mil.uy\/wp-content\/uploads\/2024\/05\/Campana-de-instruccion-del-Batallon-24-de-Abril-de-Infanteria-Mecanizado-N\u00b03-4-1024x683.jpg 1024w, https:\/\/www.ejercito.mil.uy\/wp-content\/uploads\/2024\/05\/Campana-de-instruccion-del-Batallon-24-de-Abril-de-Infanteria-Mecanizado-N\u00b03-4-300x200.jpg 300w, https:\/\/www.ejercito.mil.uy\/wp-content\/uploads\/2024\/05\/Campana-de-instruccion-del-Batallon-24-de-Abril-de-Infanteria-Mecanizado-N\u00b03-4.jpg 1200w\" sizes=\"(max-width: 1024px) 100vw, 1024px\" \/><\/figure><figcaption class=\"coblocks-gallery--caption coblocks-gallery--primary-caption\"><\/figcaption><\/div><\/div><div class=\"swiper-slide\"><div class=\"coblocks-gallery--item\" role=\"button\"><figure class=\"coblocks-gallery--figure\"><img loading=\"lazy\" decoding=\"async\" width=\"1024\" height=\"683\" alt=\"\" class=\"wp-image-30738\" data-id=\"30738\" data-link=\"https:\/\/www.ejercito.mil.uy\/?attachment_id=30738\" src=\"https:\/\/www.ejercito.mil.uy\/wp-content\/uploads\/2024\/05\/Campana-de-instruccion-del-Batallon-24-de-Abril-de-Infanteria-Mecanizado-N\u00b03-6-1024x683.jpg\" srcset=\"https:\/\/www.ejercito.mil.uy\/wp-content\/uploads\/2024\/05\/Campana-de-instruccion-del-Batallon-24-de-Abril-de-Infanteria-Mecanizado-N\u00b03-6-1024x683.jpg 1024w, https:\/\/www.ejercito.mil.uy\/wp-content\/uploads\/2024\/05\/Campana-de-instruccion-del-Batallon-24-de-Abril-de-Infanteria-Mecanizado-N\u00b03-6-300x200.jpg 300w, https:\/\/www.ejercito.mil.uy\/wp-content\/uploads\/2024\/05\/Campana-de-instruccion-del-Batallon-24-de-Abril-de-Infanteria-Mecanizado-N\u00b03-6.jpg 1200w\" sizes=\"(max-width: 1024px) 100vw, 1024px\" \/><\/figure><figcaption class=\"coblocks-gallery--caption coblocks-gallery--primary-caption\"><\/figcaption><\/div><\/div><div class=\"swiper-slide\"><div class=\"coblocks-gallery--item\" role=\"button\"><figure class=\"coblocks-gallery--figure\"><img loading=\"lazy\" decoding=\"async\" width=\"1024\" height=\"683\" alt=\"\" class=\"wp-image-30736\" data-id=\"30736\" data-link=\"https:\/\/www.ejercito.mil.uy\/?attachment_id=30736\" src=\"https:\/\/www.ejercito.mil.uy\/wp-content\/uploads\/2024\/05\/Campana-de-instruccion-del-Batallon-24-de-Abril-de-Infanteria-Mecanizado-N\u00b03-2-1024x683.jpg\" srcset=\"https:\/\/www.ejercito.mil.uy\/wp-content\/uploads\/2024\/05\/Campana-de-instruccion-del-Batallon-24-de-Abril-de-Infanteria-Mecanizado-N\u00b03-2-1024x683.jpg 1024w, https:\/\/www.ejercito.mil.uy\/wp-content\/uploads\/2024\/05\/Campana-de-instruccion-del-Batallon-24-de-Abril-de-Infanteria-Mecanizado-N\u00b03-2-300x200.jpg 300w, https:\/\/www.ejercito.mil.uy\/wp-content\/uploads\/2024\/05\/Campana-de-instruccion-del-Batallon-24-de-Abril-de-Infanteria-Mecanizado-N\u00b03-2.jpg 1200w\" sizes=\"(max-width: 1024px) 100vw, 1024px\" \/><\/figure><figcaption class=\"coblocks-gallery--caption coblocks-gallery--primary-caption\"><\/figcaption><\/div><\/div><div class=\"swiper-slide\"><div class=\"coblocks-gallery--item\" role=\"button\"><figure class=\"coblocks-gallery--figure\"><img loading=\"lazy\" decoding=\"async\" width=\"1024\" height=\"683\" alt=\"\" class=\"wp-image-30739\" data-id=\"30739\" data-link=\"https:\/\/www.ejercito.mil.uy\/?attachment_id=30739\" src=\"https:\/\/www.ejercito.mil.uy\/wp-content\/uploads\/2024\/05\/Campana-de-instruccion-del-Batallon-24-de-Abril-de-Infanteria-Mecanizado-N\u00b03-7-1024x683.jpg\" srcset=\"https:\/\/www.ejercito.mil.uy\/wp-content\/uploads\/2024\/05\/Campana-de-instruccion-del-Batallon-24-de-Abril-de-Infanteria-Mecanizado-N\u00b03-7-1024x683.jpg 1024w, https:\/\/www.ejercito.mil.uy\/wp-content\/uploads\/2024\/05\/Campana-de-instruccion-del-Batallon-24-de-Abril-de-Infanteria-Mecanizado-N\u00b03-7-300x200.jpg 300w, https:\/\/www.ejercito.mil.uy\/wp-content\/uploads\/2024\/05\/Campana-de-instruccion-del-Batallon-24-de-Abril-de-Infanteria-Mecanizado-N\u00b03-7.jpg 1200w\" sizes=\"(max-width: 1024px) 100vw, 1024px\" \/><\/figure><figcaption class=\"coblocks-gallery--caption coblocks-gallery--primary-caption\"><\/figcaption><\/div><\/div><div class=\"swiper-slide\"><div class=\"coblocks-gallery--item\" role=\"button\"><figure class=\"coblocks-gallery--figure\"><img loading=\"lazy\" decoding=\"async\" width=\"1024\" height=\"683\" alt=\"\" class=\"wp-image-30740\" data-id=\"30740\" data-link=\"https:\/\/www.ejercito.mil.uy\/?attachment_id=30740\" src=\"https:\/\/www.ejercito.mil.uy\/wp-content\/uploads\/2024\/05\/Campana-de-instruccion-del-Batallon-24-de-Abril-de-Infanteria-Mecanizado-N\u00b03-8-1024x683.jpg\" srcset=\"https:\/\/www.ejercito.mil.uy\/wp-content\/uploads\/2024\/05\/Campana-de-instruccion-del-Batallon-24-de-Abril-de-Infanteria-Mecanizado-N\u00b03-8-1024x683.jpg 1024w, https:\/\/www.ejercito.mil.uy\/wp-content\/uploads\/2024\/05\/Campana-de-instruccion-del-Batallon-24-de-Abril-de-Infanteria-Mecanizado-N\u00b03-8-300x200.jpg 300w, https:\/\/www.ejercito.mil.uy\/wp-content\/uploads\/2024\/05\/Campana-de-instruccion-del-Batallon-24-de-Abril-de-Infanteria-Mecanizado-N\u00b03-8.jpg 1200w\" sizes=\"(max-width: 1024px) 100vw, 1024px\" \/><\/figure><figcaption class=\"coblocks-gallery--caption coblocks-gallery--primary-caption\"><\/figcaption><\/div><\/div><\/div><button class=\"nav-button__prev\" id=\"12345-prev\"><\/button><button class=\"nav-button__next\" id=\"12345-next\"><\/button><\/div><\/div><\/div>\n\n\n\n<div style=\"height:33px\" aria-hidden=\"true\" class=\"wp-block-spacer\"><\/div>\n\n\n\n<p class=\"has-black-color has-text-color has-medium-font-size\">Tambi\u00e9n se desarrollaron ejercicios de orientaci\u00f3n en el terreno mediante cartas y br\u00fajulas.<\/p>\n\n\n\n<div style=\"height:33px\" aria-hidden=\"true\" class=\"wp-block-spacer\"><\/div>\n\n\n\n<p class=\"has-black-color has-text-color has-medium-font-size\">La finalidad es mantener entrenadas e instruidas las tripulaciones de los veh\u00edculos y ejercitar las tareas b\u00e1sicas del Soldado. <\/p>\n\n\n\n<div style=\"height:33px\" aria-hidden=\"true\" class=\"wp-block-spacer\"><\/div>\n\n\n\n<p class=\"is-style-success has-black-color has-text-color has-medium-font-size\">Ver nota completa a partir del minuto 0:35 en la edici\u00f3n #9 del informativo Ej\u00e9rcito del Uruguay &#8211; <a href=\"https:\/\/www.youtube.com\/watch?v=NaBmGy0M6uI&amp;t=5s\">https:\/\/youtu.be\/NaBmGy0M6uI<\/a> <\/p>\n\n\n\n<div style=\"height:33px\" aria-hidden=\"true\" class=\"wp-block-spacer\"><\/div>\n\n\n\n<p><a href=\"https:\/\/www.facebook.com\/BatallonInfanteria3Uy\">Batall\u00f3n de Infanter\u00eda Mecanizado N\u00b03<\/a><\/p>\n","protected":false},"excerpt":{"rendered":"<p>12.05.2024 &#8211; Consisti\u00f3 en marchas con medios mecanizados Mowag, actividades de tiro con armamento individual y colectivo de diferentes calibres, entre otros ejercicios.<\/p>\n","protected":false},"author":14,"featured_media":30733,"comment_status":"open","ping_status":"open","sticky":false,"template":"","format":"standard","meta":{"_coblocks_attr":"","_coblocks_dimensions":"","_coblocks_responsive_height":"","_coblocks_accordion_ie_support":"","_monsterinsights_skip_tracking":false,"_monsterinsights_sitenote_active":false,"_monsterinsights_sitenote_note":"","_monsterinsights_sitenote_category":0,"_uf_show_specific_survey":0,"_uf_disable_surveys":false,"footnotes":""},"categories":[2,10,14,1],"tags":[1545,570,565,13,1544,852,1207,88],"class_list":["post-30732","post","type-post","status-publish","format-standard","has-post-thumbnail","hentry","category-blog","category-destacados","category-noticias","category-sin-categoria","tag-ametralladoras","tag-campana","tag-ejercicios","tag-instruccion","tag-marchas","tag-mowag","tag-orientacion","tag-vehiculos"],"aioseo_notices":[],"_links":{"self":[{"href":"https:\/\/www.ejercito.mil.uy\/index.php\/wp-json\/wp\/v2\/posts\/30732","targetHints":{"allow":["GET"]}}],"collection":[{"href":"https:\/\/www.ejercito.mil.uy\/index.php\/wp-json\/wp\/v2\/posts"}],"about":[{"href":"https:\/\/www.ejercito.mil.uy\/index.php\/wp-json\/wp\/v2\/types\/post"}],"author":[{"embeddable":true,"href":"https:\/\/www.ejercito.mil.uy\/index.php\/wp-json\/wp\/v2\/users\/14"}],"replies":[{"embeddable":true,"href":"https:\/\/www.ejercito.mil.uy\/index.php\/wp-json\/wp\/v2\/comments?post=30732"}],"version-history":[{"count":9,"href":"https:\/\/www.ejercito.mil.uy\/index.php\/wp-json\/wp\/v2\/posts\/30732\/revisions"}],"predecessor-version":[{"id":30810,"href":"https:\/\/www.ejercito.mil.uy\/index.php\/wp-json\/wp\/v2\/posts\/30732\/revisions\/30810"}],"wp:featuredmedia":[{"embeddable":true,"href":"https:\/\/www.ejercito.mil.uy\/index.php\/wp-json\/wp\/v2\/media\/30733"}],"wp:attachment":[{"href":"https:\/\/www.ejercito.mil.uy\/index.php\/wp-json\/wp\/v2\/media?parent=30732"}],"wp:term":[{"taxonomy":"category","embeddable":true,"href":"https:\/\/www.ejercito.mil.uy\/index.php\/wp-json\/wp\/v2\/categories?post=30732"},{"taxonomy":"post_tag","embeddable":true,"href":"https:\/\/www.ejercito.mil.uy\/index.php\/wp-json\/wp\/v2\/tags?post=30732"}],"curies":[{"name":"wp","href":"https:\/\/api.w.org\/{rel}","templated":true}]}}