{"id":30811,"date":"2024-05-31T13:06:52","date_gmt":"2024-05-31T16:06:52","guid":{"rendered":"https:\/\/www.ejercito.mil.uy\/?p=30811"},"modified":"2024-06-05T14:00:52","modified_gmt":"2024-06-05T17:00:52","slug":"charlas-informativas-proyecto-elsie-2","status":"publish","type":"post","link":"https:\/\/www.ejercito.mil.uy\/index.php\/2024\/05\/31\/charlas-informativas-proyecto-elsie-2\/","title":{"rendered":"\u00daltimas charlas informativas Proyecto Elsie"},"content":{"rendered":"\n<div style=\"height:22px\" aria-hidden=\"true\" class=\"wp-block-spacer\"><\/div>\n\n\n\n<p class=\"has-white-color has-text-color has-background has-medium-font-size\" style=\"background-color:#418fde\">Para culminar por este a\u00f1o, el equipo de instructores del<strong> Proyecto Elsie<\/strong>, realizar\u00e1 charlas informativas en el <strong>Batall\u00f3n \u00abGral. Celestino Bov\u00e9\u00bb de Ingenieros de Combate N\u00b0 4<\/strong> (Laguna del Sauce, Maldonado), <strong>el martes 4 y mi\u00e9rcoles 5 de junio<\/strong>.<\/p>\n\n\n\n<div style=\"height:44px\" aria-hidden=\"true\" class=\"wp-block-spacer\"><\/div>\n\n\n\n<p class=\"has-black-color has-text-color\" style=\"font-size:18px\">Este proyecto tiene como objetivo aumentar el n\u00famero de mujeres que participan en operaciones de Paz de las Naciones Unidas. Actualmente, el Estado uruguayo despliega 1.057 militares, de los cuales el 6,1% son mujeres. La meta es llegar a este a\u00f1o con un 11%.<\/p>\n\n\n\n<div style=\"height:55px\" aria-hidden=\"true\" class=\"wp-block-spacer\"><\/div>\n\n\n\n<p class=\"has-black-color has-text-color\" style=\"font-size:18px\">Uruguay fue uno de los 7 pa\u00edses que implement\u00f3 la Metodolog\u00eda de Evaluaci\u00f3n de Oportunidades para las Mujeres en las Operaciones de Paz (MOWIP por sus siglas en ingl\u00e9s) en el 2020 y el \u00fanico en el mundo en haber finalizado sus estudios bajo esta modalidad tanto a nivel de las Fuerzas Armadas como de la Polic\u00eda Nacional.<\/p>\n\n\n\n<div style=\"height:33px\" aria-hidden=\"true\" class=\"wp-block-spacer\"><\/div>\n\n\n\n<figure class=\"wp-block-image size-large\"><img fetchpriority=\"high\" decoding=\"async\" width=\"1024\" height=\"1024\" src=\"https:\/\/www.ejercito.mil.uy\/wp-content\/uploads\/2024\/03\/IMG-20240327-WA0013-1024x1024.jpg\" alt=\"\" class=\"wp-image-29502\" srcset=\"https:\/\/www.ejercito.mil.uy\/wp-content\/uploads\/2024\/03\/IMG-20240327-WA0013-1024x1024.jpg 1024w, https:\/\/www.ejercito.mil.uy\/wp-content\/uploads\/2024\/03\/IMG-20240327-WA0013-300x300.jpg 300w, https:\/\/www.ejercito.mil.uy\/wp-content\/uploads\/2024\/03\/IMG-20240327-WA0013-150x150.jpg 150w, https:\/\/www.ejercito.mil.uy\/wp-content\/uploads\/2024\/03\/IMG-20240327-WA0013.jpg 1600w\" sizes=\"(max-width: 1024px) 100vw, 1024px\" \/><\/figure>\n\n\n\n<div style=\"height:44px\" aria-hidden=\"true\" class=\"wp-block-spacer\"><\/div>\n\n\n\n<p class=\"has-black-color has-text-color\" style=\"font-size:18px\">Las charlas est\u00e1n dirigidas a integrantes de las Fuerzas Armadas y de la Polic\u00eda Nacional.<\/p>\n\n\n\n<div style=\"height:44px\" aria-hidden=\"true\" class=\"wp-block-spacer\"><\/div>\n\n\n\n<figure class=\"wp-block-gallery alignwide has-nested-images columns-default is-cropped wp-block-gallery-1 is-layout-flex wp-block-gallery-is-layout-flex\">\n<figure class=\"wp-block-image size-large\"><img decoding=\"async\" width=\"1024\" height=\"1024\" data-id=\"31372\" src=\"https:\/\/www.ejercito.mil.uy\/wp-content\/uploads\/2024\/05\/Proyecto-ELSIE-Sesiones-MIET-charlas_16-1024x1024.png\" alt=\"\" class=\"wp-image-31372\" srcset=\"https:\/\/www.ejercito.mil.uy\/wp-content\/uploads\/2024\/05\/Proyecto-ELSIE-Sesiones-MIET-charlas_16-1024x1024.png 1024w, https:\/\/www.ejercito.mil.uy\/wp-content\/uploads\/2024\/05\/Proyecto-ELSIE-Sesiones-MIET-charlas_16-300x300.png 300w, https:\/\/www.ejercito.mil.uy\/wp-content\/uploads\/2024\/05\/Proyecto-ELSIE-Sesiones-MIET-charlas_16-150x150.png 150w\" sizes=\"(max-width: 1024px) 100vw, 1024px\" \/><\/figure>\n<\/figure>\n\n\n\n<div style=\"height:55px\" aria-hidden=\"true\" class=\"wp-block-spacer\"><\/div>\n\n\n\n<p class=\"has-black-color has-luminous-vivid-amber-background-color has-text-color has-background has-medium-font-size\">\u2022 La <strong>Batall\u00f3n \u00abGral. Celestino Bov\u00e9\u00bb de Ingenieros de Combate N\u00b0 4<\/strong> est\u00e1 ubicado en Ruta Interbalnearia km 114.500, (tels.: 4255 9390 \u2013 4255 9020).<\/p>\n\n\n\n<div style=\"height:100px\" aria-hidden=\"true\" class=\"wp-block-spacer\"><\/div>\n","protected":false},"excerpt":{"rendered":"<p>31.05.2024 &#8211; \u00daltimas charlas del equipo de instructores del Proyecto Elsie, que se realizar\u00e1n en Laguna del Sauce (Maldonado).<\/p>\n","protected":false},"author":4,"featured_media":30697,"comment_status":"open","ping_status":"open","sticky":false,"template":"","format":"standard","meta":{"_coblocks_attr":"","_coblocks_dimensions":"","_coblocks_responsive_height":"","_coblocks_accordion_ie_support":"","_monsterinsights_skip_tracking":false,"_monsterinsights_sitenote_active":false,"_monsterinsights_sitenote_note":"","_monsterinsights_sitenote_category":0,"_uf_show_specific_survey":0,"_uf_disable_surveys":false,"footnotes":""},"categories":[2,14,1],"tags":[1277,19,232,625],"class_list":["post-30811","post","type-post","status-publish","format-standard","has-post-thumbnail","hentry","category-blog","category-noticias","category-sin-categoria","tag-elsie","tag-mop","tag-mujeres","tag-proyecto"],"aioseo_notices":[],"_links":{"self":[{"href":"https:\/\/www.ejercito.mil.uy\/index.php\/wp-json\/wp\/v2\/posts\/30811","targetHints":{"allow":["GET"]}}],"collection":[{"href":"https:\/\/www.ejercito.mil.uy\/index.php\/wp-json\/wp\/v2\/posts"}],"about":[{"href":"https:\/\/www.ejercito.mil.uy\/index.php\/wp-json\/wp\/v2\/types\/post"}],"author":[{"embeddable":true,"href":"https:\/\/www.ejercito.mil.uy\/index.php\/wp-json\/wp\/v2\/users\/4"}],"replies":[{"embeddable":true,"href":"https:\/\/www.ejercito.mil.uy\/index.php\/wp-json\/wp\/v2\/comments?post=30811"}],"version-history":[{"count":9,"href":"https:\/\/www.ejercito.mil.uy\/index.php\/wp-json\/wp\/v2\/posts\/30811\/revisions"}],"predecessor-version":[{"id":31403,"href":"https:\/\/www.ejercito.mil.uy\/index.php\/wp-json\/wp\/v2\/posts\/30811\/revisions\/31403"}],"wp:featuredmedia":[{"embeddable":true,"href":"https:\/\/www.ejercito.mil.uy\/index.php\/wp-json\/wp\/v2\/media\/30697"}],"wp:attachment":[{"href":"https:\/\/www.ejercito.mil.uy\/index.php\/wp-json\/wp\/v2\/media?parent=30811"}],"wp:term":[{"taxonomy":"category","embeddable":true,"href":"https:\/\/www.ejercito.mil.uy\/index.php\/wp-json\/wp\/v2\/categories?post=30811"},{"taxonomy":"post_tag","embeddable":true,"href":"https:\/\/www.ejercito.mil.uy\/index.php\/wp-json\/wp\/v2\/tags?post=30811"}],"curies":[{"name":"wp","href":"https:\/\/api.w.org\/{rel}","templated":true}]}}