{"id":3103,"date":"2021-05-22T08:00:44","date_gmt":"2021-05-22T11:00:44","guid":{"rendered":"https:\/\/www.ejercito.mil.uy\/?p=3103"},"modified":"2021-05-23T13:17:43","modified_gmt":"2021-05-23T16:17:43","slug":"marcha-de-reconocimiento-a-pie-y-motorizada","status":"publish","type":"post","link":"https:\/\/www.ejercito.mil.uy\/index.php\/2021\/05\/22\/marcha-de-reconocimiento-a-pie-y-motorizada\/","title":{"rendered":"Marcha de reconocimiento a pie y motorizada"},"content":{"rendered":"\n<p style=\"font-size:14px\">22.05.2021 &#8211; Paso de los Toros, Tacuaremb\u00f3<\/p>\n\n\n\n<div style=\"height:24px\" aria-hidden=\"true\" class=\"wp-block-spacer\"><\/div>\n\n\n\n<p>Como parte indispensable del entrenamiento de los Oficiales recientemente egresados de la <strong><a rel=\"noreferrer noopener\" href=\"https:\/\/www.facebook.com\/EscuelaMilitarUruguay\/?__cft__[0]=AZW_ptwbB7jGfhxacMm-Gk5cSgGFApcEYoMlmAVFa78baIv3NpXXeDPUxBc45pIuh06NEYaIl8BcUQdoRqjFQi-bkx28XtzfTbYsM-f87t4_wyC2M4gubWQTSO1rCkT1BRsh3jOdvA2VKIU8gXil_Jmx6sIvd7dZQASNPp6eogLru1Yh3x3zBGegK6nUPD07wGY&amp;__tn__=kK-R\" target=\"_blank\">Escuela Militar<\/a><\/strong>, los Alf\u00e9reces pertenecientes al <a rel=\"noreferrer noopener\" href=\"https:\/\/www.facebook.com\/Grupo-Las-Piedras-de-Artiller%C3%ADa-105mm-No-3-265830100750399\/?__cft__[0]=AZW_ptwbB7jGfhxacMm-Gk5cSgGFApcEYoMlmAVFa78baIv3NpXXeDPUxBc45pIuh06NEYaIl8BcUQdoRqjFQi-bkx28XtzfTbYsM-f87t4_wyC2M4gubWQTSO1rCkT1BRsh3jOdvA2VKIU8gXil_Jmx6sIvd7dZQASNPp6eogLru1Yh3x3zBGegK6nUPD07wGY&amp;__tn__=kK-R\" target=\"_blank\"><strong>Grupo \u00abLas Piedras\u00bb de Artiller\u00eda 105mm N\u00ba 3<\/strong><\/a>, realizaron una marcha de reconocimiento a pie y motorizada, teniendo como principal objetivo, familiarizarse con la zona de acci\u00f3n de la Unidad.<\/p>\n\n\n\n<div style=\"height:24px\" aria-hidden=\"true\" class=\"wp-block-spacer\"><\/div>\n\n\n\n<p>Durante el trayecto, recabaron y actualizaron informaci\u00f3n sobre los puntos cr\u00edticos, identificaron cu\u00e1les son las zonas inundables, zonas altas y bajas, en qu\u00e9 estado se encuentran los caminos (saber si son transitables o no), d\u00f3nde est\u00e1n ubicados los puentes, entre otros aspectos.<\/p>\n\n\n\n<div style=\"height:33px\" aria-hidden=\"true\" class=\"wp-block-spacer\"><\/div>\n\n\n\n<div class=\"wp-block-coblocks-gallery-carousel\"><div class=\"is-cropped coblocks-gallery has-no-alignment has-caption-style-dark has-horizontal-gutter has-lightbox\"><div class=\"has-carousel has-carousel-lrg\" style=\"height:400px\" data-flickity=\"{&quot;autoPlay&quot;:3000,&quot;draggable&quot;:true,&quot;pageDots&quot;:false,&quot;prevNextButtons&quot;:true,&quot;wrapAround&quot;:true,&quot;cellAlign&quot;:&quot;center&quot;,&quot;pauseAutoPlayOnHover&quot;:false,&quot;freeScroll&quot;:true,&quot;arrowShape&quot;:{&quot;x0&quot;:10,&quot;x1&quot;:60,&quot;y1&quot;:50,&quot;x2&quot;:65,&quot;y2&quot;:45,&quot;x3&quot;:20},&quot;thumbnails&quot;:false,&quot;responsiveHeight&quot;:false}\"><div class=\"coblocks-gallery--item\"><figure class=\"coblocks-gallery--figure has-margin-left-10 has-margin-left-mobile-5 has-margin-right-10 has-margin-right-mobile-5\"><img fetchpriority=\"high\" decoding=\"async\" width=\"1024\" height=\"683\" src=\"https:\/\/www.ejercito.mil.uy\/wp-content\/uploads\/2021\/05\/Marcha-5-1-1024x683.jpg\" alt=\"\" data-id=\"3108\" data-link=\"https:\/\/www.ejercito.mil.uy\/?attachment_id=3108\" class=\"wp-image-3108\" srcset=\"https:\/\/www.ejercito.mil.uy\/wp-content\/uploads\/2021\/05\/Marcha-5-1-1024x683.jpg 1024w, https:\/\/www.ejercito.mil.uy\/wp-content\/uploads\/2021\/05\/Marcha-5-1-300x200.jpg 300w, https:\/\/www.ejercito.mil.uy\/wp-content\/uploads\/2021\/05\/Marcha-5-1.jpg 1200w\" sizes=\"(max-width: 1024px) 100vw, 1024px\" \/><\/figure><\/div><div class=\"coblocks-gallery--item\"><figure class=\"coblocks-gallery--figure has-margin-left-10 has-margin-left-mobile-5 has-margin-right-10 has-margin-right-mobile-5\"><img decoding=\"async\" width=\"1024\" height=\"683\" src=\"https:\/\/www.ejercito.mil.uy\/wp-content\/uploads\/2021\/05\/Marcha-2-1-1024x683.jpg\" alt=\"\" data-id=\"3106\" data-link=\"https:\/\/www.ejercito.mil.uy\/?attachment_id=3106\" class=\"wp-image-3106\" srcset=\"https:\/\/www.ejercito.mil.uy\/wp-content\/uploads\/2021\/05\/Marcha-2-1-1024x683.jpg 1024w, https:\/\/www.ejercito.mil.uy\/wp-content\/uploads\/2021\/05\/Marcha-2-1-300x200.jpg 300w, https:\/\/www.ejercito.mil.uy\/wp-content\/uploads\/2021\/05\/Marcha-2-1.jpg 1200w\" sizes=\"(max-width: 1024px) 100vw, 1024px\" \/><\/figure><\/div><div class=\"coblocks-gallery--item\"><figure class=\"coblocks-gallery--figure has-margin-left-10 has-margin-left-mobile-5 has-margin-right-10 has-margin-right-mobile-5\"><img decoding=\"async\" width=\"1024\" height=\"683\" src=\"https:\/\/www.ejercito.mil.uy\/wp-content\/uploads\/2021\/05\/Marcha-4-1-1024x683.jpg\" alt=\"\" data-id=\"3107\" data-link=\"https:\/\/www.ejercito.mil.uy\/?attachment_id=3107\" class=\"wp-image-3107\" srcset=\"https:\/\/www.ejercito.mil.uy\/wp-content\/uploads\/2021\/05\/Marcha-4-1-1024x683.jpg 1024w, https:\/\/www.ejercito.mil.uy\/wp-content\/uploads\/2021\/05\/Marcha-4-1-300x200.jpg 300w, https:\/\/www.ejercito.mil.uy\/wp-content\/uploads\/2021\/05\/Marcha-4-1.jpg 1200w\" sizes=\"(max-width: 1024px) 100vw, 1024px\" \/><\/figure><\/div><div class=\"coblocks-gallery--item\"><figure class=\"coblocks-gallery--figure has-margin-left-10 has-margin-left-mobile-5 has-margin-right-10 has-margin-right-mobile-5\"><img loading=\"lazy\" decoding=\"async\" width=\"1024\" height=\"683\" src=\"https:\/\/www.ejercito.mil.uy\/wp-content\/uploads\/2021\/05\/Marcha-1-1-1024x683.jpg\" alt=\"\" data-id=\"3105\" data-link=\"https:\/\/www.ejercito.mil.uy\/?attachment_id=3105\" class=\"wp-image-3105\" srcset=\"https:\/\/www.ejercito.mil.uy\/wp-content\/uploads\/2021\/05\/Marcha-1-1-1024x683.jpg 1024w, https:\/\/www.ejercito.mil.uy\/wp-content\/uploads\/2021\/05\/Marcha-1-1-300x200.jpg 300w, https:\/\/www.ejercito.mil.uy\/wp-content\/uploads\/2021\/05\/Marcha-1-1.jpg 1200w\" sizes=\"(max-width: 1024px) 100vw, 1024px\" \/><\/figure><\/div><\/div><\/div><\/div>\n\n\n\n<div style=\"height:24px\" aria-hidden=\"true\" class=\"wp-block-spacer\"><\/div>\n\n\n\n<p class=\"has-text-align-center\"><strong>Alf\u00e9reces de la Promoci\u00f3n \u00ab200 A\u00f1os de la \u00daltima Gesta Artiguista\u00bb recorrieron aproximadamente 70 km.<\/strong><\/p>\n","protected":false},"excerpt":{"rendered":"<p>22.05.2021 &#8211; Paso de los Toros, Tacuaremb\u00f3 Como parte indispensable del entrenamiento de los Oficiales recientemente egresados de la Escuela Militar, los Alf\u00e9reces pertenecientes al Grupo \u00abLas Piedras\u00bb de Artiller\u00eda 105mm N\u00ba 3, realizaron una marcha de reconocimiento a pie y motorizada, teniendo como principal objetivo, familiarizarse con la zona de acci\u00f3n de la Unidad. <a href=\"https:\/\/www.ejercito.mil.uy\/index.php\/2021\/05\/22\/marcha-de-reconocimiento-a-pie-y-motorizada\/\" class=\"more-link\">&#8230;<span class=\"screen-reader-text\">  Marcha de reconocimiento a pie y motorizada<\/span><\/a><\/p>\n","protected":false},"author":4,"featured_media":3109,"comment_status":"open","ping_status":"open","sticky":false,"template":"","format":"standard","meta":{"_coblocks_attr":"","_coblocks_dimensions":"","_coblocks_responsive_height":"","_coblocks_accordion_ie_support":"","_monsterinsights_skip_tracking":false,"_monsterinsights_sitenote_active":false,"_monsterinsights_sitenote_note":"","_monsterinsights_sitenote_category":0,"_uf_show_specific_survey":0,"_uf_disable_surveys":false,"footnotes":""},"categories":[2,14],"tags":[135,69,35,131],"class_list":["post-3103","post","type-post","status-publish","format-standard","has-post-thumbnail","hentry","category-blog","category-noticias","tag-artilleria","tag-ensenanza","tag-entrenamiento","tag-marcha"],"aioseo_notices":[],"_links":{"self":[{"href":"https:\/\/www.ejercito.mil.uy\/index.php\/wp-json\/wp\/v2\/posts\/3103","targetHints":{"allow":["GET"]}}],"collection":[{"href":"https:\/\/www.ejercito.mil.uy\/index.php\/wp-json\/wp\/v2\/posts"}],"about":[{"href":"https:\/\/www.ejercito.mil.uy\/index.php\/wp-json\/wp\/v2\/types\/post"}],"author":[{"embeddable":true,"href":"https:\/\/www.ejercito.mil.uy\/index.php\/wp-json\/wp\/v2\/users\/4"}],"replies":[{"embeddable":true,"href":"https:\/\/www.ejercito.mil.uy\/index.php\/wp-json\/wp\/v2\/comments?post=3103"}],"version-history":[{"count":3,"href":"https:\/\/www.ejercito.mil.uy\/index.php\/wp-json\/wp\/v2\/posts\/3103\/revisions"}],"predecessor-version":[{"id":3111,"href":"https:\/\/www.ejercito.mil.uy\/index.php\/wp-json\/wp\/v2\/posts\/3103\/revisions\/3111"}],"wp:featuredmedia":[{"embeddable":true,"href":"https:\/\/www.ejercito.mil.uy\/index.php\/wp-json\/wp\/v2\/media\/3109"}],"wp:attachment":[{"href":"https:\/\/www.ejercito.mil.uy\/index.php\/wp-json\/wp\/v2\/media?parent=3103"}],"wp:term":[{"taxonomy":"category","embeddable":true,"href":"https:\/\/www.ejercito.mil.uy\/index.php\/wp-json\/wp\/v2\/categories?post=3103"},{"taxonomy":"post_tag","embeddable":true,"href":"https:\/\/www.ejercito.mil.uy\/index.php\/wp-json\/wp\/v2\/tags?post=3103"}],"curies":[{"name":"wp","href":"https:\/\/api.w.org\/{rel}","templated":true}]}}