{"id":31251,"date":"2024-05-23T15:21:49","date_gmt":"2024-05-23T18:21:49","guid":{"rendered":"https:\/\/www.ejercito.mil.uy\/?p=31251"},"modified":"2024-05-24T11:28:04","modified_gmt":"2024-05-24T14:28:04","slug":"se-realizo-la-capacitacion-en-ciberdefensa-para-integrantes-de-la-fuerza","status":"publish","type":"post","link":"https:\/\/www.ejercito.mil.uy\/index.php\/2024\/05\/23\/se-realizo-la-capacitacion-en-ciberdefensa-para-integrantes-de-la-fuerza\/","title":{"rendered":"Se realiz\u00f3 la Capacitaci\u00f3n en Ciberdefensa para integrantes de la Fuerza"},"content":{"rendered":"\n<p class=\"has-small-font-size\">23.05.2024 &#8211; Montevideo <\/p>\n\n\n\n<div style=\"height:22px\" aria-hidden=\"true\" class=\"wp-block-spacer\"><\/div>\n\n\n\n<p class=\"has-background has-medium-font-size\" style=\"background-color:#4c7c90\"><mark style=\"color:#ffffff;background-color:rgba(0,0,0,0)\" class=\"has-inline-color has-white-color\"><strong>La actividad se desarroll\u00f3 en dos jornadas, en el Auditorio \u201cGeneral Jos\u00e9 Gervasio Artigas\u201d del Instituto Militar de Estudios Superiores.<\/strong><\/mark><\/p>\n\n\n\n<div style=\"height:33px\" aria-hidden=\"true\" class=\"wp-block-spacer\"><\/div>\n\n\n\n<figure class=\"wp-block-image size-large\"><img fetchpriority=\"high\" decoding=\"async\" width=\"1024\" height=\"683\" src=\"https:\/\/www.ejercito.mil.uy\/wp-content\/uploads\/2024\/05\/2024-05-21-Capacitacion-Ciberseguridad-1-1024x683.jpg\" alt=\"\" class=\"wp-image-31253\" srcset=\"https:\/\/www.ejercito.mil.uy\/wp-content\/uploads\/2024\/05\/2024-05-21-Capacitacion-Ciberseguridad-1-1024x683.jpg 1024w, https:\/\/www.ejercito.mil.uy\/wp-content\/uploads\/2024\/05\/2024-05-21-Capacitacion-Ciberseguridad-1-300x200.jpg 300w, https:\/\/www.ejercito.mil.uy\/wp-content\/uploads\/2024\/05\/2024-05-21-Capacitacion-Ciberseguridad-1.jpg 1200w\" sizes=\"(max-width: 1024px) 100vw, 1024px\" \/><\/figure>\n\n\n\n<div style=\"height:66px\" aria-hidden=\"true\" class=\"wp-block-spacer\"><\/div>\n\n\n\n<p>El objetivo es concientizar a los participantes sobre las principales amenazas a la seguridad de la informaci\u00f3n provenientes del ciberespacio, y presentar las diferentes herramientas puestas a disposici\u00f3n de los usuarios para protegerse de las mismas.<\/p>\n\n\n\n<div style=\"height:33px\" aria-hidden=\"true\" class=\"wp-block-spacer\"><\/div>\n\n\n\n<p>Esta actividad fue impartida por la Unidad de Ciberdefensa del Ej\u00e9rcito, <em>que cuenta con la misi\u00f3n de asegurar el acceso libre, seguro y permanente a las redes t\u00e1cticas y administrativas del Ej\u00e9rcito y llevar adelante las operaciones de defensa militares en el ciberespacio<\/em>.<\/p>\n\n\n\n<div style=\"height:66px\" aria-hidden=\"true\" class=\"wp-block-spacer\"><\/div>\n\n\n\n<div aria-label=\"Carousel Gallery\" class=\"wp-block-coblocks-gallery-carousel\"><div class=\"coblocks-gallery-carousel-swiper-container is-cropped coblocks-gallery has-no-alignment has-caption-style-dark has-no-thumbnails\"><div class=\"has-carousel has-carousel-xlrg swiper-container\" data-swiper=\"{&quot;alignCells&quot;:false,&quot;autoPlay&quot;:true,&quot;autoPlaySpeed&quot;:&quot;5000&quot;,&quot;draggable&quot;:true,&quot;freeMode&quot;:false,&quot;loop&quot;:true,&quot;navigation&quot;:true,&quot;pageDots&quot;:false,&quot;pauseHover&quot;:false,&quot;responsiveHeight&quot;:false,&quot;slidesPerView&quot;:1,&quot;thumbnails&quot;:false,&quot;uuid&quot;:&quot;12345&quot;}\" style=\"height:550px\"><div class=\"swiper-wrapper\"><div class=\"swiper-slide\"><div class=\"coblocks-gallery--item\" role=\"button\" tabindex=\"0\"><figure class=\"coblocks-gallery--figure has-margin-left-mobile-5 has-margin-right-mobile-5\"><img decoding=\"async\" width=\"1024\" height=\"683\" alt=\"\" class=\"wp-image-31255\" data-id=\"31255\" data-link=\"https:\/\/www.ejercito.mil.uy\/?attachment_id=31255\" src=\"https:\/\/www.ejercito.mil.uy\/wp-content\/uploads\/2024\/05\/2024-05-21-Capacitacion-Ciberseguridad-3-1024x683.jpg\" srcset=\"https:\/\/www.ejercito.mil.uy\/wp-content\/uploads\/2024\/05\/2024-05-21-Capacitacion-Ciberseguridad-3-1024x683.jpg 1024w, https:\/\/www.ejercito.mil.uy\/wp-content\/uploads\/2024\/05\/2024-05-21-Capacitacion-Ciberseguridad-3-300x200.jpg 300w, https:\/\/www.ejercito.mil.uy\/wp-content\/uploads\/2024\/05\/2024-05-21-Capacitacion-Ciberseguridad-3.jpg 1200w\" sizes=\"(max-width: 1024px) 100vw, 1024px\" \/><\/figure><figcaption class=\"coblocks-gallery--caption coblocks-gallery--primary-caption\"><\/figcaption><\/div><\/div><div class=\"swiper-slide\"><div class=\"coblocks-gallery--item\" role=\"button\" tabindex=\"1\"><figure class=\"coblocks-gallery--figure has-margin-left-mobile-5 has-margin-right-mobile-5\"><img decoding=\"async\" width=\"1024\" height=\"683\" alt=\"\" class=\"wp-image-31256\" data-id=\"31256\" data-link=\"https:\/\/www.ejercito.mil.uy\/?attachment_id=31256\" src=\"https:\/\/www.ejercito.mil.uy\/wp-content\/uploads\/2024\/05\/2024-05-21-Capacitacion-Ciberseguridad-7-1024x683.jpg\" srcset=\"https:\/\/www.ejercito.mil.uy\/wp-content\/uploads\/2024\/05\/2024-05-21-Capacitacion-Ciberseguridad-7-1024x683.jpg 1024w, https:\/\/www.ejercito.mil.uy\/wp-content\/uploads\/2024\/05\/2024-05-21-Capacitacion-Ciberseguridad-7-300x200.jpg 300w, https:\/\/www.ejercito.mil.uy\/wp-content\/uploads\/2024\/05\/2024-05-21-Capacitacion-Ciberseguridad-7.jpg 1200w\" sizes=\"(max-width: 1024px) 100vw, 1024px\" \/><\/figure><figcaption class=\"coblocks-gallery--caption coblocks-gallery--primary-caption\"><\/figcaption><\/div><\/div><div class=\"swiper-slide\"><div class=\"coblocks-gallery--item\" role=\"button\" tabindex=\"2\"><figure class=\"coblocks-gallery--figure has-margin-left-mobile-5 has-margin-right-mobile-5\"><img loading=\"lazy\" decoding=\"async\" width=\"1024\" height=\"683\" alt=\"\" class=\"wp-image-31257\" data-id=\"31257\" data-link=\"https:\/\/www.ejercito.mil.uy\/?attachment_id=31257\" src=\"https:\/\/www.ejercito.mil.uy\/wp-content\/uploads\/2024\/05\/2024-05-21-Capacitacion-Ciberseguridad-8-1024x683.jpg\" srcset=\"https:\/\/www.ejercito.mil.uy\/wp-content\/uploads\/2024\/05\/2024-05-21-Capacitacion-Ciberseguridad-8-1024x683.jpg 1024w, https:\/\/www.ejercito.mil.uy\/wp-content\/uploads\/2024\/05\/2024-05-21-Capacitacion-Ciberseguridad-8-300x200.jpg 300w, https:\/\/www.ejercito.mil.uy\/wp-content\/uploads\/2024\/05\/2024-05-21-Capacitacion-Ciberseguridad-8.jpg 1200w\" sizes=\"(max-width: 1024px) 100vw, 1024px\" \/><\/figure><figcaption class=\"coblocks-gallery--caption coblocks-gallery--primary-caption\"><\/figcaption><\/div><\/div><div class=\"swiper-slide\"><div class=\"coblocks-gallery--item\" role=\"button\" tabindex=\"3\"><figure class=\"coblocks-gallery--figure has-margin-left-mobile-5 has-margin-right-mobile-5\"><img loading=\"lazy\" decoding=\"async\" width=\"1024\" height=\"683\" alt=\"\" class=\"wp-image-31258\" data-id=\"31258\" data-link=\"https:\/\/www.ejercito.mil.uy\/?attachment_id=31258\" src=\"https:\/\/www.ejercito.mil.uy\/wp-content\/uploads\/2024\/05\/2024-05-21-Capacitacion-Ciberseguridad-9-1024x683.jpg\" srcset=\"https:\/\/www.ejercito.mil.uy\/wp-content\/uploads\/2024\/05\/2024-05-21-Capacitacion-Ciberseguridad-9-1024x683.jpg 1024w, https:\/\/www.ejercito.mil.uy\/wp-content\/uploads\/2024\/05\/2024-05-21-Capacitacion-Ciberseguridad-9-300x200.jpg 300w, https:\/\/www.ejercito.mil.uy\/wp-content\/uploads\/2024\/05\/2024-05-21-Capacitacion-Ciberseguridad-9.jpg 1200w\" sizes=\"(max-width: 1024px) 100vw, 1024px\" \/><\/figure><figcaption class=\"coblocks-gallery--caption coblocks-gallery--primary-caption\"><\/figcaption><\/div><\/div><div class=\"swiper-slide\"><div class=\"coblocks-gallery--item\" role=\"button\" tabindex=\"4\"><figure class=\"coblocks-gallery--figure has-margin-left-mobile-5 has-margin-right-mobile-5\"><img loading=\"lazy\" decoding=\"async\" width=\"1024\" height=\"683\" alt=\"\" class=\"wp-image-31259\" data-id=\"31259\" data-link=\"https:\/\/www.ejercito.mil.uy\/?attachment_id=31259\" src=\"https:\/\/www.ejercito.mil.uy\/wp-content\/uploads\/2024\/05\/2024-05-21-Capacitacion-Ciberseguridad-11-1-1024x683.jpg\" srcset=\"https:\/\/www.ejercito.mil.uy\/wp-content\/uploads\/2024\/05\/2024-05-21-Capacitacion-Ciberseguridad-11-1-1024x683.jpg 1024w, https:\/\/www.ejercito.mil.uy\/wp-content\/uploads\/2024\/05\/2024-05-21-Capacitacion-Ciberseguridad-11-1-300x200.jpg 300w, https:\/\/www.ejercito.mil.uy\/wp-content\/uploads\/2024\/05\/2024-05-21-Capacitacion-Ciberseguridad-11-1.jpg 1200w\" sizes=\"(max-width: 1024px) 100vw, 1024px\" \/><\/figure><figcaption class=\"coblocks-gallery--caption coblocks-gallery--primary-caption\"><\/figcaption><\/div><\/div><div class=\"swiper-slide\"><div class=\"coblocks-gallery--item\" role=\"button\" tabindex=\"5\"><figure class=\"coblocks-gallery--figure has-margin-left-mobile-5 has-margin-right-mobile-5\"><img loading=\"lazy\" decoding=\"async\" width=\"1024\" height=\"683\" alt=\"\" class=\"wp-image-31254\" data-id=\"31254\" data-link=\"https:\/\/www.ejercito.mil.uy\/?attachment_id=31254\" src=\"https:\/\/www.ejercito.mil.uy\/wp-content\/uploads\/2024\/05\/2024-05-21-Capacitacion-Ciberseguridad-2-1024x683.jpg\" srcset=\"https:\/\/www.ejercito.mil.uy\/wp-content\/uploads\/2024\/05\/2024-05-21-Capacitacion-Ciberseguridad-2-1024x683.jpg 1024w, https:\/\/www.ejercito.mil.uy\/wp-content\/uploads\/2024\/05\/2024-05-21-Capacitacion-Ciberseguridad-2-300x200.jpg 300w, https:\/\/www.ejercito.mil.uy\/wp-content\/uploads\/2024\/05\/2024-05-21-Capacitacion-Ciberseguridad-2.jpg 1200w\" sizes=\"(max-width: 1024px) 100vw, 1024px\" \/><\/figure><figcaption class=\"coblocks-gallery--caption coblocks-gallery--primary-caption\"><\/figcaption><\/div><\/div><\/div><button class=\"nav-button__prev\" id=\"12345-prev\"><svg class=\"icon\" style=\"transform:rotate(180deg)\"><\/svg><\/button><button class=\"nav-button__next\" id=\"12345-next\"><svg class=\"icon\"><\/svg><\/button><\/div><\/div><\/div>\n\n\n\n<div style=\"height:100px\" aria-hidden=\"true\" class=\"wp-block-spacer\"><\/div>\n","protected":false},"excerpt":{"rendered":"<p>23.05.2024 &#8211; La actividad se desarroll\u00f3 en dos jornadas, en el Auditorio \u201cGeneral Jos\u00e9 Gervasio Artigas\u201d del Instituto Militar de Estudios Superiores.<\/p>\n","protected":false},"author":4,"featured_media":31252,"comment_status":"open","ping_status":"open","sticky":false,"template":"","format":"standard","meta":{"_coblocks_attr":"","_coblocks_dimensions":"","_coblocks_responsive_height":"","_coblocks_accordion_ie_support":"","_monsterinsights_skip_tracking":false,"_monsterinsights_sitenote_active":false,"_monsterinsights_sitenote_note":"","_monsterinsights_sitenote_category":0,"_uf_show_specific_survey":0,"_uf_disable_surveys":false,"footnotes":""},"categories":[2,14,1],"tags":[1381,1382,230,35,250,33],"class_list":["post-31251","post","type-post","status-publish","format-standard","has-post-thumbnail","hentry","category-blog","category-noticias","category-sin-categoria","tag-ciber","tag-ciberdefensa","tag-defensa","tag-entrenamiento","tag-informatica","tag-seguridad"],"aioseo_notices":[],"_links":{"self":[{"href":"https:\/\/www.ejercito.mil.uy\/index.php\/wp-json\/wp\/v2\/posts\/31251","targetHints":{"allow":["GET"]}}],"collection":[{"href":"https:\/\/www.ejercito.mil.uy\/index.php\/wp-json\/wp\/v2\/posts"}],"about":[{"href":"https:\/\/www.ejercito.mil.uy\/index.php\/wp-json\/wp\/v2\/types\/post"}],"author":[{"embeddable":true,"href":"https:\/\/www.ejercito.mil.uy\/index.php\/wp-json\/wp\/v2\/users\/4"}],"replies":[{"embeddable":true,"href":"https:\/\/www.ejercito.mil.uy\/index.php\/wp-json\/wp\/v2\/comments?post=31251"}],"version-history":[{"count":1,"href":"https:\/\/www.ejercito.mil.uy\/index.php\/wp-json\/wp\/v2\/posts\/31251\/revisions"}],"predecessor-version":[{"id":31260,"href":"https:\/\/www.ejercito.mil.uy\/index.php\/wp-json\/wp\/v2\/posts\/31251\/revisions\/31260"}],"wp:featuredmedia":[{"embeddable":true,"href":"https:\/\/www.ejercito.mil.uy\/index.php\/wp-json\/wp\/v2\/media\/31252"}],"wp:attachment":[{"href":"https:\/\/www.ejercito.mil.uy\/index.php\/wp-json\/wp\/v2\/media?parent=31251"}],"wp:term":[{"taxonomy":"category","embeddable":true,"href":"https:\/\/www.ejercito.mil.uy\/index.php\/wp-json\/wp\/v2\/categories?post=31251"},{"taxonomy":"post_tag","embeddable":true,"href":"https:\/\/www.ejercito.mil.uy\/index.php\/wp-json\/wp\/v2\/tags?post=31251"}],"curies":[{"name":"wp","href":"https:\/\/api.w.org\/{rel}","templated":true}]}}