{"id":31321,"date":"2024-05-28T13:58:07","date_gmt":"2024-05-28T16:58:07","guid":{"rendered":"https:\/\/www.ejercito.mil.uy\/?p=31321"},"modified":"2024-05-28T14:12:12","modified_gmt":"2024-05-28T17:12:12","slug":"ceremonia-de-relevo-del-inspector-del-arma-de-artilleria","status":"publish","type":"post","link":"https:\/\/www.ejercito.mil.uy\/index.php\/2024\/05\/28\/ceremonia-de-relevo-del-inspector-del-arma-de-artilleria\/","title":{"rendered":"Ceremonia de relevo del Inspector del Arma de Artiller\u00eda"},"content":{"rendered":"\n<div style=\"height:22px\" aria-hidden=\"true\" class=\"wp-block-spacer\"><\/div>\n\n\n\n<p class=\"has-black-color has-text-color has-medium-font-size\">28.05.2024 &#8211; <strong>Sal\u00f3n de Honor del Comando General del Ej\u00e9rcito<\/strong>  <\/p>\n\n\n\n<div style=\"height:33px\" aria-hidden=\"true\" class=\"wp-block-spacer\"><\/div>\n\n\n\n<p class=\"has-white-color has-text-color has-background has-medium-font-size\" style=\"background-color:#ff0000\">El 28 de mayo, en el Sal\u00f3n de Honor del Comando General del Ej\u00e9rcito, con la presencia del Comandante en Jefe del Ej\u00e9rcito, Gral. de Ej\u00e9rcito Mario Stevenazzi, se realiz\u00f3 la <strong>ceremonia de puesta en posesi\u00f3n en el cargo del Inspector del Arma de Artiller\u00eda. <\/strong><\/p>\n\n\n\n<div style=\"height:33px\" aria-hidden=\"true\" class=\"wp-block-spacer\"><\/div>\n\n\n\n<div class=\"wp-block-columns is-layout-flex wp-container-core-columns-is-layout-28f84493 wp-block-columns-is-layout-flex\">\n<div class=\"wp-block-column is-layout-flow wp-block-column-is-layout-flow\">\n<figure class=\"wp-block-image size-large\"><img fetchpriority=\"high\" decoding=\"async\" width=\"1024\" height=\"683\" src=\"https:\/\/www.ejercito.mil.uy\/wp-content\/uploads\/2024\/05\/Ceremonia-de-relevo-del-Inspector-del-Arma-de-Artilleria-7-1024x683.jpg\" alt=\"\" class=\"wp-image-31323\" srcset=\"https:\/\/www.ejercito.mil.uy\/wp-content\/uploads\/2024\/05\/Ceremonia-de-relevo-del-Inspector-del-Arma-de-Artilleria-7-1024x683.jpg 1024w, https:\/\/www.ejercito.mil.uy\/wp-content\/uploads\/2024\/05\/Ceremonia-de-relevo-del-Inspector-del-Arma-de-Artilleria-7-300x200.jpg 300w, https:\/\/www.ejercito.mil.uy\/wp-content\/uploads\/2024\/05\/Ceremonia-de-relevo-del-Inspector-del-Arma-de-Artilleria-7.jpg 1200w\" sizes=\"(max-width: 1024px) 100vw, 1024px\" \/><\/figure>\n<\/div>\n\n\n\n<div class=\"wp-block-column is-layout-flow wp-block-column-is-layout-flow\">\n<figure class=\"wp-block-image size-large\"><img decoding=\"async\" width=\"1024\" height=\"683\" src=\"https:\/\/www.ejercito.mil.uy\/wp-content\/uploads\/2024\/05\/Ceremonia-de-relevo-del-Inspector-del-Arma-de-Artilleria-8-1024x683.jpg\" alt=\"\" class=\"wp-image-31324\" srcset=\"https:\/\/www.ejercito.mil.uy\/wp-content\/uploads\/2024\/05\/Ceremonia-de-relevo-del-Inspector-del-Arma-de-Artilleria-8-1024x683.jpg 1024w, https:\/\/www.ejercito.mil.uy\/wp-content\/uploads\/2024\/05\/Ceremonia-de-relevo-del-Inspector-del-Arma-de-Artilleria-8-300x200.jpg 300w, https:\/\/www.ejercito.mil.uy\/wp-content\/uploads\/2024\/05\/Ceremonia-de-relevo-del-Inspector-del-Arma-de-Artilleria-8.jpg 1200w\" sizes=\"(max-width: 1024px) 100vw, 1024px\" \/><\/figure>\n<\/div>\n<\/div>\n\n\n\n<div style=\"height:33px\" aria-hidden=\"true\" class=\"wp-block-spacer\"><\/div>\n\n\n\n<p class=\"has-black-color has-text-color has-medium-font-size\">&#8211; Asumi\u00f3 el Coronel Alfredo Larramendi por el Coronel Pablo Camps<\/p>\n\n\n\n<div style=\"height:33px\" aria-hidden=\"true\" class=\"wp-block-spacer\"><\/div>\n\n\n\n<div aria-label=\"Carousel Gallery\" class=\"wp-block-coblocks-gallery-carousel\"><div class=\"coblocks-gallery-carousel-swiper-container is-cropped coblocks-gallery has-no-alignment has-caption-style-dark has-no-thumbnails\"><div class=\"has-carousel has-carousel-xlrg swiper-container\" data-swiper=\"{&quot;alignCells&quot;:false,&quot;autoPlay&quot;:false,&quot;autoPlaySpeed&quot;:3000,&quot;draggable&quot;:true,&quot;freeMode&quot;:false,&quot;loop&quot;:true,&quot;navigation&quot;:true,&quot;pageDots&quot;:false,&quot;pauseHover&quot;:false,&quot;responsiveHeight&quot;:false,&quot;slidesPerView&quot;:1,&quot;thumbnails&quot;:false,&quot;uuid&quot;:&quot;12345&quot;}\" style=\"height:550px\"><div class=\"swiper-wrapper\"><div class=\"swiper-slide\"><div class=\"coblocks-gallery--item\" role=\"button\"><figure class=\"coblocks-gallery--figure\"><img decoding=\"async\" width=\"1024\" height=\"683\" alt=\"\" class=\"wp-image-31325\" data-id=\"31325\" data-link=\"https:\/\/www.ejercito.mil.uy\/?attachment_id=31325\" src=\"https:\/\/www.ejercito.mil.uy\/wp-content\/uploads\/2024\/05\/Ceremonia-de-relevo-del-Inspector-del-Arma-de-Artilleria-3-1024x683.jpg\" srcset=\"https:\/\/www.ejercito.mil.uy\/wp-content\/uploads\/2024\/05\/Ceremonia-de-relevo-del-Inspector-del-Arma-de-Artilleria-3-1024x683.jpg 1024w, https:\/\/www.ejercito.mil.uy\/wp-content\/uploads\/2024\/05\/Ceremonia-de-relevo-del-Inspector-del-Arma-de-Artilleria-3-300x200.jpg 300w, https:\/\/www.ejercito.mil.uy\/wp-content\/uploads\/2024\/05\/Ceremonia-de-relevo-del-Inspector-del-Arma-de-Artilleria-3.jpg 1200w\" sizes=\"(max-width: 1024px) 100vw, 1024px\" \/><\/figure><figcaption class=\"coblocks-gallery--caption coblocks-gallery--primary-caption\"><\/figcaption><\/div><\/div><div class=\"swiper-slide\"><div class=\"coblocks-gallery--item\" role=\"button\"><figure class=\"coblocks-gallery--figure\"><img loading=\"lazy\" decoding=\"async\" width=\"1024\" height=\"683\" alt=\"\" class=\"wp-image-31326\" data-id=\"31326\" data-link=\"https:\/\/www.ejercito.mil.uy\/?attachment_id=31326\" src=\"https:\/\/www.ejercito.mil.uy\/wp-content\/uploads\/2024\/05\/Ceremonia-de-relevo-del-Inspector-del-Arma-de-Artilleria-2-1024x683.jpg\" srcset=\"https:\/\/www.ejercito.mil.uy\/wp-content\/uploads\/2024\/05\/Ceremonia-de-relevo-del-Inspector-del-Arma-de-Artilleria-2-1024x683.jpg 1024w, https:\/\/www.ejercito.mil.uy\/wp-content\/uploads\/2024\/05\/Ceremonia-de-relevo-del-Inspector-del-Arma-de-Artilleria-2-300x200.jpg 300w, https:\/\/www.ejercito.mil.uy\/wp-content\/uploads\/2024\/05\/Ceremonia-de-relevo-del-Inspector-del-Arma-de-Artilleria-2.jpg 1200w\" sizes=\"(max-width: 1024px) 100vw, 1024px\" \/><\/figure><figcaption class=\"coblocks-gallery--caption coblocks-gallery--primary-caption\"><\/figcaption><\/div><\/div><div class=\"swiper-slide\"><div class=\"coblocks-gallery--item\" role=\"button\"><figure class=\"coblocks-gallery--figure\"><img loading=\"lazy\" decoding=\"async\" width=\"1024\" height=\"683\" alt=\"\" class=\"wp-image-31327\" data-id=\"31327\" data-link=\"https:\/\/www.ejercito.mil.uy\/?attachment_id=31327\" src=\"https:\/\/www.ejercito.mil.uy\/wp-content\/uploads\/2024\/05\/Ceremonia-de-relevo-del-Inspector-del-Arma-de-Artilleria-4-1024x683.jpg\" srcset=\"https:\/\/www.ejercito.mil.uy\/wp-content\/uploads\/2024\/05\/Ceremonia-de-relevo-del-Inspector-del-Arma-de-Artilleria-4-1024x683.jpg 1024w, https:\/\/www.ejercito.mil.uy\/wp-content\/uploads\/2024\/05\/Ceremonia-de-relevo-del-Inspector-del-Arma-de-Artilleria-4-300x200.jpg 300w, https:\/\/www.ejercito.mil.uy\/wp-content\/uploads\/2024\/05\/Ceremonia-de-relevo-del-Inspector-del-Arma-de-Artilleria-4.jpg 1200w\" sizes=\"(max-width: 1024px) 100vw, 1024px\" \/><\/figure><figcaption class=\"coblocks-gallery--caption coblocks-gallery--primary-caption\"><\/figcaption><\/div><\/div><div class=\"swiper-slide\"><div class=\"coblocks-gallery--item\" role=\"button\"><figure class=\"coblocks-gallery--figure\"><img loading=\"lazy\" decoding=\"async\" width=\"1024\" height=\"683\" alt=\"\" class=\"wp-image-31328\" data-id=\"31328\" data-link=\"https:\/\/www.ejercito.mil.uy\/?attachment_id=31328\" src=\"https:\/\/www.ejercito.mil.uy\/wp-content\/uploads\/2024\/05\/Ceremonia-de-relevo-del-Inspector-del-Arma-de-Artilleria-5-1024x683.jpg\" srcset=\"https:\/\/www.ejercito.mil.uy\/wp-content\/uploads\/2024\/05\/Ceremonia-de-relevo-del-Inspector-del-Arma-de-Artilleria-5-1024x683.jpg 1024w, https:\/\/www.ejercito.mil.uy\/wp-content\/uploads\/2024\/05\/Ceremonia-de-relevo-del-Inspector-del-Arma-de-Artilleria-5-300x200.jpg 300w, https:\/\/www.ejercito.mil.uy\/wp-content\/uploads\/2024\/05\/Ceremonia-de-relevo-del-Inspector-del-Arma-de-Artilleria-5.jpg 1200w\" sizes=\"(max-width: 1024px) 100vw, 1024px\" \/><\/figure><figcaption class=\"coblocks-gallery--caption coblocks-gallery--primary-caption\"><\/figcaption><\/div><\/div><div class=\"swiper-slide\"><div class=\"coblocks-gallery--item\" role=\"button\"><figure class=\"coblocks-gallery--figure\"><img loading=\"lazy\" decoding=\"async\" width=\"1024\" height=\"683\" alt=\"\" class=\"wp-image-31329\" data-id=\"31329\" data-link=\"https:\/\/www.ejercito.mil.uy\/?attachment_id=31329\" src=\"https:\/\/www.ejercito.mil.uy\/wp-content\/uploads\/2024\/05\/Ceremonia-de-relevo-del-Inspector-del-Arma-de-Artilleria-6-1024x683.jpg\" srcset=\"https:\/\/www.ejercito.mil.uy\/wp-content\/uploads\/2024\/05\/Ceremonia-de-relevo-del-Inspector-del-Arma-de-Artilleria-6-1024x683.jpg 1024w, https:\/\/www.ejercito.mil.uy\/wp-content\/uploads\/2024\/05\/Ceremonia-de-relevo-del-Inspector-del-Arma-de-Artilleria-6-300x200.jpg 300w, https:\/\/www.ejercito.mil.uy\/wp-content\/uploads\/2024\/05\/Ceremonia-de-relevo-del-Inspector-del-Arma-de-Artilleria-6.jpg 1200w\" sizes=\"(max-width: 1024px) 100vw, 1024px\" \/><\/figure><figcaption class=\"coblocks-gallery--caption coblocks-gallery--primary-caption\"><\/figcaption><\/div><\/div><\/div><button class=\"nav-button__prev\" id=\"12345-prev\"><\/button><button class=\"nav-button__next\" id=\"12345-next\"><\/button><\/div><\/div><\/div>\n","protected":false},"excerpt":{"rendered":"<p>28.05.2024 &#8211; Asumi\u00f3 el Coronel Alfredo Larramendi por el Coronel Pablo Camps. <\/p>\n","protected":false},"author":14,"featured_media":31322,"comment_status":"open","ping_status":"open","sticky":false,"template":"","format":"standard","meta":{"_coblocks_attr":"","_coblocks_dimensions":"","_coblocks_responsive_height":"","_coblocks_accordion_ie_support":"","_monsterinsights_skip_tracking":false,"_monsterinsights_sitenote_active":false,"_monsterinsights_sitenote_note":"","_monsterinsights_sitenote_category":0,"_uf_show_specific_survey":0,"_uf_disable_surveys":false,"footnotes":""},"categories":[2,10,14,1],"tags":[135,44,1563,652],"class_list":["post-31321","post","type-post","status-publish","format-standard","has-post-thumbnail","hentry","category-blog","category-destacados","category-noticias","category-sin-categoria","tag-artilleria","tag-ceremonia","tag-inspector","tag-relevo"],"aioseo_notices":[],"_links":{"self":[{"href":"https:\/\/www.ejercito.mil.uy\/index.php\/wp-json\/wp\/v2\/posts\/31321","targetHints":{"allow":["GET"]}}],"collection":[{"href":"https:\/\/www.ejercito.mil.uy\/index.php\/wp-json\/wp\/v2\/posts"}],"about":[{"href":"https:\/\/www.ejercito.mil.uy\/index.php\/wp-json\/wp\/v2\/types\/post"}],"author":[{"embeddable":true,"href":"https:\/\/www.ejercito.mil.uy\/index.php\/wp-json\/wp\/v2\/users\/14"}],"replies":[{"embeddable":true,"href":"https:\/\/www.ejercito.mil.uy\/index.php\/wp-json\/wp\/v2\/comments?post=31321"}],"version-history":[{"count":3,"href":"https:\/\/www.ejercito.mil.uy\/index.php\/wp-json\/wp\/v2\/posts\/31321\/revisions"}],"predecessor-version":[{"id":31332,"href":"https:\/\/www.ejercito.mil.uy\/index.php\/wp-json\/wp\/v2\/posts\/31321\/revisions\/31332"}],"wp:featuredmedia":[{"embeddable":true,"href":"https:\/\/www.ejercito.mil.uy\/index.php\/wp-json\/wp\/v2\/media\/31322"}],"wp:attachment":[{"href":"https:\/\/www.ejercito.mil.uy\/index.php\/wp-json\/wp\/v2\/media?parent=31321"}],"wp:term":[{"taxonomy":"category","embeddable":true,"href":"https:\/\/www.ejercito.mil.uy\/index.php\/wp-json\/wp\/v2\/categories?post=31321"},{"taxonomy":"post_tag","embeddable":true,"href":"https:\/\/www.ejercito.mil.uy\/index.php\/wp-json\/wp\/v2\/tags?post=31321"}],"curies":[{"name":"wp","href":"https:\/\/api.w.org\/{rel}","templated":true}]}}