{"id":31465,"date":"2024-06-03T12:53:18","date_gmt":"2024-06-03T15:53:18","guid":{"rendered":"https:\/\/www.ejercito.mil.uy\/?p=31465"},"modified":"2024-06-03T12:56:56","modified_gmt":"2024-06-03T15:56:56","slug":"reinstruccion-a-nivel-brigada","status":"publish","type":"post","link":"https:\/\/www.ejercito.mil.uy\/index.php\/2024\/06\/03\/reinstruccion-a-nivel-brigada\/","title":{"rendered":"Reinstrucci\u00f3n de Fusileros Blindados"},"content":{"rendered":"\n<p class=\"has-black-color has-text-color has-medium-font-size\">03.06.2024 <\/p>\n\n\n\n<div style=\"height:50px\" aria-hidden=\"true\" class=\"wp-block-spacer\"><\/div>\n\n\n\n<p class=\"has-white-color has-text-color has-background has-medium-font-size\" style=\"background-color:#1f6728\">Las Unidades que componen la Brigada de Infanter\u00eda N\u00b04, <strong>realizaron una reinstrucci\u00f3n<\/strong> del personal militar especializado: tirador de ametralladora, tirador de armamento antitanque ligero y tirador de lanza granadas.<\/p>\n\n\n\n<div style=\"height:50px\" aria-hidden=\"true\" class=\"wp-block-spacer\"><\/div>\n\n\n\n<figure class=\"wp-block-image size-large\"><img fetchpriority=\"high\" decoding=\"async\" width=\"1024\" height=\"683\" src=\"https:\/\/www.ejercito.mil.uy\/wp-content\/uploads\/2024\/06\/Reinstruccion-a-nivel-Brigada-6-1024x683.jpg\" alt=\"\" class=\"wp-image-31467\" srcset=\"https:\/\/www.ejercito.mil.uy\/wp-content\/uploads\/2024\/06\/Reinstruccion-a-nivel-Brigada-6-1024x683.jpg 1024w, https:\/\/www.ejercito.mil.uy\/wp-content\/uploads\/2024\/06\/Reinstruccion-a-nivel-Brigada-6-300x200.jpg 300w, https:\/\/www.ejercito.mil.uy\/wp-content\/uploads\/2024\/06\/Reinstruccion-a-nivel-Brigada-6.jpg 1200w\" sizes=\"(max-width: 1024px) 100vw, 1024px\" \/><\/figure>\n\n\n\n<div style=\"height:50px\" aria-hidden=\"true\" class=\"wp-block-spacer\"><\/div>\n\n\n\n<p class=\"has-black-color has-text-color has-medium-font-size\">Durante 3 semanas desarrollaron campa\u00f1as reafirmando las habilidades b\u00e1sicas de un fusilero blindado, es decir, las capacidades en empleo de armamento, patrulla, emboscada, orientaci\u00f3n y embarque y desembarque de veh\u00edculos.<\/p>\n\n\n\n<div style=\"height:50px\" aria-hidden=\"true\" class=\"wp-block-spacer\"><\/div>\n\n\n\n<div aria-label=\"Carousel Gallery\" class=\"wp-block-coblocks-gallery-carousel\"><div class=\"coblocks-gallery-carousel-swiper-container is-cropped coblocks-gallery has-no-alignment has-caption-style-dark has-no-thumbnails\"><div class=\"has-carousel has-carousel-xlrg swiper-container\" data-swiper=\"{&quot;alignCells&quot;:false,&quot;autoPlay&quot;:false,&quot;autoPlaySpeed&quot;:3000,&quot;draggable&quot;:true,&quot;freeMode&quot;:false,&quot;loop&quot;:true,&quot;navigation&quot;:true,&quot;pageDots&quot;:false,&quot;pauseHover&quot;:false,&quot;responsiveHeight&quot;:false,&quot;slidesPerView&quot;:1,&quot;thumbnails&quot;:false,&quot;uuid&quot;:&quot;12345&quot;}\" style=\"height:550px\"><div class=\"swiper-wrapper\"><div class=\"swiper-slide\"><div class=\"coblocks-gallery--item\" role=\"button\" tabindex=\"0\"><figure class=\"coblocks-gallery--figure\"><img decoding=\"async\" width=\"1024\" height=\"683\" alt=\"\" class=\"wp-image-31471\" data-id=\"31471\" data-link=\"https:\/\/www.ejercito.mil.uy\/?attachment_id=31471\" src=\"https:\/\/www.ejercito.mil.uy\/wp-content\/uploads\/2024\/06\/Reinstruccion-a-nivel-Brigada-5-1024x683.jpg\" srcset=\"https:\/\/www.ejercito.mil.uy\/wp-content\/uploads\/2024\/06\/Reinstruccion-a-nivel-Brigada-5-1024x683.jpg 1024w, https:\/\/www.ejercito.mil.uy\/wp-content\/uploads\/2024\/06\/Reinstruccion-a-nivel-Brigada-5-300x200.jpg 300w, https:\/\/www.ejercito.mil.uy\/wp-content\/uploads\/2024\/06\/Reinstruccion-a-nivel-Brigada-5.jpg 1200w\" sizes=\"(max-width: 1024px) 100vw, 1024px\" \/><\/figure><figcaption class=\"coblocks-gallery--caption coblocks-gallery--primary-caption\"><\/figcaption><\/div><\/div><div class=\"swiper-slide\"><div class=\"coblocks-gallery--item\" role=\"button\" tabindex=\"1\"><figure class=\"coblocks-gallery--figure\"><img decoding=\"async\" width=\"1024\" height=\"683\" alt=\"\" class=\"wp-image-31473\" data-id=\"31473\" data-link=\"https:\/\/www.ejercito.mil.uy\/?attachment_id=31473\" src=\"https:\/\/www.ejercito.mil.uy\/wp-content\/uploads\/2024\/06\/Reinstruccion-a-nivel-Brigada-8-1024x683.jpg\" srcset=\"https:\/\/www.ejercito.mil.uy\/wp-content\/uploads\/2024\/06\/Reinstruccion-a-nivel-Brigada-8-1024x683.jpg 1024w, https:\/\/www.ejercito.mil.uy\/wp-content\/uploads\/2024\/06\/Reinstruccion-a-nivel-Brigada-8-300x200.jpg 300w, https:\/\/www.ejercito.mil.uy\/wp-content\/uploads\/2024\/06\/Reinstruccion-a-nivel-Brigada-8.jpg 1200w\" sizes=\"(max-width: 1024px) 100vw, 1024px\" \/><\/figure><figcaption class=\"coblocks-gallery--caption coblocks-gallery--primary-caption\"><\/figcaption><\/div><\/div><div class=\"swiper-slide\"><div class=\"coblocks-gallery--item\" role=\"button\" tabindex=\"2\"><figure class=\"coblocks-gallery--figure\"><img loading=\"lazy\" decoding=\"async\" width=\"1024\" height=\"683\" alt=\"\" class=\"wp-image-31470\" data-id=\"31470\" data-link=\"https:\/\/www.ejercito.mil.uy\/?attachment_id=31470\" src=\"https:\/\/www.ejercito.mil.uy\/wp-content\/uploads\/2024\/06\/Reinstruccion-a-nivel-Brigada-4-1024x683.jpg\" srcset=\"https:\/\/www.ejercito.mil.uy\/wp-content\/uploads\/2024\/06\/Reinstruccion-a-nivel-Brigada-4-1024x683.jpg 1024w, https:\/\/www.ejercito.mil.uy\/wp-content\/uploads\/2024\/06\/Reinstruccion-a-nivel-Brigada-4-300x200.jpg 300w, https:\/\/www.ejercito.mil.uy\/wp-content\/uploads\/2024\/06\/Reinstruccion-a-nivel-Brigada-4.jpg 1200w\" sizes=\"(max-width: 1024px) 100vw, 1024px\" \/><\/figure><figcaption class=\"coblocks-gallery--caption coblocks-gallery--primary-caption\"><\/figcaption><\/div><\/div><div class=\"swiper-slide\"><div class=\"coblocks-gallery--item\" role=\"button\" tabindex=\"3\"><figure class=\"coblocks-gallery--figure\"><img loading=\"lazy\" decoding=\"async\" width=\"1024\" height=\"683\" alt=\"\" class=\"wp-image-31469\" data-id=\"31469\" data-link=\"https:\/\/www.ejercito.mil.uy\/?attachment_id=31469\" src=\"https:\/\/www.ejercito.mil.uy\/wp-content\/uploads\/2024\/06\/Reinstruccion-a-nivel-Brigada-3-1024x683.jpg\" srcset=\"https:\/\/www.ejercito.mil.uy\/wp-content\/uploads\/2024\/06\/Reinstruccion-a-nivel-Brigada-3-1024x683.jpg 1024w, https:\/\/www.ejercito.mil.uy\/wp-content\/uploads\/2024\/06\/Reinstruccion-a-nivel-Brigada-3-300x200.jpg 300w, https:\/\/www.ejercito.mil.uy\/wp-content\/uploads\/2024\/06\/Reinstruccion-a-nivel-Brigada-3.jpg 1200w\" sizes=\"(max-width: 1024px) 100vw, 1024px\" \/><\/figure><figcaption class=\"coblocks-gallery--caption coblocks-gallery--primary-caption\"><\/figcaption><\/div><\/div><div class=\"swiper-slide\"><div class=\"coblocks-gallery--item\" role=\"button\" tabindex=\"4\"><figure class=\"coblocks-gallery--figure\"><img loading=\"lazy\" decoding=\"async\" width=\"1024\" height=\"683\" alt=\"\" class=\"wp-image-31468\" data-id=\"31468\" data-link=\"https:\/\/www.ejercito.mil.uy\/?attachment_id=31468\" src=\"https:\/\/www.ejercito.mil.uy\/wp-content\/uploads\/2024\/06\/Reinstruccion-a-nivel-Brigada-2-1024x683.jpg\" srcset=\"https:\/\/www.ejercito.mil.uy\/wp-content\/uploads\/2024\/06\/Reinstruccion-a-nivel-Brigada-2-1024x683.jpg 1024w, https:\/\/www.ejercito.mil.uy\/wp-content\/uploads\/2024\/06\/Reinstruccion-a-nivel-Brigada-2-300x200.jpg 300w, https:\/\/www.ejercito.mil.uy\/wp-content\/uploads\/2024\/06\/Reinstruccion-a-nivel-Brigada-2.jpg 1200w\" sizes=\"(max-width: 1024px) 100vw, 1024px\" \/><\/figure><figcaption class=\"coblocks-gallery--caption coblocks-gallery--primary-caption\"><\/figcaption><\/div><\/div><div class=\"swiper-slide\"><div class=\"coblocks-gallery--item\" role=\"button\" tabindex=\"5\"><figure class=\"coblocks-gallery--figure\"><img loading=\"lazy\" decoding=\"async\" width=\"1024\" height=\"683\" alt=\"\" class=\"wp-image-31472\" data-id=\"31472\" data-link=\"https:\/\/www.ejercito.mil.uy\/?attachment_id=31472\" src=\"https:\/\/www.ejercito.mil.uy\/wp-content\/uploads\/2024\/06\/Reinstruccion-a-nivel-Brigada-7-1024x683.jpg\" srcset=\"https:\/\/www.ejercito.mil.uy\/wp-content\/uploads\/2024\/06\/Reinstruccion-a-nivel-Brigada-7-1024x683.jpg 1024w, https:\/\/www.ejercito.mil.uy\/wp-content\/uploads\/2024\/06\/Reinstruccion-a-nivel-Brigada-7-300x200.jpg 300w, https:\/\/www.ejercito.mil.uy\/wp-content\/uploads\/2024\/06\/Reinstruccion-a-nivel-Brigada-7.jpg 1200w\" sizes=\"(max-width: 1024px) 100vw, 1024px\" \/><\/figure><figcaption class=\"coblocks-gallery--caption coblocks-gallery--primary-caption\"><\/figcaption><\/div><\/div><\/div><button class=\"nav-button__prev\" id=\"12345-prev\"><svg class=\"icon\" style=\"transform:rotate(180deg)\"><\/svg><\/button><button class=\"nav-button__next\" id=\"12345-next\"><svg class=\"icon\"><\/svg><\/button><\/div><\/div><\/div>\n\n\n\n<div style=\"height:50px\" aria-hidden=\"true\" class=\"wp-block-spacer\"><\/div>\n\n\n\n<p class=\"is-style-success has-black-color has-text-color has-medium-font-size\"><em>Ver nota completa a partir del minuto 00:17 en la edici\u00f3n #12 del informativo Ej\u00e9rcito del Uruguay \u2013<\/em> <a href=\"https:\/\/www.youtube.com\/watch?v=uOjTp24HwSM\">https:\/\/www.youtube.com\/watch?v=uOjTp24HwSM<\/a><\/p>\n\n\n\n<div style=\"height:50px\" aria-hidden=\"true\" class=\"wp-block-spacer\"><\/div>\n\n\n\n<p class=\"has-black-color has-text-color has-medium-font-size\"><a href=\"https:\/\/www.facebook.com\/BatallondeInfateriaN10Uy?__cft__[0]=AZXZQSapuYDDp9mJ_41Z6Rj5qUzJHByJccDI1kVtZVACG_q-pfCTzYIiBaOYA6NO3ZkdWwNRXbgrVWBZoMuS0pzUg19411TroPN7KGWgDsxaLpuYgpMFBfTc9r8OZjcYeBW0VyAKDSjYT8g60HXierrPAn4Xcab5_Pq3iooLXTJwv2hPj4b8hkU1Sqdu4HztkNVK_SXK8sr3HWSLidERvifl&amp;__tn__=-]K-R\">Batall\u00f3n \u00abTreinta y Tres Orientales\u00bb de Infanter\u00eda Mecanizado N\u00b010<\/a><\/p>\n\n\n\n<p class=\"has-black-color has-text-color has-medium-font-size\"><a href=\"https:\/\/www.facebook.com\/batalloninfanteria11uy\">Batall\u00f3n \u00abBrig. Gral. Juan A. Lavalleja\u00bb de Infanter\u00eda N\u00b011<\/a><\/p>\n\n\n\n<p class=\"has-black-color has-text-color has-medium-font-size\"><a href=\"https:\/\/www.facebook.com\/profile.php?id=100064894142394&amp;__cft__[0]=AZXZQSapuYDDp9mJ_41Z6Rj5qUzJHByJccDI1kVtZVACG_q-pfCTzYIiBaOYA6NO3ZkdWwNRXbgrVWBZoMuS0pzUg19411TroPN7KGWgDsxaLpuYgpMFBfTc9r8OZjcYeBW0VyAKDSjYT8g60HXierrPAn4Xcab5_Pq3iooLXTJwv2hPj4b8hkU1Sqdu4HztkNVK_SXK8sr3HWSLidERvifl&amp;__tn__=-]K-R\">Batall\u00f3n \u00abGeneral Leonardo Olivera\u00bb de Infanter\u00eda Mecanizado N\u00b012<\/a><\/p>\n","protected":false},"excerpt":{"rendered":"<p>03.06.2024 &#8211; Las Unidades que componen la Brigada de Infanter\u00eda N\u00b04, realizaron una reinstrucci\u00f3n del personal militar especializado: tirador de ametralladora, tirador de armamento antitanque ligero y tirador de lanza granadas.<\/p>\n","protected":false},"author":4,"featured_media":31466,"comment_status":"open","ping_status":"open","sticky":false,"template":"","format":"standard","meta":{"_coblocks_attr":"","_coblocks_dimensions":"","_coblocks_responsive_height":"","_coblocks_accordion_ie_support":"","_monsterinsights_skip_tracking":false,"_monsterinsights_sitenote_active":false,"_monsterinsights_sitenote_note":"","_monsterinsights_sitenote_category":0,"_uf_show_specific_survey":0,"_uf_disable_surveys":false,"footnotes":""},"categories":[2,14,1],"tags":[690,1574,634,120,817,553,1575,924,1572],"class_list":["post-31465","post","type-post","status-publish","format-standard","has-post-thumbnail","hentry","category-blog","category-noticias","category-sin-categoria","tag-ametralladora","tag-antitanqye","tag-armamento","tag-blindado","tag-brigada","tag-fusilero","tag-lanza-granadas","tag-reinstruccion-2","tag-tirador"],"aioseo_notices":[],"_links":{"self":[{"href":"https:\/\/www.ejercito.mil.uy\/index.php\/wp-json\/wp\/v2\/posts\/31465","targetHints":{"allow":["GET"]}}],"collection":[{"href":"https:\/\/www.ejercito.mil.uy\/index.php\/wp-json\/wp\/v2\/posts"}],"about":[{"href":"https:\/\/www.ejercito.mil.uy\/index.php\/wp-json\/wp\/v2\/types\/post"}],"author":[{"embeddable":true,"href":"https:\/\/www.ejercito.mil.uy\/index.php\/wp-json\/wp\/v2\/users\/4"}],"replies":[{"embeddable":true,"href":"https:\/\/www.ejercito.mil.uy\/index.php\/wp-json\/wp\/v2\/comments?post=31465"}],"version-history":[{"count":8,"href":"https:\/\/www.ejercito.mil.uy\/index.php\/wp-json\/wp\/v2\/posts\/31465\/revisions"}],"predecessor-version":[{"id":31483,"href":"https:\/\/www.ejercito.mil.uy\/index.php\/wp-json\/wp\/v2\/posts\/31465\/revisions\/31483"}],"wp:featuredmedia":[{"embeddable":true,"href":"https:\/\/www.ejercito.mil.uy\/index.php\/wp-json\/wp\/v2\/media\/31466"}],"wp:attachment":[{"href":"https:\/\/www.ejercito.mil.uy\/index.php\/wp-json\/wp\/v2\/media?parent=31465"}],"wp:term":[{"taxonomy":"category","embeddable":true,"href":"https:\/\/www.ejercito.mil.uy\/index.php\/wp-json\/wp\/v2\/categories?post=31465"},{"taxonomy":"post_tag","embeddable":true,"href":"https:\/\/www.ejercito.mil.uy\/index.php\/wp-json\/wp\/v2\/tags?post=31465"}],"curies":[{"name":"wp","href":"https:\/\/api.w.org\/{rel}","templated":true}]}}