{"id":31489,"date":"2024-06-05T08:00:00","date_gmt":"2024-06-05T11:00:00","guid":{"rendered":"https:\/\/www.ejercito.mil.uy\/?p=31489"},"modified":"2024-06-06T08:46:29","modified_gmt":"2024-06-06T11:46:29","slug":"dia-mundial-del-medio-ambiente","status":"publish","type":"post","link":"https:\/\/www.ejercito.mil.uy\/index.php\/2024\/06\/05\/dia-mundial-del-medio-ambiente\/","title":{"rendered":"D\u00eda Mundial del Medio Ambiente"},"content":{"rendered":"\n<div style=\"height:22px\" aria-hidden=\"true\" class=\"wp-block-spacer\"><\/div>\n\n\n\n<p class=\"has-black-color has-text-color has-medium-font-size\">05.06.2024 <\/p>\n\n\n\n<div style=\"height:33px\" aria-hidden=\"true\" class=\"wp-block-spacer\"><\/div>\n\n\n\n<p class=\"has-white-color has-text-color has-background has-medium-font-size\" style=\"background-color:#3e953e\">\u00a1El Ej\u00e9rcito Nacional se une a la celebraci\u00f3n del <strong>D\u00eda Mundial del Medio Ambiente<\/strong>!<\/p>\n\n\n\n<div style=\"height:33px\" aria-hidden=\"true\" class=\"wp-block-spacer\"><\/div>\n\n\n\n<p class=\"has-black-color has-text-color has-medium-font-size\">Desde hace m\u00e1s de 50 a\u00f1os la Asamblea de las Naciones Unidas estableci\u00f3 que cada 5 de junio, se llevaran a cabo actividades para destacar la protecci\u00f3n y la salud del ambiente en el que habitamos.<\/p>\n\n\n\n<div style=\"height:33px\" aria-hidden=\"true\" class=\"wp-block-spacer\"><\/div>\n\n\n\n<p class=\"has-black-color has-text-color has-medium-font-size\"><strong>\u00abNuestras tierras. Nuestro futuro. Somos la Generaci\u00f3n Restauraci\u00f3n\u00bb<\/strong> es el lema de este a\u00f1o, ya que no podemos retroceder en el tiempo, pero s\u00ed podemos hacer crecer los bosques, revitalizar las fuentes de agua y restaurar los suelos.<\/p>\n\n\n\n<div style=\"height:33px\" aria-hidden=\"true\" class=\"wp-block-spacer\"><\/div>\n\n\n\n<p class=\"has-black-color has-text-color has-medium-font-size\">Seg\u00fan la Convenci\u00f3n de las Naciones Unidas de Lucha contra la Desertificaci\u00f3n, hasta el 40% de las zonas terrestres del planeta est\u00e1n degradadas, lo que afecta directamente a la mitad de la poblaci\u00f3n mundial. El n\u00famero y la duraci\u00f3n de los per\u00edodos de sequ\u00eda han aumentado un 29% desde el a\u00f1o 2000 y, si no se toman medidas urgentes, las sequ\u00edas podr\u00edan afectar a m\u00e1s de tres cuartas partes de la poblaci\u00f3n mundial en 2050.<\/p>\n\n\n\n<div style=\"height:33px\" aria-hidden=\"true\" class=\"wp-block-spacer\"><\/div>\n\n\n\n<p class=\"has-black-color has-text-color has-medium-font-size\">La Fuerza de Todos se suma a la lucha del cuidado y protecci\u00f3n de la naturaleza.<\/p>\n","protected":false},"excerpt":{"rendered":"<p>05.06.2024 &#8211; \u00a1El Ej\u00e9rcito Nacional se une a la celebraci\u00f3n del D\u00eda Mundial del Medio Ambiente! <\/p>\n","protected":false},"author":14,"featured_media":31490,"comment_status":"open","ping_status":"open","sticky":false,"template":"","format":"standard","meta":{"_coblocks_attr":"","_coblocks_dimensions":"","_coblocks_responsive_height":"","_coblocks_accordion_ie_support":"","_monsterinsights_skip_tracking":false,"_monsterinsights_sitenote_active":false,"_monsterinsights_sitenote_note":"","_monsterinsights_sitenote_category":0,"_uf_show_specific_survey":0,"_uf_disable_surveys":false,"footnotes":""},"categories":[2,14,1],"tags":[1576,1580,1519,1579,1287,631,139,1577,491,1578],"class_list":["post-31489","post","type-post","status-publish","format-standard","has-post-thumbnail","hentry","category-blog","category-noticias","category-sin-categoria","tag-ambiente","tag-cuidado","tag-dia-mundial","tag-futuro","tag-medio-ambiente","tag-naturaleza","tag-onu","tag-planeta","tag-proteccion","tag-tierras"],"aioseo_notices":[],"_links":{"self":[{"href":"https:\/\/www.ejercito.mil.uy\/index.php\/wp-json\/wp\/v2\/posts\/31489","targetHints":{"allow":["GET"]}}],"collection":[{"href":"https:\/\/www.ejercito.mil.uy\/index.php\/wp-json\/wp\/v2\/posts"}],"about":[{"href":"https:\/\/www.ejercito.mil.uy\/index.php\/wp-json\/wp\/v2\/types\/post"}],"author":[{"embeddable":true,"href":"https:\/\/www.ejercito.mil.uy\/index.php\/wp-json\/wp\/v2\/users\/14"}],"replies":[{"embeddable":true,"href":"https:\/\/www.ejercito.mil.uy\/index.php\/wp-json\/wp\/v2\/comments?post=31489"}],"version-history":[{"count":5,"href":"https:\/\/www.ejercito.mil.uy\/index.php\/wp-json\/wp\/v2\/posts\/31489\/revisions"}],"predecessor-version":[{"id":31495,"href":"https:\/\/www.ejercito.mil.uy\/index.php\/wp-json\/wp\/v2\/posts\/31489\/revisions\/31495"}],"wp:featuredmedia":[{"embeddable":true,"href":"https:\/\/www.ejercito.mil.uy\/index.php\/wp-json\/wp\/v2\/media\/31490"}],"wp:attachment":[{"href":"https:\/\/www.ejercito.mil.uy\/index.php\/wp-json\/wp\/v2\/media?parent=31489"}],"wp:term":[{"taxonomy":"category","embeddable":true,"href":"https:\/\/www.ejercito.mil.uy\/index.php\/wp-json\/wp\/v2\/categories?post=31489"},{"taxonomy":"post_tag","embeddable":true,"href":"https:\/\/www.ejercito.mil.uy\/index.php\/wp-json\/wp\/v2\/tags?post=31489"}],"curies":[{"name":"wp","href":"https:\/\/api.w.org\/{rel}","templated":true}]}}