{"id":31677,"date":"2024-06-14T14:10:11","date_gmt":"2024-06-14T17:10:11","guid":{"rendered":"https:\/\/www.ejercito.mil.uy\/?p=31677"},"modified":"2024-06-15T21:57:00","modified_gmt":"2024-06-16T00:57:00","slug":"apoyo-del-regimiento-de-caballeria-mec-n7-en-el-balneario-lago-merin","status":"publish","type":"post","link":"https:\/\/www.ejercito.mil.uy\/index.php\/2024\/06\/14\/apoyo-del-regimiento-de-caballeria-mec-n7-en-el-balneario-lago-merin\/","title":{"rendered":"Apoyo del Regimiento de Caballer\u00eda Mec. N\u00b07 en el Balneario Lago Mer\u00edn"},"content":{"rendered":"\n<div style=\"height:22px\" aria-hidden=\"true\" class=\"wp-block-spacer\"><\/div>\n\n\n\n<p class=\"has-black-color has-text-color has-medium-font-size\">14.06.2024 &#8211; <strong>Balneario Lago Mer\u00edn<\/strong> <\/p>\n\n\n\n<div style=\"height:33px\" aria-hidden=\"true\" class=\"wp-block-spacer\"><\/div>\n\n\n\n<p class=\"has-white-color has-text-color has-background has-medium-font-size\" style=\"background-color:#5f021f\">La Intendencia de Cerro Largo solicit\u00f3 apoyo al Ej\u00e9rcito Nacional, para realizar trabajos que ayuden a mitigar posibles da\u00f1os debido a las tormentas y lluvias previstas para este fin de semana, en el Balneario Lago Mer\u00edn.<\/p>\n\n\n\n<div style=\"height:33px\" aria-hidden=\"true\" class=\"wp-block-spacer\"><\/div>\n\n\n\n<div class=\"wp-block-coblocks-gallery-stacked\"><ul class=\"coblocks-gallery has-no-alignment has-fullwidth-images has-custom-gutter\" style=\"--coblocks-custom-gutter:0em\"><li class=\"coblocks-gallery--item\"><figure class=\"coblocks-gallery--figure\"><img fetchpriority=\"high\" decoding=\"async\" width=\"1024\" height=\"683\" alt=\"\" class=\"wp-image-31685 has-shadow-none\" data-id=\"31685\" data-imglink=\"\" data-link=\"https:\/\/www.ejercito.mil.uy\/?attachment_id=31685\" src=\"https:\/\/www.ejercito.mil.uy\/wp-content\/uploads\/2024\/06\/Apoyo-del-Regimiento-de-Caballeria-Mec.-N\u00b07-en-el-Balneario-Lago-Merin-8-1024x683.jpg\" srcset=\"https:\/\/www.ejercito.mil.uy\/wp-content\/uploads\/2024\/06\/Apoyo-del-Regimiento-de-Caballeria-Mec.-N\u00b07-en-el-Balneario-Lago-Merin-8-1024x683.jpg 1024w, https:\/\/www.ejercito.mil.uy\/wp-content\/uploads\/2024\/06\/Apoyo-del-Regimiento-de-Caballeria-Mec.-N\u00b07-en-el-Balneario-Lago-Merin-8-300x200.jpg 300w, https:\/\/www.ejercito.mil.uy\/wp-content\/uploads\/2024\/06\/Apoyo-del-Regimiento-de-Caballeria-Mec.-N\u00b07-en-el-Balneario-Lago-Merin-8.jpg 1200w\" sizes=\"(max-width: 1024px) 100vw, 1024px\" \/><\/figure><\/li><\/ul><\/div>\n\n\n\n<div style=\"height:33px\" aria-hidden=\"true\" class=\"wp-block-spacer\"><\/div>\n\n\n\n<p class=\"has-black-color has-text-color has-medium-font-size\">En el d\u00eda de ayer, efectivos del <a href=\"https:\/\/www.facebook.com\/Reg.c.mec7?locale=es_LA\">Regimiento \u00abGral. Aparicio Saravia\u00bb de Caballer\u00eda Mecanizado N\u00b07<\/a> de R\u00edo Branco, trabajaron en la construcci\u00f3n de muros de contenci\u00f3n y trasladaron sacos de arena, con el fin de proteger las viviendas que se encuentran comprometidas cerca de la orilla de la laguna y puedan sufrir da\u00f1os estructurales por el aumento del caudal.<\/p>\n\n\n\n<div style=\"height:33px\" aria-hidden=\"true\" class=\"wp-block-spacer\"><\/div>\n\n\n\n<div aria-label=\"Carousel Gallery\" class=\"wp-block-coblocks-gallery-carousel\"><div class=\"coblocks-gallery-carousel-swiper-container is-cropped coblocks-gallery has-no-alignment has-caption-style-dark has-no-thumbnails\"><div class=\"has-carousel has-carousel-xlrg swiper-container\" data-swiper=\"{&quot;alignCells&quot;:false,&quot;autoPlay&quot;:false,&quot;autoPlaySpeed&quot;:3000,&quot;draggable&quot;:true,&quot;freeMode&quot;:false,&quot;loop&quot;:true,&quot;navigation&quot;:true,&quot;pageDots&quot;:false,&quot;pauseHover&quot;:false,&quot;responsiveHeight&quot;:false,&quot;slidesPerView&quot;:1,&quot;thumbnails&quot;:false,&quot;uuid&quot;:&quot;12345&quot;}\" style=\"height:550px\"><div class=\"swiper-wrapper\"><div class=\"swiper-slide\"><div class=\"coblocks-gallery--item\" role=\"button\" tabindex=\"0\"><figure class=\"coblocks-gallery--figure\"><img decoding=\"async\" width=\"1024\" height=\"683\" alt=\"\" class=\"wp-image-31680\" data-id=\"31680\" data-link=\"https:\/\/www.ejercito.mil.uy\/index.php\/2024\/06\/14\/apoyo-del-regimiento-de-caballeria-mec-n7-en-el-balneario-lago-merin\/apoyo-del-regimiento-de-caballeria-mec-n7-en-el-balneario-lago-merin-2\/\" src=\"https:\/\/www.ejercito.mil.uy\/wp-content\/uploads\/2024\/06\/Apoyo-del-Regimiento-de-Caballeria-Mec.-N\u00b07-en-el-Balneario-Lago-Merin-2-1024x683.jpg\" srcset=\"https:\/\/www.ejercito.mil.uy\/wp-content\/uploads\/2024\/06\/Apoyo-del-Regimiento-de-Caballeria-Mec.-N\u00b07-en-el-Balneario-Lago-Merin-2-1024x683.jpg 1024w, https:\/\/www.ejercito.mil.uy\/wp-content\/uploads\/2024\/06\/Apoyo-del-Regimiento-de-Caballeria-Mec.-N\u00b07-en-el-Balneario-Lago-Merin-2-300x200.jpg 300w, https:\/\/www.ejercito.mil.uy\/wp-content\/uploads\/2024\/06\/Apoyo-del-Regimiento-de-Caballeria-Mec.-N\u00b07-en-el-Balneario-Lago-Merin-2.jpg 1200w\" sizes=\"(max-width: 1024px) 100vw, 1024px\" \/><\/figure><figcaption class=\"coblocks-gallery--caption coblocks-gallery--primary-caption\"><\/figcaption><\/div><\/div><div class=\"swiper-slide\"><div class=\"coblocks-gallery--item\" role=\"button\" tabindex=\"1\"><figure class=\"coblocks-gallery--figure\"><img decoding=\"async\" width=\"1024\" height=\"683\" alt=\"\" class=\"wp-image-31681\" data-id=\"31681\" data-link=\"https:\/\/www.ejercito.mil.uy\/index.php\/2024\/06\/14\/apoyo-del-regimiento-de-caballeria-mec-n7-en-el-balneario-lago-merin\/apoyo-del-regimiento-de-caballeria-mec-n7-en-el-balneario-lago-merin-3\/\" src=\"https:\/\/www.ejercito.mil.uy\/wp-content\/uploads\/2024\/06\/Apoyo-del-Regimiento-de-Caballeria-Mec.-N\u00b07-en-el-Balneario-Lago-Merin-3-1024x683.jpg\" srcset=\"https:\/\/www.ejercito.mil.uy\/wp-content\/uploads\/2024\/06\/Apoyo-del-Regimiento-de-Caballeria-Mec.-N\u00b07-en-el-Balneario-Lago-Merin-3-1024x683.jpg 1024w, https:\/\/www.ejercito.mil.uy\/wp-content\/uploads\/2024\/06\/Apoyo-del-Regimiento-de-Caballeria-Mec.-N\u00b07-en-el-Balneario-Lago-Merin-3-300x200.jpg 300w, https:\/\/www.ejercito.mil.uy\/wp-content\/uploads\/2024\/06\/Apoyo-del-Regimiento-de-Caballeria-Mec.-N\u00b07-en-el-Balneario-Lago-Merin-3.jpg 1200w\" sizes=\"(max-width: 1024px) 100vw, 1024px\" \/><\/figure><figcaption class=\"coblocks-gallery--caption coblocks-gallery--primary-caption\"><\/figcaption><\/div><\/div><div class=\"swiper-slide\"><div class=\"coblocks-gallery--item\" role=\"button\" tabindex=\"2\"><figure class=\"coblocks-gallery--figure\"><img loading=\"lazy\" decoding=\"async\" width=\"1024\" height=\"683\" alt=\"\" class=\"wp-image-31682\" data-id=\"31682\" data-link=\"https:\/\/www.ejercito.mil.uy\/index.php\/2024\/06\/14\/apoyo-del-regimiento-de-caballeria-mec-n7-en-el-balneario-lago-merin\/apoyo-del-regimiento-de-caballeria-mec-n7-en-el-balneario-lago-merin-5\/\" src=\"https:\/\/www.ejercito.mil.uy\/wp-content\/uploads\/2024\/06\/Apoyo-del-Regimiento-de-Caballeria-Mec.-N\u00b07-en-el-Balneario-Lago-Merin-5-1024x683.jpg\" srcset=\"https:\/\/www.ejercito.mil.uy\/wp-content\/uploads\/2024\/06\/Apoyo-del-Regimiento-de-Caballeria-Mec.-N\u00b07-en-el-Balneario-Lago-Merin-5-1024x683.jpg 1024w, https:\/\/www.ejercito.mil.uy\/wp-content\/uploads\/2024\/06\/Apoyo-del-Regimiento-de-Caballeria-Mec.-N\u00b07-en-el-Balneario-Lago-Merin-5-300x200.jpg 300w, https:\/\/www.ejercito.mil.uy\/wp-content\/uploads\/2024\/06\/Apoyo-del-Regimiento-de-Caballeria-Mec.-N\u00b07-en-el-Balneario-Lago-Merin-5.jpg 1200w\" sizes=\"(max-width: 1024px) 100vw, 1024px\" \/><\/figure><figcaption class=\"coblocks-gallery--caption coblocks-gallery--primary-caption\"><\/figcaption><\/div><\/div><div class=\"swiper-slide\"><div class=\"coblocks-gallery--item\" role=\"button\" tabindex=\"3\"><figure class=\"coblocks-gallery--figure\"><img loading=\"lazy\" decoding=\"async\" width=\"1024\" height=\"683\" alt=\"\" class=\"wp-image-31683\" data-id=\"31683\" data-link=\"https:\/\/www.ejercito.mil.uy\/index.php\/2024\/06\/14\/apoyo-del-regimiento-de-caballeria-mec-n7-en-el-balneario-lago-merin\/apoyo-del-regimiento-de-caballeria-mec-n7-en-el-balneario-lago-merin-6\/\" src=\"https:\/\/www.ejercito.mil.uy\/wp-content\/uploads\/2024\/06\/Apoyo-del-Regimiento-de-Caballeria-Mec.-N\u00b07-en-el-Balneario-Lago-Merin-6-1024x683.jpg\" srcset=\"https:\/\/www.ejercito.mil.uy\/wp-content\/uploads\/2024\/06\/Apoyo-del-Regimiento-de-Caballeria-Mec.-N\u00b07-en-el-Balneario-Lago-Merin-6-1024x683.jpg 1024w, https:\/\/www.ejercito.mil.uy\/wp-content\/uploads\/2024\/06\/Apoyo-del-Regimiento-de-Caballeria-Mec.-N\u00b07-en-el-Balneario-Lago-Merin-6-300x200.jpg 300w, https:\/\/www.ejercito.mil.uy\/wp-content\/uploads\/2024\/06\/Apoyo-del-Regimiento-de-Caballeria-Mec.-N\u00b07-en-el-Balneario-Lago-Merin-6.jpg 1200w\" sizes=\"(max-width: 1024px) 100vw, 1024px\" \/><\/figure><figcaption class=\"coblocks-gallery--caption coblocks-gallery--primary-caption\"><\/figcaption><\/div><\/div><div class=\"swiper-slide\"><div class=\"coblocks-gallery--item\" role=\"button\" tabindex=\"4\"><figure class=\"coblocks-gallery--figure\"><img loading=\"lazy\" decoding=\"async\" width=\"1024\" height=\"683\" alt=\"\" class=\"wp-image-31684\" data-id=\"31684\" data-link=\"https:\/\/www.ejercito.mil.uy\/index.php\/2024\/06\/14\/apoyo-del-regimiento-de-caballeria-mec-n7-en-el-balneario-lago-merin\/apoyo-del-regimiento-de-caballeria-mec-n7-en-el-balneario-lago-merin-7\/\" src=\"https:\/\/www.ejercito.mil.uy\/wp-content\/uploads\/2024\/06\/Apoyo-del-Regimiento-de-Caballeria-Mec.-N\u00b07-en-el-Balneario-Lago-Merin-7-1024x683.jpg\" srcset=\"https:\/\/www.ejercito.mil.uy\/wp-content\/uploads\/2024\/06\/Apoyo-del-Regimiento-de-Caballeria-Mec.-N\u00b07-en-el-Balneario-Lago-Merin-7-1024x683.jpg 1024w, https:\/\/www.ejercito.mil.uy\/wp-content\/uploads\/2024\/06\/Apoyo-del-Regimiento-de-Caballeria-Mec.-N\u00b07-en-el-Balneario-Lago-Merin-7-300x200.jpg 300w, https:\/\/www.ejercito.mil.uy\/wp-content\/uploads\/2024\/06\/Apoyo-del-Regimiento-de-Caballeria-Mec.-N\u00b07-en-el-Balneario-Lago-Merin-7.jpg 1200w\" sizes=\"(max-width: 1024px) 100vw, 1024px\" \/><\/figure><figcaption class=\"coblocks-gallery--caption coblocks-gallery--primary-caption\"><\/figcaption><\/div><\/div><div class=\"swiper-slide\"><div class=\"coblocks-gallery--item\" role=\"button\" tabindex=\"5\"><figure class=\"coblocks-gallery--figure\"><img loading=\"lazy\" decoding=\"async\" width=\"1024\" height=\"683\" alt=\"\" class=\"wp-image-31679\" data-id=\"31679\" data-link=\"https:\/\/www.ejercito.mil.uy\/index.php\/2024\/06\/14\/apoyo-del-regimiento-de-caballeria-mec-n7-en-el-balneario-lago-merin\/apoyo-del-regimiento-de-caballeria-mec-n7-en-el-balneario-lago-merin-1\/\" src=\"https:\/\/www.ejercito.mil.uy\/wp-content\/uploads\/2024\/06\/Apoyo-del-Regimiento-de-Caballeria-Mec.-N\u00b07-en-el-Balneario-Lago-Merin-1-1024x683.jpg\" srcset=\"https:\/\/www.ejercito.mil.uy\/wp-content\/uploads\/2024\/06\/Apoyo-del-Regimiento-de-Caballeria-Mec.-N\u00b07-en-el-Balneario-Lago-Merin-1-1024x683.jpg 1024w, https:\/\/www.ejercito.mil.uy\/wp-content\/uploads\/2024\/06\/Apoyo-del-Regimiento-de-Caballeria-Mec.-N\u00b07-en-el-Balneario-Lago-Merin-1-300x200.jpg 300w, https:\/\/www.ejercito.mil.uy\/wp-content\/uploads\/2024\/06\/Apoyo-del-Regimiento-de-Caballeria-Mec.-N\u00b07-en-el-Balneario-Lago-Merin-1.jpg 1200w\" sizes=\"(max-width: 1024px) 100vw, 1024px\" \/><\/figure><figcaption class=\"coblocks-gallery--caption coblocks-gallery--primary-caption\"><\/figcaption><\/div><\/div><\/div><button class=\"nav-button__prev\" id=\"12345-prev\"><svg class=\"icon\" style=\"transform:rotate(180deg)\"><\/svg><\/button><button class=\"nav-button__next\" id=\"12345-next\"><svg class=\"icon\"><\/svg><\/button><\/div><\/div><\/div>\n","protected":false},"excerpt":{"rendered":"<p>14.06.2024 &#8211; La Intendencia de Cerro Largo solicit\u00f3 apoyo al Ej\u00e9rcito Nacional, para realizar trabajos que ayuden a mitigar posibles da\u00f1os debido a las tormentas y lluvias previstas para este fin de semana. <\/p>\n","protected":false},"author":4,"featured_media":31678,"comment_status":"open","ping_status":"open","sticky":false,"template":"","format":"standard","meta":{"_coblocks_attr":"","_coblocks_dimensions":"","_coblocks_responsive_height":"","_coblocks_accordion_ie_support":"","_monsterinsights_skip_tracking":false,"_monsterinsights_sitenote_active":false,"_monsterinsights_sitenote_note":"","_monsterinsights_sitenote_category":0,"_uf_show_specific_survey":0,"_uf_disable_surveys":false,"footnotes":""},"categories":[2,14,1],"tags":[27,1594,1236,1593,1596,1491,1592,1595],"class_list":["post-31677","post","type-post","status-publish","format-standard","has-post-thumbnail","hentry","category-blog","category-noticias","category-sin-categoria","tag-apoyo","tag-arena","tag-balneario","tag-contencion","tag-laguna","tag-lluvias","tag-muros","tag-sacos"],"aioseo_notices":[],"_links":{"self":[{"href":"https:\/\/www.ejercito.mil.uy\/index.php\/wp-json\/wp\/v2\/posts\/31677","targetHints":{"allow":["GET"]}}],"collection":[{"href":"https:\/\/www.ejercito.mil.uy\/index.php\/wp-json\/wp\/v2\/posts"}],"about":[{"href":"https:\/\/www.ejercito.mil.uy\/index.php\/wp-json\/wp\/v2\/types\/post"}],"author":[{"embeddable":true,"href":"https:\/\/www.ejercito.mil.uy\/index.php\/wp-json\/wp\/v2\/users\/4"}],"replies":[{"embeddable":true,"href":"https:\/\/www.ejercito.mil.uy\/index.php\/wp-json\/wp\/v2\/comments?post=31677"}],"version-history":[{"count":3,"href":"https:\/\/www.ejercito.mil.uy\/index.php\/wp-json\/wp\/v2\/posts\/31677\/revisions"}],"predecessor-version":[{"id":31688,"href":"https:\/\/www.ejercito.mil.uy\/index.php\/wp-json\/wp\/v2\/posts\/31677\/revisions\/31688"}],"wp:featuredmedia":[{"embeddable":true,"href":"https:\/\/www.ejercito.mil.uy\/index.php\/wp-json\/wp\/v2\/media\/31678"}],"wp:attachment":[{"href":"https:\/\/www.ejercito.mil.uy\/index.php\/wp-json\/wp\/v2\/media?parent=31677"}],"wp:term":[{"taxonomy":"category","embeddable":true,"href":"https:\/\/www.ejercito.mil.uy\/index.php\/wp-json\/wp\/v2\/categories?post=31677"},{"taxonomy":"post_tag","embeddable":true,"href":"https:\/\/www.ejercito.mil.uy\/index.php\/wp-json\/wp\/v2\/tags?post=31677"}],"curies":[{"name":"wp","href":"https:\/\/api.w.org\/{rel}","templated":true}]}}