{"id":31848,"date":"2024-06-19T10:44:32","date_gmt":"2024-06-19T13:44:32","guid":{"rendered":"https:\/\/www.ejercito.mil.uy\/?p=31848"},"modified":"2024-06-21T12:18:23","modified_gmt":"2024-06-21T15:18:23","slug":"el-natalicio-de-artigas-2","status":"publish","type":"post","link":"https:\/\/www.ejercito.mil.uy\/index.php\/2024\/06\/19\/el-natalicio-de-artigas-2\/","title":{"rendered":"El Natalicio de Artigas"},"content":{"rendered":"\n<div style=\"height:22px\" aria-hidden=\"true\" class=\"wp-block-spacer\"><\/div>\n\n\n\n<div data-wp-interactive=\"core\/file\" class=\"wp-block-file\"><object data-wp-bind--hidden=\"!state.hasPdfPreview\" hidden class=\"wp-block-file__embed\" data=\"https:\/\/www.ejercito.mil.uy\/wp-content\/uploads\/2022\/06\/1764_Natalicio.pdf\" type=\"application\/pdf\" style=\"width:100%;height:600px\" aria-label=\"Embed of 1764_Natalicio.\"><\/object><a id=\"wp-block-file--media-1b08039d-ab8f-4442-bc6a-6f738f418a8a\" href=\"https:\/\/www.ejercito.mil.uy\/wp-content\/uploads\/2022\/06\/1764_Natalicio.pdf\">1764_Natalicio<\/a><a href=\"https:\/\/www.ejercito.mil.uy\/wp-content\/uploads\/2022\/06\/1764_Natalicio.pdf\" class=\"wp-block-file__button wp-element-button\" download aria-describedby=\"wp-block-file--media-1b08039d-ab8f-4442-bc6a-6f738f418a8a\">Descarga<\/a><\/div>\n\n\n\n<div style=\"height:33px\" aria-hidden=\"true\" class=\"wp-block-spacer\"><\/div>\n\n\n\n<p><\/p>\n","protected":false},"excerpt":{"rendered":"<p>El 19 de junio de 1764 nac\u00eda en Montevideo Jos\u00e9 Gervacio Artigas, hijo de Mart\u00edn Jos\u00e9 Artigas y Francisca Arnal.<\/p>\n","protected":false},"author":3,"featured_media":31850,"comment_status":"open","ping_status":"open","sticky":false,"template":"","format":"standard","meta":{"_coblocks_attr":"","_coblocks_dimensions":"","_coblocks_responsive_height":"","_coblocks_accordion_ie_support":"","_monsterinsights_skip_tracking":false,"_monsterinsights_sitenote_active":false,"_monsterinsights_sitenote_note":"","_monsterinsights_sitenote_category":0,"_uf_show_specific_survey":0,"_uf_disable_surveys":false,"footnotes":""},"categories":[14],"tags":[38,41],"class_list":["post-31848","post","type-post","status-publish","format-standard","has-post-thumbnail","hentry","category-noticias","tag-cimarron","tag-historia"],"aioseo_notices":[],"_links":{"self":[{"href":"https:\/\/www.ejercito.mil.uy\/index.php\/wp-json\/wp\/v2\/posts\/31848","targetHints":{"allow":["GET"]}}],"collection":[{"href":"https:\/\/www.ejercito.mil.uy\/index.php\/wp-json\/wp\/v2\/posts"}],"about":[{"href":"https:\/\/www.ejercito.mil.uy\/index.php\/wp-json\/wp\/v2\/types\/post"}],"author":[{"embeddable":true,"href":"https:\/\/www.ejercito.mil.uy\/index.php\/wp-json\/wp\/v2\/users\/3"}],"replies":[{"embeddable":true,"href":"https:\/\/www.ejercito.mil.uy\/index.php\/wp-json\/wp\/v2\/comments?post=31848"}],"version-history":[{"count":2,"href":"https:\/\/www.ejercito.mil.uy\/index.php\/wp-json\/wp\/v2\/posts\/31848\/revisions"}],"predecessor-version":[{"id":31943,"href":"https:\/\/www.ejercito.mil.uy\/index.php\/wp-json\/wp\/v2\/posts\/31848\/revisions\/31943"}],"wp:featuredmedia":[{"embeddable":true,"href":"https:\/\/www.ejercito.mil.uy\/index.php\/wp-json\/wp\/v2\/media\/31850"}],"wp:attachment":[{"href":"https:\/\/www.ejercito.mil.uy\/index.php\/wp-json\/wp\/v2\/media?parent=31848"}],"wp:term":[{"taxonomy":"category","embeddable":true,"href":"https:\/\/www.ejercito.mil.uy\/index.php\/wp-json\/wp\/v2\/categories?post=31848"},{"taxonomy":"post_tag","embeddable":true,"href":"https:\/\/www.ejercito.mil.uy\/index.php\/wp-json\/wp\/v2\/tags?post=31848"}],"curies":[{"name":"wp","href":"https:\/\/api.w.org\/{rel}","templated":true}]}}