{"id":32058,"date":"2024-06-21T12:13:52","date_gmt":"2024-06-21T15:13:52","guid":{"rendered":"https:\/\/www.ejercito.mil.uy\/?p=32058"},"modified":"2024-07-29T14:25:51","modified_gmt":"2024-07-29T17:25:51","slug":"videoconferencia-de-telecomunicaciones","status":"publish","type":"post","link":"https:\/\/www.ejercito.mil.uy\/index.php\/2024\/06\/21\/videoconferencia-de-telecomunicaciones\/","title":{"rendered":"Videoconferencia de telecomunicaciones"},"content":{"rendered":"\n<p class=\"has-black-color has-text-color has-medium-font-size\">21.06.2024 <\/p>\n\n\n\n<div style=\"height:33px\" aria-hidden=\"true\" class=\"wp-block-spacer\"><\/div>\n\n\n\n<p class=\"has-white-color has-text-color has-background has-medium-font-size\" style=\"background-color:#003885\">En el marco de la IX Reuni\u00f3n Bilateral entre el Ej\u00e9rcito Nacional y el Ej\u00e9rcito de la Rep\u00fablica de Chile, el martes 18 de junio, se realiz\u00f3 una <strong>videoconferencia<\/strong> respecto a los procedimientos de telecomunicaciones de ambas Fuerzas en desastres y cat\u00e1strofes naturales o situaciones de emergencia.<\/p>\n\n\n\n<div style=\"height:33px\" aria-hidden=\"true\" class=\"wp-block-spacer\"><\/div>\n\n\n\n<figure class=\"wp-block-image size-large\"><img fetchpriority=\"high\" decoding=\"async\" width=\"1024\" height=\"683\" src=\"https:\/\/www.ejercito.mil.uy\/wp-content\/uploads\/2024\/06\/FB2-1024x683.jpg\" alt=\"\" class=\"wp-image-32059\" srcset=\"https:\/\/www.ejercito.mil.uy\/wp-content\/uploads\/2024\/06\/FB2-1024x683.jpg 1024w, https:\/\/www.ejercito.mil.uy\/wp-content\/uploads\/2024\/06\/FB2-300x200.jpg 300w, https:\/\/www.ejercito.mil.uy\/wp-content\/uploads\/2024\/06\/FB2.jpg 1200w\" sizes=\"(max-width: 1024px) 100vw, 1024px\" \/><\/figure>\n\n\n\n<div style=\"height:33px\" aria-hidden=\"true\" class=\"wp-block-spacer\"><\/div>\n\n\n\n<p class=\"has-black-color has-text-color has-medium-font-size\">En representaci\u00f3n de La Fuerza de todos, particip\u00f3 el Sr. Comandante de la Brigada de Comunicaciones N\u00b01, Cnel. Gerardo Vega y el 2\u00b0 Jefe del Batall\u00f3n \u00abJura de la <a><\/a>Constituci\u00f3n\u00bb de Comunicaciones N\u00b02, May. Pablo Mart\u00ednez. Por parte del <a href=\"https:\/\/www.facebook.com\/ejercitochile?__cft__[0]=AZWWjllKm516oJQdO6I9q39GTKntCKyLzuPGZiztXMHFHJlUi7mB5bz7fFiimUS9cueMSFfD_9sTmFNfEcdSMDtpQru5-WxV8hcr2bpAnUoBLVoUT0kfK2V7lUqMLCFPk0zSN6rOy9LAgIBkH1p70Ra1Ha_zjRVtzKPEtBxI3CpfRnKpRjudEXzq73u1uqmA3qRd9XdS4ap5Husa-F9Gmjeb&amp;__tn__=-]K-R\">Ej\u00e9rcito de Chile<\/a>, asisti\u00f3 el Jefe del Estado Mayor de la Divisi\u00f3n de Telecomunicaciones, Cnel. Jeffrey Bagatello, el Jefe del Dpto. de Redes Especiales de la Div. de Telecomunicaciones, Tte. Cnel. Maximiliano Espinoza y el Jefe del Dpto. de Planificaci\u00f3n de la Div. de Telecomunicaciones, May. Pablo C\u00e1ceres.<\/p>\n\n\n\n<div style=\"height:33px\" aria-hidden=\"true\" class=\"wp-block-spacer\"><\/div>\n\n\n\n<p class=\"has-black-color has-text-color has-medium-font-size\">Se destacaron temas como:<\/p>\n\n\n\n<div style=\"height:33px\" aria-hidden=\"true\" class=\"wp-block-spacer\"><\/div>\n\n\n\n<p class=\"has-black-color has-text-color has-medium-font-size\">&#8211; la importancia de contar con medios y sistemas de comunicaciones, que permitan ejercer el comando y control en zonas donde hayan ocurrido situaciones de emergencia y desastres naturales<\/p>\n\n\n\n<div style=\"height:33px\" aria-hidden=\"true\" class=\"wp-block-spacer\"><\/div>\n\n\n\n<p class=\"has-black-color has-text-color has-medium-font-size\">&#8211; poseer un sistema integrado de comunicaciones, que asegure la interoperabilidad en forma conjunta de las Fuerzas Armadas, de forma efectiva, en el marco del cumplimiento de la Ley N\u00b0 19.677 en tareas de vigilancia en zona fronteriza<\/p>\n\n\n\n<div style=\"height:33px\" aria-hidden=\"true\" class=\"wp-block-spacer\"><\/div>\n\n\n\n<p class=\"has-black-color has-text-color has-medium-font-size\">Los Oficiales de Chile, compartieron su experiencia durante el sismo ocurrido en el a\u00f1o 2010, cuando su red de comunicaciones llamada Torrente, una de las m\u00e1s extensas a nivel nacional, se mantuvo funcionando y activa a pesar de que el resto de las redes hab\u00edan colapsado. Por otra parte, brindaron informaci\u00f3n de sus medios y sistemas de comunicaciones, los cuales se extienden a trav\u00e9s de su territorio, permiti\u00e9ndoles mantener y asegurar el ejercicio del Comando y Control.<\/p>\n\n\n\n<div style=\"height:33px\" aria-hidden=\"true\" class=\"wp-block-spacer\"><\/div>\n\n\n\n<figure class=\"wp-block-image size-large\"><img decoding=\"async\" width=\"1024\" height=\"683\" src=\"https:\/\/www.ejercito.mil.uy\/wp-content\/uploads\/2024\/06\/FB3-1024x683.jpg\" alt=\"\" class=\"wp-image-32061\" srcset=\"https:\/\/www.ejercito.mil.uy\/wp-content\/uploads\/2024\/06\/FB3-1024x683.jpg 1024w, https:\/\/www.ejercito.mil.uy\/wp-content\/uploads\/2024\/06\/FB3-300x200.jpg 300w, https:\/\/www.ejercito.mil.uy\/wp-content\/uploads\/2024\/06\/FB3.jpg 1200w\" sizes=\"(max-width: 1024px) 100vw, 1024px\" \/><\/figure>\n\n\n\n<div style=\"height:33px\" aria-hidden=\"true\" class=\"wp-block-spacer\"><\/div>\n\n\n\n<p class=\"has-black-color has-text-color has-medium-font-size\">\u00a1Las Fuerzas Unidas se fortalecen mutuamente para asegurar un buen empleo de las comunicaciones!<\/p>\n","protected":false},"excerpt":{"rendered":"<p>21.06.2024 &#8211; En el marco de la IX Reuni\u00f3n Bilateral entre el Ej\u00e9rcito Nacional y el Ej\u00e9rcito de la Rep\u00fablica de Chile, el martes 18 de junio, se realiz\u00f3 una videoconferencia respecto a los procedimientos de telecomunicaciones de ambas Fuerzas en desastres y cat\u00e1strofes naturales o situaciones de emergencia.<\/p>\n","protected":false},"author":4,"featured_media":32062,"comment_status":"open","ping_status":"open","sticky":false,"template":"","format":"standard","meta":{"_coblocks_attr":"","_coblocks_dimensions":"","_coblocks_responsive_height":"","_coblocks_accordion_ie_support":"","_monsterinsights_skip_tracking":false,"_monsterinsights_sitenote_active":false,"_monsterinsights_sitenote_note":"","_monsterinsights_sitenote_category":0,"_uf_show_specific_survey":0,"_uf_disable_surveys":false,"footnotes":""},"categories":[2,14],"tags":[245,59],"class_list":["post-32058","post","type-post","status-publish","format-standard","has-post-thumbnail","hentry","category-blog","category-noticias","tag-informativo","tag-video"],"aioseo_notices":[],"_links":{"self":[{"href":"https:\/\/www.ejercito.mil.uy\/index.php\/wp-json\/wp\/v2\/posts\/32058","targetHints":{"allow":["GET"]}}],"collection":[{"href":"https:\/\/www.ejercito.mil.uy\/index.php\/wp-json\/wp\/v2\/posts"}],"about":[{"href":"https:\/\/www.ejercito.mil.uy\/index.php\/wp-json\/wp\/v2\/types\/post"}],"author":[{"embeddable":true,"href":"https:\/\/www.ejercito.mil.uy\/index.php\/wp-json\/wp\/v2\/users\/4"}],"replies":[{"embeddable":true,"href":"https:\/\/www.ejercito.mil.uy\/index.php\/wp-json\/wp\/v2\/comments?post=32058"}],"version-history":[{"count":4,"href":"https:\/\/www.ejercito.mil.uy\/index.php\/wp-json\/wp\/v2\/posts\/32058\/revisions"}],"predecessor-version":[{"id":33146,"href":"https:\/\/www.ejercito.mil.uy\/index.php\/wp-json\/wp\/v2\/posts\/32058\/revisions\/33146"}],"wp:featuredmedia":[{"embeddable":true,"href":"https:\/\/www.ejercito.mil.uy\/index.php\/wp-json\/wp\/v2\/media\/32062"}],"wp:attachment":[{"href":"https:\/\/www.ejercito.mil.uy\/index.php\/wp-json\/wp\/v2\/media?parent=32058"}],"wp:term":[{"taxonomy":"category","embeddable":true,"href":"https:\/\/www.ejercito.mil.uy\/index.php\/wp-json\/wp\/v2\/categories?post=32058"},{"taxonomy":"post_tag","embeddable":true,"href":"https:\/\/www.ejercito.mil.uy\/index.php\/wp-json\/wp\/v2\/tags?post=32058"}],"curies":[{"name":"wp","href":"https:\/\/api.w.org\/{rel}","templated":true}]}}