{"id":32229,"date":"2024-06-25T12:30:00","date_gmt":"2024-06-25T15:30:00","guid":{"rendered":"https:\/\/www.ejercito.mil.uy\/?p=32229"},"modified":"2024-06-25T14:09:44","modified_gmt":"2024-06-25T17:09:44","slug":"visita-de-los-agregados-militares-al-museo-militar","status":"publish","type":"post","link":"https:\/\/www.ejercito.mil.uy\/index.php\/2024\/06\/25\/visita-de-los-agregados-militares-al-museo-militar\/","title":{"rendered":"Visita de los Agregados Militares al Museo Militar"},"content":{"rendered":"\n<div style=\"height:22px\" aria-hidden=\"true\" class=\"wp-block-spacer\"><\/div>\n\n\n\n<p class=\"has-black-color has-text-color has-small-font-size\">25.06.2024 &#8211; <strong>Montevideo<\/strong> <\/p>\n\n\n\n<div style=\"height:33px\" aria-hidden=\"true\" class=\"wp-block-spacer\"><\/div>\n\n\n\n<p class=\"has-white-color has-text-color has-background has-medium-font-size\" style=\"background-color:#063f84\"><strong>Agregados Militares visitaron el Museo Militar \u00ab18 de Mayo de 1811\u00bb perteneciente al Departamento de Estudios Hist\u00f3ricos del Estado Mayor del Ej\u00e9rcito (EEHH).<\/strong><\/p>\n\n\n\n<div style=\"height:33px\" aria-hidden=\"true\" class=\"wp-block-spacer\"><\/div>\n\n\n\n<p class=\"has-black-color has-text-color\" style=\"font-size:18px\">Los Oficiales tuvieron la oportunidad de profundizar en la historia del edificio, que comenz\u00f3 su construcci\u00f3n en 1853 para ser el Hospital Italiano y fue declarado Patrimonio Hist\u00f3rico en 1975.<\/p>\n\n\n\n<div style=\"height:33px\" aria-hidden=\"true\" class=\"wp-block-spacer\"><\/div>\n\n\n\n<figure class=\"wp-block-gallery alignfull has-nested-images columns-default is-cropped wp-block-gallery-1 is-layout-flex wp-block-gallery-is-layout-flex\">\n<figure class=\"wp-block-image size-large\"><img fetchpriority=\"high\" decoding=\"async\" width=\"1024\" height=\"683\" data-id=\"32230\" src=\"https:\/\/www.ejercito.mil.uy\/wp-content\/uploads\/2024\/06\/Estudios-Historicos-Visita-de-los-agregados-militares-7-1024x683.jpg\" alt=\"\" class=\"wp-image-32230\" srcset=\"https:\/\/www.ejercito.mil.uy\/wp-content\/uploads\/2024\/06\/Estudios-Historicos-Visita-de-los-agregados-militares-7-1024x683.jpg 1024w, https:\/\/www.ejercito.mil.uy\/wp-content\/uploads\/2024\/06\/Estudios-Historicos-Visita-de-los-agregados-militares-7-300x200.jpg 300w, https:\/\/www.ejercito.mil.uy\/wp-content\/uploads\/2024\/06\/Estudios-Historicos-Visita-de-los-agregados-militares-7.jpg 1200w\" sizes=\"(max-width: 1024px) 100vw, 1024px\" \/><\/figure>\n<\/figure>\n\n\n\n<div style=\"height:33px\" aria-hidden=\"true\" class=\"wp-block-spacer\"><\/div>\n\n\n\n<p class=\"has-black-color has-text-color\">La visita incluy\u00f3 un recorrido cronol\u00f3gico por diversas salas del museo:<br>\u2022 Sala G\u00e9nesis del Ej\u00e9rcito, se les present\u00f3 las principales batallas y figuras hist\u00f3ricas de la Fuerza<br>\u2022 Sala de Modernizaci\u00f3n, donde se puede ver la estructura y organizaci\u00f3n del Ej\u00e9rcito a partir del siglo XX<br>\u2022 Sala de Armas, donde se exhiben las diferentes armas utilizadas a lo largo de la historia<br>\u2022 Sala de Condecoraciones, observaron las medallas entregadas y recibidas por el Ej\u00e9rcito<br>\u2022 Sala de Uniformolog\u00eda, que muestra uniformes hist\u00f3ricos, muchos de ellos originales, destacando la evoluci\u00f3n y la herencia hist\u00f3rica<br>\u2022 Sala de Misiones de Paz, se profundiz\u00f3 en la participaci\u00f3n de Uruguay bajo el mandato de las Naciones Unidas, comenzando con su involucramiento en el conflicto por el Chaco Boreal, que marca el inicio de la presencia de efectivos uruguayos en el extranjero, a pesar de que esta no era una Misi\u00f3n de la ONU<\/p>\n\n\n\n<div style=\"height:33px\" aria-hidden=\"true\" class=\"wp-block-spacer\"><\/div>\n\n\n\n<div aria-label=\"Carousel Gallery\" class=\"wp-block-coblocks-gallery-carousel\"><div class=\"coblocks-gallery-carousel-swiper-container is-cropped coblocks-gallery has-no-alignment has-caption-style-dark has-horizontal-gutter has-no-thumbnails\"><div class=\"has-carousel has-carousel-xlrg swiper-container\" data-swiper=\"{&quot;alignCells&quot;:false,&quot;autoPlay&quot;:false,&quot;autoPlaySpeed&quot;:3000,&quot;draggable&quot;:true,&quot;freeMode&quot;:false,&quot;loop&quot;:false,&quot;navigation&quot;:true,&quot;pageDots&quot;:false,&quot;pauseHover&quot;:false,&quot;responsiveHeight&quot;:false,&quot;slidesPerView&quot;:1,&quot;thumbnails&quot;:false,&quot;uuid&quot;:&quot;12345&quot;}\" style=\"height:600px\"><div class=\"swiper-wrapper\"><div class=\"swiper-slide\"><div class=\"coblocks-gallery--item\" role=\"button\" tabindex=\"0\"><figure class=\"coblocks-gallery--figure has-margin-left-5 has-margin-left-mobile-5 has-margin-right-5 has-margin-right-mobile-5\"><img decoding=\"async\" width=\"1024\" height=\"683\" alt=\"\" class=\"wp-image-32237\" data-id=\"32237\" data-link=\"https:\/\/www.ejercito.mil.uy\/?attachment_id=32237\" src=\"https:\/\/www.ejercito.mil.uy\/wp-content\/uploads\/2024\/06\/Estudios-Historicos-Visita-de-los-agregados-militares-8-1024x683.jpg\" srcset=\"https:\/\/www.ejercito.mil.uy\/wp-content\/uploads\/2024\/06\/Estudios-Historicos-Visita-de-los-agregados-militares-8-1024x683.jpg 1024w, https:\/\/www.ejercito.mil.uy\/wp-content\/uploads\/2024\/06\/Estudios-Historicos-Visita-de-los-agregados-militares-8-300x200.jpg 300w, https:\/\/www.ejercito.mil.uy\/wp-content\/uploads\/2024\/06\/Estudios-Historicos-Visita-de-los-agregados-militares-8.jpg 1200w\" sizes=\"(max-width: 1024px) 100vw, 1024px\" \/><\/figure><figcaption class=\"coblocks-gallery--caption coblocks-gallery--primary-caption\"><\/figcaption><\/div><\/div><div class=\"swiper-slide\"><div class=\"coblocks-gallery--item\" role=\"button\" tabindex=\"1\"><figure class=\"coblocks-gallery--figure has-margin-left-5 has-margin-left-mobile-5 has-margin-right-5 has-margin-right-mobile-5\"><img decoding=\"async\" width=\"1024\" height=\"683\" alt=\"\" class=\"wp-image-32232\" data-id=\"32232\" data-link=\"https:\/\/www.ejercito.mil.uy\/?attachment_id=32232\" src=\"https:\/\/www.ejercito.mil.uy\/wp-content\/uploads\/2024\/06\/Estudios-Historicos-Visita-de-los-agregados-militares-2-1024x683.jpg\" srcset=\"https:\/\/www.ejercito.mil.uy\/wp-content\/uploads\/2024\/06\/Estudios-Historicos-Visita-de-los-agregados-militares-2-1024x683.jpg 1024w, https:\/\/www.ejercito.mil.uy\/wp-content\/uploads\/2024\/06\/Estudios-Historicos-Visita-de-los-agregados-militares-2-300x200.jpg 300w, https:\/\/www.ejercito.mil.uy\/wp-content\/uploads\/2024\/06\/Estudios-Historicos-Visita-de-los-agregados-militares-2.jpg 1200w\" sizes=\"(max-width: 1024px) 100vw, 1024px\" \/><\/figure><figcaption class=\"coblocks-gallery--caption coblocks-gallery--primary-caption\"><\/figcaption><\/div><\/div><div class=\"swiper-slide\"><div class=\"coblocks-gallery--item\" role=\"button\" tabindex=\"2\"><figure class=\"coblocks-gallery--figure has-margin-left-5 has-margin-left-mobile-5 has-margin-right-5 has-margin-right-mobile-5\"><img loading=\"lazy\" decoding=\"async\" width=\"1024\" height=\"683\" alt=\"\" class=\"wp-image-32231\" data-id=\"32231\" data-link=\"https:\/\/www.ejercito.mil.uy\/?attachment_id=32231\" src=\"https:\/\/www.ejercito.mil.uy\/wp-content\/uploads\/2024\/06\/Estudios-Historicos-Visita-de-los-agregados-militares-1-1024x683.jpg\" srcset=\"https:\/\/www.ejercito.mil.uy\/wp-content\/uploads\/2024\/06\/Estudios-Historicos-Visita-de-los-agregados-militares-1-1024x683.jpg 1024w, https:\/\/www.ejercito.mil.uy\/wp-content\/uploads\/2024\/06\/Estudios-Historicos-Visita-de-los-agregados-militares-1-300x200.jpg 300w, https:\/\/www.ejercito.mil.uy\/wp-content\/uploads\/2024\/06\/Estudios-Historicos-Visita-de-los-agregados-militares-1.jpg 1200w\" sizes=\"(max-width: 1024px) 100vw, 1024px\" \/><\/figure><figcaption class=\"coblocks-gallery--caption coblocks-gallery--primary-caption\"><\/figcaption><\/div><\/div><div class=\"swiper-slide\"><div class=\"coblocks-gallery--item\" role=\"button\" tabindex=\"3\"><figure class=\"coblocks-gallery--figure has-margin-left-5 has-margin-left-mobile-5 has-margin-right-5 has-margin-right-mobile-5\"><img loading=\"lazy\" decoding=\"async\" width=\"1024\" height=\"683\" alt=\"\" class=\"wp-image-32235\" data-id=\"32235\" data-link=\"https:\/\/www.ejercito.mil.uy\/?attachment_id=32235\" src=\"https:\/\/www.ejercito.mil.uy\/wp-content\/uploads\/2024\/06\/Estudios-Historicos-Visita-de-los-agregados-militares-5-1024x683.jpg\" srcset=\"https:\/\/www.ejercito.mil.uy\/wp-content\/uploads\/2024\/06\/Estudios-Historicos-Visita-de-los-agregados-militares-5-1024x683.jpg 1024w, https:\/\/www.ejercito.mil.uy\/wp-content\/uploads\/2024\/06\/Estudios-Historicos-Visita-de-los-agregados-militares-5-300x200.jpg 300w, https:\/\/www.ejercito.mil.uy\/wp-content\/uploads\/2024\/06\/Estudios-Historicos-Visita-de-los-agregados-militares-5.jpg 1200w\" sizes=\"(max-width: 1024px) 100vw, 1024px\" \/><\/figure><figcaption class=\"coblocks-gallery--caption coblocks-gallery--primary-caption\"><\/figcaption><\/div><\/div><div class=\"swiper-slide\"><div class=\"coblocks-gallery--item\" role=\"button\" tabindex=\"4\"><figure class=\"coblocks-gallery--figure has-margin-left-5 has-margin-left-mobile-5 has-margin-right-5 has-margin-right-mobile-5\"><img loading=\"lazy\" decoding=\"async\" width=\"1024\" height=\"683\" alt=\"\" class=\"wp-image-32233\" data-id=\"32233\" data-link=\"https:\/\/www.ejercito.mil.uy\/?attachment_id=32233\" src=\"https:\/\/www.ejercito.mil.uy\/wp-content\/uploads\/2024\/06\/Estudios-Historicos-Visita-de-los-agregados-militares-3-1024x683.jpg\" srcset=\"https:\/\/www.ejercito.mil.uy\/wp-content\/uploads\/2024\/06\/Estudios-Historicos-Visita-de-los-agregados-militares-3-1024x683.jpg 1024w, https:\/\/www.ejercito.mil.uy\/wp-content\/uploads\/2024\/06\/Estudios-Historicos-Visita-de-los-agregados-militares-3-300x200.jpg 300w, https:\/\/www.ejercito.mil.uy\/wp-content\/uploads\/2024\/06\/Estudios-Historicos-Visita-de-los-agregados-militares-3.jpg 1200w\" sizes=\"(max-width: 1024px) 100vw, 1024px\" \/><\/figure><figcaption class=\"coblocks-gallery--caption coblocks-gallery--primary-caption\"><\/figcaption><\/div><\/div><div class=\"swiper-slide\"><div class=\"coblocks-gallery--item\" role=\"button\" tabindex=\"5\"><figure class=\"coblocks-gallery--figure has-margin-left-5 has-margin-left-mobile-5 has-margin-right-5 has-margin-right-mobile-5\"><img loading=\"lazy\" decoding=\"async\" width=\"1024\" height=\"683\" alt=\"\" class=\"wp-image-32234\" data-id=\"32234\" data-link=\"https:\/\/www.ejercito.mil.uy\/?attachment_id=32234\" src=\"https:\/\/www.ejercito.mil.uy\/wp-content\/uploads\/2024\/06\/Estudios-Historicos-Visita-de-los-agregados-militares-4-1024x683.jpg\" srcset=\"https:\/\/www.ejercito.mil.uy\/wp-content\/uploads\/2024\/06\/Estudios-Historicos-Visita-de-los-agregados-militares-4-1024x683.jpg 1024w, https:\/\/www.ejercito.mil.uy\/wp-content\/uploads\/2024\/06\/Estudios-Historicos-Visita-de-los-agregados-militares-4-300x200.jpg 300w, https:\/\/www.ejercito.mil.uy\/wp-content\/uploads\/2024\/06\/Estudios-Historicos-Visita-de-los-agregados-militares-4.jpg 1200w\" sizes=\"(max-width: 1024px) 100vw, 1024px\" \/><\/figure><figcaption class=\"coblocks-gallery--caption coblocks-gallery--primary-caption\"><\/figcaption><\/div><\/div><div class=\"swiper-slide\"><div class=\"coblocks-gallery--item\" role=\"button\" tabindex=\"6\"><figure class=\"coblocks-gallery--figure has-margin-left-5 has-margin-left-mobile-5 has-margin-right-5 has-margin-right-mobile-5\"><img loading=\"lazy\" decoding=\"async\" width=\"1024\" height=\"683\" alt=\"\" class=\"wp-image-32236\" data-id=\"32236\" data-link=\"https:\/\/www.ejercito.mil.uy\/?attachment_id=32236\" src=\"https:\/\/www.ejercito.mil.uy\/wp-content\/uploads\/2024\/06\/Estudios-Historicos-Visita-de-los-agregados-militares-6-1024x683.jpg\" srcset=\"https:\/\/www.ejercito.mil.uy\/wp-content\/uploads\/2024\/06\/Estudios-Historicos-Visita-de-los-agregados-militares-6-1024x683.jpg 1024w, https:\/\/www.ejercito.mil.uy\/wp-content\/uploads\/2024\/06\/Estudios-Historicos-Visita-de-los-agregados-militares-6-300x200.jpg 300w, https:\/\/www.ejercito.mil.uy\/wp-content\/uploads\/2024\/06\/Estudios-Historicos-Visita-de-los-agregados-militares-6.jpg 1200w\" sizes=\"(max-width: 1024px) 100vw, 1024px\" \/><\/figure><figcaption class=\"coblocks-gallery--caption coblocks-gallery--primary-caption\"><\/figcaption><\/div><\/div><\/div><button class=\"nav-button__prev\" id=\"12345-prev\"><svg class=\"icon\" style=\"transform:rotate(180deg)\"><\/svg><\/button><button class=\"nav-button__next\" id=\"12345-next\"><svg class=\"icon\"><\/svg><\/button><\/div><\/div><\/div>\n\n\n\n<div style=\"height:33px\" aria-hidden=\"true\" class=\"wp-block-spacer\"><\/div>\n\n\n\n<p class=\"has-black-color has-text-color\">Al finalizar la jornada, el Jefe del Dpto., Cnel. Ra\u00fal Sarauz, entreg\u00f3 medallas con la her\u00e1ldica del Departamento de EEHH a los Oficiales extranjeros, como un recuerdo de su visita y estad\u00eda en la Rep\u00fablica Oriental del Uruguay.<\/p>\n\n\n\n<div style=\"height:33px\" aria-hidden=\"true\" class=\"wp-block-spacer\"><\/div>\n\n\n\n<div style=\"height:33px\" aria-hidden=\"true\" class=\"wp-block-spacer\"><\/div>\n\n\n\n<div style=\"height:99px\" aria-hidden=\"true\" class=\"wp-block-spacer\"><\/div>\n","protected":false},"excerpt":{"rendered":"<p>25.06.2024 &#8211; Agregados Militares visitaron el Museo Militar \u00ab18 de Mayo de 1811\u00bb perteneciente al Departamento de Estudios Hist\u00f3ricos del Estado Mayor del Ej\u00e9rcito (EEHH).<\/p>\n","protected":false},"author":4,"featured_media":32238,"comment_status":"open","ping_status":"open","sticky":false,"template":"","format":"standard","meta":{"_coblocks_attr":"","_coblocks_dimensions":"","_coblocks_responsive_height":"","_coblocks_accordion_ie_support":"","_monsterinsights_skip_tracking":false,"_monsterinsights_sitenote_active":false,"_monsterinsights_sitenote_note":"","_monsterinsights_sitenote_category":0,"_uf_show_specific_survey":0,"_uf_disable_surveys":false,"footnotes":""},"categories":[2,14,1],"tags":[41,740,472,46],"class_list":["post-32229","post","type-post","status-publish","format-standard","has-post-thumbnail","hentry","category-blog","category-noticias","category-sin-categoria","tag-historia","tag-militar","tag-museo","tag-visita"],"aioseo_notices":[],"_links":{"self":[{"href":"https:\/\/www.ejercito.mil.uy\/index.php\/wp-json\/wp\/v2\/posts\/32229","targetHints":{"allow":["GET"]}}],"collection":[{"href":"https:\/\/www.ejercito.mil.uy\/index.php\/wp-json\/wp\/v2\/posts"}],"about":[{"href":"https:\/\/www.ejercito.mil.uy\/index.php\/wp-json\/wp\/v2\/types\/post"}],"author":[{"embeddable":true,"href":"https:\/\/www.ejercito.mil.uy\/index.php\/wp-json\/wp\/v2\/users\/4"}],"replies":[{"embeddable":true,"href":"https:\/\/www.ejercito.mil.uy\/index.php\/wp-json\/wp\/v2\/comments?post=32229"}],"version-history":[{"count":2,"href":"https:\/\/www.ejercito.mil.uy\/index.php\/wp-json\/wp\/v2\/posts\/32229\/revisions"}],"predecessor-version":[{"id":32240,"href":"https:\/\/www.ejercito.mil.uy\/index.php\/wp-json\/wp\/v2\/posts\/32229\/revisions\/32240"}],"wp:featuredmedia":[{"embeddable":true,"href":"https:\/\/www.ejercito.mil.uy\/index.php\/wp-json\/wp\/v2\/media\/32238"}],"wp:attachment":[{"href":"https:\/\/www.ejercito.mil.uy\/index.php\/wp-json\/wp\/v2\/media?parent=32229"}],"wp:term":[{"taxonomy":"category","embeddable":true,"href":"https:\/\/www.ejercito.mil.uy\/index.php\/wp-json\/wp\/v2\/categories?post=32229"},{"taxonomy":"post_tag","embeddable":true,"href":"https:\/\/www.ejercito.mil.uy\/index.php\/wp-json\/wp\/v2\/tags?post=32229"}],"curies":[{"name":"wp","href":"https:\/\/api.w.org\/{rel}","templated":true}]}}