{"id":32315,"date":"2024-06-27T15:24:37","date_gmt":"2024-06-27T18:24:37","guid":{"rendered":"https:\/\/www.ejercito.mil.uy\/?p=32315"},"modified":"2024-07-03T09:53:54","modified_gmt":"2024-07-03T12:53:54","slug":"relevo-del-comandante-de-la-unidad-de-ciberdefensa-del-ejercito","status":"publish","type":"post","link":"https:\/\/www.ejercito.mil.uy\/index.php\/2024\/06\/27\/relevo-del-comandante-de-la-unidad-de-ciberdefensa-del-ejercito\/","title":{"rendered":"Relevo del Comandante de la Unidad de Ciberdefensa del Ej\u00e9rcito"},"content":{"rendered":"\n<p class=\"has-black-color has-text-color has-link-color has-small-font-size wp-elements-187e8ea05f4f3b46ca5ff6c57d36776e\">27.06.2024 &#8211; Montevideo<\/p>\n\n\n\n<div style=\"height:22px\" aria-hidden=\"true\" class=\"wp-block-spacer\"><\/div>\n\n\n\n<p class=\"has-black-color has-text-color has-background has-link-color has-medium-font-size wp-elements-555097ae1e8a4098fbf6340e722e7b50\" style=\"background-color:#ffcc00\">El jueves 27 de junio, con la presencia del Sr. Comandante en Jefe del Ej\u00e9rcito, Gral. de Ej\u00e9rcito Mario Stevenazzi, se realiz\u00f3 la <strong>ceremonia de relevo del Comandante de la Unidad de Ciberdefensa del Ej\u00e9rcito.<\/strong><\/p>\n\n\n\n<div style=\"height:55px\" aria-hidden=\"true\" class=\"wp-block-spacer\"><\/div>\n\n\n\n<div class=\"wp-block-coblocks-gallery-stacked\"><ul class=\"coblocks-gallery has-no-alignment has-fullwidth-images has-custom-gutter\" style=\"--coblocks-custom-gutter:0em\"><li class=\"coblocks-gallery--item\"><figure class=\"coblocks-gallery--figure\"><img fetchpriority=\"high\" decoding=\"async\" width=\"1024\" height=\"683\" alt=\"\" class=\"wp-image-32317 has-shadow-none\" data-id=\"32317\" data-imglink=\"\" data-link=\"https:\/\/www.ejercito.mil.uy\/?attachment_id=32317\" src=\"https:\/\/www.ejercito.mil.uy\/wp-content\/uploads\/2024\/06\/2024-06-27-Ciberdefensa-Relevo-38-1024x683.jpg\" srcset=\"https:\/\/www.ejercito.mil.uy\/wp-content\/uploads\/2024\/06\/2024-06-27-Ciberdefensa-Relevo-38-1024x683.jpg 1024w, https:\/\/www.ejercito.mil.uy\/wp-content\/uploads\/2024\/06\/2024-06-27-Ciberdefensa-Relevo-38-300x200.jpg 300w, https:\/\/www.ejercito.mil.uy\/wp-content\/uploads\/2024\/06\/2024-06-27-Ciberdefensa-Relevo-38.jpg 1200w\" sizes=\"(max-width: 1024px) 100vw, 1024px\" \/><\/figure><\/li><\/ul><\/div>\n\n\n\n<div style=\"height:22px\" aria-hidden=\"true\" class=\"wp-block-spacer\"><\/div>\n\n\n\n<p class=\"has-black-color has-text-color has-link-color has-medium-font-size wp-elements-30175758c814fb4100a406a9656bef29\">El Cnel. Pedro G\u00f3mez asumi\u00f3 como nuevo Cte. en sustituci\u00f3n del Cnel. Pablo Camps.<\/p>\n\n\n\n<div style=\"height:44px\" aria-hidden=\"true\" class=\"wp-block-spacer\"><\/div>\n\n\n\n<div class=\"wp-block-columns is-layout-flex wp-container-core-columns-is-layout-28f84493 wp-block-columns-is-layout-flex\">\n<div class=\"wp-block-column is-layout-flow wp-block-column-is-layout-flow\">\n<div aria-label=\"Carousel Gallery\" class=\"wp-block-coblocks-gallery-carousel\"><div class=\"coblocks-gallery-carousel-swiper-container is-cropped coblocks-gallery has-no-alignment has-caption-style-dark has-no-thumbnails\"><div class=\"has-carousel has-carousel-xlrg swiper-container\" data-swiper=\"{&quot;alignCells&quot;:false,&quot;autoPlay&quot;:false,&quot;autoPlaySpeed&quot;:3000,&quot;draggable&quot;:true,&quot;freeMode&quot;:false,&quot;loop&quot;:false,&quot;navigation&quot;:true,&quot;pageDots&quot;:false,&quot;pauseHover&quot;:false,&quot;responsiveHeight&quot;:false,&quot;slidesPerView&quot;:1,&quot;thumbnails&quot;:false,&quot;uuid&quot;:&quot;12345&quot;}\" style=\"height:550px\"><div class=\"swiper-wrapper\"><div class=\"swiper-slide\"><div class=\"coblocks-gallery--item\" role=\"button\" tabindex=\"0\"><figure class=\"coblocks-gallery--figure\"><img decoding=\"async\" width=\"1024\" height=\"683\" alt=\"\" class=\"wp-image-32318\" data-id=\"32318\" data-link=\"https:\/\/www.ejercito.mil.uy\/index.php\/2024\/06\/27\/relevo-del-comandante-de-la-unidad-de-ciberdefensa-del-ejercito\/2024-06-27-ciberdefensa-relevo-23\/\" src=\"https:\/\/www.ejercito.mil.uy\/wp-content\/uploads\/2024\/06\/2024-06-27-Ciberdefensa-Relevo-23-1024x683.jpg\" srcset=\"https:\/\/www.ejercito.mil.uy\/wp-content\/uploads\/2024\/06\/2024-06-27-Ciberdefensa-Relevo-23-1024x683.jpg 1024w, https:\/\/www.ejercito.mil.uy\/wp-content\/uploads\/2024\/06\/2024-06-27-Ciberdefensa-Relevo-23-300x200.jpg 300w, https:\/\/www.ejercito.mil.uy\/wp-content\/uploads\/2024\/06\/2024-06-27-Ciberdefensa-Relevo-23.jpg 1200w\" sizes=\"(max-width: 1024px) 100vw, 1024px\" \/><\/figure><figcaption class=\"coblocks-gallery--caption coblocks-gallery--primary-caption\"><\/figcaption><\/div><\/div><div class=\"swiper-slide\"><div class=\"coblocks-gallery--item\" role=\"button\" tabindex=\"1\"><figure class=\"coblocks-gallery--figure\"><img decoding=\"async\" width=\"1024\" height=\"683\" alt=\"\" class=\"wp-image-32319\" data-id=\"32319\" data-link=\"https:\/\/www.ejercito.mil.uy\/index.php\/2024\/06\/27\/relevo-del-comandante-de-la-unidad-de-ciberdefensa-del-ejercito\/2024-06-27-ciberdefensa-relevo-33\/\" src=\"https:\/\/www.ejercito.mil.uy\/wp-content\/uploads\/2024\/06\/2024-06-27-Ciberdefensa-Relevo-33-1024x683.jpg\" srcset=\"https:\/\/www.ejercito.mil.uy\/wp-content\/uploads\/2024\/06\/2024-06-27-Ciberdefensa-Relevo-33-1024x683.jpg 1024w, https:\/\/www.ejercito.mil.uy\/wp-content\/uploads\/2024\/06\/2024-06-27-Ciberdefensa-Relevo-33-300x200.jpg 300w, https:\/\/www.ejercito.mil.uy\/wp-content\/uploads\/2024\/06\/2024-06-27-Ciberdefensa-Relevo-33.jpg 1200w\" sizes=\"(max-width: 1024px) 100vw, 1024px\" \/><\/figure><figcaption class=\"coblocks-gallery--caption coblocks-gallery--primary-caption\"><\/figcaption><\/div><\/div><\/div><button class=\"nav-button__prev\" id=\"12345-prev\"><svg class=\"icon\" style=\"transform:rotate(180deg)\"><\/svg><\/button><button class=\"nav-button__next\" id=\"12345-next\"><svg class=\"icon\"><\/svg><\/button><\/div><\/div><\/div>\n<\/div>\n<\/div>\n\n\n\n<div style=\"height:55px\" aria-hidden=\"true\" class=\"wp-block-spacer\"><\/div>\n\n\n\n<p class=\"has-black-color has-text-color has-link-color has-medium-font-size wp-elements-f3e1de6248524e52524896d77092b885\">En diciembre de 2020 se aprob\u00f3 la Pol\u00edtica de Defensa Nacional (Decreto 371\/20), estableciendo la necesidad de dotar a las Fuerzas Armadas de <a><\/a>nuevas capacidades de disuasi\u00f3n conjunta y sectorial en el dominio ciberespacial. Por esto, el 16 de marzo de 2021 se crea la Unidad de Ciberdefensa del Ej\u00e9rcito.<\/p>\n\n\n\n<div style=\"height:22px\" aria-hidden=\"true\" class=\"wp-block-spacer\"><\/div>\n\n\n\n<p class=\"has-black-color has-text-color has-link-color has-medium-font-size wp-elements-eba96da748f91832b9f6cd3d99d554ea\">Su misi\u00f3n es asegurar el acceso libre, seguro y permanente a las redes t\u00e1cticas y administrativas del Ej\u00e9rcito y llevar adelante las operaciones de defensa militares en el ciberespacio. <\/p>\n\n\n\n<div style=\"height:55px\" aria-hidden=\"true\" class=\"wp-block-spacer\"><\/div>\n\n\n\n<div aria-label=\"Carousel Gallery\" class=\"wp-block-coblocks-gallery-carousel\"><div class=\"coblocks-gallery-carousel-swiper-container is-cropped coblocks-gallery has-no-alignment has-caption-style-dark has-no-thumbnails\"><div class=\"has-carousel has-carousel-xlrg swiper-container\" data-swiper=\"{&quot;alignCells&quot;:false,&quot;autoPlay&quot;:false,&quot;autoPlaySpeed&quot;:3000,&quot;draggable&quot;:true,&quot;freeMode&quot;:false,&quot;loop&quot;:false,&quot;navigation&quot;:true,&quot;pageDots&quot;:false,&quot;pauseHover&quot;:false,&quot;responsiveHeight&quot;:false,&quot;slidesPerView&quot;:1,&quot;thumbnails&quot;:false,&quot;uuid&quot;:&quot;12345&quot;}\" style=\"height:550px\"><div class=\"swiper-wrapper\"><div class=\"swiper-slide\"><div class=\"coblocks-gallery--item\" role=\"button\" tabindex=\"0\"><figure class=\"coblocks-gallery--figure\"><img loading=\"lazy\" decoding=\"async\" width=\"1024\" height=\"683\" alt=\"\" class=\"wp-image-32323\" data-id=\"32323\" data-link=\"https:\/\/www.ejercito.mil.uy\/?attachment_id=32323\" src=\"https:\/\/www.ejercito.mil.uy\/wp-content\/uploads\/2024\/06\/2024-06-27-Ciberdefensa-Relevo-64-1024x683.jpg\" srcset=\"https:\/\/www.ejercito.mil.uy\/wp-content\/uploads\/2024\/06\/2024-06-27-Ciberdefensa-Relevo-64-1024x683.jpg 1024w, https:\/\/www.ejercito.mil.uy\/wp-content\/uploads\/2024\/06\/2024-06-27-Ciberdefensa-Relevo-64-300x200.jpg 300w, https:\/\/www.ejercito.mil.uy\/wp-content\/uploads\/2024\/06\/2024-06-27-Ciberdefensa-Relevo-64.jpg 1200w\" sizes=\"(max-width: 1024px) 100vw, 1024px\" \/><\/figure><figcaption class=\"coblocks-gallery--caption coblocks-gallery--primary-caption\"><\/figcaption><\/div><\/div><div class=\"swiper-slide\"><div class=\"coblocks-gallery--item\" role=\"button\" tabindex=\"1\"><figure class=\"coblocks-gallery--figure\"><img loading=\"lazy\" decoding=\"async\" width=\"1024\" height=\"683\" alt=\"\" class=\"wp-image-32324\" data-id=\"32324\" data-link=\"https:\/\/www.ejercito.mil.uy\/?attachment_id=32324\" src=\"https:\/\/www.ejercito.mil.uy\/wp-content\/uploads\/2024\/06\/2024-06-27-Ciberdefensa-Relevo-72-1024x683.jpg\" srcset=\"https:\/\/www.ejercito.mil.uy\/wp-content\/uploads\/2024\/06\/2024-06-27-Ciberdefensa-Relevo-72-1024x683.jpg 1024w, https:\/\/www.ejercito.mil.uy\/wp-content\/uploads\/2024\/06\/2024-06-27-Ciberdefensa-Relevo-72-300x200.jpg 300w, https:\/\/www.ejercito.mil.uy\/wp-content\/uploads\/2024\/06\/2024-06-27-Ciberdefensa-Relevo-72.jpg 1200w\" sizes=\"(max-width: 1024px) 100vw, 1024px\" \/><\/figure><figcaption class=\"coblocks-gallery--caption coblocks-gallery--primary-caption\"><\/figcaption><\/div><\/div><div class=\"swiper-slide\"><div class=\"coblocks-gallery--item\" role=\"button\" tabindex=\"2\"><figure class=\"coblocks-gallery--figure\"><img loading=\"lazy\" decoding=\"async\" width=\"1024\" height=\"683\" alt=\"\" class=\"wp-image-32322\" data-id=\"32322\" data-link=\"https:\/\/www.ejercito.mil.uy\/?attachment_id=32322\" src=\"https:\/\/www.ejercito.mil.uy\/wp-content\/uploads\/2024\/06\/2024-06-27-Ciberdefensa-Relevo-58-1024x683.jpg\" srcset=\"https:\/\/www.ejercito.mil.uy\/wp-content\/uploads\/2024\/06\/2024-06-27-Ciberdefensa-Relevo-58-1024x683.jpg 1024w, https:\/\/www.ejercito.mil.uy\/wp-content\/uploads\/2024\/06\/2024-06-27-Ciberdefensa-Relevo-58-300x200.jpg 300w, https:\/\/www.ejercito.mil.uy\/wp-content\/uploads\/2024\/06\/2024-06-27-Ciberdefensa-Relevo-58.jpg 1200w\" sizes=\"(max-width: 1024px) 100vw, 1024px\" \/><\/figure><figcaption class=\"coblocks-gallery--caption coblocks-gallery--primary-caption\"><\/figcaption><\/div><\/div><div class=\"swiper-slide\"><div class=\"coblocks-gallery--item\" role=\"button\" tabindex=\"3\"><figure class=\"coblocks-gallery--figure\"><img loading=\"lazy\" decoding=\"async\" width=\"1024\" height=\"683\" alt=\"\" class=\"wp-image-32321\" data-id=\"32321\" data-link=\"https:\/\/www.ejercito.mil.uy\/?attachment_id=32321\" src=\"https:\/\/www.ejercito.mil.uy\/wp-content\/uploads\/2024\/06\/2024-06-27-Ciberdefensa-Relevo-54-1024x683.jpg\" srcset=\"https:\/\/www.ejercito.mil.uy\/wp-content\/uploads\/2024\/06\/2024-06-27-Ciberdefensa-Relevo-54-1024x683.jpg 1024w, https:\/\/www.ejercito.mil.uy\/wp-content\/uploads\/2024\/06\/2024-06-27-Ciberdefensa-Relevo-54-300x200.jpg 300w, https:\/\/www.ejercito.mil.uy\/wp-content\/uploads\/2024\/06\/2024-06-27-Ciberdefensa-Relevo-54.jpg 1200w\" sizes=\"(max-width: 1024px) 100vw, 1024px\" \/><\/figure><figcaption class=\"coblocks-gallery--caption coblocks-gallery--primary-caption\"><\/figcaption><\/div><\/div><div class=\"swiper-slide\"><div class=\"coblocks-gallery--item\" role=\"button\" tabindex=\"4\"><figure class=\"coblocks-gallery--figure\"><img loading=\"lazy\" decoding=\"async\" width=\"1024\" height=\"683\" alt=\"\" class=\"wp-image-32320\" data-id=\"32320\" data-link=\"https:\/\/www.ejercito.mil.uy\/?attachment_id=32320\" src=\"https:\/\/www.ejercito.mil.uy\/wp-content\/uploads\/2024\/06\/2024-06-27-Ciberdefensa-Cierre-95-1024x683.jpg\" srcset=\"https:\/\/www.ejercito.mil.uy\/wp-content\/uploads\/2024\/06\/2024-06-27-Ciberdefensa-Cierre-95-1024x683.jpg 1024w, https:\/\/www.ejercito.mil.uy\/wp-content\/uploads\/2024\/06\/2024-06-27-Ciberdefensa-Cierre-95-300x200.jpg 300w, https:\/\/www.ejercito.mil.uy\/wp-content\/uploads\/2024\/06\/2024-06-27-Ciberdefensa-Cierre-95.jpg 1200w\" sizes=\"(max-width: 1024px) 100vw, 1024px\" \/><\/figure><figcaption class=\"coblocks-gallery--caption coblocks-gallery--primary-caption\"><\/figcaption><\/div><\/div><\/div><button class=\"nav-button__prev\" id=\"12345-prev\"><svg class=\"icon\" style=\"transform:rotate(180deg)\"><\/svg><\/button><button class=\"nav-button__next\" id=\"12345-next\"><svg class=\"icon\"><\/svg><\/button><\/div><\/div><\/div>\n\n\n\n<div style=\"height:100px\" aria-hidden=\"true\" class=\"wp-block-spacer\"><\/div>\n","protected":false},"excerpt":{"rendered":"<p>27.06.2024 &#8211; El jueves 27 de junio, el Cnel. Pedro G\u00f3mez asumi\u00f3 como nuevo Cte. en sustituci\u00f3n del Cnel. Pablo Camps. <\/p>\n","protected":false},"author":4,"featured_media":32316,"comment_status":"open","ping_status":"open","sticky":false,"template":"","format":"standard","meta":{"_coblocks_attr":"","_coblocks_dimensions":"","_coblocks_responsive_height":"","_coblocks_accordion_ie_support":"","_monsterinsights_skip_tracking":false,"_monsterinsights_sitenote_active":false,"_monsterinsights_sitenote_note":"","_monsterinsights_sitenote_category":0,"_uf_show_specific_survey":0,"_uf_disable_surveys":false,"footnotes":""},"categories":[2,10,14,1],"tags":[44,1381,1382,230,250,652,33,1609],"class_list":["post-32315","post","type-post","status-publish","format-standard","has-post-thumbnail","hentry","category-blog","category-destacados","category-noticias","category-sin-categoria","tag-ceremonia","tag-ciber","tag-ciberdefensa","tag-defensa","tag-informatica","tag-relevo","tag-seguridad","tag-sustitucion"],"aioseo_notices":[],"_links":{"self":[{"href":"https:\/\/www.ejercito.mil.uy\/index.php\/wp-json\/wp\/v2\/posts\/32315","targetHints":{"allow":["GET"]}}],"collection":[{"href":"https:\/\/www.ejercito.mil.uy\/index.php\/wp-json\/wp\/v2\/posts"}],"about":[{"href":"https:\/\/www.ejercito.mil.uy\/index.php\/wp-json\/wp\/v2\/types\/post"}],"author":[{"embeddable":true,"href":"https:\/\/www.ejercito.mil.uy\/index.php\/wp-json\/wp\/v2\/users\/4"}],"replies":[{"embeddable":true,"href":"https:\/\/www.ejercito.mil.uy\/index.php\/wp-json\/wp\/v2\/comments?post=32315"}],"version-history":[{"count":6,"href":"https:\/\/www.ejercito.mil.uy\/index.php\/wp-json\/wp\/v2\/posts\/32315\/revisions"}],"predecessor-version":[{"id":32468,"href":"https:\/\/www.ejercito.mil.uy\/index.php\/wp-json\/wp\/v2\/posts\/32315\/revisions\/32468"}],"wp:featuredmedia":[{"embeddable":true,"href":"https:\/\/www.ejercito.mil.uy\/index.php\/wp-json\/wp\/v2\/media\/32316"}],"wp:attachment":[{"href":"https:\/\/www.ejercito.mil.uy\/index.php\/wp-json\/wp\/v2\/media?parent=32315"}],"wp:term":[{"taxonomy":"category","embeddable":true,"href":"https:\/\/www.ejercito.mil.uy\/index.php\/wp-json\/wp\/v2\/categories?post=32315"},{"taxonomy":"post_tag","embeddable":true,"href":"https:\/\/www.ejercito.mil.uy\/index.php\/wp-json\/wp\/v2\/tags?post=32315"}],"curies":[{"name":"wp","href":"https:\/\/api.w.org\/{rel}","templated":true}]}}