{"id":32626,"date":"2024-07-12T11:15:41","date_gmt":"2024-07-12T14:15:41","guid":{"rendered":"https:\/\/www.ejercito.mil.uy\/?p=32626"},"modified":"2024-07-18T19:21:49","modified_gmt":"2024-07-18T22:21:49","slug":"jornadas-por-motivo-del-dia-nacional-para-la-prevencion-del-suicidio","status":"publish","type":"post","link":"https:\/\/www.ejercito.mil.uy\/index.php\/2024\/07\/12\/jornadas-por-motivo-del-dia-nacional-para-la-prevencion-del-suicidio\/","title":{"rendered":"Jornadas por motivo del D\u00eda Nacional para la Prevenci\u00f3n del Suicidio"},"content":{"rendered":"\n<p style=\"font-size:14px\">09.07.2024<\/p>\n\n\n\n<div style=\"height:24px\" aria-hidden=\"true\" class=\"wp-block-spacer\"><\/div>\n\n\n\n<p class=\"has-white-color has-text-color has-background has-link-color wp-elements-beb68e48a2c12ab25dcd3e2f2eedeb6c\" style=\"background-color:#4970fc;font-size:22px\"><strong>La Escuela de Sanidad de las Fuerzas Armadas, los invita a participar de las distintas charlas que realizar\u00e1 durante el mes de julio por motivo del D\u00eda Nacional para la Prevenci\u00f3n del Suicidio (17 de julio).<\/strong><\/p>\n\n\n\n<div style=\"height:55px\" aria-hidden=\"true\" class=\"wp-block-spacer\"><\/div>\n\n\n\n<p class=\"has-black-color has-text-color has-link-color wp-elements-f3f9a9fb29a57292fba347e5dc2ceeb9\"><strong>Inscripciones con cupos limitados. Las charlas ser\u00e1n en modalidad presencial y virtual.<\/strong><\/p>\n\n\n\n<div style=\"height:22px\" aria-hidden=\"true\" class=\"wp-block-spacer\"><\/div>\n\n\n\n<p class=\"has-text-color has-link-color wp-elements-b9ebc34993fd031307c1ec65d6cffe23\" style=\"color:#4970fc\"><strong>Por consultas comunicarse al tel\u00e9fono 2487 6666 int. 1640\/1641<br>Correo electr\u00f3nico escuelabedelia@dnsffaa.gub.uy<\/strong><\/p>\n\n\n\n<div style=\"height:55px\" aria-hidden=\"true\" class=\"wp-block-spacer\"><\/div>\n\n\n\n<figure class=\"wp-block-image size-large\"><img fetchpriority=\"high\" decoding=\"async\" width=\"819\" height=\"1024\" src=\"https:\/\/www.ejercito.mil.uy\/wp-content\/uploads\/2024\/07\/Jornadas_Salud-819x1024.jpeg\" alt=\"\" class=\"wp-image-32646\" srcset=\"https:\/\/www.ejercito.mil.uy\/wp-content\/uploads\/2024\/07\/Jornadas_Salud-819x1024.jpeg 819w, https:\/\/www.ejercito.mil.uy\/wp-content\/uploads\/2024\/07\/Jornadas_Salud-240x300.jpeg 240w, https:\/\/www.ejercito.mil.uy\/wp-content\/uploads\/2024\/07\/Jornadas_Salud.jpeg 1126w\" sizes=\"(max-width: 819px) 100vw, 819px\" \/><\/figure>\n\n\n\n<div style=\"height:66px\" aria-hidden=\"true\" class=\"wp-block-spacer\"><\/div>\n\n\n\n<div class=\"wp-block-coblocks-gallery-stacked\"><ul class=\"coblocks-gallery has-no-alignment has-fullwidth-images has-custom-gutter\" style=\"--coblocks-custom-gutter:0em\"><li class=\"coblocks-gallery--item\"><figure class=\"coblocks-gallery--figure\"><img decoding=\"async\" width=\"819\" height=\"1024\" alt=\"\" class=\"wp-image-32632 has-shadow-none\" data-id=\"32632\" data-imglink=\"\" data-link=\"https:\/\/www.ejercito.mil.uy\/index.php\/2024\/07\/12\/jornadas-por-motivo-del-dia-nacional-para-la-prevencion-del-suicidio\/attachment\/05\/\" src=\"https:\/\/www.ejercito.mil.uy\/wp-content\/uploads\/2024\/07\/05-819x1024.jpeg\" srcset=\"https:\/\/www.ejercito.mil.uy\/wp-content\/uploads\/2024\/07\/05-819x1024.jpeg 819w, https:\/\/www.ejercito.mil.uy\/wp-content\/uploads\/2024\/07\/05-240x300.jpeg 240w, https:\/\/www.ejercito.mil.uy\/wp-content\/uploads\/2024\/07\/05.jpeg 1280w\" sizes=\"(max-width: 819px) 100vw, 819px\" \/><\/figure><\/li><\/ul><\/div>\n\n\n\n<hr class=\"wp-block-separator has-text-color has-vivid-cyan-blue-color has-css-opacity has-vivid-cyan-blue-background-color has-background is-style-wide\"\/>\n\n\n\n<div style=\"height:99px\" aria-hidden=\"true\" class=\"wp-block-spacer\"><\/div>\n","protected":false},"excerpt":{"rendered":"<p>La Escuela de Sanidad de las Fuerzas Armadas, invita a participar de las distintas charlas que realizar\u00e1 durante el mes de julio.<\/p>\n","protected":false},"author":4,"featured_media":32633,"comment_status":"closed","ping_status":"open","sticky":false,"template":"","format":"standard","meta":{"_coblocks_attr":"","_coblocks_dimensions":"","_coblocks_responsive_height":"","_coblocks_accordion_ie_support":"","_monsterinsights_skip_tracking":false,"_monsterinsights_sitenote_active":false,"_monsterinsights_sitenote_note":"","_monsterinsights_sitenote_category":0,"_uf_show_specific_survey":0,"_uf_disable_surveys":false,"footnotes":""},"categories":[2,10,14],"tags":[27,32,29,30,28,37,655],"class_list":["post-32626","post","type-post","status-publish","format-standard","has-post-thumbnail","hentry","category-blog","category-destacados","category-noticias","tag-apoyo","tag-bienestar","tag-comunidad","tag-misiones-operativas-de-paz","tag-social","tag-sociedad","tag-suicidio"],"aioseo_notices":[],"_links":{"self":[{"href":"https:\/\/www.ejercito.mil.uy\/index.php\/wp-json\/wp\/v2\/posts\/32626","targetHints":{"allow":["GET"]}}],"collection":[{"href":"https:\/\/www.ejercito.mil.uy\/index.php\/wp-json\/wp\/v2\/posts"}],"about":[{"href":"https:\/\/www.ejercito.mil.uy\/index.php\/wp-json\/wp\/v2\/types\/post"}],"author":[{"embeddable":true,"href":"https:\/\/www.ejercito.mil.uy\/index.php\/wp-json\/wp\/v2\/users\/4"}],"replies":[{"embeddable":true,"href":"https:\/\/www.ejercito.mil.uy\/index.php\/wp-json\/wp\/v2\/comments?post=32626"}],"version-history":[{"count":7,"href":"https:\/\/www.ejercito.mil.uy\/index.php\/wp-json\/wp\/v2\/posts\/32626\/revisions"}],"predecessor-version":[{"id":32859,"href":"https:\/\/www.ejercito.mil.uy\/index.php\/wp-json\/wp\/v2\/posts\/32626\/revisions\/32859"}],"wp:featuredmedia":[{"embeddable":true,"href":"https:\/\/www.ejercito.mil.uy\/index.php\/wp-json\/wp\/v2\/media\/32633"}],"wp:attachment":[{"href":"https:\/\/www.ejercito.mil.uy\/index.php\/wp-json\/wp\/v2\/media?parent=32626"}],"wp:term":[{"taxonomy":"category","embeddable":true,"href":"https:\/\/www.ejercito.mil.uy\/index.php\/wp-json\/wp\/v2\/categories?post=32626"},{"taxonomy":"post_tag","embeddable":true,"href":"https:\/\/www.ejercito.mil.uy\/index.php\/wp-json\/wp\/v2\/tags?post=32626"}],"curies":[{"name":"wp","href":"https:\/\/api.w.org\/{rel}","templated":true}]}}