{"id":32677,"date":"2024-07-13T15:31:36","date_gmt":"2024-07-13T18:31:36","guid":{"rendered":"https:\/\/www.ejercito.mil.uy\/?p=32677"},"modified":"2024-07-16T10:02:41","modified_gmt":"2024-07-16T13:02:41","slug":"apoyos-en-el-marco-de-la-ola-de-frio-polar","status":"publish","type":"post","link":"https:\/\/www.ejercito.mil.uy\/index.php\/2024\/07\/13\/apoyos-en-el-marco-de-la-ola-de-frio-polar\/","title":{"rendered":"Apoyos en el marco de la ola de fr\u00edo polar"},"content":{"rendered":"\n<p class=\"has-small-font-size\">12.07.2024<\/p>\n\n\n\n<div style=\"height:50px\" aria-hidden=\"true\" class=\"wp-block-spacer\"><\/div>\n\n\n\n<p class=\"has-white-color has-text-color has-background has-link-color wp-elements-35b55a58e8c6cbaa4f0408daccfd00b0\" style=\"background-color:#000080;font-size:22px\"><strong>La Fuerza de todos abri\u00f3 sus puertas en todo el pa\u00eds para apoyar al Ministerio de Desarrollo Social ante la ola de fr\u00edo polar.<\/strong><\/p>\n\n\n\n<div style=\"height:50px\" aria-hidden=\"true\" class=\"wp-block-spacer\"><\/div>\n\n\n\n<p>Se han brindado m\u00e1s de 6.000 plazas de alojamiento y se han repartido m\u00e1s de 5.500 platos de comida caliente.<\/p>\n\n\n\n<div style=\"height:50px\" aria-hidden=\"true\" class=\"wp-block-spacer\"><\/div>\n\n\n\n<div aria-label=\"Carousel Gallery\" class=\"wp-block-coblocks-gallery-carousel alignfull\"><div class=\"coblocks-gallery-carousel-swiper-container is-cropped coblocks-gallery has-caption-style-dark has-horizontal-gutter has-no-thumbnails\"><div class=\"has-carousel has-carousel-xlrg swiper-container\" data-swiper=\"{&quot;alignCells&quot;:false,&quot;autoPlay&quot;:false,&quot;autoPlaySpeed&quot;:3000,&quot;draggable&quot;:false,&quot;freeMode&quot;:false,&quot;loop&quot;:true,&quot;navigation&quot;:true,&quot;pageDots&quot;:false,&quot;pauseHover&quot;:false,&quot;responsiveHeight&quot;:false,&quot;slidesPerView&quot;:1,&quot;thumbnails&quot;:false,&quot;uuid&quot;:&quot;12345&quot;}\" style=\"height:555px\"><div class=\"swiper-wrapper\"><div class=\"swiper-slide\"><div class=\"coblocks-gallery--item\" role=\"button\" tabindex=\"0\"><figure class=\"coblocks-gallery--figure has-margin-left-5 has-margin-left-mobile-5 has-margin-right-5 has-margin-right-mobile-5\"><img fetchpriority=\"high\" decoding=\"async\" width=\"1024\" height=\"683\" alt=\"\" class=\"wp-image-32689\" data-id=\"32689\" data-link=\"https:\/\/www.ejercito.mil.uy\/index.php\/2024\/07\/12\/apoyos-en-el-marco-de-la-ola-de-frio-polar\/bni4-colonia03\/\" src=\"https:\/\/www.ejercito.mil.uy\/wp-content\/uploads\/2024\/07\/BnI4-Colonia03-1024x683.jpg\" srcset=\"https:\/\/www.ejercito.mil.uy\/wp-content\/uploads\/2024\/07\/BnI4-Colonia03-1024x683.jpg 1024w, https:\/\/www.ejercito.mil.uy\/wp-content\/uploads\/2024\/07\/BnI4-Colonia03-300x200.jpg 300w, https:\/\/www.ejercito.mil.uy\/wp-content\/uploads\/2024\/07\/BnI4-Colonia03.jpg 1200w\" sizes=\"(max-width: 1024px) 100vw, 1024px\" \/><\/figure><figcaption class=\"coblocks-gallery--caption coblocks-gallery--primary-caption\"><\/figcaption><\/div><\/div><div class=\"swiper-slide\"><div class=\"coblocks-gallery--item\" role=\"button\" tabindex=\"1\"><figure class=\"coblocks-gallery--figure has-margin-left-5 has-margin-left-mobile-5 has-margin-right-5 has-margin-right-mobile-5\"><img decoding=\"async\" width=\"1024\" height=\"683\" alt=\"\" class=\"wp-image-32690\" data-id=\"32690\" data-link=\"https:\/\/www.ejercito.mil.uy\/index.php\/2024\/07\/12\/apoyos-en-el-marco-de-la-ola-de-frio-polar\/bni4-colonia04\/\" src=\"https:\/\/www.ejercito.mil.uy\/wp-content\/uploads\/2024\/07\/BnI4-Colonia04-1024x683.jpg\" srcset=\"https:\/\/www.ejercito.mil.uy\/wp-content\/uploads\/2024\/07\/BnI4-Colonia04-1024x683.jpg 1024w, https:\/\/www.ejercito.mil.uy\/wp-content\/uploads\/2024\/07\/BnI4-Colonia04-300x200.jpg 300w, https:\/\/www.ejercito.mil.uy\/wp-content\/uploads\/2024\/07\/BnI4-Colonia04.jpg 1200w\" sizes=\"(max-width: 1024px) 100vw, 1024px\" \/><\/figure><figcaption class=\"coblocks-gallery--caption coblocks-gallery--primary-caption\"><\/figcaption><\/div><\/div><div class=\"swiper-slide\"><div class=\"coblocks-gallery--item\" role=\"button\" tabindex=\"2\"><figure class=\"coblocks-gallery--figure has-margin-left-5 has-margin-left-mobile-5 has-margin-right-5 has-margin-right-mobile-5\"><img decoding=\"async\" width=\"1024\" height=\"683\" alt=\"\" class=\"wp-image-32688\" data-id=\"32688\" data-link=\"https:\/\/www.ejercito.mil.uy\/index.php\/2024\/07\/12\/apoyos-en-el-marco-de-la-ola-de-frio-polar\/bni4-colonia02\/\" src=\"https:\/\/www.ejercito.mil.uy\/wp-content\/uploads\/2024\/07\/BnI4-Colonia02-1024x683.jpg\" srcset=\"https:\/\/www.ejercito.mil.uy\/wp-content\/uploads\/2024\/07\/BnI4-Colonia02-1024x683.jpg 1024w, https:\/\/www.ejercito.mil.uy\/wp-content\/uploads\/2024\/07\/BnI4-Colonia02-300x200.jpg 300w, https:\/\/www.ejercito.mil.uy\/wp-content\/uploads\/2024\/07\/BnI4-Colonia02.jpg 1200w\" sizes=\"(max-width: 1024px) 100vw, 1024px\" \/><\/figure><figcaption class=\"coblocks-gallery--caption coblocks-gallery--primary-caption\"><\/figcaption><\/div><\/div><div class=\"swiper-slide\"><div class=\"coblocks-gallery--item\" role=\"button\" tabindex=\"3\"><figure class=\"coblocks-gallery--figure has-margin-left-5 has-margin-left-mobile-5 has-margin-right-5 has-margin-right-mobile-5\"><img loading=\"lazy\" decoding=\"async\" width=\"1024\" height=\"683\" alt=\"\" class=\"wp-image-32687\" data-id=\"32687\" data-link=\"https:\/\/www.ejercito.mil.uy\/index.php\/2024\/07\/12\/apoyos-en-el-marco-de-la-ola-de-frio-polar\/bni4-colonia01\/\" src=\"https:\/\/www.ejercito.mil.uy\/wp-content\/uploads\/2024\/07\/BnI4-Colonia01-1024x683.jpg\" srcset=\"https:\/\/www.ejercito.mil.uy\/wp-content\/uploads\/2024\/07\/BnI4-Colonia01-1024x683.jpg 1024w, https:\/\/www.ejercito.mil.uy\/wp-content\/uploads\/2024\/07\/BnI4-Colonia01-300x200.jpg 300w, https:\/\/www.ejercito.mil.uy\/wp-content\/uploads\/2024\/07\/BnI4-Colonia01.jpg 1200w\" sizes=\"(max-width: 1024px) 100vw, 1024px\" \/><\/figure><figcaption class=\"coblocks-gallery--caption coblocks-gallery--primary-caption\"><\/figcaption><\/div><\/div><\/div><button class=\"nav-button__prev\" id=\"12345-prev\"><svg class=\"icon\" style=\"transform:rotate(180deg)\"><\/svg><\/button><button class=\"nav-button__next\" id=\"12345-next\"><svg class=\"icon\"><\/svg><\/button><\/div><\/div><\/div>\n\n\n\n<div style=\"height:33px\" aria-hidden=\"true\" class=\"wp-block-spacer\"><\/div>\n\n\n\n<p class=\"has-text-align-center has-black-color has-text-color has-link-color has-small-font-size wp-elements-ade4720164211468e2e9481dba9232de\">Batall\u00f3n \u00abOriental\u00bb de Infanter\u00eda Mecanizado N\u00ba 4 &#8211; Colonia<\/p>\n\n\n\n<div style=\"height:66px\" aria-hidden=\"true\" class=\"wp-block-spacer\"><\/div>\n\n\n\n<div aria-label=\"Carousel Gallery\" class=\"wp-block-coblocks-gallery-carousel alignfull\"><div class=\"coblocks-gallery-carousel-swiper-container is-cropped coblocks-gallery has-caption-style-dark has-horizontal-gutter has-no-thumbnails\"><div class=\"has-carousel has-carousel-xlrg swiper-container\" data-swiper=\"{&quot;alignCells&quot;:false,&quot;autoPlay&quot;:false,&quot;autoPlaySpeed&quot;:3000,&quot;draggable&quot;:false,&quot;freeMode&quot;:false,&quot;loop&quot;:true,&quot;navigation&quot;:true,&quot;pageDots&quot;:false,&quot;pauseHover&quot;:false,&quot;responsiveHeight&quot;:false,&quot;slidesPerView&quot;:1,&quot;thumbnails&quot;:false,&quot;uuid&quot;:&quot;12345&quot;}\" style=\"height:555px\"><div class=\"swiper-wrapper\"><div class=\"swiper-slide\"><div class=\"coblocks-gallery--item\" role=\"button\" tabindex=\"0\"><figure class=\"coblocks-gallery--figure has-margin-left-5 has-margin-left-mobile-5 has-margin-right-5 has-margin-right-mobile-5\"><img loading=\"lazy\" decoding=\"async\" width=\"1024\" height=\"683\" alt=\"\" class=\"wp-image-32693\" data-id=\"32693\" data-link=\"https:\/\/www.ejercito.mil.uy\/?attachment_id=32693\" src=\"https:\/\/www.ejercito.mil.uy\/wp-content\/uploads\/2024\/07\/Frio-Polar-BnI7-Salto-3-1024x683.jpg\" srcset=\"https:\/\/www.ejercito.mil.uy\/wp-content\/uploads\/2024\/07\/Frio-Polar-BnI7-Salto-3-1024x683.jpg 1024w, https:\/\/www.ejercito.mil.uy\/wp-content\/uploads\/2024\/07\/Frio-Polar-BnI7-Salto-3-300x200.jpg 300w, https:\/\/www.ejercito.mil.uy\/wp-content\/uploads\/2024\/07\/Frio-Polar-BnI7-Salto-3.jpg 1200w\" sizes=\"(max-width: 1024px) 100vw, 1024px\" \/><\/figure><figcaption class=\"coblocks-gallery--caption coblocks-gallery--primary-caption\"><\/figcaption><\/div><\/div><div class=\"swiper-slide\"><div class=\"coblocks-gallery--item\" role=\"button\" tabindex=\"1\"><figure class=\"coblocks-gallery--figure has-margin-left-5 has-margin-left-mobile-5 has-margin-right-5 has-margin-right-mobile-5\"><img loading=\"lazy\" decoding=\"async\" width=\"1024\" height=\"683\" alt=\"\" class=\"wp-image-32691\" data-id=\"32691\" data-link=\"https:\/\/www.ejercito.mil.uy\/?attachment_id=32691\" src=\"https:\/\/www.ejercito.mil.uy\/wp-content\/uploads\/2024\/07\/Frio-Polar-BnI7-Salto-1-1024x683.jpg\" srcset=\"https:\/\/www.ejercito.mil.uy\/wp-content\/uploads\/2024\/07\/Frio-Polar-BnI7-Salto-1-1024x683.jpg 1024w, https:\/\/www.ejercito.mil.uy\/wp-content\/uploads\/2024\/07\/Frio-Polar-BnI7-Salto-1-300x200.jpg 300w, https:\/\/www.ejercito.mil.uy\/wp-content\/uploads\/2024\/07\/Frio-Polar-BnI7-Salto-1.jpg 1200w\" sizes=\"(max-width: 1024px) 100vw, 1024px\" \/><\/figure><figcaption class=\"coblocks-gallery--caption coblocks-gallery--primary-caption\"><\/figcaption><\/div><\/div><div class=\"swiper-slide\"><div class=\"coblocks-gallery--item\" role=\"button\" tabindex=\"2\"><figure class=\"coblocks-gallery--figure has-margin-left-5 has-margin-left-mobile-5 has-margin-right-5 has-margin-right-mobile-5\"><img loading=\"lazy\" decoding=\"async\" width=\"1024\" height=\"683\" alt=\"\" class=\"wp-image-32692\" data-id=\"32692\" data-link=\"https:\/\/www.ejercito.mil.uy\/?attachment_id=32692\" src=\"https:\/\/www.ejercito.mil.uy\/wp-content\/uploads\/2024\/07\/Frio-Polar-BnI7-Salto-2-1024x683.jpg\" srcset=\"https:\/\/www.ejercito.mil.uy\/wp-content\/uploads\/2024\/07\/Frio-Polar-BnI7-Salto-2-1024x683.jpg 1024w, https:\/\/www.ejercito.mil.uy\/wp-content\/uploads\/2024\/07\/Frio-Polar-BnI7-Salto-2-300x200.jpg 300w, https:\/\/www.ejercito.mil.uy\/wp-content\/uploads\/2024\/07\/Frio-Polar-BnI7-Salto-2.jpg 1200w\" sizes=\"(max-width: 1024px) 100vw, 1024px\" \/><\/figure><figcaption class=\"coblocks-gallery--caption coblocks-gallery--primary-caption\"><\/figcaption><\/div><\/div><div class=\"swiper-slide\"><div class=\"coblocks-gallery--item\" role=\"button\" tabindex=\"3\"><figure class=\"coblocks-gallery--figure has-margin-left-5 has-margin-left-mobile-5 has-margin-right-5 has-margin-right-mobile-5\"><img loading=\"lazy\" decoding=\"async\" width=\"1024\" height=\"683\" alt=\"\" class=\"wp-image-32694\" data-id=\"32694\" data-link=\"https:\/\/www.ejercito.mil.uy\/?attachment_id=32694\" src=\"https:\/\/www.ejercito.mil.uy\/wp-content\/uploads\/2024\/07\/Frio-Polar-BnI7-Salto-4-1024x683.jpg\" srcset=\"https:\/\/www.ejercito.mil.uy\/wp-content\/uploads\/2024\/07\/Frio-Polar-BnI7-Salto-4-1024x683.jpg 1024w, https:\/\/www.ejercito.mil.uy\/wp-content\/uploads\/2024\/07\/Frio-Polar-BnI7-Salto-4-300x200.jpg 300w, https:\/\/www.ejercito.mil.uy\/wp-content\/uploads\/2024\/07\/Frio-Polar-BnI7-Salto-4.jpg 1200w\" sizes=\"(max-width: 1024px) 100vw, 1024px\" \/><\/figure><figcaption class=\"coblocks-gallery--caption coblocks-gallery--primary-caption\"><\/figcaption><\/div><\/div><\/div><button class=\"nav-button__prev\" id=\"12345-prev\"><svg class=\"icon\" style=\"transform:rotate(180deg)\"><\/svg><\/button><button class=\"nav-button__next\" id=\"12345-next\"><svg class=\"icon\"><\/svg><\/button><\/div><\/div><\/div>\n\n\n\n<div style=\"height:22px\" aria-hidden=\"true\" class=\"wp-block-spacer\"><\/div>\n\n\n\n<p class=\"has-text-align-center has-black-color has-text-color has-link-color has-small-font-size wp-elements-c858910cc37d38c526d4cccaada81c97\">Batall\u00f3n \u00abItuzaing\u00f3\u00bb de Infanter\u00eda N\u00ba 7 &#8211; Salto<\/p>\n\n\n\n<div style=\"height:66px\" aria-hidden=\"true\" class=\"wp-block-spacer\"><\/div>\n\n\n\n<figure class=\"wp-block-gallery alignfull has-nested-images columns-default is-cropped wp-block-gallery-1 is-layout-flex wp-block-gallery-is-layout-flex\">\n<figure class=\"wp-block-image size-large\"><img loading=\"lazy\" decoding=\"async\" width=\"1024\" height=\"683\" data-id=\"32701\" src=\"https:\/\/www.ejercito.mil.uy\/wp-content\/uploads\/2024\/07\/Frio-Polar-RC8-Melo02-1024x683.jpg\" alt=\"\" class=\"wp-image-32701\" srcset=\"https:\/\/www.ejercito.mil.uy\/wp-content\/uploads\/2024\/07\/Frio-Polar-RC8-Melo02-1024x683.jpg 1024w, https:\/\/www.ejercito.mil.uy\/wp-content\/uploads\/2024\/07\/Frio-Polar-RC8-Melo02-300x200.jpg 300w, https:\/\/www.ejercito.mil.uy\/wp-content\/uploads\/2024\/07\/Frio-Polar-RC8-Melo02.jpg 1200w\" sizes=\"(max-width: 1024px) 100vw, 1024px\" \/><\/figure>\n\n\n\n<figure class=\"wp-block-image size-large\"><img loading=\"lazy\" decoding=\"async\" width=\"1024\" height=\"683\" data-id=\"32700\" src=\"https:\/\/www.ejercito.mil.uy\/wp-content\/uploads\/2024\/07\/Frio-Polar-RC8-Melo01-1024x683.jpg\" alt=\"\" class=\"wp-image-32700\" srcset=\"https:\/\/www.ejercito.mil.uy\/wp-content\/uploads\/2024\/07\/Frio-Polar-RC8-Melo01-1024x683.jpg 1024w, https:\/\/www.ejercito.mil.uy\/wp-content\/uploads\/2024\/07\/Frio-Polar-RC8-Melo01-300x200.jpg 300w, https:\/\/www.ejercito.mil.uy\/wp-content\/uploads\/2024\/07\/Frio-Polar-RC8-Melo01.jpg 1200w\" sizes=\"(max-width: 1024px) 100vw, 1024px\" \/><\/figure>\n<\/figure>\n\n\n\n<div style=\"height:22px\" aria-hidden=\"true\" class=\"wp-block-spacer\"><\/div>\n\n\n\n<p class=\"has-text-align-center has-small-font-size\">Regimiento \u00abPatria\u00bb de Caballer\u00eda Blindado N\u00ba 8 &#8211; Melo<\/p>\n\n\n\n<div style=\"height:66px\" aria-hidden=\"true\" class=\"wp-block-spacer\"><\/div>\n\n\n\n<div aria-label=\"Carousel Gallery\" class=\"wp-block-coblocks-gallery-carousel alignfull\"><div class=\"coblocks-gallery-carousel-swiper-container is-cropped coblocks-gallery has-caption-style-dark has-horizontal-gutter has-no-thumbnails\"><div class=\"has-carousel has-carousel-xlrg swiper-container\" data-swiper=\"{&quot;alignCells&quot;:false,&quot;autoPlay&quot;:false,&quot;autoPlaySpeed&quot;:3000,&quot;draggable&quot;:false,&quot;freeMode&quot;:false,&quot;loop&quot;:true,&quot;navigation&quot;:true,&quot;pageDots&quot;:false,&quot;pauseHover&quot;:false,&quot;responsiveHeight&quot;:false,&quot;slidesPerView&quot;:1,&quot;thumbnails&quot;:false,&quot;uuid&quot;:&quot;12345&quot;}\" style=\"height:555px\"><div class=\"swiper-wrapper\"><div class=\"swiper-slide\"><div class=\"coblocks-gallery--item\" role=\"button\" tabindex=\"0\"><figure class=\"coblocks-gallery--figure has-margin-left-5 has-margin-left-mobile-5 has-margin-right-5 has-margin-right-mobile-5\"><img loading=\"lazy\" decoding=\"async\" width=\"1024\" height=\"683\" alt=\"\" class=\"wp-image-32696\" data-id=\"32696\" data-link=\"https:\/\/www.ejercito.mil.uy\/?attachment_id=32696\" src=\"https:\/\/www.ejercito.mil.uy\/wp-content\/uploads\/2024\/07\/Frio-Polar-BnIng4-Maldonado-1-1-1024x683.jpg\" srcset=\"https:\/\/www.ejercito.mil.uy\/wp-content\/uploads\/2024\/07\/Frio-Polar-BnIng4-Maldonado-1-1-1024x683.jpg 1024w, https:\/\/www.ejercito.mil.uy\/wp-content\/uploads\/2024\/07\/Frio-Polar-BnIng4-Maldonado-1-1-300x200.jpg 300w, https:\/\/www.ejercito.mil.uy\/wp-content\/uploads\/2024\/07\/Frio-Polar-BnIng4-Maldonado-1-1.jpg 1200w\" sizes=\"(max-width: 1024px) 100vw, 1024px\" \/><\/figure><figcaption class=\"coblocks-gallery--caption coblocks-gallery--primary-caption\"><\/figcaption><\/div><\/div><div class=\"swiper-slide\"><div class=\"coblocks-gallery--item\" role=\"button\" tabindex=\"1\"><figure class=\"coblocks-gallery--figure has-margin-left-5 has-margin-left-mobile-5 has-margin-right-5 has-margin-right-mobile-5\"><img loading=\"lazy\" decoding=\"async\" width=\"1024\" height=\"683\" alt=\"\" class=\"wp-image-32697\" data-id=\"32697\" data-link=\"https:\/\/www.ejercito.mil.uy\/?attachment_id=32697\" src=\"https:\/\/www.ejercito.mil.uy\/wp-content\/uploads\/2024\/07\/Frio-Polar-BnIng4-Maldonado-2-1024x683.jpg\" srcset=\"https:\/\/www.ejercito.mil.uy\/wp-content\/uploads\/2024\/07\/Frio-Polar-BnIng4-Maldonado-2-1024x683.jpg 1024w, https:\/\/www.ejercito.mil.uy\/wp-content\/uploads\/2024\/07\/Frio-Polar-BnIng4-Maldonado-2-300x200.jpg 300w, https:\/\/www.ejercito.mil.uy\/wp-content\/uploads\/2024\/07\/Frio-Polar-BnIng4-Maldonado-2.jpg 1200w\" sizes=\"(max-width: 1024px) 100vw, 1024px\" \/><\/figure><figcaption class=\"coblocks-gallery--caption coblocks-gallery--primary-caption\"><\/figcaption><\/div><\/div><div class=\"swiper-slide\"><div class=\"coblocks-gallery--item\" role=\"button\" tabindex=\"2\"><figure class=\"coblocks-gallery--figure has-margin-left-5 has-margin-left-mobile-5 has-margin-right-5 has-margin-right-mobile-5\"><img loading=\"lazy\" decoding=\"async\" width=\"1024\" height=\"683\" alt=\"\" class=\"wp-image-32698\" data-id=\"32698\" data-link=\"https:\/\/www.ejercito.mil.uy\/?attachment_id=32698\" src=\"https:\/\/www.ejercito.mil.uy\/wp-content\/uploads\/2024\/07\/Frio-Polar-BnIng4-Maldonado-3-1-1024x683.jpg\" srcset=\"https:\/\/www.ejercito.mil.uy\/wp-content\/uploads\/2024\/07\/Frio-Polar-BnIng4-Maldonado-3-1-1024x683.jpg 1024w, https:\/\/www.ejercito.mil.uy\/wp-content\/uploads\/2024\/07\/Frio-Polar-BnIng4-Maldonado-3-1-300x200.jpg 300w, https:\/\/www.ejercito.mil.uy\/wp-content\/uploads\/2024\/07\/Frio-Polar-BnIng4-Maldonado-3-1.jpg 1200w\" sizes=\"(max-width: 1024px) 100vw, 1024px\" \/><\/figure><figcaption class=\"coblocks-gallery--caption coblocks-gallery--primary-caption\"><\/figcaption><\/div><\/div><div class=\"swiper-slide\"><div class=\"coblocks-gallery--item\" role=\"button\" tabindex=\"3\"><figure class=\"coblocks-gallery--figure has-margin-left-5 has-margin-left-mobile-5 has-margin-right-5 has-margin-right-mobile-5\"><img loading=\"lazy\" decoding=\"async\" width=\"1024\" height=\"683\" alt=\"\" class=\"wp-image-32699\" data-id=\"32699\" data-link=\"https:\/\/www.ejercito.mil.uy\/?attachment_id=32699\" src=\"https:\/\/www.ejercito.mil.uy\/wp-content\/uploads\/2024\/07\/Frio-Polar-BnIng4-Maldonado-4-1024x683.jpg\" srcset=\"https:\/\/www.ejercito.mil.uy\/wp-content\/uploads\/2024\/07\/Frio-Polar-BnIng4-Maldonado-4-1024x683.jpg 1024w, https:\/\/www.ejercito.mil.uy\/wp-content\/uploads\/2024\/07\/Frio-Polar-BnIng4-Maldonado-4-300x200.jpg 300w, https:\/\/www.ejercito.mil.uy\/wp-content\/uploads\/2024\/07\/Frio-Polar-BnIng4-Maldonado-4.jpg 1200w\" sizes=\"(max-width: 1024px) 100vw, 1024px\" \/><\/figure><figcaption class=\"coblocks-gallery--caption coblocks-gallery--primary-caption\"><\/figcaption><\/div><\/div><\/div><button class=\"nav-button__prev\" id=\"12345-prev\"><svg class=\"icon\" style=\"transform:rotate(180deg)\"><\/svg><\/button><button class=\"nav-button__next\" id=\"12345-next\"><svg class=\"icon\"><\/svg><\/button><\/div><\/div><\/div>\n\n\n\n<div style=\"height:22px\" aria-hidden=\"true\" class=\"wp-block-spacer\"><\/div>\n\n\n\n<p class=\"has-text-align-center has-small-font-size\">Batall\u00f3n \u201cGral. Celestino Bov\u00e9\u201d de Ingenieros de Combate N\u00ba 4 &#8211; Maldonado<\/p>\n\n\n\n<div style=\"height:66px\" aria-hidden=\"true\" class=\"wp-block-spacer\"><\/div>\n\n\n\n<p class=\"has-black-color has-text-color has-background has-link-color wp-elements-ea541a9d877e9180d98a00e832efedbd\" style=\"background-color:#f3eede;font-size:16px\"><strong>Ver nota a partir del minuto 01:04 en la edici\u00f3n #18 del informativo Ej\u00e9rcito del Uruguay &#8211; <a href=\"https:\/\/youtu.be\/r4lM0Y4znfI\">https:\/\/youtu.be\/r4lM0Y4znfI<\/a><\/strong><\/p>\n\n\n\n<div style=\"height:100px\" aria-hidden=\"true\" class=\"wp-block-spacer\"><\/div>\n","protected":false},"excerpt":{"rendered":"<p>12.07.2024 &#8211; La Fuerza de todos abri\u00f3 sus puertas en todo el pa\u00eds para apoyar al Ministerio de Desarrollo Social ante la ola de fr\u00edo polar.<\/p>\n","protected":false},"author":4,"featured_media":32679,"comment_status":"open","ping_status":"open","sticky":false,"template":"","format":"standard","meta":{"_coblocks_attr":"","_coblocks_dimensions":"","_coblocks_responsive_height":"","_coblocks_accordion_ie_support":"","_monsterinsights_skip_tracking":false,"_monsterinsights_sitenote_active":false,"_monsterinsights_sitenote_note":"","_monsterinsights_sitenote_category":0,"_uf_show_specific_survey":0,"_uf_disable_surveys":false,"footnotes":""},"categories":[2,10,14,1],"tags":[27,516,245,81,1622,37],"class_list":["post-32677","post","type-post","status-publish","format-standard","has-post-thumbnail","hentry","category-blog","category-destacados","category-noticias","category-sin-categoria","tag-apoyo","tag-frio-2","tag-informativo","tag-invierno","tag-polar","tag-sociedad"],"aioseo_notices":[],"_links":{"self":[{"href":"https:\/\/www.ejercito.mil.uy\/index.php\/wp-json\/wp\/v2\/posts\/32677","targetHints":{"allow":["GET"]}}],"collection":[{"href":"https:\/\/www.ejercito.mil.uy\/index.php\/wp-json\/wp\/v2\/posts"}],"about":[{"href":"https:\/\/www.ejercito.mil.uy\/index.php\/wp-json\/wp\/v2\/types\/post"}],"author":[{"embeddable":true,"href":"https:\/\/www.ejercito.mil.uy\/index.php\/wp-json\/wp\/v2\/users\/4"}],"replies":[{"embeddable":true,"href":"https:\/\/www.ejercito.mil.uy\/index.php\/wp-json\/wp\/v2\/comments?post=32677"}],"version-history":[{"count":5,"href":"https:\/\/www.ejercito.mil.uy\/index.php\/wp-json\/wp\/v2\/posts\/32677\/revisions"}],"predecessor-version":[{"id":32741,"href":"https:\/\/www.ejercito.mil.uy\/index.php\/wp-json\/wp\/v2\/posts\/32677\/revisions\/32741"}],"wp:featuredmedia":[{"embeddable":true,"href":"https:\/\/www.ejercito.mil.uy\/index.php\/wp-json\/wp\/v2\/media\/32679"}],"wp:attachment":[{"href":"https:\/\/www.ejercito.mil.uy\/index.php\/wp-json\/wp\/v2\/media?parent=32677"}],"wp:term":[{"taxonomy":"category","embeddable":true,"href":"https:\/\/www.ejercito.mil.uy\/index.php\/wp-json\/wp\/v2\/categories?post=32677"},{"taxonomy":"post_tag","embeddable":true,"href":"https:\/\/www.ejercito.mil.uy\/index.php\/wp-json\/wp\/v2\/tags?post=32677"}],"curies":[{"name":"wp","href":"https:\/\/api.w.org\/{rel}","templated":true}]}}